{"id":90878,"date":"2026-04-30T12:33:57","date_gmt":"2026-04-30T10:33:57","guid":{"rendered":"https:\/\/vosgesinfo.fr\/saintdieinfo\/?p=90878"},"modified":"2026-04-30T11:46:08","modified_gmt":"2026-04-30T09:46:08","slug":"troisieme-rassemblement-deodatien-de-la-saison-pour-lecurie-gentiane-historique","status":"publish","type":"post","link":"https:\/\/vosgesinfo.fr\/saintdieinfo\/2026\/04\/troisieme-rassemblement-deodatien-de-la-saison-pour-lecurie-gentiane-historique\/","title":{"rendered":"Troisi\u00e8me rassemblement d\u00e9odatien de la saison pour l\u2019\u00c9curie Gentiane Historique"},"content":{"rendered":"<div id=\"attachment_89864\" style=\"width: 1034px\" class=\"wp-caption alignnone\"><a href=\"https:\/\/vosgesinfo.fr\/app\/uploads\/sites\/4\/2026\/04\/rassemblement-ecurie-gentiane-historique-paques-1.jpg\"><img decoding=\"async\" aria-describedby=\"caption-attachment-89864\" class=\"size-large wp-image-89864\" src=\"https:\/\/vosgesinfo.fr\/app\/uploads\/sites\/4\/2026\/04\/rassemblement-ecurie-gentiane-historique-paques-1-1024x683.jpg\" alt=\"\" width=\"1024\" height=\"683\" srcset=\"https:\/\/vosgesinfo.fr\/app\/uploads\/sites\/4\/2026\/04\/rassemblement-ecurie-gentiane-historique-paques-1-1024x683.jpg 1024w, https:\/\/vosgesinfo.fr\/app\/uploads\/sites\/4\/2026\/04\/rassemblement-ecurie-gentiane-historique-paques-1-300x200.jpg 300w, https:\/\/vosgesinfo.fr\/app\/uploads\/sites\/4\/2026\/04\/rassemblement-ecurie-gentiane-historique-paques-1-768x512.jpg 768w, https:\/\/vosgesinfo.fr\/app\/uploads\/sites\/4\/2026\/04\/rassemblement-ecurie-gentiane-historique-paques-1.jpg 1200w\" sizes=\"(max-width: 1024px) 100vw, 1024px\" \/><\/a><p id=\"caption-attachment-89864\" class=\"wp-caption-text\">Archive. (Photographie Marc Fourniquet)<\/p><\/div>\n<h2>Chaque premier dimanche des mois de mars \u00e0 octobre, l\u2019<strong>\u00c9curie Gentiane Historique<\/strong> organise un rassemblement de v\u00e9hicules de collection et de prestige. <strong>Ce dimanche 3 mai<\/strong> marquera le <strong>troisi\u00e8me rendez-vous de la saison<\/strong>. Les v\u00e9hicules seront gar\u00e9s <strong>de 9 h 30 \u00e0 12 h<\/strong> sur la <strong>place du March\u00e9<\/strong>.<\/h2>\n<p><!--more--><\/p>\n","protected":false},"excerpt":{"rendered":"<p>Chaque premier dimanche des mois de mars \u00e0 octobre, l\u2019\u00c9curie Gentiane Historique organise un rassemblement de v\u00e9hicules de collection et [&hellip;]<\/p>\n","protected":false},"author":46,"featured_media":89864,"comment_status":"open","ping_status":"open","sticky":false,"template":"","format":"standard","meta":{"footnotes":""},"categories":[460,20,167,17],"tags":[2930,2931,21492,16802,21084],"class_list":["post-90878","post","type-post","status-publish","format-standard","has-post-thumbnail","hentry","category-a-la-une","category-loisirs","category-saint-die-des-vosges","category-vie-associative","tag-ecurie-gentiane-historique","tag-place-du-marche","tag-rassemblement-automobile","tag-vehicules-de-collection","tag-vehicules-de-prestige"],"acf":[],"yoast_head":"<!-- This site is optimized with the Yoast SEO plugin v22.5 - https:\/\/yoast.com\/wordpress\/plugins\/seo\/ -->\n<title>Troisi\u00e8me rassemblement d\u00e9odatien de la saison pour l\u2019\u00c9curie Gentiane Historique - Saint Die Info<\/title>\n<meta name=\"robots\" content=\"index, follow, max-snippet:-1, max-image-preview:large, max-video-preview:-1\" \/>\n<link rel=\"canonical\" href=\"https:\/\/vosgesinfo.fr\/saintdieinfo\/2026\/04\/troisieme-rassemblement-deodatien-de-la-saison-pour-lecurie-gentiane-historique\/\" \/>\n<meta name=\"twitter:card\" content=\"summary_large_image\" \/>\n<meta name=\"twitter:title\" content=\"Troisi\u00e8me rassemblement d\u00e9odatien de la saison pour l\u2019\u00c9curie Gentiane Historique - Saint Die Info\" \/>\n<meta name=\"twitter:description\" content=\"Chaque premier dimanche des mois de mars \u00e0 octobre, l\u2019\u00c9curie Gentiane Historique organise un rassemblement de v\u00e9hicules de collection et [&hellip;]\" \/>\n<meta name=\"twitter:image\" content=\"https:\/\/vosgesinfo.fr\/app\/uploads\/sites\/4\/2026\/04\/rassemblement-ecurie-gentiane-historique-paques-1.jpg\" \/>\n<meta name=\"twitter:creator\" content=\"@VosgesInfo88\" \/>\n<meta name=\"twitter:site\" content=\"@VosgesInfo88\" \/>\n<meta name=\"twitter:label1\" content=\"\u00c9crit par\" \/>\n\t<meta name=\"twitter:data1\" content=\"J.J.\" \/>\n\t<meta name=\"twitter:label2\" content=\"Dur\u00e9e de lecture estim\u00e9e\" \/>\n\t<meta name=\"twitter:data2\" content=\"1 minute\" \/>\n<script type=\"application\/ld+json\" class=\"yoast-schema-graph\">{\"@context\":\"https:\/\/schema.org\",\"@graph\":[{\"@type\":\"Article\",\"@id\":\"https:\/\/vosgesinfo.fr\/saintdieinfo\/2026\/04\/troisieme-rassemblement-deodatien-de-la-saison-pour-lecurie-gentiane-historique\/#article\",\"isPartOf\":{\"@id\":\"https:\/\/vosgesinfo.fr\/saintdieinfo\/2026\/04\/troisieme-rassemblement-deodatien-de-la-saison-pour-lecurie-gentiane-historique\/\"},\"author\":{\"name\":\"J.J.\",\"@id\":\"https:\/\/vosgesinfo.fr\/saintdieinfo\/#\/schema\/person\/fa73e9f726d67bb88f46d5b7943cb572\"},\"headline\":\"Troisi\u00e8me rassemblement d\u00e9odatien de la saison pour l\u2019\u00c9curie Gentiane Historique\",\"datePublished\":\"2026-04-30T10:33:57+00:00\",\"dateModified\":\"2026-04-30T09:46:08+00:00\",\"mainEntityOfPage\":{\"@id\":\"https:\/\/vosgesinfo.fr\/saintdieinfo\/2026\/04\/troisieme-rassemblement-deodatien-de-la-saison-pour-lecurie-gentiane-historique\/\"},\"wordCount\":72,\"commentCount\":0,\"publisher\":{\"@id\":\"https:\/\/vosgesinfo.fr\/saintdieinfo\/#organization\"},\"image\":{\"@id\":\"https:\/\/vosgesinfo.fr\/saintdieinfo\/2026\/04\/troisieme-rassemblement-deodatien-de-la-saison-pour-lecurie-gentiane-historique\/#primaryimage\"},\"thumbnailUrl\":\"https:\/\/vosgesinfo.fr\/app\/uploads\/sites\/4\/2026\/04\/rassemblement-ecurie-gentiane-historique-paques-1.jpg\",\"keywords\":[\"Ecurie Gentiane Historique\",\"Place du March\u00e9\",\"rassemblement automobile\",\"V\u00e9hicules de collection\",\"v\u00e9hicules de prestige\"],\"articleSection\":[\"A la Une\",\"Loisirs\",\"Saint-Di\u00e9-des-Vosges\",\"Vie Associative\"],\"inLanguage\":\"fr-FR\",\"potentialAction\":[{\"@type\":\"CommentAction\",\"name\":\"Comment\",\"target\":[\"https:\/\/vosgesinfo.fr\/saintdieinfo\/2026\/04\/troisieme-rassemblement-deodatien-de-la-saison-pour-lecurie-gentiane-historique\/#respond\"]}]},{\"@type\":\"WebPage\",\"@id\":\"https:\/\/vosgesinfo.fr\/saintdieinfo\/2026\/04\/troisieme-rassemblement-deodatien-de-la-saison-pour-lecurie-gentiane-historique\/\",\"url\":\"https:\/\/vosgesinfo.fr\/saintdieinfo\/2026\/04\/troisieme-rassemblement-deodatien-de-la-saison-pour-lecurie-gentiane-historique\/\",\"name\":\"Troisi\u00e8me rassemblement d\u00e9odatien de la saison pour l\u2019\u00c9curie Gentiane Historique - Saint Die Info\",\"isPartOf\":{\"@id\":\"https:\/\/vosgesinfo.fr\/saintdieinfo\/#website\"},\"primaryImageOfPage\":{\"@id\":\"https:\/\/vosgesinfo.fr\/saintdieinfo\/2026\/04\/troisieme-rassemblement-deodatien-de-la-saison-pour-lecurie-gentiane-historique\/#primaryimage\"},\"image\":{\"@id\":\"https:\/\/vosgesinfo.fr\/saintdieinfo\/2026\/04\/troisieme-rassemblement-deodatien-de-la-saison-pour-lecurie-gentiane-historique\/#primaryimage\"},\"thumbnailUrl\":\"https:\/\/vosgesinfo.fr\/app\/uploads\/sites\/4\/2026\/04\/rassemblement-ecurie-gentiane-historique-paques-1.jpg\",\"datePublished\":\"2026-04-30T10:33:57+00:00\",\"dateModified\":\"2026-04-30T09:46:08+00:00\",\"breadcrumb\":{\"@id\":\"https:\/\/vosgesinfo.fr\/saintdieinfo\/2026\/04\/troisieme-rassemblement-deodatien-de-la-saison-pour-lecurie-gentiane-historique\/#breadcrumb\"},\"inLanguage\":\"fr-FR\",\"potentialAction\":[{\"@type\":\"ReadAction\",\"target\":[\"https:\/\/vosgesinfo.fr\/saintdieinfo\/2026\/04\/troisieme-rassemblement-deodatien-de-la-saison-pour-lecurie-gentiane-historique\/\"]}]},{\"@type\":\"ImageObject\",\"inLanguage\":\"fr-FR\",\"@id\":\"https:\/\/vosgesinfo.fr\/saintdieinfo\/2026\/04\/troisieme-rassemblement-deodatien-de-la-saison-pour-lecurie-gentiane-historique\/#primaryimage\",\"url\":\"https:\/\/vosgesinfo.fr\/app\/uploads\/sites\/4\/2026\/04\/rassemblement-ecurie-gentiane-historique-paques-1.jpg\",\"contentUrl\":\"https:\/\/vosgesinfo.fr\/app\/uploads\/sites\/4\/2026\/04\/rassemblement-ecurie-gentiane-historique-paques-1.jpg\",\"width\":1200,\"height\":800,\"caption\":\"Archive. (Photographie Marc Fourniquet)\"},{\"@type\":\"BreadcrumbList\",\"@id\":\"https:\/\/vosgesinfo.fr\/saintdieinfo\/2026\/04\/troisieme-rassemblement-deodatien-de-la-saison-pour-lecurie-gentiane-historique\/#breadcrumb\",\"itemListElement\":[{\"@type\":\"ListItem\",\"position\":1,\"name\":\"Home\",\"item\":\"https:\/\/vosgesinfo.fr\/saintdieinfo\/\"},{\"@type\":\"ListItem\",\"position\":2,\"name\":\"Troisi\u00e8me rassemblement d\u00e9odatien de la saison pour l\u2019\u00c9curie Gentiane Historique\"}]},{\"@type\":\"WebSite\",\"@id\":\"https:\/\/vosgesinfo.fr\/saintdieinfo\/#website\",\"url\":\"https:\/\/vosgesinfo.fr\/saintdieinfo\/\",\"name\":\"Saint Die Info\",\"description\":\"Toute l&#039;actualit\u00e9 de Saint-Di\u00e9-Des-Vosges\",\"publisher\":{\"@id\":\"https:\/\/vosgesinfo.fr\/saintdieinfo\/#organization\"},\"alternateName\":\"Toute l'actualit\u00e9 de Saint-Di\u00e9-Des-Vosges\",\"potentialAction\":[{\"@type\":\"SearchAction\",\"target\":{\"@type\":\"EntryPoint\",\"urlTemplate\":\"https:\/\/vosgesinfo.fr\/saintdieinfo\/?s={search_term_string}\"},\"query-input\":\"required name=search_term_string\"}],\"inLanguage\":\"fr-FR\"},{\"@type\":\"Organization\",\"@id\":\"https:\/\/vosgesinfo.fr\/saintdieinfo\/#organization\",\"name\":\"Saint Die Info\",\"url\":\"https:\/\/vosgesinfo.fr\/saintdieinfo\/\",\"logo\":{\"@type\":\"ImageObject\",\"inLanguage\":\"fr-FR\",\"@id\":\"https:\/\/vosgesinfo.fr\/saintdieinfo\/#\/schema\/logo\/image\/\",\"url\":\"https:\/\/vosgesinfo.fr\/app\/uploads\/sites\/4\/2024\/02\/logo-sdi.jpg\",\"contentUrl\":\"https:\/\/vosgesinfo.fr\/app\/uploads\/sites\/4\/2024\/02\/logo-sdi.jpg\",\"width\":600,\"height\":600,\"caption\":\"Saint Die Info\"},\"image\":{\"@id\":\"https:\/\/vosgesinfo.fr\/saintdieinfo\/#\/schema\/logo\/image\/\"},\"sameAs\":[\"https:\/\/www.facebook.com\/Saintdieinfofr\",\"https:\/\/x.com\/VosgesInfo88\",\"https:\/\/www.youtube.com\/@vosgesinfo\"]},{\"@type\":\"Person\",\"@id\":\"https:\/\/vosgesinfo.fr\/saintdieinfo\/#\/schema\/person\/fa73e9f726d67bb88f46d5b7943cb572\",\"name\":\"J.J.\",\"image\":{\"@type\":\"ImageObject\",\"inLanguage\":\"fr-FR\",\"@id\":\"https:\/\/vosgesinfo.fr\/saintdieinfo\/#\/schema\/person\/image\/\",\"url\":\"https:\/\/secure.gravatar.com\/avatar\/219e749e47ffbcca018a360ae4add7d4cdf1cdaaf8bc7676b27efade3fe65615?s=96&d=mm&r=g\",\"contentUrl\":\"https:\/\/secure.gravatar.com\/avatar\/219e749e47ffbcca018a360ae4add7d4cdf1cdaaf8bc7676b27efade3fe65615?s=96&d=mm&r=g\",\"caption\":\"J.J.\"},\"url\":\"https:\/\/vosgesinfo.fr\/saintdieinfo\/author\/j-j\/\"}]}<\/script>\n<!-- \/ Yoast SEO plugin. -->","yoast_head_json":{"title":"Troisi\u00e8me rassemblement d\u00e9odatien de la saison pour l\u2019\u00c9curie Gentiane Historique - Saint Die Info","robots":{"index":"index","follow":"follow","max-snippet":"max-snippet:-1","max-image-preview":"max-image-preview:large","max-video-preview":"max-video-preview:-1"},"canonical":"https:\/\/vosgesinfo.fr\/saintdieinfo\/2026\/04\/troisieme-rassemblement-deodatien-de-la-saison-pour-lecurie-gentiane-historique\/","twitter_card":"summary_large_image","twitter_title":"Troisi\u00e8me rassemblement d\u00e9odatien de la saison pour l\u2019\u00c9curie Gentiane Historique - Saint Die Info","twitter_description":"Chaque premier dimanche des mois de mars \u00e0 octobre, l\u2019\u00c9curie Gentiane Historique organise un rassemblement de v\u00e9hicules de collection et [&hellip;]","twitter_image":"https:\/\/vosgesinfo.fr\/app\/uploads\/sites\/4\/2026\/04\/rassemblement-ecurie-gentiane-historique-paques-1.jpg","twitter_creator":"@VosgesInfo88","twitter_site":"@VosgesInfo88","twitter_misc":{"\u00c9crit par":"J.J.","Dur\u00e9e de lecture estim\u00e9e":"1 minute"},"schema":{"@context":"https:\/\/schema.org","@graph":[{"@type":"Article","@id":"https:\/\/vosgesinfo.fr\/saintdieinfo\/2026\/04\/troisieme-rassemblement-deodatien-de-la-saison-pour-lecurie-gentiane-historique\/#article","isPartOf":{"@id":"https:\/\/vosgesinfo.fr\/saintdieinfo\/2026\/04\/troisieme-rassemblement-deodatien-de-la-saison-pour-lecurie-gentiane-historique\/"},"author":{"name":"J.J.","@id":"https:\/\/vosgesinfo.fr\/saintdieinfo\/#\/schema\/person\/fa73e9f726d67bb88f46d5b7943cb572"},"headline":"Troisi\u00e8me rassemblement d\u00e9odatien de la saison pour l\u2019\u00c9curie Gentiane Historique","datePublished":"2026-04-30T10:33:57+00:00","dateModified":"2026-04-30T09:46:08+00:00","mainEntityOfPage":{"@id":"https:\/\/vosgesinfo.fr\/saintdieinfo\/2026\/04\/troisieme-rassemblement-deodatien-de-la-saison-pour-lecurie-gentiane-historique\/"},"wordCount":72,"commentCount":0,"publisher":{"@id":"https:\/\/vosgesinfo.fr\/saintdieinfo\/#organization"},"image":{"@id":"https:\/\/vosgesinfo.fr\/saintdieinfo\/2026\/04\/troisieme-rassemblement-deodatien-de-la-saison-pour-lecurie-gentiane-historique\/#primaryimage"},"thumbnailUrl":"https:\/\/vosgesinfo.fr\/app\/uploads\/sites\/4\/2026\/04\/rassemblement-ecurie-gentiane-historique-paques-1.jpg","keywords":["Ecurie Gentiane Historique","Place du March\u00e9","rassemblement automobile","V\u00e9hicules de collection","v\u00e9hicules de prestige"],"articleSection":["A la Une","Loisirs","Saint-Di\u00e9-des-Vosges","Vie Associative"],"inLanguage":"fr-FR","potentialAction":[{"@type":"CommentAction","name":"Comment","target":["https:\/\/vosgesinfo.fr\/saintdieinfo\/2026\/04\/troisieme-rassemblement-deodatien-de-la-saison-pour-lecurie-gentiane-historique\/#respond"]}]},{"@type":"WebPage","@id":"https:\/\/vosgesinfo.fr\/saintdieinfo\/2026\/04\/troisieme-rassemblement-deodatien-de-la-saison-pour-lecurie-gentiane-historique\/","url":"https:\/\/vosgesinfo.fr\/saintdieinfo\/2026\/04\/troisieme-rassemblement-deodatien-de-la-saison-pour-lecurie-gentiane-historique\/","name":"Troisi\u00e8me rassemblement d\u00e9odatien de la saison pour l\u2019\u00c9curie Gentiane Historique - Saint Die Info","isPartOf":{"@id":"https:\/\/vosgesinfo.fr\/saintdieinfo\/#website"},"primaryImageOfPage":{"@id":"https:\/\/vosgesinfo.fr\/saintdieinfo\/2026\/04\/troisieme-rassemblement-deodatien-de-la-saison-pour-lecurie-gentiane-historique\/#primaryimage"},"image":{"@id":"https:\/\/vosgesinfo.fr\/saintdieinfo\/2026\/04\/troisieme-rassemblement-deodatien-de-la-saison-pour-lecurie-gentiane-historique\/#primaryimage"},"thumbnailUrl":"https:\/\/vosgesinfo.fr\/app\/uploads\/sites\/4\/2026\/04\/rassemblement-ecurie-gentiane-historique-paques-1.jpg","datePublished":"2026-04-30T10:33:57+00:00","dateModified":"2026-04-30T09:46:08+00:00","breadcrumb":{"@id":"https:\/\/vosgesinfo.fr\/saintdieinfo\/2026\/04\/troisieme-rassemblement-deodatien-de-la-saison-pour-lecurie-gentiane-historique\/#breadcrumb"},"inLanguage":"fr-FR","potentialAction":[{"@type":"ReadAction","target":["https:\/\/vosgesinfo.fr\/saintdieinfo\/2026\/04\/troisieme-rassemblement-deodatien-de-la-saison-pour-lecurie-gentiane-historique\/"]}]},{"@type":"ImageObject","inLanguage":"fr-FR","@id":"https:\/\/vosgesinfo.fr\/saintdieinfo\/2026\/04\/troisieme-rassemblement-deodatien-de-la-saison-pour-lecurie-gentiane-historique\/#primaryimage","url":"https:\/\/vosgesinfo.fr\/app\/uploads\/sites\/4\/2026\/04\/rassemblement-ecurie-gentiane-historique-paques-1.jpg","contentUrl":"https:\/\/vosgesinfo.fr\/app\/uploads\/sites\/4\/2026\/04\/rassemblement-ecurie-gentiane-historique-paques-1.jpg","width":1200,"height":800,"caption":"Archive. (Photographie Marc Fourniquet)"},{"@type":"BreadcrumbList","@id":"https:\/\/vosgesinfo.fr\/saintdieinfo\/2026\/04\/troisieme-rassemblement-deodatien-de-la-saison-pour-lecurie-gentiane-historique\/#breadcrumb","itemListElement":[{"@type":"ListItem","position":1,"name":"Home","item":"https:\/\/vosgesinfo.fr\/saintdieinfo\/"},{"@type":"ListItem","position":2,"name":"Troisi\u00e8me rassemblement d\u00e9odatien de la saison pour l\u2019\u00c9curie Gentiane Historique"}]},{"@type":"WebSite","@id":"https:\/\/vosgesinfo.fr\/saintdieinfo\/#website","url":"https:\/\/vosgesinfo.fr\/saintdieinfo\/","name":"Saint Die Info","description":"Toute l&#039;actualit\u00e9 de Saint-Di\u00e9-Des-Vosges","publisher":{"@id":"https:\/\/vosgesinfo.fr\/saintdieinfo\/#organization"},"alternateName":"Toute l'actualit\u00e9 de Saint-Di\u00e9-Des-Vosges","potentialAction":[{"@type":"SearchAction","target":{"@type":"EntryPoint","urlTemplate":"https:\/\/vosgesinfo.fr\/saintdieinfo\/?s={search_term_string}"},"query-input":"required name=search_term_string"}],"inLanguage":"fr-FR"},{"@type":"Organization","@id":"https:\/\/vosgesinfo.fr\/saintdieinfo\/#organization","name":"Saint Die Info","url":"https:\/\/vosgesinfo.fr\/saintdieinfo\/","logo":{"@type":"ImageObject","inLanguage":"fr-FR","@id":"https:\/\/vosgesinfo.fr\/saintdieinfo\/#\/schema\/logo\/image\/","url":"https:\/\/vosgesinfo.fr\/app\/uploads\/sites\/4\/2024\/02\/logo-sdi.jpg","contentUrl":"https:\/\/vosgesinfo.fr\/app\/uploads\/sites\/4\/2024\/02\/logo-sdi.jpg","width":600,"height":600,"caption":"Saint Die Info"},"image":{"@id":"https:\/\/vosgesinfo.fr\/saintdieinfo\/#\/schema\/logo\/image\/"},"sameAs":["https:\/\/www.facebook.com\/Saintdieinfofr","https:\/\/x.com\/VosgesInfo88","https:\/\/www.youtube.com\/@vosgesinfo"]},{"@type":"Person","@id":"https:\/\/vosgesinfo.fr\/saintdieinfo\/#\/schema\/person\/fa73e9f726d67bb88f46d5b7943cb572","name":"J.J.","image":{"@type":"ImageObject","inLanguage":"fr-FR","@id":"https:\/\/vosgesinfo.fr\/saintdieinfo\/#\/schema\/person\/image\/","url":"https:\/\/secure.gravatar.com\/avatar\/219e749e47ffbcca018a360ae4add7d4cdf1cdaaf8bc7676b27efade3fe65615?s=96&d=mm&r=g","contentUrl":"https:\/\/secure.gravatar.com\/avatar\/219e749e47ffbcca018a360ae4add7d4cdf1cdaaf8bc7676b27efade3fe65615?s=96&d=mm&r=g","caption":"J.J."},"url":"https:\/\/vosgesinfo.fr\/saintdieinfo\/author\/j-j\/"}]}},"_links":{"self":[{"href":"https:\/\/vosgesinfo.fr\/saintdieinfo\/wp-json\/wp\/v2\/posts\/90878","targetHints":{"allow":["GET"]}}],"collection":[{"href":"https:\/\/vosgesinfo.fr\/saintdieinfo\/wp-json\/wp\/v2\/posts"}],"about":[{"href":"https:\/\/vosgesinfo.fr\/saintdieinfo\/wp-json\/wp\/v2\/types\/post"}],"author":[{"embeddable":true,"href":"https:\/\/vosgesinfo.fr\/saintdieinfo\/wp-json\/wp\/v2\/users\/46"}],"replies":[{"embeddable":true,"href":"https:\/\/vosgesinfo.fr\/saintdieinfo\/wp-json\/wp\/v2\/comments?post=90878"}],"version-history":[{"count":2,"href":"https:\/\/vosgesinfo.fr\/saintdieinfo\/wp-json\/wp\/v2\/posts\/90878\/revisions"}],"predecessor-version":[{"id":90880,"href":"https:\/\/vosgesinfo.fr\/saintdieinfo\/wp-json\/wp\/v2\/posts\/90878\/revisions\/90880"}],"wp:featuredmedia":[{"embeddable":true,"href":"https:\/\/vosgesinfo.fr\/saintdieinfo\/wp-json\/wp\/v2\/media\/89864"}],"wp:attachment":[{"href":"https:\/\/vosgesinfo.fr\/saintdieinfo\/wp-json\/wp\/v2\/media?parent=90878"}],"wp:term":[{"taxonomy":"category","embeddable":true,"href":"https:\/\/vosgesinfo.fr\/saintdieinfo\/wp-json\/wp\/v2\/categories?post=90878"},{"taxonomy":"post_tag","embeddable":true,"href":"https:\/\/vosgesinfo.fr\/saintdieinfo\/wp-json\/wp\/v2\/tags?post=90878"}],"curies":[{"name":"wp","href":"https:\/\/api.w.org\/{rel}","templated":true}]}}