{"id":90881,"date":"2026-04-30T18:53:05","date_gmt":"2026-04-30T16:53:05","guid":{"rendered":"https:\/\/vosgesinfo.fr\/saintdieinfo\/?p=90881"},"modified":"2026-04-30T18:48:10","modified_gmt":"2026-04-30T16:48:10","slug":"le-lycee-georges-baumont-de-saint-die-des-vosges-inaugure-sa-filiere-de-formation-en-bijouterie-joaillerie","status":"publish","type":"post","link":"https:\/\/vosgesinfo.fr\/saintdieinfo\/2026\/04\/le-lycee-georges-baumont-de-saint-die-des-vosges-inaugure-sa-filiere-de-formation-en-bijouterie-joaillerie\/","title":{"rendered":"Le lyc\u00e9e Georges-Baumont de Saint-Di\u00e9-des-Vosges inaugure sa fili\u00e8re de formation en bijouterie-joaillerie"},"content":{"rendered":"<p><a href=\"https:\/\/vosgesinfo.fr\/app\/uploads\/sites\/4\/2026\/04\/lancement-filiere-metiers-bijouterie-lycee-baumont-9.jpg\"><img decoding=\"async\" class=\"alignnone size-large wp-image-90895\" src=\"https:\/\/vosgesinfo.fr\/app\/uploads\/sites\/4\/2026\/04\/lancement-filiere-metiers-bijouterie-lycee-baumont-9-1024x771.jpg\" alt=\"\" width=\"1024\" height=\"771\" srcset=\"https:\/\/vosgesinfo.fr\/app\/uploads\/sites\/4\/2026\/04\/lancement-filiere-metiers-bijouterie-lycee-baumont-9-1024x771.jpg 1024w, https:\/\/vosgesinfo.fr\/app\/uploads\/sites\/4\/2026\/04\/lancement-filiere-metiers-bijouterie-lycee-baumont-9-300x226.jpg 300w, https:\/\/vosgesinfo.fr\/app\/uploads\/sites\/4\/2026\/04\/lancement-filiere-metiers-bijouterie-lycee-baumont-9-768x578.jpg 768w, https:\/\/vosgesinfo.fr\/app\/uploads\/sites\/4\/2026\/04\/lancement-filiere-metiers-bijouterie-lycee-baumont-9-1536x1157.jpg 1536w, https:\/\/vosgesinfo.fr\/app\/uploads\/sites\/4\/2026\/04\/lancement-filiere-metiers-bijouterie-lycee-baumont-9.jpg 1920w\" sizes=\"(max-width: 1024px) 100vw, 1024px\" \/><\/a><\/p>\n<h2><strong>Trois nouvelles fili\u00e8res<\/strong> en <strong>bijouterie-joaillerie<\/strong> ont \u00e9t\u00e9 officiellement inaugur\u00e9es <strong>ce jeudi apr\u00e8s-midi<\/strong> au <strong>lyc\u00e9e Georges-Baumont<\/strong> de Saint-Di\u00e9-des-Vosges. \u00c0 cette occasion, on retrouvait autour du proviseur <strong>\u00c9ric Bogeat<\/strong> de nombreux \u00e9lus, dont le maire <strong>Bruno Toussaint<\/strong> et le pr\u00e9sident de l\u2019Agglom\u00e9ration <strong>Claude George<\/strong>, le pr\u00e9fet <strong>Blaise Gourtay<\/strong>, le sous-pr\u00e9fet <strong>Antoine Planquette<\/strong> ainsi qu\u2019<strong>Aur\u00e9lien Le Bigot<\/strong> et <strong>Didier Tursin<\/strong>, dirigeants respectifs d\u2019<strong>Orest<\/strong> et d\u2019<strong>Aurigane Cr\u00e9ations<\/strong>.<\/h2>\n<p><!--more--><\/p>\n<h3><strong>Des formations li\u00e9es aux besoins du secteur<\/strong><\/h3>\n<p>Depuis <strong>2020<\/strong>, des parcours de formation continue ont \u00e9t\u00e9 mis en place pour la fili\u00e8re bijouterie \u00e0 Saint-Di\u00e9-des-Vosges, avec l\u2019objectif de r\u00e9pondre aux <strong>besoins de recrutement<\/strong> et de d\u00e9velopper la relation entre <strong>l\u2019\u00e9cole et l\u2019entreprise<\/strong>. Ils ont permis \u00e0 <strong>17 stagiaires<\/strong> d\u2019obtenir un <strong>CAP Bijoutier<\/strong> et d\u2019\u00eatre recrut\u00e9s en <strong>CDI<\/strong>. <strong>Cinquante-neuf personnes<\/strong> ont aussi valid\u00e9 une certification professionnelle d\u2019\u00c9quipier d\u2019unit\u00e9 autonome de production industrielle, avec des d\u00e9bouch\u00e9s en CDD ou en CDI.<\/p>\n<p>Ces formations concernent notamment Orest et Aurigane Cr\u00e9ations, deux entreprises implant\u00e9es localement dans la haute bijouterie-joaillerie. Orest est entr\u00e9 dans le giron de <strong>LVMH<\/strong> le <strong>13 avril 2023<\/strong>, via l\u2019acquisition d\u2019une participation majoritaire dans Platinum Invest. Aurigane Cr\u00e9ations a \u00e9t\u00e9 reprise par les Ateliers VCA \u2013 <strong>Van Cleef &amp; Arpels<\/strong> \u2013 le <strong>28 juin 2024<\/strong>.<\/p>\n<h3><strong>Trois parcours au lyc\u00e9e Georges-Baumont<\/strong><\/h3>\n<p>En 2026, la <strong>R\u00e9gion Grand Est<\/strong> finance huit nouveaux parcours de formation destin\u00e9s aux demandeurs d\u2019emploi et aux personnes en transition professionnelle. Parmi eux, le <strong>CAP \u00ab Art et techniques de la bijouterie-joaillerie \u00bb<\/strong>, port\u00e9 par le <strong>Greta Lorraine Sud<\/strong>, se d\u00e9roulera du <strong>11 mai au 18 d\u00e9cembre<\/strong> et concerne <strong>8 personnes<\/strong>.<\/p>\n<p>Deux formations initiales ouvriront aussi \u00e0 la rentr\u00e9e <strong>2026-2027<\/strong> au lyc\u00e9e Georges-Baumont. Le <strong>Brevet national m\u00e9tiers d\u2019art \u2013 BNMA \u2013 \u00ab Art du bijou \u00bb, option bijouterie-joaillerie<\/strong>, se d\u00e9roulera sur trois ans et sera accessible prioritairement aux \u00e9l\u00e8ves issus du coll\u00e8ge. Le <strong>CAP \u00ab Art et techniques de la bijouterie \u00bb<\/strong>, en apprentissage sur un an, sera r\u00e9serv\u00e9 aux candidats d\u00e9j\u00e0 titulaires d\u2019un dipl\u00f4me de niveau bac au minimum. Dans les deux cas, <strong>12 personnes<\/strong> pourront \u00eatre form\u00e9es simultan\u00e9ment.<\/p>\n<h3><strong>Plus de 1,28 million d\u2019euros mobilis\u00e9s<\/strong><\/h3>\n<p>La R\u00e9gion Grand Est a engag\u00e9 plus de <strong>1,28 million d\u2019euros<\/strong> pour financer les <strong>co\u00fbts p\u00e9dagogiques<\/strong> des formations professionnelles continues et l\u2019<strong>am\u00e9nagement des plateaux techniques<\/strong> n\u00e9cessaires aux trois fili\u00e8res inaugur\u00e9es aujourd\u2019hui.<\/p>\n<p>La R\u00e9gion Grand Est et la R\u00e9gion acad\u00e9mique ont \u00e9galement \u00e9valu\u00e9 les investissements \u00e0 r\u00e9aliser au lyc\u00e9e Georges-Baumont, notamment pour l\u2019<strong>accueil des nouveaux parcours<\/strong> et les <strong>\u00e9quipements p\u00e9dagogiques<\/strong>. Les <strong>travaux d\u2019am\u00e9nagement<\/strong> sont pris en charge par la R\u00e9gion, avec l\u2019intervention d\u2019entreprises sp\u00e9cialis\u00e9es et des \u00e9quipes d\u2019ouvriers polyvalents de la R\u00e9gion Grand Est.<\/p>\n\n\t\t<style type=\"text\/css\">\n\t\t\t#gallery-1 {\n\t\t\t\tmargin: auto;\n\t\t\t}\n\t\t\t#gallery-1 .gallery-item {\n\t\t\t\tfloat: left;\n\t\t\t\tmargin-top: 10px;\n\t\t\t\ttext-align: center;\n\t\t\t\twidth: 50%;\n\t\t\t}\n\t\t\t#gallery-1 img {\n\t\t\t\tborder: 2px solid #cfcfcf;\n\t\t\t}\n\t\t\t#gallery-1 .gallery-caption {\n\t\t\t\tmargin-left: 0;\n\t\t\t}\n\t\t\t\/* see gallery_shortcode() in wp-includes\/media.php *\/\n\t\t<\/style>\n\t\t<div id='gallery-1' class='gallery galleryid-90881 gallery-columns-2 gallery-size-thumbnail'><dl class='gallery-item'>\n\t\t\t<dt class='gallery-icon landscape'>\n\t\t\t\t<a href='https:\/\/vosgesinfo.fr\/app\/uploads\/sites\/4\/2026\/04\/lancement-filiere-metiers-bijouterie-lycee-baumont-1.jpg'><img decoding=\"async\" width=\"150\" height=\"150\" src=\"https:\/\/vosgesinfo.fr\/app\/uploads\/sites\/4\/2026\/04\/lancement-filiere-metiers-bijouterie-lycee-baumont-1-150x150.jpg\" class=\"attachment-thumbnail size-thumbnail\" alt=\"\" \/><\/a>\n\t\t\t<\/dt><\/dl><dl class='gallery-item'>\n\t\t\t<dt class='gallery-icon landscape'>\n\t\t\t\t<a href='https:\/\/vosgesinfo.fr\/app\/uploads\/sites\/4\/2026\/04\/lancement-filiere-metiers-bijouterie-lycee-baumont-2.jpg'><img decoding=\"async\" width=\"150\" height=\"150\" src=\"https:\/\/vosgesinfo.fr\/app\/uploads\/sites\/4\/2026\/04\/lancement-filiere-metiers-bijouterie-lycee-baumont-2-150x150.jpg\" class=\"attachment-thumbnail size-thumbnail\" alt=\"\" \/><\/a>\n\t\t\t<\/dt><\/dl><br style=\"clear: both\" \/><dl class='gallery-item'>\n\t\t\t<dt class='gallery-icon landscape'>\n\t\t\t\t<a href='https:\/\/vosgesinfo.fr\/app\/uploads\/sites\/4\/2026\/04\/lancement-filiere-metiers-bijouterie-lycee-baumont-3.jpg'><img decoding=\"async\" width=\"150\" height=\"150\" src=\"https:\/\/vosgesinfo.fr\/app\/uploads\/sites\/4\/2026\/04\/lancement-filiere-metiers-bijouterie-lycee-baumont-3-150x150.jpg\" class=\"attachment-thumbnail size-thumbnail\" alt=\"\" \/><\/a>\n\t\t\t<\/dt><\/dl><dl class='gallery-item'>\n\t\t\t<dt class='gallery-icon landscape'>\n\t\t\t\t<a href='https:\/\/vosgesinfo.fr\/app\/uploads\/sites\/4\/2026\/04\/lancement-filiere-metiers-bijouterie-lycee-baumont-4.jpg'><img decoding=\"async\" width=\"150\" height=\"150\" src=\"https:\/\/vosgesinfo.fr\/app\/uploads\/sites\/4\/2026\/04\/lancement-filiere-metiers-bijouterie-lycee-baumont-4-150x150.jpg\" class=\"attachment-thumbnail size-thumbnail\" alt=\"\" \/><\/a>\n\t\t\t<\/dt><\/dl><br style=\"clear: both\" \/><dl class='gallery-item'>\n\t\t\t<dt class='gallery-icon landscape'>\n\t\t\t\t<a href='https:\/\/vosgesinfo.fr\/app\/uploads\/sites\/4\/2026\/04\/lancement-filiere-metiers-bijouterie-lycee-baumont-5.jpg'><img decoding=\"async\" width=\"150\" height=\"150\" src=\"https:\/\/vosgesinfo.fr\/app\/uploads\/sites\/4\/2026\/04\/lancement-filiere-metiers-bijouterie-lycee-baumont-5-150x150.jpg\" class=\"attachment-thumbnail size-thumbnail\" alt=\"\" \/><\/a>\n\t\t\t<\/dt><\/dl><dl class='gallery-item'>\n\t\t\t<dt class='gallery-icon landscape'>\n\t\t\t\t<a href='https:\/\/vosgesinfo.fr\/app\/uploads\/sites\/4\/2026\/04\/lancement-filiere-metiers-bijouterie-lycee-baumont-6.jpg'><img decoding=\"async\" width=\"150\" height=\"150\" src=\"https:\/\/vosgesinfo.fr\/app\/uploads\/sites\/4\/2026\/04\/lancement-filiere-metiers-bijouterie-lycee-baumont-6-150x150.jpg\" class=\"attachment-thumbnail size-thumbnail\" alt=\"\" \/><\/a>\n\t\t\t<\/dt><\/dl><br style=\"clear: both\" \/><dl class='gallery-item'>\n\t\t\t<dt class='gallery-icon landscape'>\n\t\t\t\t<a href='https:\/\/vosgesinfo.fr\/app\/uploads\/sites\/4\/2026\/04\/lancement-filiere-metiers-bijouterie-lycee-baumont-7.jpg'><img decoding=\"async\" width=\"150\" height=\"150\" src=\"https:\/\/vosgesinfo.fr\/app\/uploads\/sites\/4\/2026\/04\/lancement-filiere-metiers-bijouterie-lycee-baumont-7-150x150.jpg\" class=\"attachment-thumbnail size-thumbnail\" alt=\"\" \/><\/a>\n\t\t\t<\/dt><\/dl><dl class='gallery-item'>\n\t\t\t<dt class='gallery-icon landscape'>\n\t\t\t\t<a href='https:\/\/vosgesinfo.fr\/app\/uploads\/sites\/4\/2026\/04\/lancement-filiere-metiers-bijouterie-lycee-baumont-8.jpg'><img decoding=\"async\" width=\"150\" height=\"150\" src=\"https:\/\/vosgesinfo.fr\/app\/uploads\/sites\/4\/2026\/04\/lancement-filiere-metiers-bijouterie-lycee-baumont-8-150x150.jpg\" class=\"attachment-thumbnail size-thumbnail\" alt=\"\" \/><\/a>\n\t\t\t<\/dt><\/dl><br style=\"clear: both\" \/><dl class='gallery-item'>\n\t\t\t<dt class='gallery-icon landscape'>\n\t\t\t\t<a href='https:\/\/vosgesinfo.fr\/app\/uploads\/sites\/4\/2026\/04\/lancement-filiere-metiers-bijouterie-lycee-baumont-10.jpg'><img decoding=\"async\" width=\"150\" height=\"150\" src=\"https:\/\/vosgesinfo.fr\/app\/uploads\/sites\/4\/2026\/04\/lancement-filiere-metiers-bijouterie-lycee-baumont-10-150x150.jpg\" class=\"attachment-thumbnail size-thumbnail\" alt=\"\" \/><\/a>\n\t\t\t<\/dt><\/dl><dl class='gallery-item'>\n\t\t\t<dt class='gallery-icon landscape'>\n\t\t\t\t<a href='https:\/\/vosgesinfo.fr\/app\/uploads\/sites\/4\/2026\/04\/lancement-filiere-metiers-bijouterie-lycee-baumont-11.jpg'><img decoding=\"async\" width=\"150\" height=\"150\" src=\"https:\/\/vosgesinfo.fr\/app\/uploads\/sites\/4\/2026\/04\/lancement-filiere-metiers-bijouterie-lycee-baumont-11-150x150.jpg\" class=\"attachment-thumbnail size-thumbnail\" alt=\"\" \/><\/a>\n\t\t\t<\/dt><\/dl><br style=\"clear: both\" \/>\n\t\t<\/div>\n\n","protected":false},"excerpt":{"rendered":"<p>Trois nouvelles fili\u00e8res en bijouterie-joaillerie ont \u00e9t\u00e9 officiellement inaugur\u00e9es ce jeudi apr\u00e8s-midi au lyc\u00e9e Georges-Baumont de Saint-Di\u00e9-des-Vosges. \u00c0 cette occasion, [&hellip;]<\/p>\n","protected":false},"author":46,"featured_media":90895,"comment_status":"open","ping_status":"open","sticky":false,"template":"","format":"standard","meta":{"footnotes":""},"categories":[460,5,6,167,2915,18],"tags":[21498,5573,1180,5492,3371,5490,852,2881,21499],"class_list":["post-90881","post","type-post","status-publish","format-standard","has-post-thumbnail","hentry","category-a-la-une","category-economie","category-education","category-saint-die-des-vosges","category-saint-die-son-canton","category-vosges","tag-aurigane-creations","tag-bijouterie-joaillerie","tag-formation-professionnelle","tag-lvmh","tag-lycee-georges-baumont","tag-orest","tag-region-grand-est","tag-saint-die-des-vosges","tag-van-cleef-arpels"],"acf":[],"yoast_head":"<!-- This site is optimized with the Yoast SEO plugin v22.5 - https:\/\/yoast.com\/wordpress\/plugins\/seo\/ -->\n<title>Le lyc\u00e9e Georges-Baumont de Saint-Di\u00e9-des-Vosges inaugure sa fili\u00e8re de formation en bijouterie-joaillerie - Saint Die Info<\/title>\n<meta name=\"robots\" content=\"index, follow, max-snippet:-1, max-image-preview:large, max-video-preview:-1\" \/>\n<link rel=\"canonical\" href=\"https:\/\/vosgesinfo.fr\/saintdieinfo\/2026\/04\/le-lycee-georges-baumont-de-saint-die-des-vosges-inaugure-sa-filiere-de-formation-en-bijouterie-joaillerie\/\" \/>\n<meta name=\"twitter:card\" content=\"summary_large_image\" \/>\n<meta name=\"twitter:title\" content=\"Le lyc\u00e9e Georges-Baumont de Saint-Di\u00e9-des-Vosges inaugure sa fili\u00e8re de formation en bijouterie-joaillerie - Saint Die Info\" \/>\n<meta name=\"twitter:description\" content=\"Trois nouvelles fili\u00e8res en bijouterie-joaillerie ont \u00e9t\u00e9 officiellement inaugur\u00e9es ce jeudi apr\u00e8s-midi au lyc\u00e9e Georges-Baumont de Saint-Di\u00e9-des-Vosges. \u00c0 cette occasion, [&hellip;]\" \/>\n<meta name=\"twitter:image\" content=\"https:\/\/vosgesinfo.fr\/app\/uploads\/sites\/4\/2026\/04\/lancement-filiere-metiers-bijouterie-lycee-baumont-9.jpg\" \/>\n<meta name=\"twitter:creator\" content=\"@VosgesInfo88\" \/>\n<meta name=\"twitter:site\" content=\"@VosgesInfo88\" \/>\n<meta name=\"twitter:label1\" content=\"\u00c9crit par\" \/>\n\t<meta name=\"twitter:data1\" content=\"J.J.\" \/>\n\t<meta name=\"twitter:label2\" content=\"Dur\u00e9e de lecture estim\u00e9e\" \/>\n\t<meta name=\"twitter:data2\" content=\"3 minutes\" \/>\n<script type=\"application\/ld+json\" class=\"yoast-schema-graph\">{\"@context\":\"https:\/\/schema.org\",\"@graph\":[{\"@type\":\"Article\",\"@id\":\"https:\/\/vosgesinfo.fr\/saintdieinfo\/2026\/04\/le-lycee-georges-baumont-de-saint-die-des-vosges-inaugure-sa-filiere-de-formation-en-bijouterie-joaillerie\/#article\",\"isPartOf\":{\"@id\":\"https:\/\/vosgesinfo.fr\/saintdieinfo\/2026\/04\/le-lycee-georges-baumont-de-saint-die-des-vosges-inaugure-sa-filiere-de-formation-en-bijouterie-joaillerie\/\"},\"author\":{\"name\":\"J.J.\",\"@id\":\"https:\/\/vosgesinfo.fr\/saintdieinfo\/#\/schema\/person\/fa73e9f726d67bb88f46d5b7943cb572\"},\"headline\":\"Le lyc\u00e9e Georges-Baumont de Saint-Di\u00e9-des-Vosges inaugure sa fili\u00e8re de formation en bijouterie-joaillerie\",\"datePublished\":\"2026-04-30T16:53:05+00:00\",\"dateModified\":\"2026-04-30T16:48:10+00:00\",\"mainEntityOfPage\":{\"@id\":\"https:\/\/vosgesinfo.fr\/saintdieinfo\/2026\/04\/le-lycee-georges-baumont-de-saint-die-des-vosges-inaugure-sa-filiere-de-formation-en-bijouterie-joaillerie\/\"},\"wordCount\":496,\"commentCount\":1,\"publisher\":{\"@id\":\"https:\/\/vosgesinfo.fr\/saintdieinfo\/#organization\"},\"image\":{\"@id\":\"https:\/\/vosgesinfo.fr\/saintdieinfo\/2026\/04\/le-lycee-georges-baumont-de-saint-die-des-vosges-inaugure-sa-filiere-de-formation-en-bijouterie-joaillerie\/#primaryimage\"},\"thumbnailUrl\":\"https:\/\/vosgesinfo.fr\/app\/uploads\/sites\/4\/2026\/04\/lancement-filiere-metiers-bijouterie-lycee-baumont-9.jpg\",\"keywords\":[\"Aurigane Cr\u00e9ations\",\"Bijouterie-joaillerie\",\"Formation professionnelle\",\"LVMH\",\"Lyc\u00e9e Georges-Baumont\",\"Orest\",\"R\u00e9gion Grand Est\",\"Saint-Di\u00e9-des-Vosges\",\"Van Cleef &amp; Arpels\"],\"articleSection\":[\"A la Une\",\"\u00c9conomie\",\"\u00c9ducation\",\"Saint-Di\u00e9-des-Vosges\",\"Saint-Di\u00e9-des-Vosges et son Agglom\u00e9ration\",\"Vosges\"],\"inLanguage\":\"fr-FR\",\"potentialAction\":[{\"@type\":\"CommentAction\",\"name\":\"Comment\",\"target\":[\"https:\/\/vosgesinfo.fr\/saintdieinfo\/2026\/04\/le-lycee-georges-baumont-de-saint-die-des-vosges-inaugure-sa-filiere-de-formation-en-bijouterie-joaillerie\/#respond\"]}]},{\"@type\":\"WebPage\",\"@id\":\"https:\/\/vosgesinfo.fr\/saintdieinfo\/2026\/04\/le-lycee-georges-baumont-de-saint-die-des-vosges-inaugure-sa-filiere-de-formation-en-bijouterie-joaillerie\/\",\"url\":\"https:\/\/vosgesinfo.fr\/saintdieinfo\/2026\/04\/le-lycee-georges-baumont-de-saint-die-des-vosges-inaugure-sa-filiere-de-formation-en-bijouterie-joaillerie\/\",\"name\":\"Le lyc\u00e9e Georges-Baumont de Saint-Di\u00e9-des-Vosges inaugure sa fili\u00e8re de formation en bijouterie-joaillerie - Saint Die Info\",\"isPartOf\":{\"@id\":\"https:\/\/vosgesinfo.fr\/saintdieinfo\/#website\"},\"primaryImageOfPage\":{\"@id\":\"https:\/\/vosgesinfo.fr\/saintdieinfo\/2026\/04\/le-lycee-georges-baumont-de-saint-die-des-vosges-inaugure-sa-filiere-de-formation-en-bijouterie-joaillerie\/#primaryimage\"},\"image\":{\"@id\":\"https:\/\/vosgesinfo.fr\/saintdieinfo\/2026\/04\/le-lycee-georges-baumont-de-saint-die-des-vosges-inaugure-sa-filiere-de-formation-en-bijouterie-joaillerie\/#primaryimage\"},\"thumbnailUrl\":\"https:\/\/vosgesinfo.fr\/app\/uploads\/sites\/4\/2026\/04\/lancement-filiere-metiers-bijouterie-lycee-baumont-9.jpg\",\"datePublished\":\"2026-04-30T16:53:05+00:00\",\"dateModified\":\"2026-04-30T16:48:10+00:00\",\"breadcrumb\":{\"@id\":\"https:\/\/vosgesinfo.fr\/saintdieinfo\/2026\/04\/le-lycee-georges-baumont-de-saint-die-des-vosges-inaugure-sa-filiere-de-formation-en-bijouterie-joaillerie\/#breadcrumb\"},\"inLanguage\":\"fr-FR\",\"potentialAction\":[{\"@type\":\"ReadAction\",\"target\":[\"https:\/\/vosgesinfo.fr\/saintdieinfo\/2026\/04\/le-lycee-georges-baumont-de-saint-die-des-vosges-inaugure-sa-filiere-de-formation-en-bijouterie-joaillerie\/\"]}]},{\"@type\":\"ImageObject\",\"inLanguage\":\"fr-FR\",\"@id\":\"https:\/\/vosgesinfo.fr\/saintdieinfo\/2026\/04\/le-lycee-georges-baumont-de-saint-die-des-vosges-inaugure-sa-filiere-de-formation-en-bijouterie-joaillerie\/#primaryimage\",\"url\":\"https:\/\/vosgesinfo.fr\/app\/uploads\/sites\/4\/2026\/04\/lancement-filiere-metiers-bijouterie-lycee-baumont-9.jpg\",\"contentUrl\":\"https:\/\/vosgesinfo.fr\/app\/uploads\/sites\/4\/2026\/04\/lancement-filiere-metiers-bijouterie-lycee-baumont-9.jpg\",\"width\":1920,\"height\":1446},{\"@type\":\"BreadcrumbList\",\"@id\":\"https:\/\/vosgesinfo.fr\/saintdieinfo\/2026\/04\/le-lycee-georges-baumont-de-saint-die-des-vosges-inaugure-sa-filiere-de-formation-en-bijouterie-joaillerie\/#breadcrumb\",\"itemListElement\":[{\"@type\":\"ListItem\",\"position\":1,\"name\":\"Home\",\"item\":\"https:\/\/vosgesinfo.fr\/saintdieinfo\/\"},{\"@type\":\"ListItem\",\"position\":2,\"name\":\"Le lyc\u00e9e Georges-Baumont de Saint-Di\u00e9-des-Vosges inaugure sa fili\u00e8re de formation en bijouterie-joaillerie\"}]},{\"@type\":\"WebSite\",\"@id\":\"https:\/\/vosgesinfo.fr\/saintdieinfo\/#website\",\"url\":\"https:\/\/vosgesinfo.fr\/saintdieinfo\/\",\"name\":\"Saint Die Info\",\"description\":\"Toute l&#039;actualit\u00e9 de Saint-Di\u00e9-Des-Vosges\",\"publisher\":{\"@id\":\"https:\/\/vosgesinfo.fr\/saintdieinfo\/#organization\"},\"alternateName\":\"Toute l'actualit\u00e9 de Saint-Di\u00e9-Des-Vosges\",\"potentialAction\":[{\"@type\":\"SearchAction\",\"target\":{\"@type\":\"EntryPoint\",\"urlTemplate\":\"https:\/\/vosgesinfo.fr\/saintdieinfo\/?s={search_term_string}\"},\"query-input\":\"required name=search_term_string\"}],\"inLanguage\":\"fr-FR\"},{\"@type\":\"Organization\",\"@id\":\"https:\/\/vosgesinfo.fr\/saintdieinfo\/#organization\",\"name\":\"Saint Die Info\",\"url\":\"https:\/\/vosgesinfo.fr\/saintdieinfo\/\",\"logo\":{\"@type\":\"ImageObject\",\"inLanguage\":\"fr-FR\",\"@id\":\"https:\/\/vosgesinfo.fr\/saintdieinfo\/#\/schema\/logo\/image\/\",\"url\":\"https:\/\/vosgesinfo.fr\/app\/uploads\/sites\/4\/2024\/02\/logo-sdi.jpg\",\"contentUrl\":\"https:\/\/vosgesinfo.fr\/app\/uploads\/sites\/4\/2024\/02\/logo-sdi.jpg\",\"width\":600,\"height\":600,\"caption\":\"Saint Die Info\"},\"image\":{\"@id\":\"https:\/\/vosgesinfo.fr\/saintdieinfo\/#\/schema\/logo\/image\/\"},\"sameAs\":[\"https:\/\/www.facebook.com\/Saintdieinfofr\",\"https:\/\/x.com\/VosgesInfo88\",\"https:\/\/www.youtube.com\/@vosgesinfo\"]},{\"@type\":\"Person\",\"@id\":\"https:\/\/vosgesinfo.fr\/saintdieinfo\/#\/schema\/person\/fa73e9f726d67bb88f46d5b7943cb572\",\"name\":\"J.J.\",\"image\":{\"@type\":\"ImageObject\",\"inLanguage\":\"fr-FR\",\"@id\":\"https:\/\/vosgesinfo.fr\/saintdieinfo\/#\/schema\/person\/image\/\",\"url\":\"https:\/\/secure.gravatar.com\/avatar\/219e749e47ffbcca018a360ae4add7d4cdf1cdaaf8bc7676b27efade3fe65615?s=96&d=mm&r=g\",\"contentUrl\":\"https:\/\/secure.gravatar.com\/avatar\/219e749e47ffbcca018a360ae4add7d4cdf1cdaaf8bc7676b27efade3fe65615?s=96&d=mm&r=g\",\"caption\":\"J.J.\"},\"url\":\"https:\/\/vosgesinfo.fr\/saintdieinfo\/author\/j-j\/\"}]}<\/script>\n<!-- \/ Yoast SEO plugin. -->","yoast_head_json":{"title":"Le lyc\u00e9e Georges-Baumont de Saint-Di\u00e9-des-Vosges inaugure sa fili\u00e8re de formation en bijouterie-joaillerie - Saint Die Info","robots":{"index":"index","follow":"follow","max-snippet":"max-snippet:-1","max-image-preview":"max-image-preview:large","max-video-preview":"max-video-preview:-1"},"canonical":"https:\/\/vosgesinfo.fr\/saintdieinfo\/2026\/04\/le-lycee-georges-baumont-de-saint-die-des-vosges-inaugure-sa-filiere-de-formation-en-bijouterie-joaillerie\/","twitter_card":"summary_large_image","twitter_title":"Le lyc\u00e9e Georges-Baumont de Saint-Di\u00e9-des-Vosges inaugure sa fili\u00e8re de formation en bijouterie-joaillerie - Saint Die Info","twitter_description":"Trois nouvelles fili\u00e8res en bijouterie-joaillerie ont \u00e9t\u00e9 officiellement inaugur\u00e9es ce jeudi apr\u00e8s-midi au lyc\u00e9e Georges-Baumont de Saint-Di\u00e9-des-Vosges. \u00c0 cette occasion, [&hellip;]","twitter_image":"https:\/\/vosgesinfo.fr\/app\/uploads\/sites\/4\/2026\/04\/lancement-filiere-metiers-bijouterie-lycee-baumont-9.jpg","twitter_creator":"@VosgesInfo88","twitter_site":"@VosgesInfo88","twitter_misc":{"\u00c9crit par":"J.J.","Dur\u00e9e de lecture estim\u00e9e":"3 minutes"},"schema":{"@context":"https:\/\/schema.org","@graph":[{"@type":"Article","@id":"https:\/\/vosgesinfo.fr\/saintdieinfo\/2026\/04\/le-lycee-georges-baumont-de-saint-die-des-vosges-inaugure-sa-filiere-de-formation-en-bijouterie-joaillerie\/#article","isPartOf":{"@id":"https:\/\/vosgesinfo.fr\/saintdieinfo\/2026\/04\/le-lycee-georges-baumont-de-saint-die-des-vosges-inaugure-sa-filiere-de-formation-en-bijouterie-joaillerie\/"},"author":{"name":"J.J.","@id":"https:\/\/vosgesinfo.fr\/saintdieinfo\/#\/schema\/person\/fa73e9f726d67bb88f46d5b7943cb572"},"headline":"Le lyc\u00e9e Georges-Baumont de Saint-Di\u00e9-des-Vosges inaugure sa fili\u00e8re de formation en bijouterie-joaillerie","datePublished":"2026-04-30T16:53:05+00:00","dateModified":"2026-04-30T16:48:10+00:00","mainEntityOfPage":{"@id":"https:\/\/vosgesinfo.fr\/saintdieinfo\/2026\/04\/le-lycee-georges-baumont-de-saint-die-des-vosges-inaugure-sa-filiere-de-formation-en-bijouterie-joaillerie\/"},"wordCount":496,"commentCount":1,"publisher":{"@id":"https:\/\/vosgesinfo.fr\/saintdieinfo\/#organization"},"image":{"@id":"https:\/\/vosgesinfo.fr\/saintdieinfo\/2026\/04\/le-lycee-georges-baumont-de-saint-die-des-vosges-inaugure-sa-filiere-de-formation-en-bijouterie-joaillerie\/#primaryimage"},"thumbnailUrl":"https:\/\/vosgesinfo.fr\/app\/uploads\/sites\/4\/2026\/04\/lancement-filiere-metiers-bijouterie-lycee-baumont-9.jpg","keywords":["Aurigane Cr\u00e9ations","Bijouterie-joaillerie","Formation professionnelle","LVMH","Lyc\u00e9e Georges-Baumont","Orest","R\u00e9gion Grand Est","Saint-Di\u00e9-des-Vosges","Van Cleef &amp; Arpels"],"articleSection":["A la Une","\u00c9conomie","\u00c9ducation","Saint-Di\u00e9-des-Vosges","Saint-Di\u00e9-des-Vosges et son Agglom\u00e9ration","Vosges"],"inLanguage":"fr-FR","potentialAction":[{"@type":"CommentAction","name":"Comment","target":["https:\/\/vosgesinfo.fr\/saintdieinfo\/2026\/04\/le-lycee-georges-baumont-de-saint-die-des-vosges-inaugure-sa-filiere-de-formation-en-bijouterie-joaillerie\/#respond"]}]},{"@type":"WebPage","@id":"https:\/\/vosgesinfo.fr\/saintdieinfo\/2026\/04\/le-lycee-georges-baumont-de-saint-die-des-vosges-inaugure-sa-filiere-de-formation-en-bijouterie-joaillerie\/","url":"https:\/\/vosgesinfo.fr\/saintdieinfo\/2026\/04\/le-lycee-georges-baumont-de-saint-die-des-vosges-inaugure-sa-filiere-de-formation-en-bijouterie-joaillerie\/","name":"Le lyc\u00e9e Georges-Baumont de Saint-Di\u00e9-des-Vosges inaugure sa fili\u00e8re de formation en bijouterie-joaillerie - Saint Die Info","isPartOf":{"@id":"https:\/\/vosgesinfo.fr\/saintdieinfo\/#website"},"primaryImageOfPage":{"@id":"https:\/\/vosgesinfo.fr\/saintdieinfo\/2026\/04\/le-lycee-georges-baumont-de-saint-die-des-vosges-inaugure-sa-filiere-de-formation-en-bijouterie-joaillerie\/#primaryimage"},"image":{"@id":"https:\/\/vosgesinfo.fr\/saintdieinfo\/2026\/04\/le-lycee-georges-baumont-de-saint-die-des-vosges-inaugure-sa-filiere-de-formation-en-bijouterie-joaillerie\/#primaryimage"},"thumbnailUrl":"https:\/\/vosgesinfo.fr\/app\/uploads\/sites\/4\/2026\/04\/lancement-filiere-metiers-bijouterie-lycee-baumont-9.jpg","datePublished":"2026-04-30T16:53:05+00:00","dateModified":"2026-04-30T16:48:10+00:00","breadcrumb":{"@id":"https:\/\/vosgesinfo.fr\/saintdieinfo\/2026\/04\/le-lycee-georges-baumont-de-saint-die-des-vosges-inaugure-sa-filiere-de-formation-en-bijouterie-joaillerie\/#breadcrumb"},"inLanguage":"fr-FR","potentialAction":[{"@type":"ReadAction","target":["https:\/\/vosgesinfo.fr\/saintdieinfo\/2026\/04\/le-lycee-georges-baumont-de-saint-die-des-vosges-inaugure-sa-filiere-de-formation-en-bijouterie-joaillerie\/"]}]},{"@type":"ImageObject","inLanguage":"fr-FR","@id":"https:\/\/vosgesinfo.fr\/saintdieinfo\/2026\/04\/le-lycee-georges-baumont-de-saint-die-des-vosges-inaugure-sa-filiere-de-formation-en-bijouterie-joaillerie\/#primaryimage","url":"https:\/\/vosgesinfo.fr\/app\/uploads\/sites\/4\/2026\/04\/lancement-filiere-metiers-bijouterie-lycee-baumont-9.jpg","contentUrl":"https:\/\/vosgesinfo.fr\/app\/uploads\/sites\/4\/2026\/04\/lancement-filiere-metiers-bijouterie-lycee-baumont-9.jpg","width":1920,"height":1446},{"@type":"BreadcrumbList","@id":"https:\/\/vosgesinfo.fr\/saintdieinfo\/2026\/04\/le-lycee-georges-baumont-de-saint-die-des-vosges-inaugure-sa-filiere-de-formation-en-bijouterie-joaillerie\/#breadcrumb","itemListElement":[{"@type":"ListItem","position":1,"name":"Home","item":"https:\/\/vosgesinfo.fr\/saintdieinfo\/"},{"@type":"ListItem","position":2,"name":"Le lyc\u00e9e Georges-Baumont de Saint-Di\u00e9-des-Vosges inaugure sa fili\u00e8re de formation en bijouterie-joaillerie"}]},{"@type":"WebSite","@id":"https:\/\/vosgesinfo.fr\/saintdieinfo\/#website","url":"https:\/\/vosgesinfo.fr\/saintdieinfo\/","name":"Saint Die Info","description":"Toute l&#039;actualit\u00e9 de Saint-Di\u00e9-Des-Vosges","publisher":{"@id":"https:\/\/vosgesinfo.fr\/saintdieinfo\/#organization"},"alternateName":"Toute l'actualit\u00e9 de Saint-Di\u00e9-Des-Vosges","potentialAction":[{"@type":"SearchAction","target":{"@type":"EntryPoint","urlTemplate":"https:\/\/vosgesinfo.fr\/saintdieinfo\/?s={search_term_string}"},"query-input":"required name=search_term_string"}],"inLanguage":"fr-FR"},{"@type":"Organization","@id":"https:\/\/vosgesinfo.fr\/saintdieinfo\/#organization","name":"Saint Die Info","url":"https:\/\/vosgesinfo.fr\/saintdieinfo\/","logo":{"@type":"ImageObject","inLanguage":"fr-FR","@id":"https:\/\/vosgesinfo.fr\/saintdieinfo\/#\/schema\/logo\/image\/","url":"https:\/\/vosgesinfo.fr\/app\/uploads\/sites\/4\/2024\/02\/logo-sdi.jpg","contentUrl":"https:\/\/vosgesinfo.fr\/app\/uploads\/sites\/4\/2024\/02\/logo-sdi.jpg","width":600,"height":600,"caption":"Saint Die Info"},"image":{"@id":"https:\/\/vosgesinfo.fr\/saintdieinfo\/#\/schema\/logo\/image\/"},"sameAs":["https:\/\/www.facebook.com\/Saintdieinfofr","https:\/\/x.com\/VosgesInfo88","https:\/\/www.youtube.com\/@vosgesinfo"]},{"@type":"Person","@id":"https:\/\/vosgesinfo.fr\/saintdieinfo\/#\/schema\/person\/fa73e9f726d67bb88f46d5b7943cb572","name":"J.J.","image":{"@type":"ImageObject","inLanguage":"fr-FR","@id":"https:\/\/vosgesinfo.fr\/saintdieinfo\/#\/schema\/person\/image\/","url":"https:\/\/secure.gravatar.com\/avatar\/219e749e47ffbcca018a360ae4add7d4cdf1cdaaf8bc7676b27efade3fe65615?s=96&d=mm&r=g","contentUrl":"https:\/\/secure.gravatar.com\/avatar\/219e749e47ffbcca018a360ae4add7d4cdf1cdaaf8bc7676b27efade3fe65615?s=96&d=mm&r=g","caption":"J.J."},"url":"https:\/\/vosgesinfo.fr\/saintdieinfo\/author\/j-j\/"}]}},"_links":{"self":[{"href":"https:\/\/vosgesinfo.fr\/saintdieinfo\/wp-json\/wp\/v2\/posts\/90881","targetHints":{"allow":["GET"]}}],"collection":[{"href":"https:\/\/vosgesinfo.fr\/saintdieinfo\/wp-json\/wp\/v2\/posts"}],"about":[{"href":"https:\/\/vosgesinfo.fr\/saintdieinfo\/wp-json\/wp\/v2\/types\/post"}],"author":[{"embeddable":true,"href":"https:\/\/vosgesinfo.fr\/saintdieinfo\/wp-json\/wp\/v2\/users\/46"}],"replies":[{"embeddable":true,"href":"https:\/\/vosgesinfo.fr\/saintdieinfo\/wp-json\/wp\/v2\/comments?post=90881"}],"version-history":[{"count":2,"href":"https:\/\/vosgesinfo.fr\/saintdieinfo\/wp-json\/wp\/v2\/posts\/90881\/revisions"}],"predecessor-version":[{"id":90898,"href":"https:\/\/vosgesinfo.fr\/saintdieinfo\/wp-json\/wp\/v2\/posts\/90881\/revisions\/90898"}],"wp:featuredmedia":[{"embeddable":true,"href":"https:\/\/vosgesinfo.fr\/saintdieinfo\/wp-json\/wp\/v2\/media\/90895"}],"wp:attachment":[{"href":"https:\/\/vosgesinfo.fr\/saintdieinfo\/wp-json\/wp\/v2\/media?parent=90881"}],"wp:term":[{"taxonomy":"category","embeddable":true,"href":"https:\/\/vosgesinfo.fr\/saintdieinfo\/wp-json\/wp\/v2\/categories?post=90881"},{"taxonomy":"post_tag","embeddable":true,"href":"https:\/\/vosgesinfo.fr\/saintdieinfo\/wp-json\/wp\/v2\/tags?post=90881"}],"curies":[{"name":"wp","href":"https:\/\/api.w.org\/{rel}","templated":true}]}}