{"id":90882,"date":"2026-04-30T15:16:35","date_gmt":"2026-04-30T13:16:35","guid":{"rendered":"https:\/\/vosgesinfo.fr\/saintdieinfo\/2026\/04\/don-du-sang-face-aux-ponts-de-mai-letablissement-francais-du-sang-appelle-a-la-mobilisation\/"},"modified":"2026-04-30T15:16:35","modified_gmt":"2026-04-30T13:16:35","slug":"don-du-sang-face-aux-ponts-de-mai-letablissement-francais-du-sang-appelle-a-la-mobilisation","status":"publish","type":"post","link":"https:\/\/vosgesinfo.fr\/saintdieinfo\/2026\/04\/don-du-sang-face-aux-ponts-de-mai-letablissement-francais-du-sang-appelle-a-la-mobilisation\/","title":{"rendered":"Don du sang : face aux ponts de mai, l\u2019\u00c9tablissement fran\u00e7ais du sang appelle \u00e0 la mobilisation"},"content":{"rendered":"<h2 data-start=\"0\" data-end=\"323\"><strong><a href=\"https:\/\/vosgesinfo.fr\/app\/uploads\/sites\/3\/2026\/04\/collecte-sang.jpg\"><img decoding=\"async\" class=\"aligncenter size-full wp-image-141530\" src=\"https:\/\/vosgesinfo.fr\/app\/uploads\/sites\/3\/2026\/04\/collecte-sang.jpg\" alt=\"\" width=\"1024\" height=\"1024\" \/><\/a>\u00c0 l\u2019approche des longs week-ends de mai, l\u2019<span class=\"hover:entity-accent entity-underline inline cursor-pointer align-baseline\"><span class=\"whitespace-normal\">\u00c9tablissement fran\u00e7ais du sang<\/span><\/span> tire la sonnette d\u2019alarme et appelle \u00e0 une mobilisation g\u00e9n\u00e9rale des donneurs. Avec sa campagne \u00ab En mai, donnez ce qu\u2019il vous pla\u00eet ! \u00bb, l\u2019organisme rappelle une r\u00e9alit\u00e9 simple mais cruciale : les besoins en sang ne prennent jamais de pause.<\/strong><\/h2>\n<h3 data-section-id=\"jsj6g0\" data-start=\"325\" data-end=\"367\">Une p\u00e9riode \u00e0 risque pour les r\u00e9serves<\/h3>\n<p data-start=\"369\" data-end=\"612\">Chaque ann\u00e9e, le mois de mai rime avec jours f\u00e9ri\u00e9s, ponts et d\u00e9placements. Une p\u00e9riode propice au repos\u2026 mais qui entra\u00eene aussi une baisse significative de la fr\u00e9quentation des collectes. Pourtant, les besoins des patients restent constants.<\/p>\n<p data-start=\"614\" data-end=\"864\">En France, ce sont <strong data-start=\"633\" data-end=\"680\">10 000 dons de sang n\u00e9cessaires chaque jour<\/strong> pour r\u00e9pondre aux urgences et aux traitements m\u00e9dicaux. Avec les quatre jours f\u00e9ri\u00e9s du mois, jusqu\u2019\u00e0 <strong data-start=\"783\" data-end=\"817\">40 000 dons pourraient manquer<\/strong>, mettant sous tension les r\u00e9serves nationales.<\/p>\n<p data-start=\"866\" data-end=\"1138\">L\u2019EFS insiste : les produits sanguins ont une dur\u00e9e de vie limit\u00e9e. Les plaquettes ne se conservent que 7 jours, les globules rouges 42 jours. Impossible donc de constituer des stocks durables. \u00ab La maladie et les accidents ne font pas le pont \u00bb, rappelle l\u2019\u00e9tablissement.<\/p>\n<h3 data-section-id=\"sdz6n6\" data-start=\"1140\" data-end=\"1175\">Donner son sang, un geste vital<\/h3>\n<p data-start=\"1177\" data-end=\"1314\">Un seul don peut sauver jusqu\u2019\u00e0 <strong data-start=\"1209\" data-end=\"1223\">trois vies<\/strong>. Derri\u00e8re ces chiffres, il y a des patients qui d\u00e9pendent directement de cette solidarit\u00e9.<\/p>\n<p data-start=\"1316\" data-end=\"1442\">C\u2019est le cas de Taylor, 33 ans, atteint de dr\u00e9panocytose, une maladie g\u00e9n\u00e9tique qui d\u00e9truit les globules rouges. Il t\u00e9moigne :<\/p>\n<blockquote data-start=\"1444\" data-end=\"1696\">\n<p data-start=\"1446\" data-end=\"1696\">\u00ab Avec ma maladie, je dois souvent \u00eatre transfus\u00e9. En tout, j\u2019ai \u00e9t\u00e9 transfus\u00e9 plus de 300 fois. Le don de sang me permet de vivre plus ou moins normalement, de voyager, de r\u00e9aliser mes r\u00eaves et mes passions. Alors surtout, n\u2019h\u00e9sitez pas \u00e0 donner ! \u00bb<\/p>\n<\/blockquote>\n<p data-start=\"1698\" data-end=\"1778\">Un rappel concret de l\u2019impact direct du don sur la vie de milliers de personnes.<\/p>\n<h3 data-section-id=\"1jo7dmd\" data-start=\"1780\" data-end=\"1824\">Des collectes organis\u00e9es dans les Vosges<\/h3>\n<p data-start=\"1826\" data-end=\"1923\">Pour faciliter la mobilisation, plusieurs collectes sont pr\u00e9vues dans le d\u00e9partement des Vosges :<\/p>\n<ul data-start=\"1925\" data-end=\"2163\">\n<li data-section-id=\"522q2t\" data-start=\"1925\" data-end=\"2002\">Mardi 5 mai 2026, salle Carbonnar \u00e0 <span class=\"hover:entity-accent entity-underline inline cursor-pointer align-baseline\"><span class=\"whitespace-normal\">Saint-Di\u00e9-des-Vosges<\/span><\/span><\/li>\n<li data-section-id=\"1pjr6c3\" data-start=\"2003\" data-end=\"2078\">Mardi 12 mai 2026, espace Cours \u00e0 <span class=\"hover:entity-accent entity-underline inline cursor-pointer align-baseline\"><span class=\"whitespace-normal\">\u00c9pinal<\/span><\/span><\/li>\n<li data-section-id=\"1pfdvb7\" data-start=\"2079\" data-end=\"2163\">Mercredi 13 mai 2026, Palais des congr\u00e8s \u00e0 <span class=\"hover:entity-accent entity-underline inline cursor-pointer align-baseline\"><span class=\"whitespace-normal\">Remiremont<\/span><\/span><\/li>\n<\/ul>\n<p data-start=\"2165\" data-end=\"2283\">L\u2019EFS invite chacun \u00e0 prendre rendez-vous en ligne ou via son application pour faciliter l\u2019organisation des collectes.<\/p>\n<h3 data-section-id=\"jmr3ad\" data-start=\"2285\" data-end=\"2330\">Une mobilisation collective indispensable<\/h3>\n<p data-start=\"2332\" data-end=\"2521\">Face \u00e0 une demande constante et des r\u00e9serves fragiles, chaque don compte. Que ce soit pour une urgence, une op\u00e9ration ou une maladie chronique, le sang reste un produit vital irrempla\u00e7able.<\/p>\n<p data-start=\"2523\" data-end=\"2641\" data-is-last-node=\"\" data-is-only-node=\"\">En ce mois de mai, malgr\u00e9 les cong\u00e9s et les escapades, quelques minutes peuvent suffire \u00e0 faire une r\u00e9elle diff\u00e9rence.<\/p>\n","protected":false},"excerpt":{"rendered":"<p>\u00c0 l\u2019approche des longs week-ends de mai, l\u2019\u00c9tablissement fran\u00e7ais du sang tire la sonnette d\u2019alarme et appelle \u00e0 une mobilisation [&hellip;]<\/p>\n","protected":false},"author":52,"featured_media":90883,"comment_status":"open","ping_status":"open","sticky":false,"template":"","format":"standard","meta":{"footnotes":""},"categories":[460,5392,5391,5389,4099,4100],"tags":[118,41,4199,21493,1079,18947,150,2881,629,401,21494,43],"class_list":["post-90882","post","type-post","status-publish","format-standard","has-post-thumbnail","hentry","category-a-la-une","category-epinal","category-gerardmer","category-la-plaine-des-vosges","category-remiremont","category-saint-die","tag-don-du-sang","tag-epinal","tag-etablissement-francais-du-sang","tag-mai-2026","tag-mobilisation","tag-prevention","tag-remiremont","tag-saint-die-des-vosges","tag-sante","tag-solidarite","tag-transfusion","tag-vosges"],"acf":[],"yoast_head":"<!-- This site is optimized with the Yoast SEO plugin v22.5 - https:\/\/yoast.com\/wordpress\/plugins\/seo\/ -->\n<title>Don du sang : face aux ponts de mai, l\u2019\u00c9tablissement fran\u00e7ais du sang appelle \u00e0 la mobilisation - Saint Die Info<\/title>\n<meta name=\"robots\" content=\"index, follow, max-snippet:-1, max-image-preview:large, max-video-preview:-1\" \/>\n<link rel=\"canonical\" href=\"https:\/\/vosgesinfo.fr\/saintdieinfo\/2026\/04\/don-du-sang-face-aux-ponts-de-mai-letablissement-francais-du-sang-appelle-a-la-mobilisation\/\" \/>\n<meta name=\"twitter:card\" content=\"summary_large_image\" \/>\n<meta name=\"twitter:title\" content=\"Don du sang : face aux ponts de mai, l\u2019\u00c9tablissement fran\u00e7ais du sang appelle \u00e0 la mobilisation - Saint Die Info\" \/>\n<meta name=\"twitter:description\" content=\"\u00c0 l\u2019approche des longs week-ends de mai, l\u2019\u00c9tablissement fran\u00e7ais du sang tire la sonnette d\u2019alarme et appelle \u00e0 une mobilisation [&hellip;]\" \/>\n<meta name=\"twitter:image\" content=\"https:\/\/vosgesinfo.fr\/app\/uploads\/sites\/4\/2026\/04\/collecte-sang.jpg\" \/>\n<meta name=\"twitter:creator\" content=\"@VosgesInfo88\" \/>\n<meta name=\"twitter:site\" content=\"@VosgesInfo88\" \/>\n<meta name=\"twitter:label1\" content=\"\u00c9crit par\" \/>\n\t<meta name=\"twitter:data1\" content=\"C.K.\" \/>\n\t<meta name=\"twitter:label2\" content=\"Dur\u00e9e de lecture estim\u00e9e\" \/>\n\t<meta name=\"twitter:data2\" content=\"2 minutes\" \/>\n<script type=\"application\/ld+json\" class=\"yoast-schema-graph\">{\"@context\":\"https:\/\/schema.org\",\"@graph\":[{\"@type\":\"Article\",\"@id\":\"https:\/\/vosgesinfo.fr\/saintdieinfo\/2026\/04\/don-du-sang-face-aux-ponts-de-mai-letablissement-francais-du-sang-appelle-a-la-mobilisation\/#article\",\"isPartOf\":{\"@id\":\"https:\/\/vosgesinfo.fr\/saintdieinfo\/2026\/04\/don-du-sang-face-aux-ponts-de-mai-letablissement-francais-du-sang-appelle-a-la-mobilisation\/\"},\"author\":{\"name\":\"C.K.\",\"@id\":\"https:\/\/vosgesinfo.fr\/saintdieinfo\/#\/schema\/person\/6f9a650eeea99d969b6c4ab78fccbe81\"},\"headline\":\"Don du sang : face aux ponts de mai, l\u2019\u00c9tablissement fran\u00e7ais du sang appelle \u00e0 la mobilisation\",\"datePublished\":\"2026-04-30T13:16:35+00:00\",\"dateModified\":\"2026-04-30T13:16:35+00:00\",\"mainEntityOfPage\":{\"@id\":\"https:\/\/vosgesinfo.fr\/saintdieinfo\/2026\/04\/don-du-sang-face-aux-ponts-de-mai-letablissement-francais-du-sang-appelle-a-la-mobilisation\/\"},\"wordCount\":447,\"commentCount\":0,\"publisher\":{\"@id\":\"https:\/\/vosgesinfo.fr\/saintdieinfo\/#organization\"},\"image\":{\"@id\":\"https:\/\/vosgesinfo.fr\/saintdieinfo\/2026\/04\/don-du-sang-face-aux-ponts-de-mai-letablissement-francais-du-sang-appelle-a-la-mobilisation\/#primaryimage\"},\"thumbnailUrl\":\"https:\/\/vosgesinfo.fr\/app\/uploads\/sites\/4\/2026\/04\/collecte-sang.jpg\",\"keywords\":[\"Don du sang\",\"Epinal\",\"Etablissement Fran\u00e7ais du Sang\",\"Mai 2026\",\"mobilisation\",\"pr\u00e9vention\",\"Remiremont\",\"Saint-Di\u00e9-des-Vosges\",\"sant\u00e9\",\"solidarit\u00e9\",\"Transfusion\",\"vosges\"],\"articleSection\":[\"A la Une\",\"Epinal\",\"Gerardmer\",\"La plaine des vosges\",\"Remiremont\",\"Saint-di\u00e9\"],\"inLanguage\":\"fr-FR\",\"potentialAction\":[{\"@type\":\"CommentAction\",\"name\":\"Comment\",\"target\":[\"https:\/\/vosgesinfo.fr\/saintdieinfo\/2026\/04\/don-du-sang-face-aux-ponts-de-mai-letablissement-francais-du-sang-appelle-a-la-mobilisation\/#respond\"]}]},{\"@type\":\"WebPage\",\"@id\":\"https:\/\/vosgesinfo.fr\/saintdieinfo\/2026\/04\/don-du-sang-face-aux-ponts-de-mai-letablissement-francais-du-sang-appelle-a-la-mobilisation\/\",\"url\":\"https:\/\/vosgesinfo.fr\/saintdieinfo\/2026\/04\/don-du-sang-face-aux-ponts-de-mai-letablissement-francais-du-sang-appelle-a-la-mobilisation\/\",\"name\":\"Don du sang : face aux ponts de mai, l\u2019\u00c9tablissement fran\u00e7ais du sang appelle \u00e0 la mobilisation - Saint Die Info\",\"isPartOf\":{\"@id\":\"https:\/\/vosgesinfo.fr\/saintdieinfo\/#website\"},\"primaryImageOfPage\":{\"@id\":\"https:\/\/vosgesinfo.fr\/saintdieinfo\/2026\/04\/don-du-sang-face-aux-ponts-de-mai-letablissement-francais-du-sang-appelle-a-la-mobilisation\/#primaryimage\"},\"image\":{\"@id\":\"https:\/\/vosgesinfo.fr\/saintdieinfo\/2026\/04\/don-du-sang-face-aux-ponts-de-mai-letablissement-francais-du-sang-appelle-a-la-mobilisation\/#primaryimage\"},\"thumbnailUrl\":\"https:\/\/vosgesinfo.fr\/app\/uploads\/sites\/4\/2026\/04\/collecte-sang.jpg\",\"datePublished\":\"2026-04-30T13:16:35+00:00\",\"dateModified\":\"2026-04-30T13:16:35+00:00\",\"breadcrumb\":{\"@id\":\"https:\/\/vosgesinfo.fr\/saintdieinfo\/2026\/04\/don-du-sang-face-aux-ponts-de-mai-letablissement-francais-du-sang-appelle-a-la-mobilisation\/#breadcrumb\"},\"inLanguage\":\"fr-FR\",\"potentialAction\":[{\"@type\":\"ReadAction\",\"target\":[\"https:\/\/vosgesinfo.fr\/saintdieinfo\/2026\/04\/don-du-sang-face-aux-ponts-de-mai-letablissement-francais-du-sang-appelle-a-la-mobilisation\/\"]}]},{\"@type\":\"ImageObject\",\"inLanguage\":\"fr-FR\",\"@id\":\"https:\/\/vosgesinfo.fr\/saintdieinfo\/2026\/04\/don-du-sang-face-aux-ponts-de-mai-letablissement-francais-du-sang-appelle-a-la-mobilisation\/#primaryimage\",\"url\":\"https:\/\/vosgesinfo.fr\/app\/uploads\/sites\/4\/2026\/04\/collecte-sang.jpg\",\"contentUrl\":\"https:\/\/vosgesinfo.fr\/app\/uploads\/sites\/4\/2026\/04\/collecte-sang.jpg\",\"width\":1024,\"height\":1024},{\"@type\":\"BreadcrumbList\",\"@id\":\"https:\/\/vosgesinfo.fr\/saintdieinfo\/2026\/04\/don-du-sang-face-aux-ponts-de-mai-letablissement-francais-du-sang-appelle-a-la-mobilisation\/#breadcrumb\",\"itemListElement\":[{\"@type\":\"ListItem\",\"position\":1,\"name\":\"Home\",\"item\":\"https:\/\/vosgesinfo.fr\/saintdieinfo\/\"},{\"@type\":\"ListItem\",\"position\":2,\"name\":\"Don du sang : face aux ponts de mai, l\u2019\u00c9tablissement fran\u00e7ais du sang appelle \u00e0 la mobilisation\"}]},{\"@type\":\"WebSite\",\"@id\":\"https:\/\/vosgesinfo.fr\/saintdieinfo\/#website\",\"url\":\"https:\/\/vosgesinfo.fr\/saintdieinfo\/\",\"name\":\"Saint Die Info\",\"description\":\"Toute l&#039;actualit\u00e9 de Saint-Di\u00e9-Des-Vosges\",\"publisher\":{\"@id\":\"https:\/\/vosgesinfo.fr\/saintdieinfo\/#organization\"},\"alternateName\":\"Toute l'actualit\u00e9 de Saint-Di\u00e9-Des-Vosges\",\"potentialAction\":[{\"@type\":\"SearchAction\",\"target\":{\"@type\":\"EntryPoint\",\"urlTemplate\":\"https:\/\/vosgesinfo.fr\/saintdieinfo\/?s={search_term_string}\"},\"query-input\":\"required name=search_term_string\"}],\"inLanguage\":\"fr-FR\"},{\"@type\":\"Organization\",\"@id\":\"https:\/\/vosgesinfo.fr\/saintdieinfo\/#organization\",\"name\":\"Saint Die Info\",\"url\":\"https:\/\/vosgesinfo.fr\/saintdieinfo\/\",\"logo\":{\"@type\":\"ImageObject\",\"inLanguage\":\"fr-FR\",\"@id\":\"https:\/\/vosgesinfo.fr\/saintdieinfo\/#\/schema\/logo\/image\/\",\"url\":\"https:\/\/vosgesinfo.fr\/app\/uploads\/sites\/4\/2024\/02\/logo-sdi.jpg\",\"contentUrl\":\"https:\/\/vosgesinfo.fr\/app\/uploads\/sites\/4\/2024\/02\/logo-sdi.jpg\",\"width\":600,\"height\":600,\"caption\":\"Saint Die Info\"},\"image\":{\"@id\":\"https:\/\/vosgesinfo.fr\/saintdieinfo\/#\/schema\/logo\/image\/\"},\"sameAs\":[\"https:\/\/www.facebook.com\/Saintdieinfofr\",\"https:\/\/x.com\/VosgesInfo88\",\"https:\/\/www.youtube.com\/@vosgesinfo\"]},{\"@type\":\"Person\",\"@id\":\"https:\/\/vosgesinfo.fr\/saintdieinfo\/#\/schema\/person\/6f9a650eeea99d969b6c4ab78fccbe81\",\"name\":\"C.K.\",\"image\":{\"@type\":\"ImageObject\",\"inLanguage\":\"fr-FR\",\"@id\":\"https:\/\/vosgesinfo.fr\/saintdieinfo\/#\/schema\/person\/image\/\",\"url\":\"https:\/\/secure.gravatar.com\/avatar\/48e3fc7f8421ba8942be6b74a2b7f014ca39bc00dece156b7a8e098ae7dc87bf?s=96&d=mm&r=g\",\"contentUrl\":\"https:\/\/secure.gravatar.com\/avatar\/48e3fc7f8421ba8942be6b74a2b7f014ca39bc00dece156b7a8e098ae7dc87bf?s=96&d=mm&r=g\",\"caption\":\"C.K.\"},\"url\":\"https:\/\/vosgesinfo.fr\/saintdieinfo\/author\/celia-k-n\/\"}]}<\/script>\n<!-- \/ Yoast SEO plugin. -->","yoast_head_json":{"title":"Don du sang : face aux ponts de mai, l\u2019\u00c9tablissement fran\u00e7ais du sang appelle \u00e0 la mobilisation - Saint Die Info","robots":{"index":"index","follow":"follow","max-snippet":"max-snippet:-1","max-image-preview":"max-image-preview:large","max-video-preview":"max-video-preview:-1"},"canonical":"https:\/\/vosgesinfo.fr\/saintdieinfo\/2026\/04\/don-du-sang-face-aux-ponts-de-mai-letablissement-francais-du-sang-appelle-a-la-mobilisation\/","twitter_card":"summary_large_image","twitter_title":"Don du sang : face aux ponts de mai, l\u2019\u00c9tablissement fran\u00e7ais du sang appelle \u00e0 la mobilisation - Saint Die Info","twitter_description":"\u00c0 l\u2019approche des longs week-ends de mai, l\u2019\u00c9tablissement fran\u00e7ais du sang tire la sonnette d\u2019alarme et appelle \u00e0 une mobilisation [&hellip;]","twitter_image":"https:\/\/vosgesinfo.fr\/app\/uploads\/sites\/4\/2026\/04\/collecte-sang.jpg","twitter_creator":"@VosgesInfo88","twitter_site":"@VosgesInfo88","twitter_misc":{"\u00c9crit par":"C.K.","Dur\u00e9e de lecture estim\u00e9e":"2 minutes"},"schema":{"@context":"https:\/\/schema.org","@graph":[{"@type":"Article","@id":"https:\/\/vosgesinfo.fr\/saintdieinfo\/2026\/04\/don-du-sang-face-aux-ponts-de-mai-letablissement-francais-du-sang-appelle-a-la-mobilisation\/#article","isPartOf":{"@id":"https:\/\/vosgesinfo.fr\/saintdieinfo\/2026\/04\/don-du-sang-face-aux-ponts-de-mai-letablissement-francais-du-sang-appelle-a-la-mobilisation\/"},"author":{"name":"C.K.","@id":"https:\/\/vosgesinfo.fr\/saintdieinfo\/#\/schema\/person\/6f9a650eeea99d969b6c4ab78fccbe81"},"headline":"Don du sang : face aux ponts de mai, l\u2019\u00c9tablissement fran\u00e7ais du sang appelle \u00e0 la mobilisation","datePublished":"2026-04-30T13:16:35+00:00","dateModified":"2026-04-30T13:16:35+00:00","mainEntityOfPage":{"@id":"https:\/\/vosgesinfo.fr\/saintdieinfo\/2026\/04\/don-du-sang-face-aux-ponts-de-mai-letablissement-francais-du-sang-appelle-a-la-mobilisation\/"},"wordCount":447,"commentCount":0,"publisher":{"@id":"https:\/\/vosgesinfo.fr\/saintdieinfo\/#organization"},"image":{"@id":"https:\/\/vosgesinfo.fr\/saintdieinfo\/2026\/04\/don-du-sang-face-aux-ponts-de-mai-letablissement-francais-du-sang-appelle-a-la-mobilisation\/#primaryimage"},"thumbnailUrl":"https:\/\/vosgesinfo.fr\/app\/uploads\/sites\/4\/2026\/04\/collecte-sang.jpg","keywords":["Don du sang","Epinal","Etablissement Fran\u00e7ais du Sang","Mai 2026","mobilisation","pr\u00e9vention","Remiremont","Saint-Di\u00e9-des-Vosges","sant\u00e9","solidarit\u00e9","Transfusion","vosges"],"articleSection":["A la Une","Epinal","Gerardmer","La plaine des vosges","Remiremont","Saint-di\u00e9"],"inLanguage":"fr-FR","potentialAction":[{"@type":"CommentAction","name":"Comment","target":["https:\/\/vosgesinfo.fr\/saintdieinfo\/2026\/04\/don-du-sang-face-aux-ponts-de-mai-letablissement-francais-du-sang-appelle-a-la-mobilisation\/#respond"]}]},{"@type":"WebPage","@id":"https:\/\/vosgesinfo.fr\/saintdieinfo\/2026\/04\/don-du-sang-face-aux-ponts-de-mai-letablissement-francais-du-sang-appelle-a-la-mobilisation\/","url":"https:\/\/vosgesinfo.fr\/saintdieinfo\/2026\/04\/don-du-sang-face-aux-ponts-de-mai-letablissement-francais-du-sang-appelle-a-la-mobilisation\/","name":"Don du sang : face aux ponts de mai, l\u2019\u00c9tablissement fran\u00e7ais du sang appelle \u00e0 la mobilisation - Saint Die Info","isPartOf":{"@id":"https:\/\/vosgesinfo.fr\/saintdieinfo\/#website"},"primaryImageOfPage":{"@id":"https:\/\/vosgesinfo.fr\/saintdieinfo\/2026\/04\/don-du-sang-face-aux-ponts-de-mai-letablissement-francais-du-sang-appelle-a-la-mobilisation\/#primaryimage"},"image":{"@id":"https:\/\/vosgesinfo.fr\/saintdieinfo\/2026\/04\/don-du-sang-face-aux-ponts-de-mai-letablissement-francais-du-sang-appelle-a-la-mobilisation\/#primaryimage"},"thumbnailUrl":"https:\/\/vosgesinfo.fr\/app\/uploads\/sites\/4\/2026\/04\/collecte-sang.jpg","datePublished":"2026-04-30T13:16:35+00:00","dateModified":"2026-04-30T13:16:35+00:00","breadcrumb":{"@id":"https:\/\/vosgesinfo.fr\/saintdieinfo\/2026\/04\/don-du-sang-face-aux-ponts-de-mai-letablissement-francais-du-sang-appelle-a-la-mobilisation\/#breadcrumb"},"inLanguage":"fr-FR","potentialAction":[{"@type":"ReadAction","target":["https:\/\/vosgesinfo.fr\/saintdieinfo\/2026\/04\/don-du-sang-face-aux-ponts-de-mai-letablissement-francais-du-sang-appelle-a-la-mobilisation\/"]}]},{"@type":"ImageObject","inLanguage":"fr-FR","@id":"https:\/\/vosgesinfo.fr\/saintdieinfo\/2026\/04\/don-du-sang-face-aux-ponts-de-mai-letablissement-francais-du-sang-appelle-a-la-mobilisation\/#primaryimage","url":"https:\/\/vosgesinfo.fr\/app\/uploads\/sites\/4\/2026\/04\/collecte-sang.jpg","contentUrl":"https:\/\/vosgesinfo.fr\/app\/uploads\/sites\/4\/2026\/04\/collecte-sang.jpg","width":1024,"height":1024},{"@type":"BreadcrumbList","@id":"https:\/\/vosgesinfo.fr\/saintdieinfo\/2026\/04\/don-du-sang-face-aux-ponts-de-mai-letablissement-francais-du-sang-appelle-a-la-mobilisation\/#breadcrumb","itemListElement":[{"@type":"ListItem","position":1,"name":"Home","item":"https:\/\/vosgesinfo.fr\/saintdieinfo\/"},{"@type":"ListItem","position":2,"name":"Don du sang : face aux ponts de mai, l\u2019\u00c9tablissement fran\u00e7ais du sang appelle \u00e0 la mobilisation"}]},{"@type":"WebSite","@id":"https:\/\/vosgesinfo.fr\/saintdieinfo\/#website","url":"https:\/\/vosgesinfo.fr\/saintdieinfo\/","name":"Saint Die Info","description":"Toute l&#039;actualit\u00e9 de Saint-Di\u00e9-Des-Vosges","publisher":{"@id":"https:\/\/vosgesinfo.fr\/saintdieinfo\/#organization"},"alternateName":"Toute l'actualit\u00e9 de Saint-Di\u00e9-Des-Vosges","potentialAction":[{"@type":"SearchAction","target":{"@type":"EntryPoint","urlTemplate":"https:\/\/vosgesinfo.fr\/saintdieinfo\/?s={search_term_string}"},"query-input":"required name=search_term_string"}],"inLanguage":"fr-FR"},{"@type":"Organization","@id":"https:\/\/vosgesinfo.fr\/saintdieinfo\/#organization","name":"Saint Die Info","url":"https:\/\/vosgesinfo.fr\/saintdieinfo\/","logo":{"@type":"ImageObject","inLanguage":"fr-FR","@id":"https:\/\/vosgesinfo.fr\/saintdieinfo\/#\/schema\/logo\/image\/","url":"https:\/\/vosgesinfo.fr\/app\/uploads\/sites\/4\/2024\/02\/logo-sdi.jpg","contentUrl":"https:\/\/vosgesinfo.fr\/app\/uploads\/sites\/4\/2024\/02\/logo-sdi.jpg","width":600,"height":600,"caption":"Saint Die Info"},"image":{"@id":"https:\/\/vosgesinfo.fr\/saintdieinfo\/#\/schema\/logo\/image\/"},"sameAs":["https:\/\/www.facebook.com\/Saintdieinfofr","https:\/\/x.com\/VosgesInfo88","https:\/\/www.youtube.com\/@vosgesinfo"]},{"@type":"Person","@id":"https:\/\/vosgesinfo.fr\/saintdieinfo\/#\/schema\/person\/6f9a650eeea99d969b6c4ab78fccbe81","name":"C.K.","image":{"@type":"ImageObject","inLanguage":"fr-FR","@id":"https:\/\/vosgesinfo.fr\/saintdieinfo\/#\/schema\/person\/image\/","url":"https:\/\/secure.gravatar.com\/avatar\/48e3fc7f8421ba8942be6b74a2b7f014ca39bc00dece156b7a8e098ae7dc87bf?s=96&d=mm&r=g","contentUrl":"https:\/\/secure.gravatar.com\/avatar\/48e3fc7f8421ba8942be6b74a2b7f014ca39bc00dece156b7a8e098ae7dc87bf?s=96&d=mm&r=g","caption":"C.K."},"url":"https:\/\/vosgesinfo.fr\/saintdieinfo\/author\/celia-k-n\/"}]}},"_links":{"self":[{"href":"https:\/\/vosgesinfo.fr\/saintdieinfo\/wp-json\/wp\/v2\/posts\/90882","targetHints":{"allow":["GET"]}}],"collection":[{"href":"https:\/\/vosgesinfo.fr\/saintdieinfo\/wp-json\/wp\/v2\/posts"}],"about":[{"href":"https:\/\/vosgesinfo.fr\/saintdieinfo\/wp-json\/wp\/v2\/types\/post"}],"author":[{"embeddable":true,"href":"https:\/\/vosgesinfo.fr\/saintdieinfo\/wp-json\/wp\/v2\/users\/52"}],"replies":[{"embeddable":true,"href":"https:\/\/vosgesinfo.fr\/saintdieinfo\/wp-json\/wp\/v2\/comments?post=90882"}],"version-history":[{"count":0,"href":"https:\/\/vosgesinfo.fr\/saintdieinfo\/wp-json\/wp\/v2\/posts\/90882\/revisions"}],"wp:featuredmedia":[{"embeddable":true,"href":"https:\/\/vosgesinfo.fr\/saintdieinfo\/wp-json\/wp\/v2\/media\/90883"}],"wp:attachment":[{"href":"https:\/\/vosgesinfo.fr\/saintdieinfo\/wp-json\/wp\/v2\/media?parent=90882"}],"wp:term":[{"taxonomy":"category","embeddable":true,"href":"https:\/\/vosgesinfo.fr\/saintdieinfo\/wp-json\/wp\/v2\/categories?post=90882"},{"taxonomy":"post_tag","embeddable":true,"href":"https:\/\/vosgesinfo.fr\/saintdieinfo\/wp-json\/wp\/v2\/tags?post=90882"}],"curies":[{"name":"wp","href":"https:\/\/api.w.org\/{rel}","templated":true}]}}