{"id":90899,"date":"2026-04-30T20:23:07","date_gmt":"2026-04-30T18:23:07","guid":{"rendered":"https:\/\/vosgesinfo.fr\/saintdieinfo\/?p=90899"},"modified":"2026-04-30T20:11:25","modified_gmt":"2026-04-30T18:11:25","slug":"la-tour-de-la-liberte-de-saint-die-des-vosges-labellisee-architecture-contemporaine-remarquable","status":"publish","type":"post","link":"https:\/\/vosgesinfo.fr\/saintdieinfo\/2026\/04\/la-tour-de-la-liberte-de-saint-die-des-vosges-labellisee-architecture-contemporaine-remarquable\/","title":{"rendered":"La Tour de la Libert\u00e9 de Saint-Di\u00e9-des-Vosges labellis\u00e9e \u00ab Architecture contemporaine remarquable \u00bb"},"content":{"rendered":"<p><a href=\"https:\/\/vosgesinfo.fr\/app\/uploads\/sites\/4\/2026\/04\/devoilement-plaque-tour-liberte-acr-10.jpg\"><img decoding=\"async\" class=\"alignnone size-large wp-image-90913\" src=\"https:\/\/vosgesinfo.fr\/app\/uploads\/sites\/4\/2026\/04\/devoilement-plaque-tour-liberte-acr-10-1024x771.jpg\" alt=\"\" width=\"1024\" height=\"771\" srcset=\"https:\/\/vosgesinfo.fr\/app\/uploads\/sites\/4\/2026\/04\/devoilement-plaque-tour-liberte-acr-10-1024x771.jpg 1024w, https:\/\/vosgesinfo.fr\/app\/uploads\/sites\/4\/2026\/04\/devoilement-plaque-tour-liberte-acr-10-300x226.jpg 300w, https:\/\/vosgesinfo.fr\/app\/uploads\/sites\/4\/2026\/04\/devoilement-plaque-tour-liberte-acr-10-768x578.jpg 768w, https:\/\/vosgesinfo.fr\/app\/uploads\/sites\/4\/2026\/04\/devoilement-plaque-tour-liberte-acr-10-1536x1157.jpg 1536w, https:\/\/vosgesinfo.fr\/app\/uploads\/sites\/4\/2026\/04\/devoilement-plaque-tour-liberte-acr-10.jpg 1920w\" sizes=\"(max-width: 1024px) 100vw, 1024px\" \/><\/a><\/p>\n<h2>La plaque du label <strong>\u00ab Architecture contemporaine remarquable \u00bb<\/strong> de la <strong>Tour de la Libert\u00e9<\/strong> a \u00e9t\u00e9 d\u00e9voil\u00e9e ce jeudi en fin de journ\u00e9e \u00e0 <strong>Saint-Di\u00e9-des-Vosges<\/strong>. La c\u00e9r\u00e9monie s\u2019est d\u00e9roul\u00e9e en pr\u00e9sence du maire <strong>Bruno Toussaint<\/strong>, des anciens maires <strong>Christian Pierret<\/strong> et <strong>David Valence<\/strong>, de <strong>Lorenzo Diez<\/strong>, conseiller architecture \u00e0 la Direction r\u00e9gionale des affaires culturelles \u2013 DRAC \u2013 Grand Est et artisan de cette labellisation, ainsi que de <strong>Nicolas Normier<\/strong>, l\u2019un des deux architectes de l\u2019ouvrage avec <strong>Jean-Marie Hennin<\/strong>.<\/h2>\n<p><!--more--><\/p>\n<h3><strong>Un arr\u00eat\u00e9 pr\u00e9fectoral dat\u00e9 du 12 novembre 2025<\/strong><\/h3>\n<p>Le label \u00ab Architecture contemporaine remarquable \u00bb a \u00e9t\u00e9 attribu\u00e9 par un <strong>arr\u00eat\u00e9 pr\u00e9fectoral dat\u00e9 du 12 novembre 2025<\/strong>. Il reconna\u00eet la singularit\u00e9 de la Tour de la Libert\u00e9 et son caract\u00e8re innovant, notamment dans sa <strong>composition<\/strong>, sa <strong>structure<\/strong> et sa <strong>conception architecturale<\/strong>.<\/p>\n<h3><strong>Des Tuileries au parc Jean-Mansuy<\/strong><\/h3>\n<p>Situ\u00e9e au <strong>parc Jean-Mansuy<\/strong>, la Tour de la Libert\u00e9 est n\u00e9e \u00e0 l\u2019occasion du <strong>Bicentenaire de la R\u00e9volution fran\u00e7aise<\/strong>, en 1989. Avant son installation \u00e0 Saint-Di\u00e9-des-Vosges, ses grandes lignes blanches dominaient le <strong>Jardin des Tuileries<\/strong>, \u00e0 Paris. L\u2019une des deux tours a ensuite \u00e9t\u00e9 acquise pour un <strong>franc symbolique<\/strong> sous l\u2019impulsion de Christian Pierret, avant de devenir l\u2019un des embl\u00e8mes de la ville.<\/p>\n<p>Livr\u00e9 en <strong>1990<\/strong>, l\u2019ouvrage b\u00e9n\u00e9ficie d\u2019un label attribu\u00e9 pour une dur\u00e9e de <strong>100 ans<\/strong>. Cette reconnaissance court donc jusqu\u2019en <strong>2090<\/strong>. Elle garantit aussi un cadre de protection : la commune devra informer le <strong>pr\u00e9fet de r\u00e9gion<\/strong> avant tout projet de travaux susceptible de modifier le bien.<\/p>\n<h3><strong>Un patrimoine architectural d\u00e9j\u00e0 reconnu<\/strong><\/h3>\n<p>Avec cette labellisation, la Tour de la Libert\u00e9 rejoint d\u2019autres rep\u00e8res architecturaux class\u00e9s de la commune. Le <strong>centre-ville<\/strong> et la <strong>cit\u00e9 administrative<\/strong>, reconstruits apr\u00e8s-guerre, sont class\u00e9s au titre du <strong>Patrimoine du XXe si\u00e8cle<\/strong> depuis 2017. L\u2019<strong>Usine Claude-et-Duval<\/strong>, seule \u0153uvre industrielle de <strong>Le Corbusier<\/strong>, est inscrite au patrimoine de l\u2019Unesco depuis 2016.<\/p>\n<h3><strong>Une r\u00e9novation avant les 40 ans<\/strong><\/h3>\n<p>La <strong>Municipalit\u00e9<\/strong> pr\u00e9voit un programme de r\u00e9novation en <strong>2029<\/strong>, avant le <strong>40e anniversaire de la Tour<\/strong> en 2030. Une <strong>remise en peinture compl\u00e8te<\/strong> doit lui redonner son \u00e9clat d\u2019origine. Son syst\u00e8me de mise en lumi\u00e8re sera \u00e9galement modernis\u00e9 gr\u00e2ce \u00e0 la <strong>technologie LED<\/strong>, afin de permettre des \u00e9clairages color\u00e9s lors des comm\u00e9morations et des \u00e9v\u00e9nements.<\/p>\n<p>Une <strong>grande f\u00eate populaire<\/strong> est \u00e9galement pr\u00e9vue en 2030. Elle doit r\u00e9unir <strong>expositions, conf\u00e9rences et concerts<\/strong> autour de la Tour de la Libert\u00e9. Affaire \u00e0 suivre.<\/p>\n\n\t\t<style type=\"text\/css\">\n\t\t\t#gallery-1 {\n\t\t\t\tmargin: auto;\n\t\t\t}\n\t\t\t#gallery-1 .gallery-item {\n\t\t\t\tfloat: left;\n\t\t\t\tmargin-top: 10px;\n\t\t\t\ttext-align: center;\n\t\t\t\twidth: 50%;\n\t\t\t}\n\t\t\t#gallery-1 img {\n\t\t\t\tborder: 2px solid #cfcfcf;\n\t\t\t}\n\t\t\t#gallery-1 .gallery-caption {\n\t\t\t\tmargin-left: 0;\n\t\t\t}\n\t\t\t\/* see gallery_shortcode() in wp-includes\/media.php *\/\n\t\t<\/style>\n\t\t<div id='gallery-1' class='gallery galleryid-90899 gallery-columns-2 gallery-size-thumbnail'><dl class='gallery-item'>\n\t\t\t<dt class='gallery-icon landscape'>\n\t\t\t\t<a href='https:\/\/vosgesinfo.fr\/app\/uploads\/sites\/4\/2026\/04\/devoilement-plaque-tour-liberte-acr-1.jpg'><img decoding=\"async\" width=\"150\" height=\"150\" src=\"https:\/\/vosgesinfo.fr\/app\/uploads\/sites\/4\/2026\/04\/devoilement-plaque-tour-liberte-acr-1-150x150.jpg\" class=\"attachment-thumbnail size-thumbnail\" alt=\"\" \/><\/a>\n\t\t\t<\/dt><\/dl><dl class='gallery-item'>\n\t\t\t<dt class='gallery-icon landscape'>\n\t\t\t\t<a href='https:\/\/vosgesinfo.fr\/app\/uploads\/sites\/4\/2026\/04\/devoilement-plaque-tour-liberte-acr-2.jpg'><img decoding=\"async\" width=\"150\" height=\"150\" src=\"https:\/\/vosgesinfo.fr\/app\/uploads\/sites\/4\/2026\/04\/devoilement-plaque-tour-liberte-acr-2-150x150.jpg\" class=\"attachment-thumbnail size-thumbnail\" alt=\"\" \/><\/a>\n\t\t\t<\/dt><\/dl><br style=\"clear: both\" \/><dl class='gallery-item'>\n\t\t\t<dt class='gallery-icon landscape'>\n\t\t\t\t<a href='https:\/\/vosgesinfo.fr\/app\/uploads\/sites\/4\/2026\/04\/devoilement-plaque-tour-liberte-acr-3.jpg'><img decoding=\"async\" width=\"150\" height=\"150\" src=\"https:\/\/vosgesinfo.fr\/app\/uploads\/sites\/4\/2026\/04\/devoilement-plaque-tour-liberte-acr-3-150x150.jpg\" class=\"attachment-thumbnail size-thumbnail\" alt=\"\" \/><\/a>\n\t\t\t<\/dt><\/dl><dl class='gallery-item'>\n\t\t\t<dt class='gallery-icon landscape'>\n\t\t\t\t<a href='https:\/\/vosgesinfo.fr\/app\/uploads\/sites\/4\/2026\/04\/devoilement-plaque-tour-liberte-acr-4.jpg'><img decoding=\"async\" width=\"150\" height=\"150\" src=\"https:\/\/vosgesinfo.fr\/app\/uploads\/sites\/4\/2026\/04\/devoilement-plaque-tour-liberte-acr-4-150x150.jpg\" class=\"attachment-thumbnail size-thumbnail\" alt=\"\" \/><\/a>\n\t\t\t<\/dt><\/dl><br style=\"clear: both\" \/><dl class='gallery-item'>\n\t\t\t<dt class='gallery-icon landscape'>\n\t\t\t\t<a href='https:\/\/vosgesinfo.fr\/app\/uploads\/sites\/4\/2026\/04\/devoilement-plaque-tour-liberte-acr-5.jpg'><img decoding=\"async\" width=\"150\" height=\"150\" src=\"https:\/\/vosgesinfo.fr\/app\/uploads\/sites\/4\/2026\/04\/devoilement-plaque-tour-liberte-acr-5-150x150.jpg\" class=\"attachment-thumbnail size-thumbnail\" alt=\"\" \/><\/a>\n\t\t\t<\/dt><\/dl><dl class='gallery-item'>\n\t\t\t<dt class='gallery-icon landscape'>\n\t\t\t\t<a href='https:\/\/vosgesinfo.fr\/app\/uploads\/sites\/4\/2026\/04\/devoilement-plaque-tour-liberte-acr-6.jpg'><img decoding=\"async\" width=\"150\" height=\"150\" src=\"https:\/\/vosgesinfo.fr\/app\/uploads\/sites\/4\/2026\/04\/devoilement-plaque-tour-liberte-acr-6-150x150.jpg\" class=\"attachment-thumbnail size-thumbnail\" alt=\"\" \/><\/a>\n\t\t\t<\/dt><\/dl><br style=\"clear: both\" \/><dl class='gallery-item'>\n\t\t\t<dt class='gallery-icon landscape'>\n\t\t\t\t<a href='https:\/\/vosgesinfo.fr\/app\/uploads\/sites\/4\/2026\/04\/devoilement-plaque-tour-liberte-acr-7.jpg'><img decoding=\"async\" width=\"150\" height=\"150\" src=\"https:\/\/vosgesinfo.fr\/app\/uploads\/sites\/4\/2026\/04\/devoilement-plaque-tour-liberte-acr-7-150x150.jpg\" class=\"attachment-thumbnail size-thumbnail\" alt=\"\" \/><\/a>\n\t\t\t<\/dt><\/dl><dl class='gallery-item'>\n\t\t\t<dt class='gallery-icon landscape'>\n\t\t\t\t<a href='https:\/\/vosgesinfo.fr\/app\/uploads\/sites\/4\/2026\/04\/devoilement-plaque-tour-liberte-acr-8.jpg'><img decoding=\"async\" width=\"150\" height=\"150\" src=\"https:\/\/vosgesinfo.fr\/app\/uploads\/sites\/4\/2026\/04\/devoilement-plaque-tour-liberte-acr-8-150x150.jpg\" class=\"attachment-thumbnail size-thumbnail\" alt=\"\" \/><\/a>\n\t\t\t<\/dt><\/dl><br style=\"clear: both\" \/><dl class='gallery-item'>\n\t\t\t<dt class='gallery-icon landscape'>\n\t\t\t\t<a href='https:\/\/vosgesinfo.fr\/app\/uploads\/sites\/4\/2026\/04\/devoilement-plaque-tour-liberte-acr-9.jpg'><img decoding=\"async\" width=\"150\" height=\"150\" src=\"https:\/\/vosgesinfo.fr\/app\/uploads\/sites\/4\/2026\/04\/devoilement-plaque-tour-liberte-acr-9-150x150.jpg\" class=\"attachment-thumbnail size-thumbnail\" alt=\"\" \/><\/a>\n\t\t\t<\/dt><\/dl><dl class='gallery-item'>\n\t\t\t<dt class='gallery-icon landscape'>\n\t\t\t\t<a href='https:\/\/vosgesinfo.fr\/app\/uploads\/sites\/4\/2026\/04\/devoilement-plaque-tour-liberte-acr-11.jpg'><img decoding=\"async\" width=\"150\" height=\"150\" src=\"https:\/\/vosgesinfo.fr\/app\/uploads\/sites\/4\/2026\/04\/devoilement-plaque-tour-liberte-acr-11-150x150.jpg\" class=\"attachment-thumbnail size-thumbnail\" alt=\"\" \/><\/a>\n\t\t\t<\/dt><\/dl><br style=\"clear: both\" \/>\n\t\t<\/div>\n\n","protected":false},"excerpt":{"rendered":"<p>La plaque du label \u00ab Architecture contemporaine remarquable \u00bb de la Tour de la Libert\u00e9 a \u00e9t\u00e9 d\u00e9voil\u00e9e ce jeudi [&hellip;]<\/p>\n","protected":false},"author":46,"featured_media":90913,"comment_status":"open","ping_status":"open","sticky":false,"template":"","format":"standard","meta":{"footnotes":""},"categories":[460,7847,167,18],"tags":[17321,15382,4939,17319,21503,21502,18209,2881,2953],"class_list":["post-90899","post","type-post","status-publish","format-standard","has-post-thumbnail","hentry","category-a-la-une","category-art-culture","category-saint-die-des-vosges","category-vosges","tag-architecture-contemporaine-remarquable","tag-arrete-prefectoral","tag-christian-pierret","tag-drac-grand-est","tag-jean-marie-hennin","tag-nicolas-normier","tag-patrimoine-architectural","tag-saint-die-des-vosges","tag-tour-de-la-liberte"],"acf":[],"yoast_head":"<!-- This site is optimized with the Yoast SEO plugin v22.5 - https:\/\/yoast.com\/wordpress\/plugins\/seo\/ -->\n<title>La Tour de la Libert\u00e9 de Saint-Di\u00e9-des-Vosges labellis\u00e9e \u00ab Architecture contemporaine remarquable \u00bb - Saint Die Info<\/title>\n<meta name=\"robots\" content=\"index, follow, max-snippet:-1, max-image-preview:large, max-video-preview:-1\" \/>\n<link rel=\"canonical\" href=\"https:\/\/vosgesinfo.fr\/saintdieinfo\/2026\/04\/la-tour-de-la-liberte-de-saint-die-des-vosges-labellisee-architecture-contemporaine-remarquable\/\" \/>\n<meta name=\"twitter:card\" content=\"summary_large_image\" \/>\n<meta name=\"twitter:title\" content=\"La Tour de la Libert\u00e9 de Saint-Di\u00e9-des-Vosges labellis\u00e9e \u00ab Architecture contemporaine remarquable \u00bb - Saint Die Info\" \/>\n<meta name=\"twitter:description\" content=\"La plaque du label \u00ab Architecture contemporaine remarquable \u00bb de la Tour de la Libert\u00e9 a \u00e9t\u00e9 d\u00e9voil\u00e9e ce jeudi [&hellip;]\" \/>\n<meta name=\"twitter:image\" content=\"https:\/\/vosgesinfo.fr\/app\/uploads\/sites\/4\/2026\/04\/devoilement-plaque-tour-liberte-acr-10.jpg\" \/>\n<meta name=\"twitter:creator\" content=\"@VosgesInfo88\" \/>\n<meta name=\"twitter:site\" content=\"@VosgesInfo88\" \/>\n<meta name=\"twitter:label1\" content=\"\u00c9crit par\" \/>\n\t<meta name=\"twitter:data1\" content=\"J.J.\" \/>\n\t<meta name=\"twitter:label2\" content=\"Dur\u00e9e de lecture estim\u00e9e\" \/>\n\t<meta name=\"twitter:data2\" content=\"1 minute\" \/>\n<script type=\"application\/ld+json\" class=\"yoast-schema-graph\">{\"@context\":\"https:\/\/schema.org\",\"@graph\":[{\"@type\":\"Article\",\"@id\":\"https:\/\/vosgesinfo.fr\/saintdieinfo\/2026\/04\/la-tour-de-la-liberte-de-saint-die-des-vosges-labellisee-architecture-contemporaine-remarquable\/#article\",\"isPartOf\":{\"@id\":\"https:\/\/vosgesinfo.fr\/saintdieinfo\/2026\/04\/la-tour-de-la-liberte-de-saint-die-des-vosges-labellisee-architecture-contemporaine-remarquable\/\"},\"author\":{\"name\":\"J.J.\",\"@id\":\"https:\/\/vosgesinfo.fr\/saintdieinfo\/#\/schema\/person\/fa73e9f726d67bb88f46d5b7943cb572\"},\"headline\":\"La Tour de la Libert\u00e9 de Saint-Di\u00e9-des-Vosges labellis\u00e9e \u00ab Architecture contemporaine remarquable \u00bb\",\"datePublished\":\"2026-04-30T18:23:07+00:00\",\"dateModified\":\"2026-04-30T18:11:25+00:00\",\"mainEntityOfPage\":{\"@id\":\"https:\/\/vosgesinfo.fr\/saintdieinfo\/2026\/04\/la-tour-de-la-liberte-de-saint-die-des-vosges-labellisee-architecture-contemporaine-remarquable\/\"},\"wordCount\":439,\"commentCount\":0,\"publisher\":{\"@id\":\"https:\/\/vosgesinfo.fr\/saintdieinfo\/#organization\"},\"image\":{\"@id\":\"https:\/\/vosgesinfo.fr\/saintdieinfo\/2026\/04\/la-tour-de-la-liberte-de-saint-die-des-vosges-labellisee-architecture-contemporaine-remarquable\/#primaryimage\"},\"thumbnailUrl\":\"https:\/\/vosgesinfo.fr\/app\/uploads\/sites\/4\/2026\/04\/devoilement-plaque-tour-liberte-acr-10.jpg\",\"keywords\":[\"Architecture contemporaine remarquable\",\"Arr\u00eat\u00e9 pr\u00e9fectoral\",\"Christian Pierret\",\"DRAC Grand Est\",\"Jean-Marie Hennin\",\"Nicolas Normier\",\"Patrimoine architectural\",\"Saint-Di\u00e9-des-Vosges\",\"Tour de la Libert\u00e9\"],\"articleSection\":[\"A la Une\",\"Culture\",\"Saint-Di\u00e9-des-Vosges\",\"Vosges\"],\"inLanguage\":\"fr-FR\",\"potentialAction\":[{\"@type\":\"CommentAction\",\"name\":\"Comment\",\"target\":[\"https:\/\/vosgesinfo.fr\/saintdieinfo\/2026\/04\/la-tour-de-la-liberte-de-saint-die-des-vosges-labellisee-architecture-contemporaine-remarquable\/#respond\"]}]},{\"@type\":\"WebPage\",\"@id\":\"https:\/\/vosgesinfo.fr\/saintdieinfo\/2026\/04\/la-tour-de-la-liberte-de-saint-die-des-vosges-labellisee-architecture-contemporaine-remarquable\/\",\"url\":\"https:\/\/vosgesinfo.fr\/saintdieinfo\/2026\/04\/la-tour-de-la-liberte-de-saint-die-des-vosges-labellisee-architecture-contemporaine-remarquable\/\",\"name\":\"La Tour de la Libert\u00e9 de Saint-Di\u00e9-des-Vosges labellis\u00e9e \u00ab Architecture contemporaine remarquable \u00bb - Saint Die Info\",\"isPartOf\":{\"@id\":\"https:\/\/vosgesinfo.fr\/saintdieinfo\/#website\"},\"primaryImageOfPage\":{\"@id\":\"https:\/\/vosgesinfo.fr\/saintdieinfo\/2026\/04\/la-tour-de-la-liberte-de-saint-die-des-vosges-labellisee-architecture-contemporaine-remarquable\/#primaryimage\"},\"image\":{\"@id\":\"https:\/\/vosgesinfo.fr\/saintdieinfo\/2026\/04\/la-tour-de-la-liberte-de-saint-die-des-vosges-labellisee-architecture-contemporaine-remarquable\/#primaryimage\"},\"thumbnailUrl\":\"https:\/\/vosgesinfo.fr\/app\/uploads\/sites\/4\/2026\/04\/devoilement-plaque-tour-liberte-acr-10.jpg\",\"datePublished\":\"2026-04-30T18:23:07+00:00\",\"dateModified\":\"2026-04-30T18:11:25+00:00\",\"breadcrumb\":{\"@id\":\"https:\/\/vosgesinfo.fr\/saintdieinfo\/2026\/04\/la-tour-de-la-liberte-de-saint-die-des-vosges-labellisee-architecture-contemporaine-remarquable\/#breadcrumb\"},\"inLanguage\":\"fr-FR\",\"potentialAction\":[{\"@type\":\"ReadAction\",\"target\":[\"https:\/\/vosgesinfo.fr\/saintdieinfo\/2026\/04\/la-tour-de-la-liberte-de-saint-die-des-vosges-labellisee-architecture-contemporaine-remarquable\/\"]}]},{\"@type\":\"ImageObject\",\"inLanguage\":\"fr-FR\",\"@id\":\"https:\/\/vosgesinfo.fr\/saintdieinfo\/2026\/04\/la-tour-de-la-liberte-de-saint-die-des-vosges-labellisee-architecture-contemporaine-remarquable\/#primaryimage\",\"url\":\"https:\/\/vosgesinfo.fr\/app\/uploads\/sites\/4\/2026\/04\/devoilement-plaque-tour-liberte-acr-10.jpg\",\"contentUrl\":\"https:\/\/vosgesinfo.fr\/app\/uploads\/sites\/4\/2026\/04\/devoilement-plaque-tour-liberte-acr-10.jpg\",\"width\":1920,\"height\":1446},{\"@type\":\"BreadcrumbList\",\"@id\":\"https:\/\/vosgesinfo.fr\/saintdieinfo\/2026\/04\/la-tour-de-la-liberte-de-saint-die-des-vosges-labellisee-architecture-contemporaine-remarquable\/#breadcrumb\",\"itemListElement\":[{\"@type\":\"ListItem\",\"position\":1,\"name\":\"Home\",\"item\":\"https:\/\/vosgesinfo.fr\/saintdieinfo\/\"},{\"@type\":\"ListItem\",\"position\":2,\"name\":\"La Tour de la Libert\u00e9 de Saint-Di\u00e9-des-Vosges labellis\u00e9e \u00ab Architecture contemporaine remarquable \u00bb\"}]},{\"@type\":\"WebSite\",\"@id\":\"https:\/\/vosgesinfo.fr\/saintdieinfo\/#website\",\"url\":\"https:\/\/vosgesinfo.fr\/saintdieinfo\/\",\"name\":\"Saint Die Info\",\"description\":\"Toute l&#039;actualit\u00e9 de Saint-Di\u00e9-Des-Vosges\",\"publisher\":{\"@id\":\"https:\/\/vosgesinfo.fr\/saintdieinfo\/#organization\"},\"alternateName\":\"Toute l'actualit\u00e9 de Saint-Di\u00e9-Des-Vosges\",\"potentialAction\":[{\"@type\":\"SearchAction\",\"target\":{\"@type\":\"EntryPoint\",\"urlTemplate\":\"https:\/\/vosgesinfo.fr\/saintdieinfo\/?s={search_term_string}\"},\"query-input\":\"required name=search_term_string\"}],\"inLanguage\":\"fr-FR\"},{\"@type\":\"Organization\",\"@id\":\"https:\/\/vosgesinfo.fr\/saintdieinfo\/#organization\",\"name\":\"Saint Die Info\",\"url\":\"https:\/\/vosgesinfo.fr\/saintdieinfo\/\",\"logo\":{\"@type\":\"ImageObject\",\"inLanguage\":\"fr-FR\",\"@id\":\"https:\/\/vosgesinfo.fr\/saintdieinfo\/#\/schema\/logo\/image\/\",\"url\":\"https:\/\/vosgesinfo.fr\/app\/uploads\/sites\/4\/2024\/02\/logo-sdi.jpg\",\"contentUrl\":\"https:\/\/vosgesinfo.fr\/app\/uploads\/sites\/4\/2024\/02\/logo-sdi.jpg\",\"width\":600,\"height\":600,\"caption\":\"Saint Die Info\"},\"image\":{\"@id\":\"https:\/\/vosgesinfo.fr\/saintdieinfo\/#\/schema\/logo\/image\/\"},\"sameAs\":[\"https:\/\/www.facebook.com\/Saintdieinfofr\",\"https:\/\/x.com\/VosgesInfo88\",\"https:\/\/www.youtube.com\/@vosgesinfo\"]},{\"@type\":\"Person\",\"@id\":\"https:\/\/vosgesinfo.fr\/saintdieinfo\/#\/schema\/person\/fa73e9f726d67bb88f46d5b7943cb572\",\"name\":\"J.J.\",\"image\":{\"@type\":\"ImageObject\",\"inLanguage\":\"fr-FR\",\"@id\":\"https:\/\/vosgesinfo.fr\/saintdieinfo\/#\/schema\/person\/image\/\",\"url\":\"https:\/\/secure.gravatar.com\/avatar\/219e749e47ffbcca018a360ae4add7d4cdf1cdaaf8bc7676b27efade3fe65615?s=96&d=mm&r=g\",\"contentUrl\":\"https:\/\/secure.gravatar.com\/avatar\/219e749e47ffbcca018a360ae4add7d4cdf1cdaaf8bc7676b27efade3fe65615?s=96&d=mm&r=g\",\"caption\":\"J.J.\"},\"url\":\"https:\/\/vosgesinfo.fr\/saintdieinfo\/author\/j-j\/\"}]}<\/script>\n<!-- \/ Yoast SEO plugin. -->","yoast_head_json":{"title":"La Tour de la Libert\u00e9 de Saint-Di\u00e9-des-Vosges labellis\u00e9e \u00ab Architecture contemporaine remarquable \u00bb - Saint Die Info","robots":{"index":"index","follow":"follow","max-snippet":"max-snippet:-1","max-image-preview":"max-image-preview:large","max-video-preview":"max-video-preview:-1"},"canonical":"https:\/\/vosgesinfo.fr\/saintdieinfo\/2026\/04\/la-tour-de-la-liberte-de-saint-die-des-vosges-labellisee-architecture-contemporaine-remarquable\/","twitter_card":"summary_large_image","twitter_title":"La Tour de la Libert\u00e9 de Saint-Di\u00e9-des-Vosges labellis\u00e9e \u00ab Architecture contemporaine remarquable \u00bb - Saint Die Info","twitter_description":"La plaque du label \u00ab Architecture contemporaine remarquable \u00bb de la Tour de la Libert\u00e9 a \u00e9t\u00e9 d\u00e9voil\u00e9e ce jeudi [&hellip;]","twitter_image":"https:\/\/vosgesinfo.fr\/app\/uploads\/sites\/4\/2026\/04\/devoilement-plaque-tour-liberte-acr-10.jpg","twitter_creator":"@VosgesInfo88","twitter_site":"@VosgesInfo88","twitter_misc":{"\u00c9crit par":"J.J.","Dur\u00e9e de lecture estim\u00e9e":"1 minute"},"schema":{"@context":"https:\/\/schema.org","@graph":[{"@type":"Article","@id":"https:\/\/vosgesinfo.fr\/saintdieinfo\/2026\/04\/la-tour-de-la-liberte-de-saint-die-des-vosges-labellisee-architecture-contemporaine-remarquable\/#article","isPartOf":{"@id":"https:\/\/vosgesinfo.fr\/saintdieinfo\/2026\/04\/la-tour-de-la-liberte-de-saint-die-des-vosges-labellisee-architecture-contemporaine-remarquable\/"},"author":{"name":"J.J.","@id":"https:\/\/vosgesinfo.fr\/saintdieinfo\/#\/schema\/person\/fa73e9f726d67bb88f46d5b7943cb572"},"headline":"La Tour de la Libert\u00e9 de Saint-Di\u00e9-des-Vosges labellis\u00e9e \u00ab Architecture contemporaine remarquable \u00bb","datePublished":"2026-04-30T18:23:07+00:00","dateModified":"2026-04-30T18:11:25+00:00","mainEntityOfPage":{"@id":"https:\/\/vosgesinfo.fr\/saintdieinfo\/2026\/04\/la-tour-de-la-liberte-de-saint-die-des-vosges-labellisee-architecture-contemporaine-remarquable\/"},"wordCount":439,"commentCount":0,"publisher":{"@id":"https:\/\/vosgesinfo.fr\/saintdieinfo\/#organization"},"image":{"@id":"https:\/\/vosgesinfo.fr\/saintdieinfo\/2026\/04\/la-tour-de-la-liberte-de-saint-die-des-vosges-labellisee-architecture-contemporaine-remarquable\/#primaryimage"},"thumbnailUrl":"https:\/\/vosgesinfo.fr\/app\/uploads\/sites\/4\/2026\/04\/devoilement-plaque-tour-liberte-acr-10.jpg","keywords":["Architecture contemporaine remarquable","Arr\u00eat\u00e9 pr\u00e9fectoral","Christian Pierret","DRAC Grand Est","Jean-Marie Hennin","Nicolas Normier","Patrimoine architectural","Saint-Di\u00e9-des-Vosges","Tour de la Libert\u00e9"],"articleSection":["A la Une","Culture","Saint-Di\u00e9-des-Vosges","Vosges"],"inLanguage":"fr-FR","potentialAction":[{"@type":"CommentAction","name":"Comment","target":["https:\/\/vosgesinfo.fr\/saintdieinfo\/2026\/04\/la-tour-de-la-liberte-de-saint-die-des-vosges-labellisee-architecture-contemporaine-remarquable\/#respond"]}]},{"@type":"WebPage","@id":"https:\/\/vosgesinfo.fr\/saintdieinfo\/2026\/04\/la-tour-de-la-liberte-de-saint-die-des-vosges-labellisee-architecture-contemporaine-remarquable\/","url":"https:\/\/vosgesinfo.fr\/saintdieinfo\/2026\/04\/la-tour-de-la-liberte-de-saint-die-des-vosges-labellisee-architecture-contemporaine-remarquable\/","name":"La Tour de la Libert\u00e9 de Saint-Di\u00e9-des-Vosges labellis\u00e9e \u00ab Architecture contemporaine remarquable \u00bb - Saint Die Info","isPartOf":{"@id":"https:\/\/vosgesinfo.fr\/saintdieinfo\/#website"},"primaryImageOfPage":{"@id":"https:\/\/vosgesinfo.fr\/saintdieinfo\/2026\/04\/la-tour-de-la-liberte-de-saint-die-des-vosges-labellisee-architecture-contemporaine-remarquable\/#primaryimage"},"image":{"@id":"https:\/\/vosgesinfo.fr\/saintdieinfo\/2026\/04\/la-tour-de-la-liberte-de-saint-die-des-vosges-labellisee-architecture-contemporaine-remarquable\/#primaryimage"},"thumbnailUrl":"https:\/\/vosgesinfo.fr\/app\/uploads\/sites\/4\/2026\/04\/devoilement-plaque-tour-liberte-acr-10.jpg","datePublished":"2026-04-30T18:23:07+00:00","dateModified":"2026-04-30T18:11:25+00:00","breadcrumb":{"@id":"https:\/\/vosgesinfo.fr\/saintdieinfo\/2026\/04\/la-tour-de-la-liberte-de-saint-die-des-vosges-labellisee-architecture-contemporaine-remarquable\/#breadcrumb"},"inLanguage":"fr-FR","potentialAction":[{"@type":"ReadAction","target":["https:\/\/vosgesinfo.fr\/saintdieinfo\/2026\/04\/la-tour-de-la-liberte-de-saint-die-des-vosges-labellisee-architecture-contemporaine-remarquable\/"]}]},{"@type":"ImageObject","inLanguage":"fr-FR","@id":"https:\/\/vosgesinfo.fr\/saintdieinfo\/2026\/04\/la-tour-de-la-liberte-de-saint-die-des-vosges-labellisee-architecture-contemporaine-remarquable\/#primaryimage","url":"https:\/\/vosgesinfo.fr\/app\/uploads\/sites\/4\/2026\/04\/devoilement-plaque-tour-liberte-acr-10.jpg","contentUrl":"https:\/\/vosgesinfo.fr\/app\/uploads\/sites\/4\/2026\/04\/devoilement-plaque-tour-liberte-acr-10.jpg","width":1920,"height":1446},{"@type":"BreadcrumbList","@id":"https:\/\/vosgesinfo.fr\/saintdieinfo\/2026\/04\/la-tour-de-la-liberte-de-saint-die-des-vosges-labellisee-architecture-contemporaine-remarquable\/#breadcrumb","itemListElement":[{"@type":"ListItem","position":1,"name":"Home","item":"https:\/\/vosgesinfo.fr\/saintdieinfo\/"},{"@type":"ListItem","position":2,"name":"La Tour de la Libert\u00e9 de Saint-Di\u00e9-des-Vosges labellis\u00e9e \u00ab Architecture contemporaine remarquable \u00bb"}]},{"@type":"WebSite","@id":"https:\/\/vosgesinfo.fr\/saintdieinfo\/#website","url":"https:\/\/vosgesinfo.fr\/saintdieinfo\/","name":"Saint Die Info","description":"Toute l&#039;actualit\u00e9 de Saint-Di\u00e9-Des-Vosges","publisher":{"@id":"https:\/\/vosgesinfo.fr\/saintdieinfo\/#organization"},"alternateName":"Toute l'actualit\u00e9 de Saint-Di\u00e9-Des-Vosges","potentialAction":[{"@type":"SearchAction","target":{"@type":"EntryPoint","urlTemplate":"https:\/\/vosgesinfo.fr\/saintdieinfo\/?s={search_term_string}"},"query-input":"required name=search_term_string"}],"inLanguage":"fr-FR"},{"@type":"Organization","@id":"https:\/\/vosgesinfo.fr\/saintdieinfo\/#organization","name":"Saint Die Info","url":"https:\/\/vosgesinfo.fr\/saintdieinfo\/","logo":{"@type":"ImageObject","inLanguage":"fr-FR","@id":"https:\/\/vosgesinfo.fr\/saintdieinfo\/#\/schema\/logo\/image\/","url":"https:\/\/vosgesinfo.fr\/app\/uploads\/sites\/4\/2024\/02\/logo-sdi.jpg","contentUrl":"https:\/\/vosgesinfo.fr\/app\/uploads\/sites\/4\/2024\/02\/logo-sdi.jpg","width":600,"height":600,"caption":"Saint Die Info"},"image":{"@id":"https:\/\/vosgesinfo.fr\/saintdieinfo\/#\/schema\/logo\/image\/"},"sameAs":["https:\/\/www.facebook.com\/Saintdieinfofr","https:\/\/x.com\/VosgesInfo88","https:\/\/www.youtube.com\/@vosgesinfo"]},{"@type":"Person","@id":"https:\/\/vosgesinfo.fr\/saintdieinfo\/#\/schema\/person\/fa73e9f726d67bb88f46d5b7943cb572","name":"J.J.","image":{"@type":"ImageObject","inLanguage":"fr-FR","@id":"https:\/\/vosgesinfo.fr\/saintdieinfo\/#\/schema\/person\/image\/","url":"https:\/\/secure.gravatar.com\/avatar\/219e749e47ffbcca018a360ae4add7d4cdf1cdaaf8bc7676b27efade3fe65615?s=96&d=mm&r=g","contentUrl":"https:\/\/secure.gravatar.com\/avatar\/219e749e47ffbcca018a360ae4add7d4cdf1cdaaf8bc7676b27efade3fe65615?s=96&d=mm&r=g","caption":"J.J."},"url":"https:\/\/vosgesinfo.fr\/saintdieinfo\/author\/j-j\/"}]}},"_links":{"self":[{"href":"https:\/\/vosgesinfo.fr\/saintdieinfo\/wp-json\/wp\/v2\/posts\/90899","targetHints":{"allow":["GET"]}}],"collection":[{"href":"https:\/\/vosgesinfo.fr\/saintdieinfo\/wp-json\/wp\/v2\/posts"}],"about":[{"href":"https:\/\/vosgesinfo.fr\/saintdieinfo\/wp-json\/wp\/v2\/types\/post"}],"author":[{"embeddable":true,"href":"https:\/\/vosgesinfo.fr\/saintdieinfo\/wp-json\/wp\/v2\/users\/46"}],"replies":[{"embeddable":true,"href":"https:\/\/vosgesinfo.fr\/saintdieinfo\/wp-json\/wp\/v2\/comments?post=90899"}],"version-history":[{"count":2,"href":"https:\/\/vosgesinfo.fr\/saintdieinfo\/wp-json\/wp\/v2\/posts\/90899\/revisions"}],"predecessor-version":[{"id":90919,"href":"https:\/\/vosgesinfo.fr\/saintdieinfo\/wp-json\/wp\/v2\/posts\/90899\/revisions\/90919"}],"wp:featuredmedia":[{"embeddable":true,"href":"https:\/\/vosgesinfo.fr\/saintdieinfo\/wp-json\/wp\/v2\/media\/90913"}],"wp:attachment":[{"href":"https:\/\/vosgesinfo.fr\/saintdieinfo\/wp-json\/wp\/v2\/media?parent=90899"}],"wp:term":[{"taxonomy":"category","embeddable":true,"href":"https:\/\/vosgesinfo.fr\/saintdieinfo\/wp-json\/wp\/v2\/categories?post=90899"},{"taxonomy":"post_tag","embeddable":true,"href":"https:\/\/vosgesinfo.fr\/saintdieinfo\/wp-json\/wp\/v2\/tags?post=90899"}],"curies":[{"name":"wp","href":"https:\/\/api.w.org\/{rel}","templated":true}]}}