{"id":90902,"date":"2026-05-01T05:58:35","date_gmt":"2026-05-01T03:58:35","guid":{"rendered":"https:\/\/vosgesinfo.fr\/saintdieinfo\/?p=90902"},"modified":"2026-05-01T05:58:35","modified_gmt":"2026-05-01T03:58:35","slug":"vis-ma-vie-a-la-decouverte-des-metiers-de-lhotellerie-restauration","status":"publish","type":"post","link":"https:\/\/vosgesinfo.fr\/saintdieinfo\/2026\/05\/vis-ma-vie-a-la-decouverte-des-metiers-de-lhotellerie-restauration\/","title":{"rendered":"\u00ab Vis ma vie \u00bb &#8211; \u00e0 la d\u00e9couverte des m\u00e9tiers de l\u2019h\u00f4tellerie-restauration."},"content":{"rendered":"<p data-pm-slice=\"1 1 []\"><a href=\"https:\/\/vosgesinfo.fr\/app\/uploads\/sites\/6\/2026\/04\/vis-ma-vie-mission-locale-gerardmer-hotellerie-5.jpg\"><img decoding=\"async\" class=\"aligncenter size-large wp-image-90926\" src=\"https:\/\/vosgesinfo.fr\/app\/uploads\/sites\/6\/2026\/04\/vis-ma-vie-mission-locale-gerardmer-hotellerie-5-1024x768.jpg\" alt=\"\" width=\"1024\" height=\"768\" \/><\/a><\/p>\n\n\t\t<style type=\"text\/css\">\n\t\t\t#gallery-1 {\n\t\t\t\tmargin: auto;\n\t\t\t}\n\t\t\t#gallery-1 .gallery-item {\n\t\t\t\tfloat: left;\n\t\t\t\tmargin-top: 10px;\n\t\t\t\ttext-align: center;\n\t\t\t\twidth: 33%;\n\t\t\t}\n\t\t\t#gallery-1 img {\n\t\t\t\tborder: 2px solid #cfcfcf;\n\t\t\t}\n\t\t\t#gallery-1 .gallery-caption {\n\t\t\t\tmargin-left: 0;\n\t\t\t}\n\t\t\t\/* see gallery_shortcode() in wp-includes\/media.php *\/\n\t\t<\/style>\n\t\t<div id='gallery-1' class='gallery galleryid-90902 gallery-columns-3 gallery-size-thumbnail'><dl class='gallery-item'>\n\t\t\t<dt class='gallery-icon landscape'>\n\t\t\t\t<a href='https:\/\/vosgesinfo.fr\/app\/uploads\/sites\/4\/2026\/04\/vis-ma-vie-mission-locale-gerardmer-hotellerie-2.jpg'><img decoding=\"async\" width=\"150\" height=\"150\" src=\"https:\/\/vosgesinfo.fr\/app\/uploads\/sites\/4\/2026\/04\/vis-ma-vie-mission-locale-gerardmer-hotellerie-2-150x150.jpg\" class=\"attachment-thumbnail size-thumbnail\" alt=\"\" \/><\/a>\n\t\t\t<\/dt><\/dl><dl class='gallery-item'>\n\t\t\t<dt class='gallery-icon landscape'>\n\t\t\t\t<a href='https:\/\/vosgesinfo.fr\/app\/uploads\/sites\/4\/2026\/04\/vis-ma-vie-mission-locale-gerardmer-hotellerie-4.jpg'><img decoding=\"async\" width=\"150\" height=\"150\" src=\"https:\/\/vosgesinfo.fr\/app\/uploads\/sites\/4\/2026\/04\/vis-ma-vie-mission-locale-gerardmer-hotellerie-4-150x150.jpg\" class=\"attachment-thumbnail size-thumbnail\" alt=\"\" \/><\/a>\n\t\t\t<\/dt><\/dl>\n\t\t\t<br style='clear: both' \/>\n\t\t<\/div>\n\n<p data-pm-slice=\"1 1 []\">\n<p data-pm-slice=\"1 1 []\"><strong>Suite au succ\u00e8s du premier opus en 2025, 18 jeunes de moins de 26 ans ont particip\u00e9 \u00e0 la deuxi\u00e8me \u00e9dition de \u00ab\u00a0Vis ma Vie\u00a0\u00bb \u00e0 G\u00e9rardmer, journ\u00e9e immersive dans les m\u00e9tiers de l\u2019h\u00f4tellerie-restauration.\u00a0<\/strong><\/p>\n<p>&nbsp;<\/p>\n<p><a href=\"https:\/\/vosgesinfo.fr\/app\/uploads\/sites\/6\/2026\/04\/vis-ma-vie-mission-locale-gerardmer-hotellerie-3.jpg\"><img decoding=\"async\" class=\"alignright size-medium wp-image-90924\" src=\"https:\/\/vosgesinfo.fr\/app\/uploads\/sites\/6\/2026\/04\/vis-ma-vie-mission-locale-gerardmer-hotellerie-3-300x225.jpg\" alt=\"\" width=\"300\" height=\"225\" \/><\/a>Cette nouvelle session s&rsquo;inscrivait \u00e0 nouveau dans le cadre d\u2019une initiative port\u00e9e par le comit\u00e9 local pour l\u2019emploi, la mission locale du bassin de Saint-Di\u00e9 et des Hautes Vosges, en partenariat avec le groupement h\u00f4telier de G\u00e9rardmer qui a facilit\u00e9 l&rsquo;acc\u00e8s aux entreprises ainsi qu&rsquo;au lyc\u00e9e h\u00f4telier. Les jeunes ont ainsi \u00e9t\u00e9 pris en charge et accompagn\u00e9s tout au long de la journ\u00e9e qui s&rsquo;est conclue par un bilan en fin de service et un pot de l&rsquo;amiti\u00e9 en mairie de G\u00e9rardmer en pr\u00e9sence d&rsquo;Ang\u00e9lique FRAN\u00c7OIS, directrice de la DDETSPP.<\/p>\n<div id=\"attachment_90922\" style=\"width: 310px\" class=\"wp-caption alignright\"><a href=\"https:\/\/vosgesinfo.fr\/app\/uploads\/sites\/6\/2026\/04\/vis-ma-vie-mission-locale-gerardmer-hotellerie-1.jpg\"><img decoding=\"async\" aria-describedby=\"caption-attachment-90922\" class=\"size-medium wp-image-90922\" src=\"https:\/\/vosgesinfo.fr\/app\/uploads\/sites\/6\/2026\/04\/vis-ma-vie-mission-locale-gerardmer-hotellerie-1-300x225.jpg\" alt=\"\" width=\"300\" height=\"225\" \/><\/a><p id=\"caption-attachment-90922\" class=\"wp-caption-text\">Ang\u00e9lique Fran\u00e7ois et Aur\u00e9lia Pedrazzani, directrice de la Mission Locale.<\/p><\/div>\n<p>Cette journ\u00e9e d\u00e9di\u00e9e \u00e0 l&rsquo;insertion a donc permis \u00e0 des jeunes de d\u00e9couvrir concr\u00e8tement les m\u00e9tiers de l\u2019h\u00f4tellerie-restauration \u00e0 travers des mises en situation r\u00e9elles, des \u00e9changes avec des professionnels et une immersion au c\u0153ur des \u00e9tablissements. Pour certains d&rsquo;entre eux, il s&rsquo;agissait d&rsquo;une toute premi\u00e8re exp\u00e9rience professionnelle avec, entre autres, pour objectif de tester, s\u2019informer et peut-\u00eatre trouver leur voie dans un secteur dynamique et en recherche de talents dans une ville touristique. Des contacts ont d\u00e9j\u00e0 \u00e9t\u00e9 pris avec des participants pour la saison estivale suite \u00e0 cette journ\u00e9e qui a \u00e9galement particip\u00e9 \u00e0 lever les repr\u00e9sentations sur les m\u00e9tiers de l&rsquo;h\u00f4tellerie-restauration, que ce soit en salle, en cuisine, \u00e0 l\u2019accueil\/r\u00e9ception ou au bar. L&rsquo;essai devrait donc sans doute se transformer pour bon nombre d&rsquo;entre-eux.<\/p>\n","protected":false},"excerpt":{"rendered":"<p>Suite au succ\u00e8s du premier opus en 2025, 18 jeunes de moins de 26 ans ont particip\u00e9 \u00e0 la deuxi\u00e8me [&hellip;]<\/p>\n","protected":false},"author":42,"featured_media":90903,"comment_status":"open","ping_status":"open","sticky":false,"template":"","format":"standard","meta":{"footnotes":""},"categories":[460,5,5391,4100],"tags":[21500,16993],"class_list":["post-90902","post","type-post","status-publish","format-standard","has-post-thumbnail","hentry","category-a-la-une","category-economie","category-gerardmer","category-saint-die","tag-aurelia-pedrazzani","tag-vis-ma-vie-dans-lhotellerie-restauration"],"acf":[],"yoast_head":"<!-- This site is optimized with the Yoast SEO plugin v22.5 - https:\/\/yoast.com\/wordpress\/plugins\/seo\/ -->\n<title>\u00ab Vis ma vie \u00bb - \u00e0 la d\u00e9couverte des m\u00e9tiers de l\u2019h\u00f4tellerie-restauration. - Saint Die Info<\/title>\n<meta name=\"robots\" content=\"index, follow, max-snippet:-1, max-image-preview:large, max-video-preview:-1\" \/>\n<link rel=\"canonical\" href=\"https:\/\/vosgesinfo.fr\/saintdieinfo\/2026\/05\/vis-ma-vie-a-la-decouverte-des-metiers-de-lhotellerie-restauration\/\" \/>\n<meta name=\"twitter:card\" content=\"summary_large_image\" \/>\n<meta name=\"twitter:title\" content=\"\u00ab Vis ma vie \u00bb - \u00e0 la d\u00e9couverte des m\u00e9tiers de l\u2019h\u00f4tellerie-restauration. - Saint Die Info\" \/>\n<meta name=\"twitter:description\" content=\"Suite au succ\u00e8s du premier opus en 2025, 18 jeunes de moins de 26 ans ont particip\u00e9 \u00e0 la deuxi\u00e8me [&hellip;]\" \/>\n<meta name=\"twitter:image\" content=\"https:\/\/vosgesinfo.fr\/app\/uploads\/sites\/4\/2026\/04\/vis-ma-vie-mission-locale-gerardmer-hotellerie-4-1.jpg\" \/>\n<meta name=\"twitter:creator\" content=\"@VosgesInfo88\" \/>\n<meta name=\"twitter:site\" content=\"@VosgesInfo88\" \/>\n<meta name=\"twitter:label1\" content=\"\u00c9crit par\" \/>\n\t<meta name=\"twitter:data1\" content=\"QG\" \/>\n\t<meta name=\"twitter:label2\" content=\"Dur\u00e9e de lecture estim\u00e9e\" \/>\n\t<meta name=\"twitter:data2\" content=\"2 minutes\" \/>\n<script type=\"application\/ld+json\" class=\"yoast-schema-graph\">{\"@context\":\"https:\/\/schema.org\",\"@graph\":[{\"@type\":\"Article\",\"@id\":\"https:\/\/vosgesinfo.fr\/saintdieinfo\/2026\/05\/vis-ma-vie-a-la-decouverte-des-metiers-de-lhotellerie-restauration\/#article\",\"isPartOf\":{\"@id\":\"https:\/\/vosgesinfo.fr\/saintdieinfo\/2026\/05\/vis-ma-vie-a-la-decouverte-des-metiers-de-lhotellerie-restauration\/\"},\"author\":{\"name\":\"QG\",\"@id\":\"https:\/\/vosgesinfo.fr\/saintdieinfo\/#\/schema\/person\/db5605779a843dad16b5368f3e7613a5\"},\"headline\":\"\u00ab Vis ma vie \u00bb &#8211; \u00e0 la d\u00e9couverte des m\u00e9tiers de l\u2019h\u00f4tellerie-restauration.\",\"datePublished\":\"2026-05-01T03:58:35+00:00\",\"dateModified\":\"2026-05-01T03:58:35+00:00\",\"mainEntityOfPage\":{\"@id\":\"https:\/\/vosgesinfo.fr\/saintdieinfo\/2026\/05\/vis-ma-vie-a-la-decouverte-des-metiers-de-lhotellerie-restauration\/\"},\"wordCount\":334,\"commentCount\":0,\"publisher\":{\"@id\":\"https:\/\/vosgesinfo.fr\/saintdieinfo\/#organization\"},\"image\":{\"@id\":\"https:\/\/vosgesinfo.fr\/saintdieinfo\/2026\/05\/vis-ma-vie-a-la-decouverte-des-metiers-de-lhotellerie-restauration\/#primaryimage\"},\"thumbnailUrl\":\"https:\/\/vosgesinfo.fr\/app\/uploads\/sites\/4\/2026\/04\/vis-ma-vie-mission-locale-gerardmer-hotellerie-4-1.jpg\",\"keywords\":[\"Aur\u00e9lia Pedrazzani\",\"Vis ma vie dans l\u2019H\u00f4tellerie-Restauration\"],\"articleSection\":[\"A la Une\",\"\u00c9conomie\",\"Gerardmer\",\"Saint-di\u00e9\"],\"inLanguage\":\"fr-FR\",\"potentialAction\":[{\"@type\":\"CommentAction\",\"name\":\"Comment\",\"target\":[\"https:\/\/vosgesinfo.fr\/saintdieinfo\/2026\/05\/vis-ma-vie-a-la-decouverte-des-metiers-de-lhotellerie-restauration\/#respond\"]}]},{\"@type\":\"WebPage\",\"@id\":\"https:\/\/vosgesinfo.fr\/saintdieinfo\/2026\/05\/vis-ma-vie-a-la-decouverte-des-metiers-de-lhotellerie-restauration\/\",\"url\":\"https:\/\/vosgesinfo.fr\/saintdieinfo\/2026\/05\/vis-ma-vie-a-la-decouverte-des-metiers-de-lhotellerie-restauration\/\",\"name\":\"\u00ab Vis ma vie \u00bb - \u00e0 la d\u00e9couverte des m\u00e9tiers de l\u2019h\u00f4tellerie-restauration. - Saint Die Info\",\"isPartOf\":{\"@id\":\"https:\/\/vosgesinfo.fr\/saintdieinfo\/#website\"},\"primaryImageOfPage\":{\"@id\":\"https:\/\/vosgesinfo.fr\/saintdieinfo\/2026\/05\/vis-ma-vie-a-la-decouverte-des-metiers-de-lhotellerie-restauration\/#primaryimage\"},\"image\":{\"@id\":\"https:\/\/vosgesinfo.fr\/saintdieinfo\/2026\/05\/vis-ma-vie-a-la-decouverte-des-metiers-de-lhotellerie-restauration\/#primaryimage\"},\"thumbnailUrl\":\"https:\/\/vosgesinfo.fr\/app\/uploads\/sites\/4\/2026\/04\/vis-ma-vie-mission-locale-gerardmer-hotellerie-4-1.jpg\",\"datePublished\":\"2026-05-01T03:58:35+00:00\",\"dateModified\":\"2026-05-01T03:58:35+00:00\",\"breadcrumb\":{\"@id\":\"https:\/\/vosgesinfo.fr\/saintdieinfo\/2026\/05\/vis-ma-vie-a-la-decouverte-des-metiers-de-lhotellerie-restauration\/#breadcrumb\"},\"inLanguage\":\"fr-FR\",\"potentialAction\":[{\"@type\":\"ReadAction\",\"target\":[\"https:\/\/vosgesinfo.fr\/saintdieinfo\/2026\/05\/vis-ma-vie-a-la-decouverte-des-metiers-de-lhotellerie-restauration\/\"]}]},{\"@type\":\"ImageObject\",\"inLanguage\":\"fr-FR\",\"@id\":\"https:\/\/vosgesinfo.fr\/saintdieinfo\/2026\/05\/vis-ma-vie-a-la-decouverte-des-metiers-de-lhotellerie-restauration\/#primaryimage\",\"url\":\"https:\/\/vosgesinfo.fr\/app\/uploads\/sites\/4\/2026\/04\/vis-ma-vie-mission-locale-gerardmer-hotellerie-4-1.jpg\",\"contentUrl\":\"https:\/\/vosgesinfo.fr\/app\/uploads\/sites\/4\/2026\/04\/vis-ma-vie-mission-locale-gerardmer-hotellerie-4-1.jpg\",\"width\":1920,\"height\":1440},{\"@type\":\"BreadcrumbList\",\"@id\":\"https:\/\/vosgesinfo.fr\/saintdieinfo\/2026\/05\/vis-ma-vie-a-la-decouverte-des-metiers-de-lhotellerie-restauration\/#breadcrumb\",\"itemListElement\":[{\"@type\":\"ListItem\",\"position\":1,\"name\":\"Home\",\"item\":\"https:\/\/vosgesinfo.fr\/saintdieinfo\/\"},{\"@type\":\"ListItem\",\"position\":2,\"name\":\"\u00ab Vis ma vie \u00bb &#8211; \u00e0 la d\u00e9couverte des m\u00e9tiers de l\u2019h\u00f4tellerie-restauration.\"}]},{\"@type\":\"WebSite\",\"@id\":\"https:\/\/vosgesinfo.fr\/saintdieinfo\/#website\",\"url\":\"https:\/\/vosgesinfo.fr\/saintdieinfo\/\",\"name\":\"Saint Die Info\",\"description\":\"Toute l&#039;actualit\u00e9 de Saint-Di\u00e9-Des-Vosges\",\"publisher\":{\"@id\":\"https:\/\/vosgesinfo.fr\/saintdieinfo\/#organization\"},\"alternateName\":\"Toute l'actualit\u00e9 de Saint-Di\u00e9-Des-Vosges\",\"potentialAction\":[{\"@type\":\"SearchAction\",\"target\":{\"@type\":\"EntryPoint\",\"urlTemplate\":\"https:\/\/vosgesinfo.fr\/saintdieinfo\/?s={search_term_string}\"},\"query-input\":\"required name=search_term_string\"}],\"inLanguage\":\"fr-FR\"},{\"@type\":\"Organization\",\"@id\":\"https:\/\/vosgesinfo.fr\/saintdieinfo\/#organization\",\"name\":\"Saint Die Info\",\"url\":\"https:\/\/vosgesinfo.fr\/saintdieinfo\/\",\"logo\":{\"@type\":\"ImageObject\",\"inLanguage\":\"fr-FR\",\"@id\":\"https:\/\/vosgesinfo.fr\/saintdieinfo\/#\/schema\/logo\/image\/\",\"url\":\"https:\/\/vosgesinfo.fr\/app\/uploads\/sites\/4\/2024\/02\/logo-sdi.jpg\",\"contentUrl\":\"https:\/\/vosgesinfo.fr\/app\/uploads\/sites\/4\/2024\/02\/logo-sdi.jpg\",\"width\":600,\"height\":600,\"caption\":\"Saint Die Info\"},\"image\":{\"@id\":\"https:\/\/vosgesinfo.fr\/saintdieinfo\/#\/schema\/logo\/image\/\"},\"sameAs\":[\"https:\/\/www.facebook.com\/Saintdieinfofr\",\"https:\/\/x.com\/VosgesInfo88\",\"https:\/\/www.youtube.com\/@vosgesinfo\"]},{\"@type\":\"Person\",\"@id\":\"https:\/\/vosgesinfo.fr\/saintdieinfo\/#\/schema\/person\/db5605779a843dad16b5368f3e7613a5\",\"name\":\"QG\",\"image\":{\"@type\":\"ImageObject\",\"inLanguage\":\"fr-FR\",\"@id\":\"https:\/\/vosgesinfo.fr\/saintdieinfo\/#\/schema\/person\/image\/\",\"url\":\"https:\/\/secure.gravatar.com\/avatar\/ea80c42c204b534408512832fde52504ecabb9706bcb6151cf6175e5b64e6793?s=96&d=mm&r=g\",\"contentUrl\":\"https:\/\/secure.gravatar.com\/avatar\/ea80c42c204b534408512832fde52504ecabb9706bcb6151cf6175e5b64e6793?s=96&d=mm&r=g\",\"caption\":\"QG\"},\"url\":\"https:\/\/vosgesinfo.fr\/saintdieinfo\/author\/quentin88\/\"}]}<\/script>\n<!-- \/ Yoast SEO plugin. -->","yoast_head_json":{"title":"\u00ab Vis ma vie \u00bb - \u00e0 la d\u00e9couverte des m\u00e9tiers de l\u2019h\u00f4tellerie-restauration. - Saint Die Info","robots":{"index":"index","follow":"follow","max-snippet":"max-snippet:-1","max-image-preview":"max-image-preview:large","max-video-preview":"max-video-preview:-1"},"canonical":"https:\/\/vosgesinfo.fr\/saintdieinfo\/2026\/05\/vis-ma-vie-a-la-decouverte-des-metiers-de-lhotellerie-restauration\/","twitter_card":"summary_large_image","twitter_title":"\u00ab Vis ma vie \u00bb - \u00e0 la d\u00e9couverte des m\u00e9tiers de l\u2019h\u00f4tellerie-restauration. - Saint Die Info","twitter_description":"Suite au succ\u00e8s du premier opus en 2025, 18 jeunes de moins de 26 ans ont particip\u00e9 \u00e0 la deuxi\u00e8me [&hellip;]","twitter_image":"https:\/\/vosgesinfo.fr\/app\/uploads\/sites\/4\/2026\/04\/vis-ma-vie-mission-locale-gerardmer-hotellerie-4-1.jpg","twitter_creator":"@VosgesInfo88","twitter_site":"@VosgesInfo88","twitter_misc":{"\u00c9crit par":"QG","Dur\u00e9e de lecture estim\u00e9e":"2 minutes"},"schema":{"@context":"https:\/\/schema.org","@graph":[{"@type":"Article","@id":"https:\/\/vosgesinfo.fr\/saintdieinfo\/2026\/05\/vis-ma-vie-a-la-decouverte-des-metiers-de-lhotellerie-restauration\/#article","isPartOf":{"@id":"https:\/\/vosgesinfo.fr\/saintdieinfo\/2026\/05\/vis-ma-vie-a-la-decouverte-des-metiers-de-lhotellerie-restauration\/"},"author":{"name":"QG","@id":"https:\/\/vosgesinfo.fr\/saintdieinfo\/#\/schema\/person\/db5605779a843dad16b5368f3e7613a5"},"headline":"\u00ab Vis ma vie \u00bb &#8211; \u00e0 la d\u00e9couverte des m\u00e9tiers de l\u2019h\u00f4tellerie-restauration.","datePublished":"2026-05-01T03:58:35+00:00","dateModified":"2026-05-01T03:58:35+00:00","mainEntityOfPage":{"@id":"https:\/\/vosgesinfo.fr\/saintdieinfo\/2026\/05\/vis-ma-vie-a-la-decouverte-des-metiers-de-lhotellerie-restauration\/"},"wordCount":334,"commentCount":0,"publisher":{"@id":"https:\/\/vosgesinfo.fr\/saintdieinfo\/#organization"},"image":{"@id":"https:\/\/vosgesinfo.fr\/saintdieinfo\/2026\/05\/vis-ma-vie-a-la-decouverte-des-metiers-de-lhotellerie-restauration\/#primaryimage"},"thumbnailUrl":"https:\/\/vosgesinfo.fr\/app\/uploads\/sites\/4\/2026\/04\/vis-ma-vie-mission-locale-gerardmer-hotellerie-4-1.jpg","keywords":["Aur\u00e9lia Pedrazzani","Vis ma vie dans l\u2019H\u00f4tellerie-Restauration"],"articleSection":["A la Une","\u00c9conomie","Gerardmer","Saint-di\u00e9"],"inLanguage":"fr-FR","potentialAction":[{"@type":"CommentAction","name":"Comment","target":["https:\/\/vosgesinfo.fr\/saintdieinfo\/2026\/05\/vis-ma-vie-a-la-decouverte-des-metiers-de-lhotellerie-restauration\/#respond"]}]},{"@type":"WebPage","@id":"https:\/\/vosgesinfo.fr\/saintdieinfo\/2026\/05\/vis-ma-vie-a-la-decouverte-des-metiers-de-lhotellerie-restauration\/","url":"https:\/\/vosgesinfo.fr\/saintdieinfo\/2026\/05\/vis-ma-vie-a-la-decouverte-des-metiers-de-lhotellerie-restauration\/","name":"\u00ab Vis ma vie \u00bb - \u00e0 la d\u00e9couverte des m\u00e9tiers de l\u2019h\u00f4tellerie-restauration. - Saint Die Info","isPartOf":{"@id":"https:\/\/vosgesinfo.fr\/saintdieinfo\/#website"},"primaryImageOfPage":{"@id":"https:\/\/vosgesinfo.fr\/saintdieinfo\/2026\/05\/vis-ma-vie-a-la-decouverte-des-metiers-de-lhotellerie-restauration\/#primaryimage"},"image":{"@id":"https:\/\/vosgesinfo.fr\/saintdieinfo\/2026\/05\/vis-ma-vie-a-la-decouverte-des-metiers-de-lhotellerie-restauration\/#primaryimage"},"thumbnailUrl":"https:\/\/vosgesinfo.fr\/app\/uploads\/sites\/4\/2026\/04\/vis-ma-vie-mission-locale-gerardmer-hotellerie-4-1.jpg","datePublished":"2026-05-01T03:58:35+00:00","dateModified":"2026-05-01T03:58:35+00:00","breadcrumb":{"@id":"https:\/\/vosgesinfo.fr\/saintdieinfo\/2026\/05\/vis-ma-vie-a-la-decouverte-des-metiers-de-lhotellerie-restauration\/#breadcrumb"},"inLanguage":"fr-FR","potentialAction":[{"@type":"ReadAction","target":["https:\/\/vosgesinfo.fr\/saintdieinfo\/2026\/05\/vis-ma-vie-a-la-decouverte-des-metiers-de-lhotellerie-restauration\/"]}]},{"@type":"ImageObject","inLanguage":"fr-FR","@id":"https:\/\/vosgesinfo.fr\/saintdieinfo\/2026\/05\/vis-ma-vie-a-la-decouverte-des-metiers-de-lhotellerie-restauration\/#primaryimage","url":"https:\/\/vosgesinfo.fr\/app\/uploads\/sites\/4\/2026\/04\/vis-ma-vie-mission-locale-gerardmer-hotellerie-4-1.jpg","contentUrl":"https:\/\/vosgesinfo.fr\/app\/uploads\/sites\/4\/2026\/04\/vis-ma-vie-mission-locale-gerardmer-hotellerie-4-1.jpg","width":1920,"height":1440},{"@type":"BreadcrumbList","@id":"https:\/\/vosgesinfo.fr\/saintdieinfo\/2026\/05\/vis-ma-vie-a-la-decouverte-des-metiers-de-lhotellerie-restauration\/#breadcrumb","itemListElement":[{"@type":"ListItem","position":1,"name":"Home","item":"https:\/\/vosgesinfo.fr\/saintdieinfo\/"},{"@type":"ListItem","position":2,"name":"\u00ab Vis ma vie \u00bb &#8211; \u00e0 la d\u00e9couverte des m\u00e9tiers de l\u2019h\u00f4tellerie-restauration."}]},{"@type":"WebSite","@id":"https:\/\/vosgesinfo.fr\/saintdieinfo\/#website","url":"https:\/\/vosgesinfo.fr\/saintdieinfo\/","name":"Saint Die Info","description":"Toute l&#039;actualit\u00e9 de Saint-Di\u00e9-Des-Vosges","publisher":{"@id":"https:\/\/vosgesinfo.fr\/saintdieinfo\/#organization"},"alternateName":"Toute l'actualit\u00e9 de Saint-Di\u00e9-Des-Vosges","potentialAction":[{"@type":"SearchAction","target":{"@type":"EntryPoint","urlTemplate":"https:\/\/vosgesinfo.fr\/saintdieinfo\/?s={search_term_string}"},"query-input":"required name=search_term_string"}],"inLanguage":"fr-FR"},{"@type":"Organization","@id":"https:\/\/vosgesinfo.fr\/saintdieinfo\/#organization","name":"Saint Die Info","url":"https:\/\/vosgesinfo.fr\/saintdieinfo\/","logo":{"@type":"ImageObject","inLanguage":"fr-FR","@id":"https:\/\/vosgesinfo.fr\/saintdieinfo\/#\/schema\/logo\/image\/","url":"https:\/\/vosgesinfo.fr\/app\/uploads\/sites\/4\/2024\/02\/logo-sdi.jpg","contentUrl":"https:\/\/vosgesinfo.fr\/app\/uploads\/sites\/4\/2024\/02\/logo-sdi.jpg","width":600,"height":600,"caption":"Saint Die Info"},"image":{"@id":"https:\/\/vosgesinfo.fr\/saintdieinfo\/#\/schema\/logo\/image\/"},"sameAs":["https:\/\/www.facebook.com\/Saintdieinfofr","https:\/\/x.com\/VosgesInfo88","https:\/\/www.youtube.com\/@vosgesinfo"]},{"@type":"Person","@id":"https:\/\/vosgesinfo.fr\/saintdieinfo\/#\/schema\/person\/db5605779a843dad16b5368f3e7613a5","name":"QG","image":{"@type":"ImageObject","inLanguage":"fr-FR","@id":"https:\/\/vosgesinfo.fr\/saintdieinfo\/#\/schema\/person\/image\/","url":"https:\/\/secure.gravatar.com\/avatar\/ea80c42c204b534408512832fde52504ecabb9706bcb6151cf6175e5b64e6793?s=96&d=mm&r=g","contentUrl":"https:\/\/secure.gravatar.com\/avatar\/ea80c42c204b534408512832fde52504ecabb9706bcb6151cf6175e5b64e6793?s=96&d=mm&r=g","caption":"QG"},"url":"https:\/\/vosgesinfo.fr\/saintdieinfo\/author\/quentin88\/"}]}},"_links":{"self":[{"href":"https:\/\/vosgesinfo.fr\/saintdieinfo\/wp-json\/wp\/v2\/posts\/90902","targetHints":{"allow":["GET"]}}],"collection":[{"href":"https:\/\/vosgesinfo.fr\/saintdieinfo\/wp-json\/wp\/v2\/posts"}],"about":[{"href":"https:\/\/vosgesinfo.fr\/saintdieinfo\/wp-json\/wp\/v2\/types\/post"}],"author":[{"embeddable":true,"href":"https:\/\/vosgesinfo.fr\/saintdieinfo\/wp-json\/wp\/v2\/users\/42"}],"replies":[{"embeddable":true,"href":"https:\/\/vosgesinfo.fr\/saintdieinfo\/wp-json\/wp\/v2\/comments?post=90902"}],"version-history":[{"count":1,"href":"https:\/\/vosgesinfo.fr\/saintdieinfo\/wp-json\/wp\/v2\/posts\/90902\/revisions"}],"predecessor-version":[{"id":90920,"href":"https:\/\/vosgesinfo.fr\/saintdieinfo\/wp-json\/wp\/v2\/posts\/90902\/revisions\/90920"}],"wp:featuredmedia":[{"embeddable":true,"href":"https:\/\/vosgesinfo.fr\/saintdieinfo\/wp-json\/wp\/v2\/media\/90903"}],"wp:attachment":[{"href":"https:\/\/vosgesinfo.fr\/saintdieinfo\/wp-json\/wp\/v2\/media?parent=90902"}],"wp:term":[{"taxonomy":"category","embeddable":true,"href":"https:\/\/vosgesinfo.fr\/saintdieinfo\/wp-json\/wp\/v2\/categories?post=90902"},{"taxonomy":"post_tag","embeddable":true,"href":"https:\/\/vosgesinfo.fr\/saintdieinfo\/wp-json\/wp\/v2\/tags?post=90902"}],"curies":[{"name":"wp","href":"https:\/\/api.w.org\/{rel}","templated":true}]}}