{"id":90925,"date":"2026-05-01T20:33:31","date_gmt":"2026-05-01T18:33:31","guid":{"rendered":"https:\/\/vosgesinfo.fr\/saintdieinfo\/?p=90925"},"modified":"2026-05-01T20:30:22","modified_gmt":"2026-05-01T18:30:22","slug":"a-saint-die-des-vosges-le-muguet-du-1er-mai-a-fleuri-au-centre-ville","status":"publish","type":"post","link":"https:\/\/vosgesinfo.fr\/saintdieinfo\/2026\/05\/a-saint-die-des-vosges-le-muguet-du-1er-mai-a-fleuri-au-centre-ville\/","title":{"rendered":"\u00c0 Saint-Di\u00e9-des-Vosges, le muguet du 1er mai a fleuri au centre-ville"},"content":{"rendered":"<div id=\"attachment_90927\" style=\"width: 1034px\" class=\"wp-caption alignnone\"><a href=\"https:\/\/vosgesinfo.fr\/app\/uploads\/sites\/4\/2026\/05\/muguet-1er-mai-sddv-1.jpg\"><img decoding=\"async\" aria-describedby=\"caption-attachment-90927\" class=\"size-large wp-image-90927\" src=\"https:\/\/vosgesinfo.fr\/app\/uploads\/sites\/4\/2026\/05\/muguet-1er-mai-sddv-1-1024x683.jpg\" alt=\"\" width=\"1024\" height=\"683\" srcset=\"https:\/\/vosgesinfo.fr\/app\/uploads\/sites\/4\/2026\/05\/muguet-1er-mai-sddv-1-1024x683.jpg 1024w, https:\/\/vosgesinfo.fr\/app\/uploads\/sites\/4\/2026\/05\/muguet-1er-mai-sddv-1-300x200.jpg 300w, https:\/\/vosgesinfo.fr\/app\/uploads\/sites\/4\/2026\/05\/muguet-1er-mai-sddv-1-768x512.jpg 768w, https:\/\/vosgesinfo.fr\/app\/uploads\/sites\/4\/2026\/05\/muguet-1er-mai-sddv-1.jpg 1200w\" sizes=\"(max-width: 1024px) 100vw, 1024px\" \/><\/a><p id=\"caption-attachment-90927\" class=\"wp-caption-text\">(Photographies Marc Fourniquet)<\/p><\/div>\n<h2>La tradition du <strong>muguet du 1er mai<\/strong> est toujours enracin\u00e9e \u00e0 <strong>Saint-Di\u00e9-des-Vosges<\/strong>. <strong>Ce vendredi<\/strong>, sous un soleil printanier, vendeuses et vendeurs, particuliers comme professionnels, avaient pris place dans plusieurs secteurs du <strong>centre-ville<\/strong> pour proposer leurs <strong>bouquets de clochettes blanches,<\/strong> d\u00fbment cueillis au pr\u00e9alable pour certains.<\/h2>\n<p><!--more--><\/p>\n<h3 class=\"western\"><strong>Une exception pr\u00e9vue le 1er mai<\/strong><\/h3>\n<p>La vente de muguet rel\u00e8ve habituellement des <strong>fleuristes<\/strong>. Le 1er mai fait toutefois exception. Car \u00e0 cette date, et uniquement \u00e0 cette date, la <strong>loi fran\u00e7aise<\/strong> permet aux <strong>particuliers<\/strong> de vendre du muguet dans la rue <strong>sans formalit\u00e9 administrative<\/strong>, sous r\u00e9serve de respecter les <strong>r\u00e8gles locales<\/strong>.<\/p>\n\n\t\t<style type=\"text\/css\">\n\t\t\t#gallery-1 {\n\t\t\t\tmargin: auto;\n\t\t\t}\n\t\t\t#gallery-1 .gallery-item {\n\t\t\t\tfloat: left;\n\t\t\t\tmargin-top: 10px;\n\t\t\t\ttext-align: center;\n\t\t\t\twidth: 50%;\n\t\t\t}\n\t\t\t#gallery-1 img {\n\t\t\t\tborder: 2px solid #cfcfcf;\n\t\t\t}\n\t\t\t#gallery-1 .gallery-caption {\n\t\t\t\tmargin-left: 0;\n\t\t\t}\n\t\t\t\/* see gallery_shortcode() in wp-includes\/media.php *\/\n\t\t<\/style>\n\t\t<div id='gallery-1' class='gallery galleryid-90925 gallery-columns-2 gallery-size-thumbnail'><dl class='gallery-item'>\n\t\t\t<dt class='gallery-icon portrait'>\n\t\t\t\t<a href='https:\/\/vosgesinfo.fr\/app\/uploads\/sites\/4\/2026\/05\/muguet-1er-mai-sddv-2.jpg'><img decoding=\"async\" width=\"150\" height=\"150\" src=\"https:\/\/vosgesinfo.fr\/app\/uploads\/sites\/4\/2026\/05\/muguet-1er-mai-sddv-2-150x150.jpg\" class=\"attachment-thumbnail size-thumbnail\" alt=\"\" \/><\/a>\n\t\t\t<\/dt><\/dl><dl class='gallery-item'>\n\t\t\t<dt class='gallery-icon landscape'>\n\t\t\t\t<a href='https:\/\/vosgesinfo.fr\/app\/uploads\/sites\/4\/2026\/05\/muguet-1er-mai-sddv-3.jpg'><img decoding=\"async\" width=\"150\" height=\"150\" src=\"https:\/\/vosgesinfo.fr\/app\/uploads\/sites\/4\/2026\/05\/muguet-1er-mai-sddv-3-150x150.jpg\" class=\"attachment-thumbnail size-thumbnail\" alt=\"\" \/><\/a>\n\t\t\t<\/dt><\/dl><br style=\"clear: both\" \/>\n\t\t<\/div>\n\n","protected":false},"excerpt":{"rendered":"<p>La tradition du muguet du 1er mai est toujours enracin\u00e9e \u00e0 Saint-Di\u00e9-des-Vosges. Ce vendredi, sous un soleil printanier, vendeuses et [&hellip;]<\/p>\n","protected":false},"author":46,"featured_media":90927,"comment_status":"open","ping_status":"open","sticky":false,"template":"","format":"standard","meta":{"footnotes":""},"categories":[460,167,13],"tags":[1318,1737,6096,2881,21505],"class_list":["post-90925","post","type-post","status-publish","format-standard","has-post-thumbnail","hentry","category-a-la-une","category-saint-die-des-vosges","category-societe","tag-1er-mai","tag-centre-ville","tag-muguet","tag-saint-die-des-vosges","tag-tradition-locale"],"acf":[],"yoast_head":"<!-- This site is optimized with the Yoast SEO plugin v22.5 - https:\/\/yoast.com\/wordpress\/plugins\/seo\/ -->\n<title>\u00c0 Saint-Di\u00e9-des-Vosges, le muguet du 1er mai a fleuri au centre-ville - Saint Die Info<\/title>\n<meta name=\"robots\" content=\"index, follow, max-snippet:-1, max-image-preview:large, max-video-preview:-1\" \/>\n<link rel=\"canonical\" href=\"https:\/\/vosgesinfo.fr\/saintdieinfo\/2026\/05\/a-saint-die-des-vosges-le-muguet-du-1er-mai-a-fleuri-au-centre-ville\/\" \/>\n<meta name=\"twitter:card\" content=\"summary_large_image\" \/>\n<meta name=\"twitter:title\" content=\"\u00c0 Saint-Di\u00e9-des-Vosges, le muguet du 1er mai a fleuri au centre-ville - Saint Die Info\" \/>\n<meta name=\"twitter:description\" content=\"La tradition du muguet du 1er mai est toujours enracin\u00e9e \u00e0 Saint-Di\u00e9-des-Vosges. Ce vendredi, sous un soleil printanier, vendeuses et [&hellip;]\" \/>\n<meta name=\"twitter:image\" content=\"https:\/\/vosgesinfo.fr\/app\/uploads\/sites\/4\/2026\/05\/muguet-1er-mai-sddv-1.jpg\" \/>\n<meta name=\"twitter:creator\" content=\"@VosgesInfo88\" \/>\n<meta name=\"twitter:site\" content=\"@VosgesInfo88\" \/>\n<meta name=\"twitter:label1\" content=\"\u00c9crit par\" \/>\n\t<meta name=\"twitter:data1\" content=\"J.J.\" \/>\n\t<meta name=\"twitter:label2\" content=\"Dur\u00e9e de lecture estim\u00e9e\" \/>\n\t<meta name=\"twitter:data2\" content=\"1 minute\" \/>\n<script type=\"application\/ld+json\" class=\"yoast-schema-graph\">{\"@context\":\"https:\/\/schema.org\",\"@graph\":[{\"@type\":\"Article\",\"@id\":\"https:\/\/vosgesinfo.fr\/saintdieinfo\/2026\/05\/a-saint-die-des-vosges-le-muguet-du-1er-mai-a-fleuri-au-centre-ville\/#article\",\"isPartOf\":{\"@id\":\"https:\/\/vosgesinfo.fr\/saintdieinfo\/2026\/05\/a-saint-die-des-vosges-le-muguet-du-1er-mai-a-fleuri-au-centre-ville\/\"},\"author\":{\"name\":\"J.J.\",\"@id\":\"https:\/\/vosgesinfo.fr\/saintdieinfo\/#\/schema\/person\/fa73e9f726d67bb88f46d5b7943cb572\"},\"headline\":\"\u00c0 Saint-Di\u00e9-des-Vosges, le muguet du 1er mai a fleuri au centre-ville\",\"datePublished\":\"2026-05-01T18:33:31+00:00\",\"dateModified\":\"2026-05-01T18:30:22+00:00\",\"mainEntityOfPage\":{\"@id\":\"https:\/\/vosgesinfo.fr\/saintdieinfo\/2026\/05\/a-saint-die-des-vosges-le-muguet-du-1er-mai-a-fleuri-au-centre-ville\/\"},\"wordCount\":129,\"commentCount\":0,\"publisher\":{\"@id\":\"https:\/\/vosgesinfo.fr\/saintdieinfo\/#organization\"},\"image\":{\"@id\":\"https:\/\/vosgesinfo.fr\/saintdieinfo\/2026\/05\/a-saint-die-des-vosges-le-muguet-du-1er-mai-a-fleuri-au-centre-ville\/#primaryimage\"},\"thumbnailUrl\":\"https:\/\/vosgesinfo.fr\/app\/uploads\/sites\/4\/2026\/05\/muguet-1er-mai-sddv-1.jpg\",\"keywords\":[\"1er mai\",\"centre-ville\",\"Muguet\",\"Saint-Di\u00e9-des-Vosges\",\"tradition locale\"],\"articleSection\":[\"A la Une\",\"Saint-Di\u00e9-des-Vosges\",\"Soci\u00e9t\u00e9\"],\"inLanguage\":\"fr-FR\",\"potentialAction\":[{\"@type\":\"CommentAction\",\"name\":\"Comment\",\"target\":[\"https:\/\/vosgesinfo.fr\/saintdieinfo\/2026\/05\/a-saint-die-des-vosges-le-muguet-du-1er-mai-a-fleuri-au-centre-ville\/#respond\"]}]},{\"@type\":\"WebPage\",\"@id\":\"https:\/\/vosgesinfo.fr\/saintdieinfo\/2026\/05\/a-saint-die-des-vosges-le-muguet-du-1er-mai-a-fleuri-au-centre-ville\/\",\"url\":\"https:\/\/vosgesinfo.fr\/saintdieinfo\/2026\/05\/a-saint-die-des-vosges-le-muguet-du-1er-mai-a-fleuri-au-centre-ville\/\",\"name\":\"\u00c0 Saint-Di\u00e9-des-Vosges, le muguet du 1er mai a fleuri au centre-ville - Saint Die Info\",\"isPartOf\":{\"@id\":\"https:\/\/vosgesinfo.fr\/saintdieinfo\/#website\"},\"primaryImageOfPage\":{\"@id\":\"https:\/\/vosgesinfo.fr\/saintdieinfo\/2026\/05\/a-saint-die-des-vosges-le-muguet-du-1er-mai-a-fleuri-au-centre-ville\/#primaryimage\"},\"image\":{\"@id\":\"https:\/\/vosgesinfo.fr\/saintdieinfo\/2026\/05\/a-saint-die-des-vosges-le-muguet-du-1er-mai-a-fleuri-au-centre-ville\/#primaryimage\"},\"thumbnailUrl\":\"https:\/\/vosgesinfo.fr\/app\/uploads\/sites\/4\/2026\/05\/muguet-1er-mai-sddv-1.jpg\",\"datePublished\":\"2026-05-01T18:33:31+00:00\",\"dateModified\":\"2026-05-01T18:30:22+00:00\",\"breadcrumb\":{\"@id\":\"https:\/\/vosgesinfo.fr\/saintdieinfo\/2026\/05\/a-saint-die-des-vosges-le-muguet-du-1er-mai-a-fleuri-au-centre-ville\/#breadcrumb\"},\"inLanguage\":\"fr-FR\",\"potentialAction\":[{\"@type\":\"ReadAction\",\"target\":[\"https:\/\/vosgesinfo.fr\/saintdieinfo\/2026\/05\/a-saint-die-des-vosges-le-muguet-du-1er-mai-a-fleuri-au-centre-ville\/\"]}]},{\"@type\":\"ImageObject\",\"inLanguage\":\"fr-FR\",\"@id\":\"https:\/\/vosgesinfo.fr\/saintdieinfo\/2026\/05\/a-saint-die-des-vosges-le-muguet-du-1er-mai-a-fleuri-au-centre-ville\/#primaryimage\",\"url\":\"https:\/\/vosgesinfo.fr\/app\/uploads\/sites\/4\/2026\/05\/muguet-1er-mai-sddv-1.jpg\",\"contentUrl\":\"https:\/\/vosgesinfo.fr\/app\/uploads\/sites\/4\/2026\/05\/muguet-1er-mai-sddv-1.jpg\",\"width\":1200,\"height\":800,\"caption\":\"(Photographies Marc Fourniquet)\"},{\"@type\":\"BreadcrumbList\",\"@id\":\"https:\/\/vosgesinfo.fr\/saintdieinfo\/2026\/05\/a-saint-die-des-vosges-le-muguet-du-1er-mai-a-fleuri-au-centre-ville\/#breadcrumb\",\"itemListElement\":[{\"@type\":\"ListItem\",\"position\":1,\"name\":\"Home\",\"item\":\"https:\/\/vosgesinfo.fr\/saintdieinfo\/\"},{\"@type\":\"ListItem\",\"position\":2,\"name\":\"\u00c0 Saint-Di\u00e9-des-Vosges, le muguet du 1er mai a fleuri au centre-ville\"}]},{\"@type\":\"WebSite\",\"@id\":\"https:\/\/vosgesinfo.fr\/saintdieinfo\/#website\",\"url\":\"https:\/\/vosgesinfo.fr\/saintdieinfo\/\",\"name\":\"Saint Die Info\",\"description\":\"Toute l&#039;actualit\u00e9 de Saint-Di\u00e9-Des-Vosges\",\"publisher\":{\"@id\":\"https:\/\/vosgesinfo.fr\/saintdieinfo\/#organization\"},\"alternateName\":\"Toute l'actualit\u00e9 de Saint-Di\u00e9-Des-Vosges\",\"potentialAction\":[{\"@type\":\"SearchAction\",\"target\":{\"@type\":\"EntryPoint\",\"urlTemplate\":\"https:\/\/vosgesinfo.fr\/saintdieinfo\/?s={search_term_string}\"},\"query-input\":\"required name=search_term_string\"}],\"inLanguage\":\"fr-FR\"},{\"@type\":\"Organization\",\"@id\":\"https:\/\/vosgesinfo.fr\/saintdieinfo\/#organization\",\"name\":\"Saint Die Info\",\"url\":\"https:\/\/vosgesinfo.fr\/saintdieinfo\/\",\"logo\":{\"@type\":\"ImageObject\",\"inLanguage\":\"fr-FR\",\"@id\":\"https:\/\/vosgesinfo.fr\/saintdieinfo\/#\/schema\/logo\/image\/\",\"url\":\"https:\/\/vosgesinfo.fr\/app\/uploads\/sites\/4\/2024\/02\/logo-sdi.jpg\",\"contentUrl\":\"https:\/\/vosgesinfo.fr\/app\/uploads\/sites\/4\/2024\/02\/logo-sdi.jpg\",\"width\":600,\"height\":600,\"caption\":\"Saint Die Info\"},\"image\":{\"@id\":\"https:\/\/vosgesinfo.fr\/saintdieinfo\/#\/schema\/logo\/image\/\"},\"sameAs\":[\"https:\/\/www.facebook.com\/Saintdieinfofr\",\"https:\/\/x.com\/VosgesInfo88\",\"https:\/\/www.youtube.com\/@vosgesinfo\"]},{\"@type\":\"Person\",\"@id\":\"https:\/\/vosgesinfo.fr\/saintdieinfo\/#\/schema\/person\/fa73e9f726d67bb88f46d5b7943cb572\",\"name\":\"J.J.\",\"image\":{\"@type\":\"ImageObject\",\"inLanguage\":\"fr-FR\",\"@id\":\"https:\/\/vosgesinfo.fr\/saintdieinfo\/#\/schema\/person\/image\/\",\"url\":\"https:\/\/secure.gravatar.com\/avatar\/219e749e47ffbcca018a360ae4add7d4cdf1cdaaf8bc7676b27efade3fe65615?s=96&d=mm&r=g\",\"contentUrl\":\"https:\/\/secure.gravatar.com\/avatar\/219e749e47ffbcca018a360ae4add7d4cdf1cdaaf8bc7676b27efade3fe65615?s=96&d=mm&r=g\",\"caption\":\"J.J.\"},\"url\":\"https:\/\/vosgesinfo.fr\/saintdieinfo\/author\/j-j\/\"}]}<\/script>\n<!-- \/ Yoast SEO plugin. -->","yoast_head_json":{"title":"\u00c0 Saint-Di\u00e9-des-Vosges, le muguet du 1er mai a fleuri au centre-ville - Saint Die Info","robots":{"index":"index","follow":"follow","max-snippet":"max-snippet:-1","max-image-preview":"max-image-preview:large","max-video-preview":"max-video-preview:-1"},"canonical":"https:\/\/vosgesinfo.fr\/saintdieinfo\/2026\/05\/a-saint-die-des-vosges-le-muguet-du-1er-mai-a-fleuri-au-centre-ville\/","twitter_card":"summary_large_image","twitter_title":"\u00c0 Saint-Di\u00e9-des-Vosges, le muguet du 1er mai a fleuri au centre-ville - Saint Die Info","twitter_description":"La tradition du muguet du 1er mai est toujours enracin\u00e9e \u00e0 Saint-Di\u00e9-des-Vosges. Ce vendredi, sous un soleil printanier, vendeuses et [&hellip;]","twitter_image":"https:\/\/vosgesinfo.fr\/app\/uploads\/sites\/4\/2026\/05\/muguet-1er-mai-sddv-1.jpg","twitter_creator":"@VosgesInfo88","twitter_site":"@VosgesInfo88","twitter_misc":{"\u00c9crit par":"J.J.","Dur\u00e9e de lecture estim\u00e9e":"1 minute"},"schema":{"@context":"https:\/\/schema.org","@graph":[{"@type":"Article","@id":"https:\/\/vosgesinfo.fr\/saintdieinfo\/2026\/05\/a-saint-die-des-vosges-le-muguet-du-1er-mai-a-fleuri-au-centre-ville\/#article","isPartOf":{"@id":"https:\/\/vosgesinfo.fr\/saintdieinfo\/2026\/05\/a-saint-die-des-vosges-le-muguet-du-1er-mai-a-fleuri-au-centre-ville\/"},"author":{"name":"J.J.","@id":"https:\/\/vosgesinfo.fr\/saintdieinfo\/#\/schema\/person\/fa73e9f726d67bb88f46d5b7943cb572"},"headline":"\u00c0 Saint-Di\u00e9-des-Vosges, le muguet du 1er mai a fleuri au centre-ville","datePublished":"2026-05-01T18:33:31+00:00","dateModified":"2026-05-01T18:30:22+00:00","mainEntityOfPage":{"@id":"https:\/\/vosgesinfo.fr\/saintdieinfo\/2026\/05\/a-saint-die-des-vosges-le-muguet-du-1er-mai-a-fleuri-au-centre-ville\/"},"wordCount":129,"commentCount":0,"publisher":{"@id":"https:\/\/vosgesinfo.fr\/saintdieinfo\/#organization"},"image":{"@id":"https:\/\/vosgesinfo.fr\/saintdieinfo\/2026\/05\/a-saint-die-des-vosges-le-muguet-du-1er-mai-a-fleuri-au-centre-ville\/#primaryimage"},"thumbnailUrl":"https:\/\/vosgesinfo.fr\/app\/uploads\/sites\/4\/2026\/05\/muguet-1er-mai-sddv-1.jpg","keywords":["1er mai","centre-ville","Muguet","Saint-Di\u00e9-des-Vosges","tradition locale"],"articleSection":["A la Une","Saint-Di\u00e9-des-Vosges","Soci\u00e9t\u00e9"],"inLanguage":"fr-FR","potentialAction":[{"@type":"CommentAction","name":"Comment","target":["https:\/\/vosgesinfo.fr\/saintdieinfo\/2026\/05\/a-saint-die-des-vosges-le-muguet-du-1er-mai-a-fleuri-au-centre-ville\/#respond"]}]},{"@type":"WebPage","@id":"https:\/\/vosgesinfo.fr\/saintdieinfo\/2026\/05\/a-saint-die-des-vosges-le-muguet-du-1er-mai-a-fleuri-au-centre-ville\/","url":"https:\/\/vosgesinfo.fr\/saintdieinfo\/2026\/05\/a-saint-die-des-vosges-le-muguet-du-1er-mai-a-fleuri-au-centre-ville\/","name":"\u00c0 Saint-Di\u00e9-des-Vosges, le muguet du 1er mai a fleuri au centre-ville - Saint Die Info","isPartOf":{"@id":"https:\/\/vosgesinfo.fr\/saintdieinfo\/#website"},"primaryImageOfPage":{"@id":"https:\/\/vosgesinfo.fr\/saintdieinfo\/2026\/05\/a-saint-die-des-vosges-le-muguet-du-1er-mai-a-fleuri-au-centre-ville\/#primaryimage"},"image":{"@id":"https:\/\/vosgesinfo.fr\/saintdieinfo\/2026\/05\/a-saint-die-des-vosges-le-muguet-du-1er-mai-a-fleuri-au-centre-ville\/#primaryimage"},"thumbnailUrl":"https:\/\/vosgesinfo.fr\/app\/uploads\/sites\/4\/2026\/05\/muguet-1er-mai-sddv-1.jpg","datePublished":"2026-05-01T18:33:31+00:00","dateModified":"2026-05-01T18:30:22+00:00","breadcrumb":{"@id":"https:\/\/vosgesinfo.fr\/saintdieinfo\/2026\/05\/a-saint-die-des-vosges-le-muguet-du-1er-mai-a-fleuri-au-centre-ville\/#breadcrumb"},"inLanguage":"fr-FR","potentialAction":[{"@type":"ReadAction","target":["https:\/\/vosgesinfo.fr\/saintdieinfo\/2026\/05\/a-saint-die-des-vosges-le-muguet-du-1er-mai-a-fleuri-au-centre-ville\/"]}]},{"@type":"ImageObject","inLanguage":"fr-FR","@id":"https:\/\/vosgesinfo.fr\/saintdieinfo\/2026\/05\/a-saint-die-des-vosges-le-muguet-du-1er-mai-a-fleuri-au-centre-ville\/#primaryimage","url":"https:\/\/vosgesinfo.fr\/app\/uploads\/sites\/4\/2026\/05\/muguet-1er-mai-sddv-1.jpg","contentUrl":"https:\/\/vosgesinfo.fr\/app\/uploads\/sites\/4\/2026\/05\/muguet-1er-mai-sddv-1.jpg","width":1200,"height":800,"caption":"(Photographies Marc Fourniquet)"},{"@type":"BreadcrumbList","@id":"https:\/\/vosgesinfo.fr\/saintdieinfo\/2026\/05\/a-saint-die-des-vosges-le-muguet-du-1er-mai-a-fleuri-au-centre-ville\/#breadcrumb","itemListElement":[{"@type":"ListItem","position":1,"name":"Home","item":"https:\/\/vosgesinfo.fr\/saintdieinfo\/"},{"@type":"ListItem","position":2,"name":"\u00c0 Saint-Di\u00e9-des-Vosges, le muguet du 1er mai a fleuri au centre-ville"}]},{"@type":"WebSite","@id":"https:\/\/vosgesinfo.fr\/saintdieinfo\/#website","url":"https:\/\/vosgesinfo.fr\/saintdieinfo\/","name":"Saint Die Info","description":"Toute l&#039;actualit\u00e9 de Saint-Di\u00e9-Des-Vosges","publisher":{"@id":"https:\/\/vosgesinfo.fr\/saintdieinfo\/#organization"},"alternateName":"Toute l'actualit\u00e9 de Saint-Di\u00e9-Des-Vosges","potentialAction":[{"@type":"SearchAction","target":{"@type":"EntryPoint","urlTemplate":"https:\/\/vosgesinfo.fr\/saintdieinfo\/?s={search_term_string}"},"query-input":"required name=search_term_string"}],"inLanguage":"fr-FR"},{"@type":"Organization","@id":"https:\/\/vosgesinfo.fr\/saintdieinfo\/#organization","name":"Saint Die Info","url":"https:\/\/vosgesinfo.fr\/saintdieinfo\/","logo":{"@type":"ImageObject","inLanguage":"fr-FR","@id":"https:\/\/vosgesinfo.fr\/saintdieinfo\/#\/schema\/logo\/image\/","url":"https:\/\/vosgesinfo.fr\/app\/uploads\/sites\/4\/2024\/02\/logo-sdi.jpg","contentUrl":"https:\/\/vosgesinfo.fr\/app\/uploads\/sites\/4\/2024\/02\/logo-sdi.jpg","width":600,"height":600,"caption":"Saint Die Info"},"image":{"@id":"https:\/\/vosgesinfo.fr\/saintdieinfo\/#\/schema\/logo\/image\/"},"sameAs":["https:\/\/www.facebook.com\/Saintdieinfofr","https:\/\/x.com\/VosgesInfo88","https:\/\/www.youtube.com\/@vosgesinfo"]},{"@type":"Person","@id":"https:\/\/vosgesinfo.fr\/saintdieinfo\/#\/schema\/person\/fa73e9f726d67bb88f46d5b7943cb572","name":"J.J.","image":{"@type":"ImageObject","inLanguage":"fr-FR","@id":"https:\/\/vosgesinfo.fr\/saintdieinfo\/#\/schema\/person\/image\/","url":"https:\/\/secure.gravatar.com\/avatar\/219e749e47ffbcca018a360ae4add7d4cdf1cdaaf8bc7676b27efade3fe65615?s=96&d=mm&r=g","contentUrl":"https:\/\/secure.gravatar.com\/avatar\/219e749e47ffbcca018a360ae4add7d4cdf1cdaaf8bc7676b27efade3fe65615?s=96&d=mm&r=g","caption":"J.J."},"url":"https:\/\/vosgesinfo.fr\/saintdieinfo\/author\/j-j\/"}]}},"_links":{"self":[{"href":"https:\/\/vosgesinfo.fr\/saintdieinfo\/wp-json\/wp\/v2\/posts\/90925","targetHints":{"allow":["GET"]}}],"collection":[{"href":"https:\/\/vosgesinfo.fr\/saintdieinfo\/wp-json\/wp\/v2\/posts"}],"about":[{"href":"https:\/\/vosgesinfo.fr\/saintdieinfo\/wp-json\/wp\/v2\/types\/post"}],"author":[{"embeddable":true,"href":"https:\/\/vosgesinfo.fr\/saintdieinfo\/wp-json\/wp\/v2\/users\/46"}],"replies":[{"embeddable":true,"href":"https:\/\/vosgesinfo.fr\/saintdieinfo\/wp-json\/wp\/v2\/comments?post=90925"}],"version-history":[{"count":1,"href":"https:\/\/vosgesinfo.fr\/saintdieinfo\/wp-json\/wp\/v2\/posts\/90925\/revisions"}],"predecessor-version":[{"id":90934,"href":"https:\/\/vosgesinfo.fr\/saintdieinfo\/wp-json\/wp\/v2\/posts\/90925\/revisions\/90934"}],"wp:featuredmedia":[{"embeddable":true,"href":"https:\/\/vosgesinfo.fr\/saintdieinfo\/wp-json\/wp\/v2\/media\/90927"}],"wp:attachment":[{"href":"https:\/\/vosgesinfo.fr\/saintdieinfo\/wp-json\/wp\/v2\/media?parent=90925"}],"wp:term":[{"taxonomy":"category","embeddable":true,"href":"https:\/\/vosgesinfo.fr\/saintdieinfo\/wp-json\/wp\/v2\/categories?post=90925"},{"taxonomy":"post_tag","embeddable":true,"href":"https:\/\/vosgesinfo.fr\/saintdieinfo\/wp-json\/wp\/v2\/tags?post=90925"}],"curies":[{"name":"wp","href":"https:\/\/api.w.org\/{rel}","templated":true}]}}