{"id":95544,"date":"2026-08-31T09:03:05","date_gmt":"2026-08-31T07:03:05","guid":{"rendered":"https:\/\/vosgesinfo.fr\/saintdieinfo\/?p=95544"},"modified":"2026-08-31T08:52:00","modified_gmt":"2026-08-31T06:52:00","slug":"prochaine-collecte-de-sang-a-saint-die-des-vosges-demain-mardi-1er-septembre","status":"publish","type":"post","link":"https:\/\/vosgesinfo.fr\/saintdieinfo\/2026\/08\/prochaine-collecte-de-sang-a-saint-die-des-vosges-demain-mardi-1er-septembre\/","title":{"rendered":"Prochaine collecte de sang \u00e0 Saint-Di\u00e9-des-Vosges demain mardi 1er septembre"},"content":{"rendered":"<h2>La prochaine collecte de sang organis\u00e9e \u00e0 Saint-Di\u00e9-des-Vosges par <strong>l\u2019\u00c9tablissement Fran\u00e7ais du Sang \u2013 EFS \u2013 Grand Est<\/strong>, avec le soutien de <strong>l\u2019amicale locale des Donneurs de Sang b\u00e9n\u00e9voles<\/strong>, aura lieu <strong>demain mardi 1er septembre, de 9h \u00e0 13h puis de 15h30 \u00e0 19h30 \u00e0 l\u2019Espace Fran\u00e7ois-Mitterrand <\/strong>(rue du 11 novembre).<\/h2>\n<p><!--more--><\/p>\n<p>Pour prendre rendez-vous, facultatif mais conseill\u00e9, rendez-vous sur <a href=\"https:\/\/dondesang.efs.sante.fr\/trouver-une-collecte?ville=saint-di%C3%A9-des-vosges\" target=\"_blank\" rel=\"noopener\">https:\/\/dondesang.efs.sante.fr.<\/a><\/p>\n<p><a href=\"https:\/\/vosgesinfo.fr\/app\/uploads\/sites\/4\/2026\/08\/collecte-sang-sddv-010926.jpg\"><img decoding=\"async\" class=\"alignnone size-large wp-image-95545\" src=\"https:\/\/vosgesinfo.fr\/app\/uploads\/sites\/4\/2026\/08\/collecte-sang-sddv-010926-746x1024.jpg\" alt=\"\" width=\"746\" height=\"1024\" srcset=\"https:\/\/vosgesinfo.fr\/app\/uploads\/sites\/4\/2026\/08\/collecte-sang-sddv-010926-746x1024.jpg 746w, https:\/\/vosgesinfo.fr\/app\/uploads\/sites\/4\/2026\/08\/collecte-sang-sddv-010926-219x300.jpg 219w, https:\/\/vosgesinfo.fr\/app\/uploads\/sites\/4\/2026\/08\/collecte-sang-sddv-010926-768x1054.jpg 768w, https:\/\/vosgesinfo.fr\/app\/uploads\/sites\/4\/2026\/08\/collecte-sang-sddv-010926-1119x1536.jpg 1119w, https:\/\/vosgesinfo.fr\/app\/uploads\/sites\/4\/2026\/08\/collecte-sang-sddv-010926.jpg 1212w\" sizes=\"(max-width: 746px) 100vw, 746px\" \/><\/a><\/p>\n","protected":false},"excerpt":{"rendered":"<p>La prochaine collecte de sang organis\u00e9e \u00e0 Saint-Di\u00e9-des-Vosges par l\u2019\u00c9tablissement Fran\u00e7ais du Sang \u2013 EFS \u2013 Grand Est, avec le [&hellip;]<\/p>\n","protected":false},"author":46,"featured_media":90212,"comment_status":"open","ping_status":"open","sticky":false,"template":"","format":"standard","meta":{"footnotes":""},"categories":[3900,167,4152,29,17],"tags":[493,1243,11691,3089,22793],"class_list":["post-95544","post","type-post","status-publish","format-standard","has-post-thumbnail","hentry","category-breves","category-saint-die-des-vosges","category-sante","category-solidarite","category-vie-associative","tag-collecte-de-sang","tag-don-de-sang","tag-donneurs-de-sang-benevoles","tag-espace-francois-mitterrand","tag-etablissement-francais-du-sang-efs-grand-est"],"acf":[],"yoast_head":"<!-- This site is optimized with the Yoast SEO plugin v22.5 - https:\/\/yoast.com\/wordpress\/plugins\/seo\/ -->\n<title>Prochaine collecte de sang \u00e0 Saint-Di\u00e9-des-Vosges demain mardi 1er septembre - Saint Die Info<\/title>\n<meta name=\"robots\" content=\"index, follow, max-snippet:-1, max-image-preview:large, max-video-preview:-1\" \/>\n<link rel=\"canonical\" href=\"https:\/\/vosgesinfo.fr\/saintdieinfo\/2026\/08\/prochaine-collecte-de-sang-a-saint-die-des-vosges-demain-mardi-1er-septembre\/\" \/>\n<meta name=\"twitter:card\" content=\"summary_large_image\" \/>\n<meta name=\"twitter:title\" content=\"Prochaine collecte de sang \u00e0 Saint-Di\u00e9-des-Vosges demain mardi 1er septembre - Saint Die Info\" \/>\n<meta name=\"twitter:description\" content=\"La prochaine collecte de sang organis\u00e9e \u00e0 Saint-Di\u00e9-des-Vosges par l\u2019\u00c9tablissement Fran\u00e7ais du Sang \u2013 EFS \u2013 Grand Est, avec le [&hellip;]\" \/>\n<meta name=\"twitter:image\" content=\"https:\/\/vosgesinfo.fr\/app\/uploads\/sites\/4\/2026\/04\/don-de-sang.jpg\" \/>\n<meta name=\"twitter:creator\" content=\"@VosgesInfo88\" \/>\n<meta name=\"twitter:site\" content=\"@VosgesInfo88\" \/>\n<meta name=\"twitter:label1\" content=\"\u00c9crit par\" \/>\n\t<meta name=\"twitter:data1\" content=\"J.J.\" \/>\n\t<meta name=\"twitter:label2\" content=\"Dur\u00e9e de lecture estim\u00e9e\" \/>\n\t<meta name=\"twitter:data2\" content=\"1 minute\" \/>\n<script type=\"application\/ld+json\" class=\"yoast-schema-graph\">{\"@context\":\"https:\/\/schema.org\",\"@graph\":[{\"@type\":\"Article\",\"@id\":\"https:\/\/vosgesinfo.fr\/saintdieinfo\/2026\/08\/prochaine-collecte-de-sang-a-saint-die-des-vosges-demain-mardi-1er-septembre\/#article\",\"isPartOf\":{\"@id\":\"https:\/\/vosgesinfo.fr\/saintdieinfo\/2026\/08\/prochaine-collecte-de-sang-a-saint-die-des-vosges-demain-mardi-1er-septembre\/\"},\"author\":{\"name\":\"J.J.\",\"@id\":\"https:\/\/vosgesinfo.fr\/saintdieinfo\/#\/schema\/person\/fa73e9f726d67bb88f46d5b7943cb572\"},\"headline\":\"Prochaine collecte de sang \u00e0 Saint-Di\u00e9-des-Vosges demain mardi 1er septembre\",\"datePublished\":\"2026-08-31T07:03:05+00:00\",\"dateModified\":\"2026-08-31T06:52:00+00:00\",\"mainEntityOfPage\":{\"@id\":\"https:\/\/vosgesinfo.fr\/saintdieinfo\/2026\/08\/prochaine-collecte-de-sang-a-saint-die-des-vosges-demain-mardi-1er-septembre\/\"},\"wordCount\":76,\"commentCount\":0,\"publisher\":{\"@id\":\"https:\/\/vosgesinfo.fr\/saintdieinfo\/#organization\"},\"image\":{\"@id\":\"https:\/\/vosgesinfo.fr\/saintdieinfo\/2026\/08\/prochaine-collecte-de-sang-a-saint-die-des-vosges-demain-mardi-1er-septembre\/#primaryimage\"},\"thumbnailUrl\":\"https:\/\/vosgesinfo.fr\/app\/uploads\/sites\/4\/2026\/04\/don-de-sang.jpg\",\"keywords\":[\"collecte de sang\",\"don de sang\",\"Donneurs de Sang B\u00e9n\u00e9voles\",\"Espace Fran\u00e7ois-Mitterrand\",\"\u00c9tablissement Fran\u00e7ais du Sang \u2013 EFS \u2013 Grand Est\"],\"articleSection\":[\"Br\u00e8ves\",\"Saint-Di\u00e9-des-Vosges\",\"Sant\u00e9\",\"Solidarit\u00e9\",\"Vie Associative\"],\"inLanguage\":\"fr-FR\",\"potentialAction\":[{\"@type\":\"CommentAction\",\"name\":\"Comment\",\"target\":[\"https:\/\/vosgesinfo.fr\/saintdieinfo\/2026\/08\/prochaine-collecte-de-sang-a-saint-die-des-vosges-demain-mardi-1er-septembre\/#respond\"]}]},{\"@type\":\"WebPage\",\"@id\":\"https:\/\/vosgesinfo.fr\/saintdieinfo\/2026\/08\/prochaine-collecte-de-sang-a-saint-die-des-vosges-demain-mardi-1er-septembre\/\",\"url\":\"https:\/\/vosgesinfo.fr\/saintdieinfo\/2026\/08\/prochaine-collecte-de-sang-a-saint-die-des-vosges-demain-mardi-1er-septembre\/\",\"name\":\"Prochaine collecte de sang \u00e0 Saint-Di\u00e9-des-Vosges demain mardi 1er septembre - Saint Die Info\",\"isPartOf\":{\"@id\":\"https:\/\/vosgesinfo.fr\/saintdieinfo\/#website\"},\"primaryImageOfPage\":{\"@id\":\"https:\/\/vosgesinfo.fr\/saintdieinfo\/2026\/08\/prochaine-collecte-de-sang-a-saint-die-des-vosges-demain-mardi-1er-septembre\/#primaryimage\"},\"image\":{\"@id\":\"https:\/\/vosgesinfo.fr\/saintdieinfo\/2026\/08\/prochaine-collecte-de-sang-a-saint-die-des-vosges-demain-mardi-1er-septembre\/#primaryimage\"},\"thumbnailUrl\":\"https:\/\/vosgesinfo.fr\/app\/uploads\/sites\/4\/2026\/04\/don-de-sang.jpg\",\"datePublished\":\"2026-08-31T07:03:05+00:00\",\"dateModified\":\"2026-08-31T06:52:00+00:00\",\"breadcrumb\":{\"@id\":\"https:\/\/vosgesinfo.fr\/saintdieinfo\/2026\/08\/prochaine-collecte-de-sang-a-saint-die-des-vosges-demain-mardi-1er-septembre\/#breadcrumb\"},\"inLanguage\":\"fr-FR\",\"potentialAction\":[{\"@type\":\"ReadAction\",\"target\":[\"https:\/\/vosgesinfo.fr\/saintdieinfo\/2026\/08\/prochaine-collecte-de-sang-a-saint-die-des-vosges-demain-mardi-1er-septembre\/\"]}]},{\"@type\":\"ImageObject\",\"inLanguage\":\"fr-FR\",\"@id\":\"https:\/\/vosgesinfo.fr\/saintdieinfo\/2026\/08\/prochaine-collecte-de-sang-a-saint-die-des-vosges-demain-mardi-1er-septembre\/#primaryimage\",\"url\":\"https:\/\/vosgesinfo.fr\/app\/uploads\/sites\/4\/2026\/04\/don-de-sang.jpg\",\"contentUrl\":\"https:\/\/vosgesinfo.fr\/app\/uploads\/sites\/4\/2026\/04\/don-de-sang.jpg\",\"width\":800,\"height\":600,\"caption\":\"(Photographie Don de Sang Vosges)\"},{\"@type\":\"BreadcrumbList\",\"@id\":\"https:\/\/vosgesinfo.fr\/saintdieinfo\/2026\/08\/prochaine-collecte-de-sang-a-saint-die-des-vosges-demain-mardi-1er-septembre\/#breadcrumb\",\"itemListElement\":[{\"@type\":\"ListItem\",\"position\":1,\"name\":\"Home\",\"item\":\"https:\/\/vosgesinfo.fr\/saintdieinfo\/\"},{\"@type\":\"ListItem\",\"position\":2,\"name\":\"Prochaine collecte de sang \u00e0 Saint-Di\u00e9-des-Vosges demain mardi 1er septembre\"}]},{\"@type\":\"WebSite\",\"@id\":\"https:\/\/vosgesinfo.fr\/saintdieinfo\/#website\",\"url\":\"https:\/\/vosgesinfo.fr\/saintdieinfo\/\",\"name\":\"Saint Die Info\",\"description\":\"Toute l&#039;actualit\u00e9 de Saint-Di\u00e9-Des-Vosges\",\"publisher\":{\"@id\":\"https:\/\/vosgesinfo.fr\/saintdieinfo\/#organization\"},\"alternateName\":\"Toute l'actualit\u00e9 de Saint-Di\u00e9-Des-Vosges\",\"potentialAction\":[{\"@type\":\"SearchAction\",\"target\":{\"@type\":\"EntryPoint\",\"urlTemplate\":\"https:\/\/vosgesinfo.fr\/saintdieinfo\/?s={search_term_string}\"},\"query-input\":\"required name=search_term_string\"}],\"inLanguage\":\"fr-FR\"},{\"@type\":\"Organization\",\"@id\":\"https:\/\/vosgesinfo.fr\/saintdieinfo\/#organization\",\"name\":\"Saint Die Info\",\"url\":\"https:\/\/vosgesinfo.fr\/saintdieinfo\/\",\"logo\":{\"@type\":\"ImageObject\",\"inLanguage\":\"fr-FR\",\"@id\":\"https:\/\/vosgesinfo.fr\/saintdieinfo\/#\/schema\/logo\/image\/\",\"url\":\"https:\/\/vosgesinfo.fr\/app\/uploads\/sites\/4\/2024\/02\/logo-sdi.jpg\",\"contentUrl\":\"https:\/\/vosgesinfo.fr\/app\/uploads\/sites\/4\/2024\/02\/logo-sdi.jpg\",\"width\":600,\"height\":600,\"caption\":\"Saint Die Info\"},\"image\":{\"@id\":\"https:\/\/vosgesinfo.fr\/saintdieinfo\/#\/schema\/logo\/image\/\"},\"sameAs\":[\"https:\/\/www.facebook.com\/Saintdieinfofr\",\"https:\/\/x.com\/VosgesInfo88\",\"https:\/\/www.youtube.com\/@vosgesinfo\"]},{\"@type\":\"Person\",\"@id\":\"https:\/\/vosgesinfo.fr\/saintdieinfo\/#\/schema\/person\/fa73e9f726d67bb88f46d5b7943cb572\",\"name\":\"J.J.\",\"image\":{\"@type\":\"ImageObject\",\"inLanguage\":\"fr-FR\",\"@id\":\"https:\/\/vosgesinfo.fr\/saintdieinfo\/#\/schema\/person\/image\/\",\"url\":\"https:\/\/secure.gravatar.com\/avatar\/219e749e47ffbcca018a360ae4add7d4cdf1cdaaf8bc7676b27efade3fe65615?s=96&d=mm&r=g\",\"contentUrl\":\"https:\/\/secure.gravatar.com\/avatar\/219e749e47ffbcca018a360ae4add7d4cdf1cdaaf8bc7676b27efade3fe65615?s=96&d=mm&r=g\",\"caption\":\"J.J.\"},\"url\":\"https:\/\/vosgesinfo.fr\/saintdieinfo\/author\/j-j\/\"}]}<\/script>\n<!-- \/ Yoast SEO plugin. -->","yoast_head_json":{"title":"Prochaine collecte de sang \u00e0 Saint-Di\u00e9-des-Vosges demain mardi 1er septembre - Saint Die Info","robots":{"index":"index","follow":"follow","max-snippet":"max-snippet:-1","max-image-preview":"max-image-preview:large","max-video-preview":"max-video-preview:-1"},"canonical":"https:\/\/vosgesinfo.fr\/saintdieinfo\/2026\/08\/prochaine-collecte-de-sang-a-saint-die-des-vosges-demain-mardi-1er-septembre\/","twitter_card":"summary_large_image","twitter_title":"Prochaine collecte de sang \u00e0 Saint-Di\u00e9-des-Vosges demain mardi 1er septembre - Saint Die Info","twitter_description":"La prochaine collecte de sang organis\u00e9e \u00e0 Saint-Di\u00e9-des-Vosges par l\u2019\u00c9tablissement Fran\u00e7ais du Sang \u2013 EFS \u2013 Grand Est, avec le [&hellip;]","twitter_image":"https:\/\/vosgesinfo.fr\/app\/uploads\/sites\/4\/2026\/04\/don-de-sang.jpg","twitter_creator":"@VosgesInfo88","twitter_site":"@VosgesInfo88","twitter_misc":{"\u00c9crit par":"J.J.","Dur\u00e9e de lecture estim\u00e9e":"1 minute"},"schema":{"@context":"https:\/\/schema.org","@graph":[{"@type":"Article","@id":"https:\/\/vosgesinfo.fr\/saintdieinfo\/2026\/08\/prochaine-collecte-de-sang-a-saint-die-des-vosges-demain-mardi-1er-septembre\/#article","isPartOf":{"@id":"https:\/\/vosgesinfo.fr\/saintdieinfo\/2026\/08\/prochaine-collecte-de-sang-a-saint-die-des-vosges-demain-mardi-1er-septembre\/"},"author":{"name":"J.J.","@id":"https:\/\/vosgesinfo.fr\/saintdieinfo\/#\/schema\/person\/fa73e9f726d67bb88f46d5b7943cb572"},"headline":"Prochaine collecte de sang \u00e0 Saint-Di\u00e9-des-Vosges demain mardi 1er septembre","datePublished":"2026-08-31T07:03:05+00:00","dateModified":"2026-08-31T06:52:00+00:00","mainEntityOfPage":{"@id":"https:\/\/vosgesinfo.fr\/saintdieinfo\/2026\/08\/prochaine-collecte-de-sang-a-saint-die-des-vosges-demain-mardi-1er-septembre\/"},"wordCount":76,"commentCount":0,"publisher":{"@id":"https:\/\/vosgesinfo.fr\/saintdieinfo\/#organization"},"image":{"@id":"https:\/\/vosgesinfo.fr\/saintdieinfo\/2026\/08\/prochaine-collecte-de-sang-a-saint-die-des-vosges-demain-mardi-1er-septembre\/#primaryimage"},"thumbnailUrl":"https:\/\/vosgesinfo.fr\/app\/uploads\/sites\/4\/2026\/04\/don-de-sang.jpg","keywords":["collecte de sang","don de sang","Donneurs de Sang B\u00e9n\u00e9voles","Espace Fran\u00e7ois-Mitterrand","\u00c9tablissement Fran\u00e7ais du Sang \u2013 EFS \u2013 Grand Est"],"articleSection":["Br\u00e8ves","Saint-Di\u00e9-des-Vosges","Sant\u00e9","Solidarit\u00e9","Vie Associative"],"inLanguage":"fr-FR","potentialAction":[{"@type":"CommentAction","name":"Comment","target":["https:\/\/vosgesinfo.fr\/saintdieinfo\/2026\/08\/prochaine-collecte-de-sang-a-saint-die-des-vosges-demain-mardi-1er-septembre\/#respond"]}]},{"@type":"WebPage","@id":"https:\/\/vosgesinfo.fr\/saintdieinfo\/2026\/08\/prochaine-collecte-de-sang-a-saint-die-des-vosges-demain-mardi-1er-septembre\/","url":"https:\/\/vosgesinfo.fr\/saintdieinfo\/2026\/08\/prochaine-collecte-de-sang-a-saint-die-des-vosges-demain-mardi-1er-septembre\/","name":"Prochaine collecte de sang \u00e0 Saint-Di\u00e9-des-Vosges demain mardi 1er septembre - Saint Die Info","isPartOf":{"@id":"https:\/\/vosgesinfo.fr\/saintdieinfo\/#website"},"primaryImageOfPage":{"@id":"https:\/\/vosgesinfo.fr\/saintdieinfo\/2026\/08\/prochaine-collecte-de-sang-a-saint-die-des-vosges-demain-mardi-1er-septembre\/#primaryimage"},"image":{"@id":"https:\/\/vosgesinfo.fr\/saintdieinfo\/2026\/08\/prochaine-collecte-de-sang-a-saint-die-des-vosges-demain-mardi-1er-septembre\/#primaryimage"},"thumbnailUrl":"https:\/\/vosgesinfo.fr\/app\/uploads\/sites\/4\/2026\/04\/don-de-sang.jpg","datePublished":"2026-08-31T07:03:05+00:00","dateModified":"2026-08-31T06:52:00+00:00","breadcrumb":{"@id":"https:\/\/vosgesinfo.fr\/saintdieinfo\/2026\/08\/prochaine-collecte-de-sang-a-saint-die-des-vosges-demain-mardi-1er-septembre\/#breadcrumb"},"inLanguage":"fr-FR","potentialAction":[{"@type":"ReadAction","target":["https:\/\/vosgesinfo.fr\/saintdieinfo\/2026\/08\/prochaine-collecte-de-sang-a-saint-die-des-vosges-demain-mardi-1er-septembre\/"]}]},{"@type":"ImageObject","inLanguage":"fr-FR","@id":"https:\/\/vosgesinfo.fr\/saintdieinfo\/2026\/08\/prochaine-collecte-de-sang-a-saint-die-des-vosges-demain-mardi-1er-septembre\/#primaryimage","url":"https:\/\/vosgesinfo.fr\/app\/uploads\/sites\/4\/2026\/04\/don-de-sang.jpg","contentUrl":"https:\/\/vosgesinfo.fr\/app\/uploads\/sites\/4\/2026\/04\/don-de-sang.jpg","width":800,"height":600,"caption":"(Photographie Don de Sang Vosges)"},{"@type":"BreadcrumbList","@id":"https:\/\/vosgesinfo.fr\/saintdieinfo\/2026\/08\/prochaine-collecte-de-sang-a-saint-die-des-vosges-demain-mardi-1er-septembre\/#breadcrumb","itemListElement":[{"@type":"ListItem","position":1,"name":"Home","item":"https:\/\/vosgesinfo.fr\/saintdieinfo\/"},{"@type":"ListItem","position":2,"name":"Prochaine collecte de sang \u00e0 Saint-Di\u00e9-des-Vosges demain mardi 1er septembre"}]},{"@type":"WebSite","@id":"https:\/\/vosgesinfo.fr\/saintdieinfo\/#website","url":"https:\/\/vosgesinfo.fr\/saintdieinfo\/","name":"Saint Die Info","description":"Toute l&#039;actualit\u00e9 de Saint-Di\u00e9-Des-Vosges","publisher":{"@id":"https:\/\/vosgesinfo.fr\/saintdieinfo\/#organization"},"alternateName":"Toute l'actualit\u00e9 de Saint-Di\u00e9-Des-Vosges","potentialAction":[{"@type":"SearchAction","target":{"@type":"EntryPoint","urlTemplate":"https:\/\/vosgesinfo.fr\/saintdieinfo\/?s={search_term_string}"},"query-input":"required name=search_term_string"}],"inLanguage":"fr-FR"},{"@type":"Organization","@id":"https:\/\/vosgesinfo.fr\/saintdieinfo\/#organization","name":"Saint Die Info","url":"https:\/\/vosgesinfo.fr\/saintdieinfo\/","logo":{"@type":"ImageObject","inLanguage":"fr-FR","@id":"https:\/\/vosgesinfo.fr\/saintdieinfo\/#\/schema\/logo\/image\/","url":"https:\/\/vosgesinfo.fr\/app\/uploads\/sites\/4\/2024\/02\/logo-sdi.jpg","contentUrl":"https:\/\/vosgesinfo.fr\/app\/uploads\/sites\/4\/2024\/02\/logo-sdi.jpg","width":600,"height":600,"caption":"Saint Die Info"},"image":{"@id":"https:\/\/vosgesinfo.fr\/saintdieinfo\/#\/schema\/logo\/image\/"},"sameAs":["https:\/\/www.facebook.com\/Saintdieinfofr","https:\/\/x.com\/VosgesInfo88","https:\/\/www.youtube.com\/@vosgesinfo"]},{"@type":"Person","@id":"https:\/\/vosgesinfo.fr\/saintdieinfo\/#\/schema\/person\/fa73e9f726d67bb88f46d5b7943cb572","name":"J.J.","image":{"@type":"ImageObject","inLanguage":"fr-FR","@id":"https:\/\/vosgesinfo.fr\/saintdieinfo\/#\/schema\/person\/image\/","url":"https:\/\/secure.gravatar.com\/avatar\/219e749e47ffbcca018a360ae4add7d4cdf1cdaaf8bc7676b27efade3fe65615?s=96&d=mm&r=g","contentUrl":"https:\/\/secure.gravatar.com\/avatar\/219e749e47ffbcca018a360ae4add7d4cdf1cdaaf8bc7676b27efade3fe65615?s=96&d=mm&r=g","caption":"J.J."},"url":"https:\/\/vosgesinfo.fr\/saintdieinfo\/author\/j-j\/"}]}},"_links":{"self":[{"href":"https:\/\/vosgesinfo.fr\/saintdieinfo\/wp-json\/wp\/v2\/posts\/95544","targetHints":{"allow":["GET"]}}],"collection":[{"href":"https:\/\/vosgesinfo.fr\/saintdieinfo\/wp-json\/wp\/v2\/posts"}],"about":[{"href":"https:\/\/vosgesinfo.fr\/saintdieinfo\/wp-json\/wp\/v2\/types\/post"}],"author":[{"embeddable":true,"href":"https:\/\/vosgesinfo.fr\/saintdieinfo\/wp-json\/wp\/v2\/users\/46"}],"replies":[{"embeddable":true,"href":"https:\/\/vosgesinfo.fr\/saintdieinfo\/wp-json\/wp\/v2\/comments?post=95544"}],"version-history":[{"count":1,"href":"https:\/\/vosgesinfo.fr\/saintdieinfo\/wp-json\/wp\/v2\/posts\/95544\/revisions"}],"predecessor-version":[{"id":95546,"href":"https:\/\/vosgesinfo.fr\/saintdieinfo\/wp-json\/wp\/v2\/posts\/95544\/revisions\/95546"}],"wp:featuredmedia":[{"embeddable":true,"href":"https:\/\/vosgesinfo.fr\/saintdieinfo\/wp-json\/wp\/v2\/media\/90212"}],"wp:attachment":[{"href":"https:\/\/vosgesinfo.fr\/saintdieinfo\/wp-json\/wp\/v2\/media?parent=95544"}],"wp:term":[{"taxonomy":"category","embeddable":true,"href":"https:\/\/vosgesinfo.fr\/saintdieinfo\/wp-json\/wp\/v2\/categories?post=95544"},{"taxonomy":"post_tag","embeddable":true,"href":"https:\/\/vosgesinfo.fr\/saintdieinfo\/wp-json\/wp\/v2\/tags?post=95544"}],"curies":[{"name":"wp","href":"https:\/\/api.w.org\/{rel}","templated":true}]}}