{"id":95547,"date":"2026-08-31T10:03:10","date_gmt":"2026-08-31T08:03:10","guid":{"rendered":"https:\/\/vosgesinfo.fr\/saintdieinfo\/?p=95547"},"modified":"2026-08-31T09:56:09","modified_gmt":"2026-08-31T07:56:09","slug":"pour-sa-rentree-le-cepagrap-met-son-artotheque-a-lhonneur-avec-lart-a-domicile","status":"publish","type":"post","link":"https:\/\/vosgesinfo.fr\/saintdieinfo\/2026\/08\/pour-sa-rentree-le-cepagrap-met-son-artotheque-a-lhonneur-avec-lart-a-domicile\/","title":{"rendered":"Pour sa rentr\u00e9e, le CEPAGRAP met son Artoth\u00e8que \u00e0 l\u2019honneur avec \u00ab\u00a0L\u2019Art \u00e0 domicile\u00a0\u00bb"},"content":{"rendered":"<h2>Pour la modique somme de <strong>15 euros<\/strong>, une \u0153uvre d\u2019art contemporain peut quitter le <strong>CEPAGRAP<\/strong> et rejoindre les murs d\u2019un particulier pendant <strong>trois mois<\/strong>. L\u2019Artoth\u00e8que du CEPAGRAP, qui existe depuis maintenant <strong>quatre ans<\/strong>, sera au c\u0153ur de l\u2019exposition gratuite <strong>\u00ab\u00a0L\u2019Art \u00e0 domicile\u00a0\u00bb<\/strong>, pr\u00e9sent\u00e9e du <strong>mardi 1er au samedi 19 septembre<\/strong> \u00e0 l\u2019<strong>Espace des Arts Plastiques de Saint-Di\u00e9-des-Vosges<\/strong> (20, rue du 10e BCP).<\/h2>\n<p><!--more--><\/p>\n<h3><strong>Une collection de 61 artistes du Grand Est<\/strong><\/h3>\n<p>Exposition de rentr\u00e9e du CEPAGRAP, \u00ab\u00a0L\u2019Art \u00e0 domicile\u00a0\u00bb pr\u00e9sente le travail de <strong>61 artistes du Grand Est<\/strong>, dont plusieurs du territoire. <strong>Estampes, dessins, gravures et photographies<\/strong> composent la collection de l\u2019Artoth\u00e8que. Chaque \u0153uvre peut \u00eatre <strong>lou\u00e9e pour un trimestre<\/strong>, avec la possibilit\u00e9 de renouveler l\u2019emprunt ou de l\u2019acqu\u00e9rir. Les cr\u00e9ateurs sont indemnis\u00e9s pour le pr\u00eat de leurs \u0153uvres.<\/p>\n<h3><strong>L\u2019Artoth\u00e8que va circuler sur le territoire de la D\u00e9odatie<\/strong><\/h3>\n<p>Prolongement des expositions de la <strong>Galerie d\u2019Art du CEPAGRAP<\/strong>, l\u2019Artoth\u00e8que circulera <strong>\u00e0 partir de cette ann\u00e9e<\/strong> dans diff\u00e9rents lieux de la <strong>Communaut\u00e9 d\u2019Agglom\u00e9ration de Saint-Di\u00e9-des-Vosges<\/strong> afin de permettre au public de d\u00e9couvrir sa collection plus pr\u00e8s de chez lui.<\/p>\n<p>Contact et renseignements compl\u00e9mentaires <strong>par t\u00e9l\u00e9phone<\/strong>, au <strong>03-29-56-26-04<\/strong>, ou <strong>par courriel via <a href=\"mailto:cepagrap@wanadoo.fr\" target=\"_blank\" rel=\"noopener\">cepagrap@wanadoo.fr<\/a><\/strong>.<\/p>\n<div id=\"attachment_95548\" style=\"width: 436px\" class=\"wp-caption alignnone\"><a href=\"https:\/\/vosgesinfo.fr\/app\/uploads\/sites\/4\/2026\/08\/exposition-artotheque-cepagrap.jpeg\"><img decoding=\"async\" aria-describedby=\"caption-attachment-95548\" class=\"size-full wp-image-95548\" src=\"https:\/\/vosgesinfo.fr\/app\/uploads\/sites\/4\/2026\/08\/exposition-artotheque-cepagrap.jpeg\" alt=\"\" width=\"426\" height=\"640\" srcset=\"https:\/\/vosgesinfo.fr\/app\/uploads\/sites\/4\/2026\/08\/exposition-artotheque-cepagrap.jpeg 426w, https:\/\/vosgesinfo.fr\/app\/uploads\/sites\/4\/2026\/08\/exposition-artotheque-cepagrap-200x300.jpeg 200w\" sizes=\"(max-width: 426px) 100vw, 426px\" \/><\/a><p id=\"caption-attachment-95548\" class=\"wp-caption-text\">(Cr\u00e9dit image CEPAGRAP)<\/p><\/div>\n","protected":false},"excerpt":{"rendered":"<p>Pour la modique somme de 15 euros, une \u0153uvre d\u2019art contemporain peut quitter le CEPAGRAP et rejoindre les murs d\u2019un [&hellip;]<\/p>\n","protected":false},"author":46,"featured_media":95548,"comment_status":"open","ping_status":"open","sticky":false,"template":"","format":"standard","meta":{"footnotes":""},"categories":[460,8019,167],"tags":[9642,5263,3084,22795,22794],"class_list":["post-95547","post","type-post","status-publish","format-standard","has-post-thumbnail","hentry","category-a-la-une","category-vie-artistique-art-culture","category-saint-die-des-vosges","tag-art-contemporain","tag-artotheque-du-cepagrap","tag-cepagrap","tag-galerie-dart-du-cepagrap","tag-lart-a-domicile"],"acf":[],"yoast_head":"<!-- This site is optimized with the Yoast SEO plugin v22.5 - https:\/\/yoast.com\/wordpress\/plugins\/seo\/ -->\n<title>Pour sa rentr\u00e9e, le CEPAGRAP met son Artoth\u00e8que \u00e0 l\u2019honneur avec &quot;L\u2019Art \u00e0 domicile&quot; - Saint Die Info<\/title>\n<meta name=\"robots\" content=\"index, follow, max-snippet:-1, max-image-preview:large, max-video-preview:-1\" \/>\n<link rel=\"canonical\" href=\"https:\/\/vosgesinfo.fr\/saintdieinfo\/2026\/08\/pour-sa-rentree-le-cepagrap-met-son-artotheque-a-lhonneur-avec-lart-a-domicile\/\" \/>\n<meta name=\"twitter:card\" content=\"summary_large_image\" \/>\n<meta name=\"twitter:title\" content=\"Pour sa rentr\u00e9e, le CEPAGRAP met son Artoth\u00e8que \u00e0 l\u2019honneur avec &quot;L\u2019Art \u00e0 domicile&quot; - Saint Die Info\" \/>\n<meta name=\"twitter:description\" content=\"Pour la modique somme de 15 euros, une \u0153uvre d\u2019art contemporain peut quitter le CEPAGRAP et rejoindre les murs d\u2019un [&hellip;]\" \/>\n<meta name=\"twitter:image\" content=\"https:\/\/vosgesinfo.fr\/app\/uploads\/sites\/4\/2026\/08\/exposition-artotheque-cepagrap.jpeg\" \/>\n<meta name=\"twitter:creator\" content=\"@VosgesInfo88\" \/>\n<meta name=\"twitter:site\" content=\"@VosgesInfo88\" \/>\n<meta name=\"twitter:label1\" content=\"\u00c9crit par\" \/>\n\t<meta name=\"twitter:data1\" content=\"J.J.\" \/>\n\t<meta name=\"twitter:label2\" content=\"Dur\u00e9e de lecture estim\u00e9e\" \/>\n\t<meta name=\"twitter:data2\" content=\"1 minute\" \/>\n<script type=\"application\/ld+json\" class=\"yoast-schema-graph\">{\"@context\":\"https:\/\/schema.org\",\"@graph\":[{\"@type\":\"Article\",\"@id\":\"https:\/\/vosgesinfo.fr\/saintdieinfo\/2026\/08\/pour-sa-rentree-le-cepagrap-met-son-artotheque-a-lhonneur-avec-lart-a-domicile\/#article\",\"isPartOf\":{\"@id\":\"https:\/\/vosgesinfo.fr\/saintdieinfo\/2026\/08\/pour-sa-rentree-le-cepagrap-met-son-artotheque-a-lhonneur-avec-lart-a-domicile\/\"},\"author\":{\"name\":\"J.J.\",\"@id\":\"https:\/\/vosgesinfo.fr\/saintdieinfo\/#\/schema\/person\/fa73e9f726d67bb88f46d5b7943cb572\"},\"headline\":\"Pour sa rentr\u00e9e, le CEPAGRAP met son Artoth\u00e8que \u00e0 l\u2019honneur avec \u00ab\u00a0L\u2019Art \u00e0 domicile\u00a0\u00bb\",\"datePublished\":\"2026-08-31T08:03:10+00:00\",\"dateModified\":\"2026-08-31T07:56:09+00:00\",\"mainEntityOfPage\":{\"@id\":\"https:\/\/vosgesinfo.fr\/saintdieinfo\/2026\/08\/pour-sa-rentree-le-cepagrap-met-son-artotheque-a-lhonneur-avec-lart-a-domicile\/\"},\"wordCount\":251,\"commentCount\":0,\"publisher\":{\"@id\":\"https:\/\/vosgesinfo.fr\/saintdieinfo\/#organization\"},\"image\":{\"@id\":\"https:\/\/vosgesinfo.fr\/saintdieinfo\/2026\/08\/pour-sa-rentree-le-cepagrap-met-son-artotheque-a-lhonneur-avec-lart-a-domicile\/#primaryimage\"},\"thumbnailUrl\":\"https:\/\/vosgesinfo.fr\/app\/uploads\/sites\/4\/2026\/08\/exposition-artotheque-cepagrap.jpeg\",\"keywords\":[\"Art contemporain\",\"Artoth\u00e8que du CEPAGRAP\",\"CEPAGRAP\",\"Galerie d\u2019Art du CEPAGRAP\",\"L\u2019Art \u00e0 domicile\"],\"articleSection\":[\"A la Une\",\"Art\",\"Saint-Di\u00e9-des-Vosges\"],\"inLanguage\":\"fr-FR\",\"potentialAction\":[{\"@type\":\"CommentAction\",\"name\":\"Comment\",\"target\":[\"https:\/\/vosgesinfo.fr\/saintdieinfo\/2026\/08\/pour-sa-rentree-le-cepagrap-met-son-artotheque-a-lhonneur-avec-lart-a-domicile\/#respond\"]}]},{\"@type\":\"WebPage\",\"@id\":\"https:\/\/vosgesinfo.fr\/saintdieinfo\/2026\/08\/pour-sa-rentree-le-cepagrap-met-son-artotheque-a-lhonneur-avec-lart-a-domicile\/\",\"url\":\"https:\/\/vosgesinfo.fr\/saintdieinfo\/2026\/08\/pour-sa-rentree-le-cepagrap-met-son-artotheque-a-lhonneur-avec-lart-a-domicile\/\",\"name\":\"Pour sa rentr\u00e9e, le CEPAGRAP met son Artoth\u00e8que \u00e0 l\u2019honneur avec \\\"L\u2019Art \u00e0 domicile\\\" - Saint Die Info\",\"isPartOf\":{\"@id\":\"https:\/\/vosgesinfo.fr\/saintdieinfo\/#website\"},\"primaryImageOfPage\":{\"@id\":\"https:\/\/vosgesinfo.fr\/saintdieinfo\/2026\/08\/pour-sa-rentree-le-cepagrap-met-son-artotheque-a-lhonneur-avec-lart-a-domicile\/#primaryimage\"},\"image\":{\"@id\":\"https:\/\/vosgesinfo.fr\/saintdieinfo\/2026\/08\/pour-sa-rentree-le-cepagrap-met-son-artotheque-a-lhonneur-avec-lart-a-domicile\/#primaryimage\"},\"thumbnailUrl\":\"https:\/\/vosgesinfo.fr\/app\/uploads\/sites\/4\/2026\/08\/exposition-artotheque-cepagrap.jpeg\",\"datePublished\":\"2026-08-31T08:03:10+00:00\",\"dateModified\":\"2026-08-31T07:56:09+00:00\",\"breadcrumb\":{\"@id\":\"https:\/\/vosgesinfo.fr\/saintdieinfo\/2026\/08\/pour-sa-rentree-le-cepagrap-met-son-artotheque-a-lhonneur-avec-lart-a-domicile\/#breadcrumb\"},\"inLanguage\":\"fr-FR\",\"potentialAction\":[{\"@type\":\"ReadAction\",\"target\":[\"https:\/\/vosgesinfo.fr\/saintdieinfo\/2026\/08\/pour-sa-rentree-le-cepagrap-met-son-artotheque-a-lhonneur-avec-lart-a-domicile\/\"]}]},{\"@type\":\"ImageObject\",\"inLanguage\":\"fr-FR\",\"@id\":\"https:\/\/vosgesinfo.fr\/saintdieinfo\/2026\/08\/pour-sa-rentree-le-cepagrap-met-son-artotheque-a-lhonneur-avec-lart-a-domicile\/#primaryimage\",\"url\":\"https:\/\/vosgesinfo.fr\/app\/uploads\/sites\/4\/2026\/08\/exposition-artotheque-cepagrap.jpeg\",\"contentUrl\":\"https:\/\/vosgesinfo.fr\/app\/uploads\/sites\/4\/2026\/08\/exposition-artotheque-cepagrap.jpeg\",\"width\":426,\"height\":640,\"caption\":\"(Cr\u00e9dit image CEPAGRAP)\"},{\"@type\":\"BreadcrumbList\",\"@id\":\"https:\/\/vosgesinfo.fr\/saintdieinfo\/2026\/08\/pour-sa-rentree-le-cepagrap-met-son-artotheque-a-lhonneur-avec-lart-a-domicile\/#breadcrumb\",\"itemListElement\":[{\"@type\":\"ListItem\",\"position\":1,\"name\":\"Home\",\"item\":\"https:\/\/vosgesinfo.fr\/saintdieinfo\/\"},{\"@type\":\"ListItem\",\"position\":2,\"name\":\"Pour sa rentr\u00e9e, le CEPAGRAP met son Artoth\u00e8que \u00e0 l\u2019honneur avec \u00ab\u00a0L\u2019Art \u00e0 domicile\u00a0\u00bb\"}]},{\"@type\":\"WebSite\",\"@id\":\"https:\/\/vosgesinfo.fr\/saintdieinfo\/#website\",\"url\":\"https:\/\/vosgesinfo.fr\/saintdieinfo\/\",\"name\":\"Saint Die Info\",\"description\":\"Toute l&#039;actualit\u00e9 de Saint-Di\u00e9-Des-Vosges\",\"publisher\":{\"@id\":\"https:\/\/vosgesinfo.fr\/saintdieinfo\/#organization\"},\"alternateName\":\"Toute l'actualit\u00e9 de Saint-Di\u00e9-Des-Vosges\",\"potentialAction\":[{\"@type\":\"SearchAction\",\"target\":{\"@type\":\"EntryPoint\",\"urlTemplate\":\"https:\/\/vosgesinfo.fr\/saintdieinfo\/?s={search_term_string}\"},\"query-input\":\"required name=search_term_string\"}],\"inLanguage\":\"fr-FR\"},{\"@type\":\"Organization\",\"@id\":\"https:\/\/vosgesinfo.fr\/saintdieinfo\/#organization\",\"name\":\"Saint Die Info\",\"url\":\"https:\/\/vosgesinfo.fr\/saintdieinfo\/\",\"logo\":{\"@type\":\"ImageObject\",\"inLanguage\":\"fr-FR\",\"@id\":\"https:\/\/vosgesinfo.fr\/saintdieinfo\/#\/schema\/logo\/image\/\",\"url\":\"https:\/\/vosgesinfo.fr\/app\/uploads\/sites\/4\/2024\/02\/logo-sdi.jpg\",\"contentUrl\":\"https:\/\/vosgesinfo.fr\/app\/uploads\/sites\/4\/2024\/02\/logo-sdi.jpg\",\"width\":600,\"height\":600,\"caption\":\"Saint Die Info\"},\"image\":{\"@id\":\"https:\/\/vosgesinfo.fr\/saintdieinfo\/#\/schema\/logo\/image\/\"},\"sameAs\":[\"https:\/\/www.facebook.com\/Saintdieinfofr\",\"https:\/\/x.com\/VosgesInfo88\",\"https:\/\/www.youtube.com\/@vosgesinfo\"]},{\"@type\":\"Person\",\"@id\":\"https:\/\/vosgesinfo.fr\/saintdieinfo\/#\/schema\/person\/fa73e9f726d67bb88f46d5b7943cb572\",\"name\":\"J.J.\",\"image\":{\"@type\":\"ImageObject\",\"inLanguage\":\"fr-FR\",\"@id\":\"https:\/\/vosgesinfo.fr\/saintdieinfo\/#\/schema\/person\/image\/\",\"url\":\"https:\/\/secure.gravatar.com\/avatar\/219e749e47ffbcca018a360ae4add7d4cdf1cdaaf8bc7676b27efade3fe65615?s=96&d=mm&r=g\",\"contentUrl\":\"https:\/\/secure.gravatar.com\/avatar\/219e749e47ffbcca018a360ae4add7d4cdf1cdaaf8bc7676b27efade3fe65615?s=96&d=mm&r=g\",\"caption\":\"J.J.\"},\"url\":\"https:\/\/vosgesinfo.fr\/saintdieinfo\/author\/j-j\/\"}]}<\/script>\n<!-- \/ Yoast SEO plugin. -->","yoast_head_json":{"title":"Pour sa rentr\u00e9e, le CEPAGRAP met son Artoth\u00e8que \u00e0 l\u2019honneur avec \"L\u2019Art \u00e0 domicile\" - Saint Die Info","robots":{"index":"index","follow":"follow","max-snippet":"max-snippet:-1","max-image-preview":"max-image-preview:large","max-video-preview":"max-video-preview:-1"},"canonical":"https:\/\/vosgesinfo.fr\/saintdieinfo\/2026\/08\/pour-sa-rentree-le-cepagrap-met-son-artotheque-a-lhonneur-avec-lart-a-domicile\/","twitter_card":"summary_large_image","twitter_title":"Pour sa rentr\u00e9e, le CEPAGRAP met son Artoth\u00e8que \u00e0 l\u2019honneur avec \"L\u2019Art \u00e0 domicile\" - Saint Die Info","twitter_description":"Pour la modique somme de 15 euros, une \u0153uvre d\u2019art contemporain peut quitter le CEPAGRAP et rejoindre les murs d\u2019un [&hellip;]","twitter_image":"https:\/\/vosgesinfo.fr\/app\/uploads\/sites\/4\/2026\/08\/exposition-artotheque-cepagrap.jpeg","twitter_creator":"@VosgesInfo88","twitter_site":"@VosgesInfo88","twitter_misc":{"\u00c9crit par":"J.J.","Dur\u00e9e de lecture estim\u00e9e":"1 minute"},"schema":{"@context":"https:\/\/schema.org","@graph":[{"@type":"Article","@id":"https:\/\/vosgesinfo.fr\/saintdieinfo\/2026\/08\/pour-sa-rentree-le-cepagrap-met-son-artotheque-a-lhonneur-avec-lart-a-domicile\/#article","isPartOf":{"@id":"https:\/\/vosgesinfo.fr\/saintdieinfo\/2026\/08\/pour-sa-rentree-le-cepagrap-met-son-artotheque-a-lhonneur-avec-lart-a-domicile\/"},"author":{"name":"J.J.","@id":"https:\/\/vosgesinfo.fr\/saintdieinfo\/#\/schema\/person\/fa73e9f726d67bb88f46d5b7943cb572"},"headline":"Pour sa rentr\u00e9e, le CEPAGRAP met son Artoth\u00e8que \u00e0 l\u2019honneur avec \u00ab\u00a0L\u2019Art \u00e0 domicile\u00a0\u00bb","datePublished":"2026-08-31T08:03:10+00:00","dateModified":"2026-08-31T07:56:09+00:00","mainEntityOfPage":{"@id":"https:\/\/vosgesinfo.fr\/saintdieinfo\/2026\/08\/pour-sa-rentree-le-cepagrap-met-son-artotheque-a-lhonneur-avec-lart-a-domicile\/"},"wordCount":251,"commentCount":0,"publisher":{"@id":"https:\/\/vosgesinfo.fr\/saintdieinfo\/#organization"},"image":{"@id":"https:\/\/vosgesinfo.fr\/saintdieinfo\/2026\/08\/pour-sa-rentree-le-cepagrap-met-son-artotheque-a-lhonneur-avec-lart-a-domicile\/#primaryimage"},"thumbnailUrl":"https:\/\/vosgesinfo.fr\/app\/uploads\/sites\/4\/2026\/08\/exposition-artotheque-cepagrap.jpeg","keywords":["Art contemporain","Artoth\u00e8que du CEPAGRAP","CEPAGRAP","Galerie d\u2019Art du CEPAGRAP","L\u2019Art \u00e0 domicile"],"articleSection":["A la Une","Art","Saint-Di\u00e9-des-Vosges"],"inLanguage":"fr-FR","potentialAction":[{"@type":"CommentAction","name":"Comment","target":["https:\/\/vosgesinfo.fr\/saintdieinfo\/2026\/08\/pour-sa-rentree-le-cepagrap-met-son-artotheque-a-lhonneur-avec-lart-a-domicile\/#respond"]}]},{"@type":"WebPage","@id":"https:\/\/vosgesinfo.fr\/saintdieinfo\/2026\/08\/pour-sa-rentree-le-cepagrap-met-son-artotheque-a-lhonneur-avec-lart-a-domicile\/","url":"https:\/\/vosgesinfo.fr\/saintdieinfo\/2026\/08\/pour-sa-rentree-le-cepagrap-met-son-artotheque-a-lhonneur-avec-lart-a-domicile\/","name":"Pour sa rentr\u00e9e, le CEPAGRAP met son Artoth\u00e8que \u00e0 l\u2019honneur avec \"L\u2019Art \u00e0 domicile\" - Saint Die Info","isPartOf":{"@id":"https:\/\/vosgesinfo.fr\/saintdieinfo\/#website"},"primaryImageOfPage":{"@id":"https:\/\/vosgesinfo.fr\/saintdieinfo\/2026\/08\/pour-sa-rentree-le-cepagrap-met-son-artotheque-a-lhonneur-avec-lart-a-domicile\/#primaryimage"},"image":{"@id":"https:\/\/vosgesinfo.fr\/saintdieinfo\/2026\/08\/pour-sa-rentree-le-cepagrap-met-son-artotheque-a-lhonneur-avec-lart-a-domicile\/#primaryimage"},"thumbnailUrl":"https:\/\/vosgesinfo.fr\/app\/uploads\/sites\/4\/2026\/08\/exposition-artotheque-cepagrap.jpeg","datePublished":"2026-08-31T08:03:10+00:00","dateModified":"2026-08-31T07:56:09+00:00","breadcrumb":{"@id":"https:\/\/vosgesinfo.fr\/saintdieinfo\/2026\/08\/pour-sa-rentree-le-cepagrap-met-son-artotheque-a-lhonneur-avec-lart-a-domicile\/#breadcrumb"},"inLanguage":"fr-FR","potentialAction":[{"@type":"ReadAction","target":["https:\/\/vosgesinfo.fr\/saintdieinfo\/2026\/08\/pour-sa-rentree-le-cepagrap-met-son-artotheque-a-lhonneur-avec-lart-a-domicile\/"]}]},{"@type":"ImageObject","inLanguage":"fr-FR","@id":"https:\/\/vosgesinfo.fr\/saintdieinfo\/2026\/08\/pour-sa-rentree-le-cepagrap-met-son-artotheque-a-lhonneur-avec-lart-a-domicile\/#primaryimage","url":"https:\/\/vosgesinfo.fr\/app\/uploads\/sites\/4\/2026\/08\/exposition-artotheque-cepagrap.jpeg","contentUrl":"https:\/\/vosgesinfo.fr\/app\/uploads\/sites\/4\/2026\/08\/exposition-artotheque-cepagrap.jpeg","width":426,"height":640,"caption":"(Cr\u00e9dit image CEPAGRAP)"},{"@type":"BreadcrumbList","@id":"https:\/\/vosgesinfo.fr\/saintdieinfo\/2026\/08\/pour-sa-rentree-le-cepagrap-met-son-artotheque-a-lhonneur-avec-lart-a-domicile\/#breadcrumb","itemListElement":[{"@type":"ListItem","position":1,"name":"Home","item":"https:\/\/vosgesinfo.fr\/saintdieinfo\/"},{"@type":"ListItem","position":2,"name":"Pour sa rentr\u00e9e, le CEPAGRAP met son Artoth\u00e8que \u00e0 l\u2019honneur avec \u00ab\u00a0L\u2019Art \u00e0 domicile\u00a0\u00bb"}]},{"@type":"WebSite","@id":"https:\/\/vosgesinfo.fr\/saintdieinfo\/#website","url":"https:\/\/vosgesinfo.fr\/saintdieinfo\/","name":"Saint Die Info","description":"Toute l&#039;actualit\u00e9 de Saint-Di\u00e9-Des-Vosges","publisher":{"@id":"https:\/\/vosgesinfo.fr\/saintdieinfo\/#organization"},"alternateName":"Toute l'actualit\u00e9 de Saint-Di\u00e9-Des-Vosges","potentialAction":[{"@type":"SearchAction","target":{"@type":"EntryPoint","urlTemplate":"https:\/\/vosgesinfo.fr\/saintdieinfo\/?s={search_term_string}"},"query-input":"required name=search_term_string"}],"inLanguage":"fr-FR"},{"@type":"Organization","@id":"https:\/\/vosgesinfo.fr\/saintdieinfo\/#organization","name":"Saint Die Info","url":"https:\/\/vosgesinfo.fr\/saintdieinfo\/","logo":{"@type":"ImageObject","inLanguage":"fr-FR","@id":"https:\/\/vosgesinfo.fr\/saintdieinfo\/#\/schema\/logo\/image\/","url":"https:\/\/vosgesinfo.fr\/app\/uploads\/sites\/4\/2024\/02\/logo-sdi.jpg","contentUrl":"https:\/\/vosgesinfo.fr\/app\/uploads\/sites\/4\/2024\/02\/logo-sdi.jpg","width":600,"height":600,"caption":"Saint Die Info"},"image":{"@id":"https:\/\/vosgesinfo.fr\/saintdieinfo\/#\/schema\/logo\/image\/"},"sameAs":["https:\/\/www.facebook.com\/Saintdieinfofr","https:\/\/x.com\/VosgesInfo88","https:\/\/www.youtube.com\/@vosgesinfo"]},{"@type":"Person","@id":"https:\/\/vosgesinfo.fr\/saintdieinfo\/#\/schema\/person\/fa73e9f726d67bb88f46d5b7943cb572","name":"J.J.","image":{"@type":"ImageObject","inLanguage":"fr-FR","@id":"https:\/\/vosgesinfo.fr\/saintdieinfo\/#\/schema\/person\/image\/","url":"https:\/\/secure.gravatar.com\/avatar\/219e749e47ffbcca018a360ae4add7d4cdf1cdaaf8bc7676b27efade3fe65615?s=96&d=mm&r=g","contentUrl":"https:\/\/secure.gravatar.com\/avatar\/219e749e47ffbcca018a360ae4add7d4cdf1cdaaf8bc7676b27efade3fe65615?s=96&d=mm&r=g","caption":"J.J."},"url":"https:\/\/vosgesinfo.fr\/saintdieinfo\/author\/j-j\/"}]}},"_links":{"self":[{"href":"https:\/\/vosgesinfo.fr\/saintdieinfo\/wp-json\/wp\/v2\/posts\/95547","targetHints":{"allow":["GET"]}}],"collection":[{"href":"https:\/\/vosgesinfo.fr\/saintdieinfo\/wp-json\/wp\/v2\/posts"}],"about":[{"href":"https:\/\/vosgesinfo.fr\/saintdieinfo\/wp-json\/wp\/v2\/types\/post"}],"author":[{"embeddable":true,"href":"https:\/\/vosgesinfo.fr\/saintdieinfo\/wp-json\/wp\/v2\/users\/46"}],"replies":[{"embeddable":true,"href":"https:\/\/vosgesinfo.fr\/saintdieinfo\/wp-json\/wp\/v2\/comments?post=95547"}],"version-history":[{"count":1,"href":"https:\/\/vosgesinfo.fr\/saintdieinfo\/wp-json\/wp\/v2\/posts\/95547\/revisions"}],"predecessor-version":[{"id":95549,"href":"https:\/\/vosgesinfo.fr\/saintdieinfo\/wp-json\/wp\/v2\/posts\/95547\/revisions\/95549"}],"wp:featuredmedia":[{"embeddable":true,"href":"https:\/\/vosgesinfo.fr\/saintdieinfo\/wp-json\/wp\/v2\/media\/95548"}],"wp:attachment":[{"href":"https:\/\/vosgesinfo.fr\/saintdieinfo\/wp-json\/wp\/v2\/media?parent=95547"}],"wp:term":[{"taxonomy":"category","embeddable":true,"href":"https:\/\/vosgesinfo.fr\/saintdieinfo\/wp-json\/wp\/v2\/categories?post=95547"},{"taxonomy":"post_tag","embeddable":true,"href":"https:\/\/vosgesinfo.fr\/saintdieinfo\/wp-json\/wp\/v2\/tags?post=95547"}],"curies":[{"name":"wp","href":"https:\/\/api.w.org\/{rel}","templated":true}]}}