{"id":95556,"date":"2026-08-31T12:03:46","date_gmt":"2026-08-31T10:03:46","guid":{"rendered":"https:\/\/vosgesinfo.fr\/saintdieinfo\/?p=95556"},"modified":"2026-08-31T11:31:42","modified_gmt":"2026-08-31T09:31:42","slug":"la-ferme-des-carrieres-de-mandray-retenue-pour-le-loto-du-patrimoine-2026","status":"publish","type":"post","link":"https:\/\/vosgesinfo.fr\/saintdieinfo\/2026\/08\/la-ferme-des-carrieres-de-mandray-retenue-pour-le-loto-du-patrimoine-2026\/","title":{"rendered":"La ferme des Carri\u00e8res de Mandray retenue pour le Loto du patrimoine 2026"},"content":{"rendered":"<div id=\"attachment_95557\" style=\"width: 1010px\" class=\"wp-caption alignnone\"><a href=\"https:\/\/vosgesinfo.fr\/app\/uploads\/sites\/4\/2026\/08\/mandray-ferme-des-carrieres.jpg\"><img decoding=\"async\" aria-describedby=\"caption-attachment-95557\" class=\"size-full wp-image-95557\" src=\"https:\/\/vosgesinfo.fr\/app\/uploads\/sites\/4\/2026\/08\/mandray-ferme-des-carrieres.jpg\" alt=\"\" width=\"1000\" height=\"667\" srcset=\"https:\/\/vosgesinfo.fr\/app\/uploads\/sites\/4\/2026\/08\/mandray-ferme-des-carrieres.jpg 1000w, https:\/\/vosgesinfo.fr\/app\/uploads\/sites\/4\/2026\/08\/mandray-ferme-des-carrieres-300x200.jpg 300w, https:\/\/vosgesinfo.fr\/app\/uploads\/sites\/4\/2026\/08\/mandray-ferme-des-carrieres-768x512.jpg 768w\" sizes=\"(max-width: 1000px) 100vw, 1000px\" \/><\/a><p id=\"caption-attachment-95557\" class=\"wp-caption-text\">(Cr\u00e9dit photographique Fondation du Patrimoine)<\/p><\/div>\n<h2>Construite en 1813, <strong>la ferme des Carri\u00e8res \u00e0 Mandray<\/strong> est aujourd\u2019hui <strong>menac\u00e9e d\u2019effondrement<\/strong>. Elle fait partie des <strong>100 sites d\u00e9partementaux retenus cette ann\u00e9e dans le cadre du Loto du patrimoine 2026<\/strong>, d\u00e9voil\u00e9s ce <strong>lundi 31 ao\u00fbt<\/strong> par la <strong>Fondation du patrimoine<\/strong> apr\u00e8s la s\u00e9lection de 18 sites r\u00e9gionaux. Dans les Vosges, c\u2019est cette ferme mandresayenne qui a \u00e9t\u00e9 choisie. Sa fa\u00e7ade sur rue conserve un d\u00e9cor remarquable par sa richesse et sa raret\u00e9.<\/h2>\n<p><!--more--><\/p>\n<h3><strong>Consolider et s\u00e9curiser la fa\u00e7ade<\/strong><\/h3>\n<p>Le projet doit permettre au propri\u00e9taire de <strong>d\u00e9gager, consolider et s\u00e9curiser cette fa\u00e7ade<\/strong> avant qu\u2019elle ne disparaisse. L\u2019association <strong>Le Haut-Fer<\/strong> accompagne le propri\u00e9taire et dispose d\u2019un acc\u00e8s au site. Une fois sauvegard\u00e9e, la fa\u00e7ade doit servir de support pour expliquer <strong>l\u2019histoire du b\u00e2timent<\/strong>, les techniques de construction anciennes et les m\u00e9thodes de restauration adapt\u00e9es.<\/p>\n<h3><strong>Un t\u00e9moin de l\u2019habitat rural des Hautes-Vosges<\/strong><\/h3>\n<p>Situ\u00e9e dans le <strong>Parc naturel r\u00e9gional des Ballons des Vosges<\/strong>, la ferme t\u00e9moigne de <strong>l\u2019habitat rural des Hautes-Vosges<\/strong> et de son adaptation au climat, au relief et aux modes de vie en montagne. Depuis <strong>30 ans<\/strong>, Le Haut-Fer travaille \u00e0 faire conna\u00eetre ce patrimoine \u00e0 travers notamment un mus\u00e9e, des maquettes, des \u00e9l\u00e9ments didactiques et un circuit p\u00e9destre consacr\u00e9 aux fermes de Mandray.<\/p>\n<p>L\u2019association souhaite constituer un <strong>ensemble consacr\u00e9 \u00e0 l\u2019architecture rurale<\/strong>, associant le circuit des fermes du village, la fa\u00e7ade sauvegard\u00e9e, un espace mus\u00e9al et un espace technique. Le lieu pourra ensuite accueillir <strong>des formations, des actions de sensibilisation et des chantiers participatifs<\/strong> autour du b\u00e2ti ancien.<\/p>\n<h3><strong>Une collecte de 60 000 euros pour la sauvegarde de la ferme<\/strong><\/h3>\n<p>Une collecte de dons a \u00e9t\u00e9 lanc\u00e9e le <strong>5 juin<\/strong> avec la Fondation du patrimoine afin de permettre sa sauvegarde, avec un <strong>objectif fix\u00e9 \u00e0 60 000 euros<\/strong>. Elle totalise actuellement <strong>600 euros de dons<\/strong>, auxquels s\u2019ajoutent <strong>4 000 euros de m\u00e9c\u00e9nat<\/strong> et d\u2019autres aides. La collecte est accessible sur le site de la Fondation du patrimoine : <a href=\"https:\/\/www.fondation-patrimoine.org\/les-projets\/ferme-du-bois-des-fourrieres-a-mandray\/105150\" target=\"_blank\" rel=\"noopener\">https:\/\/www.fondation-patrimoine.org\/les-projets\/ferme-du-bois-des-fourrieres-a-mandray\/105150<\/a><\/p>\n<p>La restauration de la ferme doit commencer au <strong data-start=\"2408\" data-end=\"2426\">printemps 2027<\/strong> et s\u2019achever <strong data-start=\"2440\" data-end=\"2452\">fin 2028<\/strong>. Le montant de la dotation accord\u00e9e au projet dans le cadre du <strong data-start=\"2516\" data-end=\"2538\">Loto du patrimoine<\/strong> sera annonc\u00e9 en fin d\u2019ann\u00e9e, en fonction des ventes des jeux <strong data-start=\"2600\" data-end=\"2622\">Mission Patrimoine<\/strong>. La vente des tickets d\u00e9bute <strong data-start=\"2652\" data-end=\"2672\">ce lundi 31 ao\u00fbt<\/strong>.<\/p>\n","protected":false},"excerpt":{"rendered":"<p>Construite en 1813, la ferme des Carri\u00e8res \u00e0 Mandray est aujourd\u2019hui menac\u00e9e d\u2019effondrement. Elle fait partie des 100 sites d\u00e9partementaux [&hellip;]<\/p>\n","protected":false},"author":46,"featured_media":95557,"comment_status":"open","ping_status":"open","sticky":false,"template":"","format":"standard","meta":{"footnotes":""},"categories":[460,7847,3903,18],"tags":[22798,7183,22800,22799,6392],"class_list":["post-95556","post","type-post","status-publish","format-standard","has-post-thumbnail","hentry","category-a-la-une","category-art-culture","category-deodatie","category-vosges","tag-ferme-des-carrieres","tag-fondation-du-patrimoine","tag-le-haut-fer","tag-loto-du-patrimoine-2026","tag-mandray"],"acf":[],"yoast_head":"<!-- This site is optimized with the Yoast SEO plugin v22.5 - https:\/\/yoast.com\/wordpress\/plugins\/seo\/ -->\n<title>La ferme des Carri\u00e8res de Mandray retenue pour le Loto du patrimoine 2026 - Saint Die Info<\/title>\n<meta name=\"robots\" content=\"index, follow, max-snippet:-1, max-image-preview:large, max-video-preview:-1\" \/>\n<link rel=\"canonical\" href=\"https:\/\/vosgesinfo.fr\/saintdieinfo\/2026\/08\/la-ferme-des-carrieres-de-mandray-retenue-pour-le-loto-du-patrimoine-2026\/\" \/>\n<meta name=\"twitter:card\" content=\"summary_large_image\" \/>\n<meta name=\"twitter:title\" content=\"La ferme des Carri\u00e8res de Mandray retenue pour le Loto du patrimoine 2026 - Saint Die Info\" \/>\n<meta name=\"twitter:description\" content=\"Construite en 1813, la ferme des Carri\u00e8res \u00e0 Mandray est aujourd\u2019hui menac\u00e9e d\u2019effondrement. Elle fait partie des 100 sites d\u00e9partementaux [&hellip;]\" \/>\n<meta name=\"twitter:image\" content=\"https:\/\/vosgesinfo.fr\/app\/uploads\/sites\/4\/2026\/08\/mandray-ferme-des-carrieres.jpg\" \/>\n<meta name=\"twitter:creator\" content=\"@VosgesInfo88\" \/>\n<meta name=\"twitter:site\" content=\"@VosgesInfo88\" \/>\n<meta name=\"twitter:label1\" content=\"\u00c9crit par\" \/>\n\t<meta name=\"twitter:data1\" content=\"J.J.\" \/>\n\t<meta name=\"twitter:label2\" content=\"Dur\u00e9e de lecture estim\u00e9e\" \/>\n\t<meta name=\"twitter:data2\" content=\"3 minutes\" \/>\n<script type=\"application\/ld+json\" class=\"yoast-schema-graph\">{\"@context\":\"https:\/\/schema.org\",\"@graph\":[{\"@type\":\"Article\",\"@id\":\"https:\/\/vosgesinfo.fr\/saintdieinfo\/2026\/08\/la-ferme-des-carrieres-de-mandray-retenue-pour-le-loto-du-patrimoine-2026\/#article\",\"isPartOf\":{\"@id\":\"https:\/\/vosgesinfo.fr\/saintdieinfo\/2026\/08\/la-ferme-des-carrieres-de-mandray-retenue-pour-le-loto-du-patrimoine-2026\/\"},\"author\":{\"name\":\"J.J.\",\"@id\":\"https:\/\/vosgesinfo.fr\/saintdieinfo\/#\/schema\/person\/fa73e9f726d67bb88f46d5b7943cb572\"},\"headline\":\"La ferme des Carri\u00e8res de Mandray retenue pour le Loto du patrimoine 2026\",\"datePublished\":\"2026-08-31T10:03:46+00:00\",\"dateModified\":\"2026-08-31T09:31:42+00:00\",\"mainEntityOfPage\":{\"@id\":\"https:\/\/vosgesinfo.fr\/saintdieinfo\/2026\/08\/la-ferme-des-carrieres-de-mandray-retenue-pour-le-loto-du-patrimoine-2026\/\"},\"wordCount\":436,\"commentCount\":0,\"publisher\":{\"@id\":\"https:\/\/vosgesinfo.fr\/saintdieinfo\/#organization\"},\"image\":{\"@id\":\"https:\/\/vosgesinfo.fr\/saintdieinfo\/2026\/08\/la-ferme-des-carrieres-de-mandray-retenue-pour-le-loto-du-patrimoine-2026\/#primaryimage\"},\"thumbnailUrl\":\"https:\/\/vosgesinfo.fr\/app\/uploads\/sites\/4\/2026\/08\/mandray-ferme-des-carrieres.jpg\",\"keywords\":[\"ferme des Carri\u00e8res\",\"Fondation du Patrimoine\",\"Le Haut-Fer\",\"Loto du patrimoine 2026\",\"Mandray\"],\"articleSection\":[\"A la Une\",\"Culture\",\"D\u00e9odatie\",\"Vosges\"],\"inLanguage\":\"fr-FR\",\"potentialAction\":[{\"@type\":\"CommentAction\",\"name\":\"Comment\",\"target\":[\"https:\/\/vosgesinfo.fr\/saintdieinfo\/2026\/08\/la-ferme-des-carrieres-de-mandray-retenue-pour-le-loto-du-patrimoine-2026\/#respond\"]}]},{\"@type\":\"WebPage\",\"@id\":\"https:\/\/vosgesinfo.fr\/saintdieinfo\/2026\/08\/la-ferme-des-carrieres-de-mandray-retenue-pour-le-loto-du-patrimoine-2026\/\",\"url\":\"https:\/\/vosgesinfo.fr\/saintdieinfo\/2026\/08\/la-ferme-des-carrieres-de-mandray-retenue-pour-le-loto-du-patrimoine-2026\/\",\"name\":\"La ferme des Carri\u00e8res de Mandray retenue pour le Loto du patrimoine 2026 - Saint Die Info\",\"isPartOf\":{\"@id\":\"https:\/\/vosgesinfo.fr\/saintdieinfo\/#website\"},\"primaryImageOfPage\":{\"@id\":\"https:\/\/vosgesinfo.fr\/saintdieinfo\/2026\/08\/la-ferme-des-carrieres-de-mandray-retenue-pour-le-loto-du-patrimoine-2026\/#primaryimage\"},\"image\":{\"@id\":\"https:\/\/vosgesinfo.fr\/saintdieinfo\/2026\/08\/la-ferme-des-carrieres-de-mandray-retenue-pour-le-loto-du-patrimoine-2026\/#primaryimage\"},\"thumbnailUrl\":\"https:\/\/vosgesinfo.fr\/app\/uploads\/sites\/4\/2026\/08\/mandray-ferme-des-carrieres.jpg\",\"datePublished\":\"2026-08-31T10:03:46+00:00\",\"dateModified\":\"2026-08-31T09:31:42+00:00\",\"breadcrumb\":{\"@id\":\"https:\/\/vosgesinfo.fr\/saintdieinfo\/2026\/08\/la-ferme-des-carrieres-de-mandray-retenue-pour-le-loto-du-patrimoine-2026\/#breadcrumb\"},\"inLanguage\":\"fr-FR\",\"potentialAction\":[{\"@type\":\"ReadAction\",\"target\":[\"https:\/\/vosgesinfo.fr\/saintdieinfo\/2026\/08\/la-ferme-des-carrieres-de-mandray-retenue-pour-le-loto-du-patrimoine-2026\/\"]}]},{\"@type\":\"ImageObject\",\"inLanguage\":\"fr-FR\",\"@id\":\"https:\/\/vosgesinfo.fr\/saintdieinfo\/2026\/08\/la-ferme-des-carrieres-de-mandray-retenue-pour-le-loto-du-patrimoine-2026\/#primaryimage\",\"url\":\"https:\/\/vosgesinfo.fr\/app\/uploads\/sites\/4\/2026\/08\/mandray-ferme-des-carrieres.jpg\",\"contentUrl\":\"https:\/\/vosgesinfo.fr\/app\/uploads\/sites\/4\/2026\/08\/mandray-ferme-des-carrieres.jpg\",\"width\":1000,\"height\":667,\"caption\":\"(Cr\u00e9dit photographique Fondation du Patrimoine)\"},{\"@type\":\"BreadcrumbList\",\"@id\":\"https:\/\/vosgesinfo.fr\/saintdieinfo\/2026\/08\/la-ferme-des-carrieres-de-mandray-retenue-pour-le-loto-du-patrimoine-2026\/#breadcrumb\",\"itemListElement\":[{\"@type\":\"ListItem\",\"position\":1,\"name\":\"Home\",\"item\":\"https:\/\/vosgesinfo.fr\/saintdieinfo\/\"},{\"@type\":\"ListItem\",\"position\":2,\"name\":\"La ferme des Carri\u00e8res de Mandray retenue pour le Loto du patrimoine 2026\"}]},{\"@type\":\"WebSite\",\"@id\":\"https:\/\/vosgesinfo.fr\/saintdieinfo\/#website\",\"url\":\"https:\/\/vosgesinfo.fr\/saintdieinfo\/\",\"name\":\"Saint Die Info\",\"description\":\"Toute l&#039;actualit\u00e9 de Saint-Di\u00e9-Des-Vosges\",\"publisher\":{\"@id\":\"https:\/\/vosgesinfo.fr\/saintdieinfo\/#organization\"},\"alternateName\":\"Toute l'actualit\u00e9 de Saint-Di\u00e9-Des-Vosges\",\"potentialAction\":[{\"@type\":\"SearchAction\",\"target\":{\"@type\":\"EntryPoint\",\"urlTemplate\":\"https:\/\/vosgesinfo.fr\/saintdieinfo\/?s={search_term_string}\"},\"query-input\":\"required name=search_term_string\"}],\"inLanguage\":\"fr-FR\"},{\"@type\":\"Organization\",\"@id\":\"https:\/\/vosgesinfo.fr\/saintdieinfo\/#organization\",\"name\":\"Saint Die Info\",\"url\":\"https:\/\/vosgesinfo.fr\/saintdieinfo\/\",\"logo\":{\"@type\":\"ImageObject\",\"inLanguage\":\"fr-FR\",\"@id\":\"https:\/\/vosgesinfo.fr\/saintdieinfo\/#\/schema\/logo\/image\/\",\"url\":\"https:\/\/vosgesinfo.fr\/app\/uploads\/sites\/4\/2024\/02\/logo-sdi.jpg\",\"contentUrl\":\"https:\/\/vosgesinfo.fr\/app\/uploads\/sites\/4\/2024\/02\/logo-sdi.jpg\",\"width\":600,\"height\":600,\"caption\":\"Saint Die Info\"},\"image\":{\"@id\":\"https:\/\/vosgesinfo.fr\/saintdieinfo\/#\/schema\/logo\/image\/\"},\"sameAs\":[\"https:\/\/www.facebook.com\/Saintdieinfofr\",\"https:\/\/x.com\/VosgesInfo88\",\"https:\/\/www.youtube.com\/@vosgesinfo\"]},{\"@type\":\"Person\",\"@id\":\"https:\/\/vosgesinfo.fr\/saintdieinfo\/#\/schema\/person\/fa73e9f726d67bb88f46d5b7943cb572\",\"name\":\"J.J.\",\"image\":{\"@type\":\"ImageObject\",\"inLanguage\":\"fr-FR\",\"@id\":\"https:\/\/vosgesinfo.fr\/saintdieinfo\/#\/schema\/person\/image\/\",\"url\":\"https:\/\/secure.gravatar.com\/avatar\/219e749e47ffbcca018a360ae4add7d4cdf1cdaaf8bc7676b27efade3fe65615?s=96&d=mm&r=g\",\"contentUrl\":\"https:\/\/secure.gravatar.com\/avatar\/219e749e47ffbcca018a360ae4add7d4cdf1cdaaf8bc7676b27efade3fe65615?s=96&d=mm&r=g\",\"caption\":\"J.J.\"},\"url\":\"https:\/\/vosgesinfo.fr\/saintdieinfo\/author\/j-j\/\"}]}<\/script>\n<!-- \/ Yoast SEO plugin. -->","yoast_head_json":{"title":"La ferme des Carri\u00e8res de Mandray retenue pour le Loto du patrimoine 2026 - Saint Die Info","robots":{"index":"index","follow":"follow","max-snippet":"max-snippet:-1","max-image-preview":"max-image-preview:large","max-video-preview":"max-video-preview:-1"},"canonical":"https:\/\/vosgesinfo.fr\/saintdieinfo\/2026\/08\/la-ferme-des-carrieres-de-mandray-retenue-pour-le-loto-du-patrimoine-2026\/","twitter_card":"summary_large_image","twitter_title":"La ferme des Carri\u00e8res de Mandray retenue pour le Loto du patrimoine 2026 - Saint Die Info","twitter_description":"Construite en 1813, la ferme des Carri\u00e8res \u00e0 Mandray est aujourd\u2019hui menac\u00e9e d\u2019effondrement. Elle fait partie des 100 sites d\u00e9partementaux [&hellip;]","twitter_image":"https:\/\/vosgesinfo.fr\/app\/uploads\/sites\/4\/2026\/08\/mandray-ferme-des-carrieres.jpg","twitter_creator":"@VosgesInfo88","twitter_site":"@VosgesInfo88","twitter_misc":{"\u00c9crit par":"J.J.","Dur\u00e9e de lecture estim\u00e9e":"3 minutes"},"schema":{"@context":"https:\/\/schema.org","@graph":[{"@type":"Article","@id":"https:\/\/vosgesinfo.fr\/saintdieinfo\/2026\/08\/la-ferme-des-carrieres-de-mandray-retenue-pour-le-loto-du-patrimoine-2026\/#article","isPartOf":{"@id":"https:\/\/vosgesinfo.fr\/saintdieinfo\/2026\/08\/la-ferme-des-carrieres-de-mandray-retenue-pour-le-loto-du-patrimoine-2026\/"},"author":{"name":"J.J.","@id":"https:\/\/vosgesinfo.fr\/saintdieinfo\/#\/schema\/person\/fa73e9f726d67bb88f46d5b7943cb572"},"headline":"La ferme des Carri\u00e8res de Mandray retenue pour le Loto du patrimoine 2026","datePublished":"2026-08-31T10:03:46+00:00","dateModified":"2026-08-31T09:31:42+00:00","mainEntityOfPage":{"@id":"https:\/\/vosgesinfo.fr\/saintdieinfo\/2026\/08\/la-ferme-des-carrieres-de-mandray-retenue-pour-le-loto-du-patrimoine-2026\/"},"wordCount":436,"commentCount":0,"publisher":{"@id":"https:\/\/vosgesinfo.fr\/saintdieinfo\/#organization"},"image":{"@id":"https:\/\/vosgesinfo.fr\/saintdieinfo\/2026\/08\/la-ferme-des-carrieres-de-mandray-retenue-pour-le-loto-du-patrimoine-2026\/#primaryimage"},"thumbnailUrl":"https:\/\/vosgesinfo.fr\/app\/uploads\/sites\/4\/2026\/08\/mandray-ferme-des-carrieres.jpg","keywords":["ferme des Carri\u00e8res","Fondation du Patrimoine","Le Haut-Fer","Loto du patrimoine 2026","Mandray"],"articleSection":["A la Une","Culture","D\u00e9odatie","Vosges"],"inLanguage":"fr-FR","potentialAction":[{"@type":"CommentAction","name":"Comment","target":["https:\/\/vosgesinfo.fr\/saintdieinfo\/2026\/08\/la-ferme-des-carrieres-de-mandray-retenue-pour-le-loto-du-patrimoine-2026\/#respond"]}]},{"@type":"WebPage","@id":"https:\/\/vosgesinfo.fr\/saintdieinfo\/2026\/08\/la-ferme-des-carrieres-de-mandray-retenue-pour-le-loto-du-patrimoine-2026\/","url":"https:\/\/vosgesinfo.fr\/saintdieinfo\/2026\/08\/la-ferme-des-carrieres-de-mandray-retenue-pour-le-loto-du-patrimoine-2026\/","name":"La ferme des Carri\u00e8res de Mandray retenue pour le Loto du patrimoine 2026 - Saint Die Info","isPartOf":{"@id":"https:\/\/vosgesinfo.fr\/saintdieinfo\/#website"},"primaryImageOfPage":{"@id":"https:\/\/vosgesinfo.fr\/saintdieinfo\/2026\/08\/la-ferme-des-carrieres-de-mandray-retenue-pour-le-loto-du-patrimoine-2026\/#primaryimage"},"image":{"@id":"https:\/\/vosgesinfo.fr\/saintdieinfo\/2026\/08\/la-ferme-des-carrieres-de-mandray-retenue-pour-le-loto-du-patrimoine-2026\/#primaryimage"},"thumbnailUrl":"https:\/\/vosgesinfo.fr\/app\/uploads\/sites\/4\/2026\/08\/mandray-ferme-des-carrieres.jpg","datePublished":"2026-08-31T10:03:46+00:00","dateModified":"2026-08-31T09:31:42+00:00","breadcrumb":{"@id":"https:\/\/vosgesinfo.fr\/saintdieinfo\/2026\/08\/la-ferme-des-carrieres-de-mandray-retenue-pour-le-loto-du-patrimoine-2026\/#breadcrumb"},"inLanguage":"fr-FR","potentialAction":[{"@type":"ReadAction","target":["https:\/\/vosgesinfo.fr\/saintdieinfo\/2026\/08\/la-ferme-des-carrieres-de-mandray-retenue-pour-le-loto-du-patrimoine-2026\/"]}]},{"@type":"ImageObject","inLanguage":"fr-FR","@id":"https:\/\/vosgesinfo.fr\/saintdieinfo\/2026\/08\/la-ferme-des-carrieres-de-mandray-retenue-pour-le-loto-du-patrimoine-2026\/#primaryimage","url":"https:\/\/vosgesinfo.fr\/app\/uploads\/sites\/4\/2026\/08\/mandray-ferme-des-carrieres.jpg","contentUrl":"https:\/\/vosgesinfo.fr\/app\/uploads\/sites\/4\/2026\/08\/mandray-ferme-des-carrieres.jpg","width":1000,"height":667,"caption":"(Cr\u00e9dit photographique Fondation du Patrimoine)"},{"@type":"BreadcrumbList","@id":"https:\/\/vosgesinfo.fr\/saintdieinfo\/2026\/08\/la-ferme-des-carrieres-de-mandray-retenue-pour-le-loto-du-patrimoine-2026\/#breadcrumb","itemListElement":[{"@type":"ListItem","position":1,"name":"Home","item":"https:\/\/vosgesinfo.fr\/saintdieinfo\/"},{"@type":"ListItem","position":2,"name":"La ferme des Carri\u00e8res de Mandray retenue pour le Loto du patrimoine 2026"}]},{"@type":"WebSite","@id":"https:\/\/vosgesinfo.fr\/saintdieinfo\/#website","url":"https:\/\/vosgesinfo.fr\/saintdieinfo\/","name":"Saint Die Info","description":"Toute l&#039;actualit\u00e9 de Saint-Di\u00e9-Des-Vosges","publisher":{"@id":"https:\/\/vosgesinfo.fr\/saintdieinfo\/#organization"},"alternateName":"Toute l'actualit\u00e9 de Saint-Di\u00e9-Des-Vosges","potentialAction":[{"@type":"SearchAction","target":{"@type":"EntryPoint","urlTemplate":"https:\/\/vosgesinfo.fr\/saintdieinfo\/?s={search_term_string}"},"query-input":"required name=search_term_string"}],"inLanguage":"fr-FR"},{"@type":"Organization","@id":"https:\/\/vosgesinfo.fr\/saintdieinfo\/#organization","name":"Saint Die Info","url":"https:\/\/vosgesinfo.fr\/saintdieinfo\/","logo":{"@type":"ImageObject","inLanguage":"fr-FR","@id":"https:\/\/vosgesinfo.fr\/saintdieinfo\/#\/schema\/logo\/image\/","url":"https:\/\/vosgesinfo.fr\/app\/uploads\/sites\/4\/2024\/02\/logo-sdi.jpg","contentUrl":"https:\/\/vosgesinfo.fr\/app\/uploads\/sites\/4\/2024\/02\/logo-sdi.jpg","width":600,"height":600,"caption":"Saint Die Info"},"image":{"@id":"https:\/\/vosgesinfo.fr\/saintdieinfo\/#\/schema\/logo\/image\/"},"sameAs":["https:\/\/www.facebook.com\/Saintdieinfofr","https:\/\/x.com\/VosgesInfo88","https:\/\/www.youtube.com\/@vosgesinfo"]},{"@type":"Person","@id":"https:\/\/vosgesinfo.fr\/saintdieinfo\/#\/schema\/person\/fa73e9f726d67bb88f46d5b7943cb572","name":"J.J.","image":{"@type":"ImageObject","inLanguage":"fr-FR","@id":"https:\/\/vosgesinfo.fr\/saintdieinfo\/#\/schema\/person\/image\/","url":"https:\/\/secure.gravatar.com\/avatar\/219e749e47ffbcca018a360ae4add7d4cdf1cdaaf8bc7676b27efade3fe65615?s=96&d=mm&r=g","contentUrl":"https:\/\/secure.gravatar.com\/avatar\/219e749e47ffbcca018a360ae4add7d4cdf1cdaaf8bc7676b27efade3fe65615?s=96&d=mm&r=g","caption":"J.J."},"url":"https:\/\/vosgesinfo.fr\/saintdieinfo\/author\/j-j\/"}]}},"_links":{"self":[{"href":"https:\/\/vosgesinfo.fr\/saintdieinfo\/wp-json\/wp\/v2\/posts\/95556","targetHints":{"allow":["GET"]}}],"collection":[{"href":"https:\/\/vosgesinfo.fr\/saintdieinfo\/wp-json\/wp\/v2\/posts"}],"about":[{"href":"https:\/\/vosgesinfo.fr\/saintdieinfo\/wp-json\/wp\/v2\/types\/post"}],"author":[{"embeddable":true,"href":"https:\/\/vosgesinfo.fr\/saintdieinfo\/wp-json\/wp\/v2\/users\/46"}],"replies":[{"embeddable":true,"href":"https:\/\/vosgesinfo.fr\/saintdieinfo\/wp-json\/wp\/v2\/comments?post=95556"}],"version-history":[{"count":2,"href":"https:\/\/vosgesinfo.fr\/saintdieinfo\/wp-json\/wp\/v2\/posts\/95556\/revisions"}],"predecessor-version":[{"id":95559,"href":"https:\/\/vosgesinfo.fr\/saintdieinfo\/wp-json\/wp\/v2\/posts\/95556\/revisions\/95559"}],"wp:featuredmedia":[{"embeddable":true,"href":"https:\/\/vosgesinfo.fr\/saintdieinfo\/wp-json\/wp\/v2\/media\/95557"}],"wp:attachment":[{"href":"https:\/\/vosgesinfo.fr\/saintdieinfo\/wp-json\/wp\/v2\/media?parent=95556"}],"wp:term":[{"taxonomy":"category","embeddable":true,"href":"https:\/\/vosgesinfo.fr\/saintdieinfo\/wp-json\/wp\/v2\/categories?post=95556"},{"taxonomy":"post_tag","embeddable":true,"href":"https:\/\/vosgesinfo.fr\/saintdieinfo\/wp-json\/wp\/v2\/tags?post=95556"}],"curies":[{"name":"wp","href":"https:\/\/api.w.org\/{rel}","templated":true}]}}