{"id":95572,"date":"2026-09-03T05:55:17","date_gmt":"2026-09-03T03:55:17","guid":{"rendered":"https:\/\/vosgesinfo.fr\/saintdieinfo\/?p=95572"},"modified":"2026-09-03T05:55:17","modified_gmt":"2026-09-03T03:55:17","slug":"rendez-vous-aux-fermes-ouvertes-bleu-vert-vosges-une-identite-pour-un-territoire","status":"publish","type":"post","link":"https:\/\/vosgesinfo.fr\/saintdieinfo\/2026\/09\/rendez-vous-aux-fermes-ouvertes-bleu-vert-vosges-une-identite-pour-un-territoire\/","title":{"rendered":"Rendez-vous aux Fermes Ouvertes Bleu Vert Vosges ! une identit\u00e9 pour un territoire."},"content":{"rendered":"<p><a href=\"https:\/\/vosgesinfo.fr\/app\/uploads\/sites\/5\/2026\/08\/ferme-ouverte-2025-7.jpg\"><img decoding=\"async\" class=\"aligncenter size-full wp-image-93572\" src=\"https:\/\/vosgesinfo.fr\/app\/uploads\/sites\/5\/2026\/08\/ferme-ouverte-2025-7.jpg\" alt=\"\" width=\"768\" height=\"576\" \/><\/a><br \/>\n<strong>Rendez-vous dans les jardins et dans les fermes vendredi 18, samedi 19 et dimanche 20 septembre 2026 pour la 3\u00e8me \u00e9dition des fermes Ouvertes Bleu Vert Vosges ! Venez d\u00e9couvrir 9 <\/strong><strong>fermes qui cultivent et cueillent des plantes aromatiques et m\u00e9dicinales et des petits fruits.<\/strong><\/p>\n<p><a href=\"https:\/\/vosgesinfo.fr\/app\/uploads\/sites\/5\/2026\/08\/sam-19-sep-fo-bvv-j-humus.jpg\"><img decoding=\"async\" class=\"alignright size-medium wp-image-93570\" src=\"https:\/\/vosgesinfo.fr\/app\/uploads\/sites\/5\/2026\/08\/sam-19-sep-fo-bvv-j-humus-212x300.jpg\" alt=\"\" width=\"212\" height=\"300\" \/><\/a>Temps fort de ces rendez-vous, samedi 19 septembre, au Jardin de l\u2019Humus, Bleu Vert Vosges vous donne rendez-vous \u00e0 partir de 14h avec un programme pour tous : \u00e0 15h00, visite guid\u00e9e<br \/>\ndu jardin de l\u2019humus en permaculture, \u00e0 16h30 atelier musical tout public \u00ab Le Chant de l\u2019Oiseau \u00bb avec le Semeur de Sons et \u00e0 18h30, Herv\u00e9 Coves, ing\u00e9nieur agronome, proposera une<br \/>\nconf\u00e9rence sur le th\u00e8me \u00ab Et si nos paysages devenaient notre meilleure r\u00e9ponse au changement climatique ? \u00bb. Herv\u00e9 Coves forme notamment \u00e0 l\u2019agro\u00e9cologie et \u00e0 la permaculture.<br \/>\nL\u2019inauguration se d\u00e9roulera le vendredi 18 septembre \u00e0 10h00 aux Herbes du Valtin chez Julien Michel et John Voinson.<\/p>\n<p>Les fermes vous proposent de d\u00e9couvrir les p\u2019tites b\u00e9bettes du jardin, les trucs et astuces sensibles pour un jardin abondant, d\u2019observer des m\u00e9dicinales sauvages et comestibles, le processus de distillation, de confectionner votre tisane, des visites comment\u00e9es des jardins et plantations de bluets, des choix et des pratiques pour favoriser la biodiversit\u00e9 et \u00eatre plus<br \/>\nr\u00e9silient face aux contraintes du changement climatique\u2026.comment fonctionnent ces fermes et ce que sont le m\u00e9tier de paysan herboriste, l\u2019agriculture biologique, le label Nature et Progr\u00e8s, et bien s\u00fbr la fabrication de sirops, de liqueurs, d\u2019huiles essentielles, d\u2019hydrolats, d\u2019infusions, d\u2019alcoolatures, de cosm\u00e9tiques, etc\u2026Ecouter, voir, go\u00fbter, sentir et partager savoir-faire et paysages.<br \/>\n<a href=\"https:\/\/vosgesinfo.fr\/app\/uploads\/sites\/5\/2026\/08\/sauvages-et-cultivees-2.jpg\"><img decoding=\"async\" class=\"alignright size-medium wp-image-93571\" src=\"https:\/\/vosgesinfo.fr\/app\/uploads\/sites\/5\/2026\/08\/sauvages-et-cultivees-2-300x224.jpg\" alt=\"\" width=\"300\" height=\"224\" \/><\/a>\u00ab Au cours de ces journ\u00e9es, nous, fermes de montagne adh\u00e9rentes de l\u2019association Bleu Vert Vosges souhaitons faire conna\u00eetre nos m\u00e9tiers aupr\u00e8s du grand public et \u00e9galement \u0153uvrer \u00e0<br \/>\npromouvoir nos pratiques agricoles qui participent activement \u00e0 la r\u00e9silience de nos paysages de montagne. Nous souhaitons \u00e9galement continuer \u00e0 pr\u00e9server et transmettre nos savoir-faire en mati\u00e8re de cultures v\u00e9g\u00e9tales et de cueillettes en milieux naturels sur le massif des Vosges, en harmonie et respect de notre territoire. \u00bb<br \/>\n\u00ab Chez Bleu Vert Vosges, nous sommes pr\u00e8s de 40 fermes, producteurs et productrices, cueilleurs et cueilleuses du massif vosgien r\u00e9unis autour de la culture de petits fruits et de plantes \u00e0 parfum aromatique et m\u00e9dicinales (PPAM) et de la cueillette sauvage. \u00ab Paysannes et paysans de montagne\u00a0\u00bb, nous sommes attach\u00e9s au massif des Vosges. Nos structures sont \u00e0 taille humaine compos\u00e9es de femmes et d&rsquo;hommes passionn\u00e9s r\u00e9unis au sein d&rsquo;un collectif et partageant les m\u00eames valeurs et une \u00e9thique commune. Nous transformons nos produits \u00e0 la ferme et vendons en circuits courts nos productions. Nous sommes engag\u00e9s pour une agriculture biologique, respectueuse de notre environnement et de notre territoire. La marque Bleu Vert Vosges vous assure l\u2019\u00e9thique et l\u2019identit\u00e9 de nos fermes vosgiennes. \u00bb<br \/>\nLes Fermes Ouvertes sont soutenues par l\u2019association Bio en Grand Est et par l\u2019association des<br \/>\nagricultrices et agriculteurs biologiques des Vosges (GAB88), dont les membres sont des fermes en agriculture biologique, des artisans, des associations et des citoyens qui \u0153uvrent ensemble \u00e0 promouvoir et d\u00e9velopper l\u2019agriculture biologique dans les Vosges et en R\u00e9gion Grand Est, et par le Conseil D\u00e9partemental des Vosges.<\/p>\n<p><a href=\"https:\/\/vosgesinfo.fr\/app\/uploads\/sites\/5\/2026\/08\/affiche-page-0001.jpg\"><img decoding=\"async\" class=\"aligncenter size-large wp-image-93569\" src=\"https:\/\/vosgesinfo.fr\/app\/uploads\/sites\/5\/2026\/08\/affiche-page-0001-724x1024.jpg\" alt=\"\" width=\"724\" height=\"1024\" \/><\/a><\/p>\n","protected":false},"excerpt":{"rendered":"<p>Rendez-vous dans les jardins et dans les fermes vendredi 18, samedi 19 et dimanche 20 septembre 2026 pour la 3\u00e8me [&hellip;]<\/p>\n","protected":false},"author":391,"featured_media":95573,"comment_status":"open","ping_status":"open","sticky":false,"template":"","format":"standard","meta":{"footnotes":""},"categories":[460,128,5391,4099,4100],"tags":[18125,11298],"class_list":["post-95572","post","type-post","status-publish","format-standard","has-post-thumbnail","hentry","category-a-la-une","category-agriculture","category-gerardmer","category-remiremont","category-saint-die","tag-bleu-vert-vosges","tag-fermes-ouvertes"],"acf":[],"yoast_head":"<!-- This site is optimized with the Yoast SEO plugin v22.5 - https:\/\/yoast.com\/wordpress\/plugins\/seo\/ -->\n<title>Rendez-vous aux Fermes Ouvertes Bleu Vert Vosges ! une identit\u00e9 pour un territoire. - Saint Die Info<\/title>\n<meta name=\"robots\" content=\"index, follow, max-snippet:-1, max-image-preview:large, max-video-preview:-1\" \/>\n<link rel=\"canonical\" href=\"https:\/\/vosgesinfo.fr\/saintdieinfo\/2026\/09\/rendez-vous-aux-fermes-ouvertes-bleu-vert-vosges-une-identite-pour-un-territoire\/\" \/>\n<meta name=\"twitter:card\" content=\"summary_large_image\" \/>\n<meta name=\"twitter:title\" content=\"Rendez-vous aux Fermes Ouvertes Bleu Vert Vosges ! une identit\u00e9 pour un territoire. - Saint Die Info\" \/>\n<meta name=\"twitter:description\" content=\"Rendez-vous dans les jardins et dans les fermes vendredi 18, samedi 19 et dimanche 20 septembre 2026 pour la 3\u00e8me [&hellip;]\" \/>\n<meta name=\"twitter:image\" content=\"https:\/\/vosgesinfo.fr\/app\/uploads\/sites\/4\/2026\/08\/ferme-ouverte-2025-7.jpg\" \/>\n<meta name=\"twitter:creator\" content=\"@VosgesInfo88\" \/>\n<meta name=\"twitter:site\" content=\"@VosgesInfo88\" \/>\n<meta name=\"twitter:label1\" content=\"\u00c9crit par\" \/>\n\t<meta name=\"twitter:data1\" content=\"La redaction\" \/>\n\t<meta name=\"twitter:label2\" content=\"Dur\u00e9e de lecture estim\u00e9e\" \/>\n\t<meta name=\"twitter:data2\" content=\"3 minutes\" \/>\n<script type=\"application\/ld+json\" class=\"yoast-schema-graph\">{\"@context\":\"https:\/\/schema.org\",\"@graph\":[{\"@type\":\"Article\",\"@id\":\"https:\/\/vosgesinfo.fr\/saintdieinfo\/2026\/09\/rendez-vous-aux-fermes-ouvertes-bleu-vert-vosges-une-identite-pour-un-territoire\/#article\",\"isPartOf\":{\"@id\":\"https:\/\/vosgesinfo.fr\/saintdieinfo\/2026\/09\/rendez-vous-aux-fermes-ouvertes-bleu-vert-vosges-une-identite-pour-un-territoire\/\"},\"author\":{\"name\":\"La redaction\",\"@id\":\"https:\/\/vosgesinfo.fr\/saintdieinfo\/#\/schema\/person\/27a3695b06db98895b354c0765cdfc31\"},\"headline\":\"Rendez-vous aux Fermes Ouvertes Bleu Vert Vosges ! une identit\u00e9 pour un territoire.\",\"datePublished\":\"2026-09-03T03:55:17+00:00\",\"dateModified\":\"2026-09-03T03:55:17+00:00\",\"mainEntityOfPage\":{\"@id\":\"https:\/\/vosgesinfo.fr\/saintdieinfo\/2026\/09\/rendez-vous-aux-fermes-ouvertes-bleu-vert-vosges-une-identite-pour-un-territoire\/\"},\"wordCount\":568,\"commentCount\":0,\"publisher\":{\"@id\":\"https:\/\/vosgesinfo.fr\/saintdieinfo\/#organization\"},\"image\":{\"@id\":\"https:\/\/vosgesinfo.fr\/saintdieinfo\/2026\/09\/rendez-vous-aux-fermes-ouvertes-bleu-vert-vosges-une-identite-pour-un-territoire\/#primaryimage\"},\"thumbnailUrl\":\"https:\/\/vosgesinfo.fr\/app\/uploads\/sites\/4\/2026\/08\/ferme-ouverte-2025-7.jpg\",\"keywords\":[\"bleu vert vosges\",\"Fermes Ouvertes\"],\"articleSection\":[\"A la Une\",\"Agriculture\",\"Gerardmer\",\"Remiremont\",\"Saint-di\u00e9\"],\"inLanguage\":\"fr-FR\",\"potentialAction\":[{\"@type\":\"CommentAction\",\"name\":\"Comment\",\"target\":[\"https:\/\/vosgesinfo.fr\/saintdieinfo\/2026\/09\/rendez-vous-aux-fermes-ouvertes-bleu-vert-vosges-une-identite-pour-un-territoire\/#respond\"]}]},{\"@type\":\"WebPage\",\"@id\":\"https:\/\/vosgesinfo.fr\/saintdieinfo\/2026\/09\/rendez-vous-aux-fermes-ouvertes-bleu-vert-vosges-une-identite-pour-un-territoire\/\",\"url\":\"https:\/\/vosgesinfo.fr\/saintdieinfo\/2026\/09\/rendez-vous-aux-fermes-ouvertes-bleu-vert-vosges-une-identite-pour-un-territoire\/\",\"name\":\"Rendez-vous aux Fermes Ouvertes Bleu Vert Vosges ! une identit\u00e9 pour un territoire. - Saint Die Info\",\"isPartOf\":{\"@id\":\"https:\/\/vosgesinfo.fr\/saintdieinfo\/#website\"},\"primaryImageOfPage\":{\"@id\":\"https:\/\/vosgesinfo.fr\/saintdieinfo\/2026\/09\/rendez-vous-aux-fermes-ouvertes-bleu-vert-vosges-une-identite-pour-un-territoire\/#primaryimage\"},\"image\":{\"@id\":\"https:\/\/vosgesinfo.fr\/saintdieinfo\/2026\/09\/rendez-vous-aux-fermes-ouvertes-bleu-vert-vosges-une-identite-pour-un-territoire\/#primaryimage\"},\"thumbnailUrl\":\"https:\/\/vosgesinfo.fr\/app\/uploads\/sites\/4\/2026\/08\/ferme-ouverte-2025-7.jpg\",\"datePublished\":\"2026-09-03T03:55:17+00:00\",\"dateModified\":\"2026-09-03T03:55:17+00:00\",\"breadcrumb\":{\"@id\":\"https:\/\/vosgesinfo.fr\/saintdieinfo\/2026\/09\/rendez-vous-aux-fermes-ouvertes-bleu-vert-vosges-une-identite-pour-un-territoire\/#breadcrumb\"},\"inLanguage\":\"fr-FR\",\"potentialAction\":[{\"@type\":\"ReadAction\",\"target\":[\"https:\/\/vosgesinfo.fr\/saintdieinfo\/2026\/09\/rendez-vous-aux-fermes-ouvertes-bleu-vert-vosges-une-identite-pour-un-territoire\/\"]}]},{\"@type\":\"ImageObject\",\"inLanguage\":\"fr-FR\",\"@id\":\"https:\/\/vosgesinfo.fr\/saintdieinfo\/2026\/09\/rendez-vous-aux-fermes-ouvertes-bleu-vert-vosges-une-identite-pour-un-territoire\/#primaryimage\",\"url\":\"https:\/\/vosgesinfo.fr\/app\/uploads\/sites\/4\/2026\/08\/ferme-ouverte-2025-7.jpg\",\"contentUrl\":\"https:\/\/vosgesinfo.fr\/app\/uploads\/sites\/4\/2026\/08\/ferme-ouverte-2025-7.jpg\",\"width\":768,\"height\":576},{\"@type\":\"BreadcrumbList\",\"@id\":\"https:\/\/vosgesinfo.fr\/saintdieinfo\/2026\/09\/rendez-vous-aux-fermes-ouvertes-bleu-vert-vosges-une-identite-pour-un-territoire\/#breadcrumb\",\"itemListElement\":[{\"@type\":\"ListItem\",\"position\":1,\"name\":\"Home\",\"item\":\"https:\/\/vosgesinfo.fr\/saintdieinfo\/\"},{\"@type\":\"ListItem\",\"position\":2,\"name\":\"Rendez-vous aux Fermes Ouvertes Bleu Vert Vosges ! une identit\u00e9 pour un territoire.\"}]},{\"@type\":\"WebSite\",\"@id\":\"https:\/\/vosgesinfo.fr\/saintdieinfo\/#website\",\"url\":\"https:\/\/vosgesinfo.fr\/saintdieinfo\/\",\"name\":\"Saint Die Info\",\"description\":\"Toute l&#039;actualit\u00e9 de Saint-Di\u00e9-Des-Vosges\",\"publisher\":{\"@id\":\"https:\/\/vosgesinfo.fr\/saintdieinfo\/#organization\"},\"alternateName\":\"Toute l'actualit\u00e9 de Saint-Di\u00e9-Des-Vosges\",\"potentialAction\":[{\"@type\":\"SearchAction\",\"target\":{\"@type\":\"EntryPoint\",\"urlTemplate\":\"https:\/\/vosgesinfo.fr\/saintdieinfo\/?s={search_term_string}\"},\"query-input\":\"required name=search_term_string\"}],\"inLanguage\":\"fr-FR\"},{\"@type\":\"Organization\",\"@id\":\"https:\/\/vosgesinfo.fr\/saintdieinfo\/#organization\",\"name\":\"Saint Die Info\",\"url\":\"https:\/\/vosgesinfo.fr\/saintdieinfo\/\",\"logo\":{\"@type\":\"ImageObject\",\"inLanguage\":\"fr-FR\",\"@id\":\"https:\/\/vosgesinfo.fr\/saintdieinfo\/#\/schema\/logo\/image\/\",\"url\":\"https:\/\/vosgesinfo.fr\/app\/uploads\/sites\/4\/2024\/02\/logo-sdi.jpg\",\"contentUrl\":\"https:\/\/vosgesinfo.fr\/app\/uploads\/sites\/4\/2024\/02\/logo-sdi.jpg\",\"width\":600,\"height\":600,\"caption\":\"Saint Die Info\"},\"image\":{\"@id\":\"https:\/\/vosgesinfo.fr\/saintdieinfo\/#\/schema\/logo\/image\/\"},\"sameAs\":[\"https:\/\/www.facebook.com\/Saintdieinfofr\",\"https:\/\/x.com\/VosgesInfo88\",\"https:\/\/www.youtube.com\/@vosgesinfo\"]},{\"@type\":\"Person\",\"@id\":\"https:\/\/vosgesinfo.fr\/saintdieinfo\/#\/schema\/person\/27a3695b06db98895b354c0765cdfc31\",\"name\":\"La redaction\",\"image\":{\"@type\":\"ImageObject\",\"inLanguage\":\"fr-FR\",\"@id\":\"https:\/\/vosgesinfo.fr\/saintdieinfo\/#\/schema\/person\/image\/\",\"url\":\"https:\/\/secure.gravatar.com\/avatar\/64c76a78e501cedee55736f43f332df901e1896ae9cd8fad269ae2236dd0e8b6?s=96&d=mm&r=g\",\"contentUrl\":\"https:\/\/secure.gravatar.com\/avatar\/64c76a78e501cedee55736f43f332df901e1896ae9cd8fad269ae2236dd0e8b6?s=96&d=mm&r=g\",\"caption\":\"La redaction\"},\"url\":\"https:\/\/vosgesinfo.fr\/saintdieinfo\/author\/la-redaction\/\"}]}<\/script>\n<!-- \/ Yoast SEO plugin. -->","yoast_head_json":{"title":"Rendez-vous aux Fermes Ouvertes Bleu Vert Vosges ! une identit\u00e9 pour un territoire. - Saint Die Info","robots":{"index":"index","follow":"follow","max-snippet":"max-snippet:-1","max-image-preview":"max-image-preview:large","max-video-preview":"max-video-preview:-1"},"canonical":"https:\/\/vosgesinfo.fr\/saintdieinfo\/2026\/09\/rendez-vous-aux-fermes-ouvertes-bleu-vert-vosges-une-identite-pour-un-territoire\/","twitter_card":"summary_large_image","twitter_title":"Rendez-vous aux Fermes Ouvertes Bleu Vert Vosges ! une identit\u00e9 pour un territoire. - Saint Die Info","twitter_description":"Rendez-vous dans les jardins et dans les fermes vendredi 18, samedi 19 et dimanche 20 septembre 2026 pour la 3\u00e8me [&hellip;]","twitter_image":"https:\/\/vosgesinfo.fr\/app\/uploads\/sites\/4\/2026\/08\/ferme-ouverte-2025-7.jpg","twitter_creator":"@VosgesInfo88","twitter_site":"@VosgesInfo88","twitter_misc":{"\u00c9crit par":"La redaction","Dur\u00e9e de lecture estim\u00e9e":"3 minutes"},"schema":{"@context":"https:\/\/schema.org","@graph":[{"@type":"Article","@id":"https:\/\/vosgesinfo.fr\/saintdieinfo\/2026\/09\/rendez-vous-aux-fermes-ouvertes-bleu-vert-vosges-une-identite-pour-un-territoire\/#article","isPartOf":{"@id":"https:\/\/vosgesinfo.fr\/saintdieinfo\/2026\/09\/rendez-vous-aux-fermes-ouvertes-bleu-vert-vosges-une-identite-pour-un-territoire\/"},"author":{"name":"La redaction","@id":"https:\/\/vosgesinfo.fr\/saintdieinfo\/#\/schema\/person\/27a3695b06db98895b354c0765cdfc31"},"headline":"Rendez-vous aux Fermes Ouvertes Bleu Vert Vosges ! une identit\u00e9 pour un territoire.","datePublished":"2026-09-03T03:55:17+00:00","dateModified":"2026-09-03T03:55:17+00:00","mainEntityOfPage":{"@id":"https:\/\/vosgesinfo.fr\/saintdieinfo\/2026\/09\/rendez-vous-aux-fermes-ouvertes-bleu-vert-vosges-une-identite-pour-un-territoire\/"},"wordCount":568,"commentCount":0,"publisher":{"@id":"https:\/\/vosgesinfo.fr\/saintdieinfo\/#organization"},"image":{"@id":"https:\/\/vosgesinfo.fr\/saintdieinfo\/2026\/09\/rendez-vous-aux-fermes-ouvertes-bleu-vert-vosges-une-identite-pour-un-territoire\/#primaryimage"},"thumbnailUrl":"https:\/\/vosgesinfo.fr\/app\/uploads\/sites\/4\/2026\/08\/ferme-ouverte-2025-7.jpg","keywords":["bleu vert vosges","Fermes Ouvertes"],"articleSection":["A la Une","Agriculture","Gerardmer","Remiremont","Saint-di\u00e9"],"inLanguage":"fr-FR","potentialAction":[{"@type":"CommentAction","name":"Comment","target":["https:\/\/vosgesinfo.fr\/saintdieinfo\/2026\/09\/rendez-vous-aux-fermes-ouvertes-bleu-vert-vosges-une-identite-pour-un-territoire\/#respond"]}]},{"@type":"WebPage","@id":"https:\/\/vosgesinfo.fr\/saintdieinfo\/2026\/09\/rendez-vous-aux-fermes-ouvertes-bleu-vert-vosges-une-identite-pour-un-territoire\/","url":"https:\/\/vosgesinfo.fr\/saintdieinfo\/2026\/09\/rendez-vous-aux-fermes-ouvertes-bleu-vert-vosges-une-identite-pour-un-territoire\/","name":"Rendez-vous aux Fermes Ouvertes Bleu Vert Vosges ! une identit\u00e9 pour un territoire. - Saint Die Info","isPartOf":{"@id":"https:\/\/vosgesinfo.fr\/saintdieinfo\/#website"},"primaryImageOfPage":{"@id":"https:\/\/vosgesinfo.fr\/saintdieinfo\/2026\/09\/rendez-vous-aux-fermes-ouvertes-bleu-vert-vosges-une-identite-pour-un-territoire\/#primaryimage"},"image":{"@id":"https:\/\/vosgesinfo.fr\/saintdieinfo\/2026\/09\/rendez-vous-aux-fermes-ouvertes-bleu-vert-vosges-une-identite-pour-un-territoire\/#primaryimage"},"thumbnailUrl":"https:\/\/vosgesinfo.fr\/app\/uploads\/sites\/4\/2026\/08\/ferme-ouverte-2025-7.jpg","datePublished":"2026-09-03T03:55:17+00:00","dateModified":"2026-09-03T03:55:17+00:00","breadcrumb":{"@id":"https:\/\/vosgesinfo.fr\/saintdieinfo\/2026\/09\/rendez-vous-aux-fermes-ouvertes-bleu-vert-vosges-une-identite-pour-un-territoire\/#breadcrumb"},"inLanguage":"fr-FR","potentialAction":[{"@type":"ReadAction","target":["https:\/\/vosgesinfo.fr\/saintdieinfo\/2026\/09\/rendez-vous-aux-fermes-ouvertes-bleu-vert-vosges-une-identite-pour-un-territoire\/"]}]},{"@type":"ImageObject","inLanguage":"fr-FR","@id":"https:\/\/vosgesinfo.fr\/saintdieinfo\/2026\/09\/rendez-vous-aux-fermes-ouvertes-bleu-vert-vosges-une-identite-pour-un-territoire\/#primaryimage","url":"https:\/\/vosgesinfo.fr\/app\/uploads\/sites\/4\/2026\/08\/ferme-ouverte-2025-7.jpg","contentUrl":"https:\/\/vosgesinfo.fr\/app\/uploads\/sites\/4\/2026\/08\/ferme-ouverte-2025-7.jpg","width":768,"height":576},{"@type":"BreadcrumbList","@id":"https:\/\/vosgesinfo.fr\/saintdieinfo\/2026\/09\/rendez-vous-aux-fermes-ouvertes-bleu-vert-vosges-une-identite-pour-un-territoire\/#breadcrumb","itemListElement":[{"@type":"ListItem","position":1,"name":"Home","item":"https:\/\/vosgesinfo.fr\/saintdieinfo\/"},{"@type":"ListItem","position":2,"name":"Rendez-vous aux Fermes Ouvertes Bleu Vert Vosges ! une identit\u00e9 pour un territoire."}]},{"@type":"WebSite","@id":"https:\/\/vosgesinfo.fr\/saintdieinfo\/#website","url":"https:\/\/vosgesinfo.fr\/saintdieinfo\/","name":"Saint Die Info","description":"Toute l&#039;actualit\u00e9 de Saint-Di\u00e9-Des-Vosges","publisher":{"@id":"https:\/\/vosgesinfo.fr\/saintdieinfo\/#organization"},"alternateName":"Toute l'actualit\u00e9 de Saint-Di\u00e9-Des-Vosges","potentialAction":[{"@type":"SearchAction","target":{"@type":"EntryPoint","urlTemplate":"https:\/\/vosgesinfo.fr\/saintdieinfo\/?s={search_term_string}"},"query-input":"required name=search_term_string"}],"inLanguage":"fr-FR"},{"@type":"Organization","@id":"https:\/\/vosgesinfo.fr\/saintdieinfo\/#organization","name":"Saint Die Info","url":"https:\/\/vosgesinfo.fr\/saintdieinfo\/","logo":{"@type":"ImageObject","inLanguage":"fr-FR","@id":"https:\/\/vosgesinfo.fr\/saintdieinfo\/#\/schema\/logo\/image\/","url":"https:\/\/vosgesinfo.fr\/app\/uploads\/sites\/4\/2024\/02\/logo-sdi.jpg","contentUrl":"https:\/\/vosgesinfo.fr\/app\/uploads\/sites\/4\/2024\/02\/logo-sdi.jpg","width":600,"height":600,"caption":"Saint Die Info"},"image":{"@id":"https:\/\/vosgesinfo.fr\/saintdieinfo\/#\/schema\/logo\/image\/"},"sameAs":["https:\/\/www.facebook.com\/Saintdieinfofr","https:\/\/x.com\/VosgesInfo88","https:\/\/www.youtube.com\/@vosgesinfo"]},{"@type":"Person","@id":"https:\/\/vosgesinfo.fr\/saintdieinfo\/#\/schema\/person\/27a3695b06db98895b354c0765cdfc31","name":"La redaction","image":{"@type":"ImageObject","inLanguage":"fr-FR","@id":"https:\/\/vosgesinfo.fr\/saintdieinfo\/#\/schema\/person\/image\/","url":"https:\/\/secure.gravatar.com\/avatar\/64c76a78e501cedee55736f43f332df901e1896ae9cd8fad269ae2236dd0e8b6?s=96&d=mm&r=g","contentUrl":"https:\/\/secure.gravatar.com\/avatar\/64c76a78e501cedee55736f43f332df901e1896ae9cd8fad269ae2236dd0e8b6?s=96&d=mm&r=g","caption":"La redaction"},"url":"https:\/\/vosgesinfo.fr\/saintdieinfo\/author\/la-redaction\/"}]}},"_links":{"self":[{"href":"https:\/\/vosgesinfo.fr\/saintdieinfo\/wp-json\/wp\/v2\/posts\/95572","targetHints":{"allow":["GET"]}}],"collection":[{"href":"https:\/\/vosgesinfo.fr\/saintdieinfo\/wp-json\/wp\/v2\/posts"}],"about":[{"href":"https:\/\/vosgesinfo.fr\/saintdieinfo\/wp-json\/wp\/v2\/types\/post"}],"author":[{"embeddable":true,"href":"https:\/\/vosgesinfo.fr\/saintdieinfo\/wp-json\/wp\/v2\/users\/391"}],"replies":[{"embeddable":true,"href":"https:\/\/vosgesinfo.fr\/saintdieinfo\/wp-json\/wp\/v2\/comments?post=95572"}],"version-history":[{"count":1,"href":"https:\/\/vosgesinfo.fr\/saintdieinfo\/wp-json\/wp\/v2\/posts\/95572\/revisions"}],"predecessor-version":[{"id":95701,"href":"https:\/\/vosgesinfo.fr\/saintdieinfo\/wp-json\/wp\/v2\/posts\/95572\/revisions\/95701"}],"wp:featuredmedia":[{"embeddable":true,"href":"https:\/\/vosgesinfo.fr\/saintdieinfo\/wp-json\/wp\/v2\/media\/95573"}],"wp:attachment":[{"href":"https:\/\/vosgesinfo.fr\/saintdieinfo\/wp-json\/wp\/v2\/media?parent=95572"}],"wp:term":[{"taxonomy":"category","embeddable":true,"href":"https:\/\/vosgesinfo.fr\/saintdieinfo\/wp-json\/wp\/v2\/categories?post=95572"},{"taxonomy":"post_tag","embeddable":true,"href":"https:\/\/vosgesinfo.fr\/saintdieinfo\/wp-json\/wp\/v2\/tags?post=95572"}],"curies":[{"name":"wp","href":"https:\/\/api.w.org\/{rel}","templated":true}]}}