{"id":95586,"date":"2026-09-01T07:33:25","date_gmt":"2026-09-01T05:33:25","guid":{"rendered":"https:\/\/vosgesinfo.fr\/saintdieinfo\/?p=95586"},"modified":"2026-09-01T07:22:42","modified_gmt":"2026-09-01T05:22:42","slug":"raon-letape-lorganiste-damien-simon-en-recital-a-leglise-saint-georges","status":"publish","type":"post","link":"https:\/\/vosgesinfo.fr\/saintdieinfo\/2026\/09\/raon-letape-lorganiste-damien-simon-en-recital-a-leglise-saint-georges\/","title":{"rendered":"Raon-l\u2019\u00c9tape : l\u2019organiste Damien Simon en r\u00e9cital \u00e0 l\u2019\u00e9glise Saint-Georges"},"content":{"rendered":"<div id=\"attachment_80212\" style=\"width: 810px\" class=\"wp-caption alignnone\"><a href=\"https:\/\/vosgesinfo.fr\/app\/uploads\/sites\/4\/2025\/07\/buffet-de-lorgue-de-leglise-saint-geroges-de-raon-letape.jpg\"><img decoding=\"async\" aria-describedby=\"caption-attachment-80212\" class=\"size-full wp-image-80212\" src=\"https:\/\/vosgesinfo.fr\/app\/uploads\/sites\/4\/2025\/07\/buffet-de-lorgue-de-leglise-saint-geroges-de-raon-letape.jpg\" alt=\"\" width=\"800\" height=\"600\" srcset=\"https:\/\/vosgesinfo.fr\/app\/uploads\/sites\/4\/2025\/07\/buffet-de-lorgue-de-leglise-saint-geroges-de-raon-letape.jpg 800w, https:\/\/vosgesinfo.fr\/app\/uploads\/sites\/4\/2025\/07\/buffet-de-lorgue-de-leglise-saint-geroges-de-raon-letape-300x225.jpg 300w, https:\/\/vosgesinfo.fr\/app\/uploads\/sites\/4\/2025\/07\/buffet-de-lorgue-de-leglise-saint-geroges-de-raon-letape-768x576.jpg 768w\" sizes=\"(max-width: 800px) 100vw, 800px\" \/><\/a><p id=\"caption-attachment-80212\" class=\"wp-caption-text\">(Photographie Association Orgue-Avenir \u00e0 la Porte des Vosges)<\/p><\/div>\n<h2><strong>Damien Simon<\/strong>, titulaire des grandes orgues de la <strong>cath\u00e9drale de Strasbourg<\/strong>, prendra place aux claviers de l\u2019orgue de l\u2019<strong>\u00e9glise Saint-Georges de Raon-l\u2019\u00c9tape<\/strong> pour le <strong>second et dernier concert de la saison<\/strong> d\u2019<strong>Orgue-Avenir \u00e0 la Porte des Vosges<\/strong>, apr\u00e8s celui de <strong>Jean-Marc Leblanc<\/strong> le <strong>2 ao\u00fbt<\/strong>. Le r\u00e9cital se d\u00e9roulera ce <strong>dimanche 6 septembre<\/strong> \u00e0 16 h 30. L\u2019<strong>entr\u00e9e est libre<\/strong> et le concert ouvert \u00e0 tous.<\/h2>\n<p><!--more--><\/p>\n<h3><strong>Plusieurs si\u00e8cles de musique pour clavier<\/strong><\/h3>\n<p>Professeur d\u2019orgue au <strong>Conservatoire de Rennes<\/strong> et directeur artistique du festival <strong>\u00ab\u00a0Stras\u2019orgues\u00a0\u00bb<\/strong>, Damien Simon interpr\u00e9tera un programme allant de Frescobaldi et Kerll \u00e0 Mendelssohn et Bo\u00ebly, en passant notamment par Bach, p\u00e8re et fils. Le r\u00e9cital parcourra ainsi <strong>plusieurs si\u00e8cles de musique pour clavier<\/strong>, de la musique italienne et allemande du XVIIe si\u00e8cle aux <strong>pr\u00e9mices du romantisme et \u00e0 la tradition fran\u00e7aise du XIXe si\u00e8cle<\/strong>.<\/p>\n<p>Contrepoint, virtuosit\u00e9, lyrisme et musique de caract\u00e8re permettront \u00e9galement d\u2019entendre <strong>diff\u00e9rentes facettes de l\u2019orgue<\/strong>. Comme lors du pr\u00e9c\u00e9dent concert, le jeu de l\u2019organiste sera <strong>projet\u00e9 sur grand \u00e9cran<\/strong> afin que le public puisse suivre ses gestes au clavier.<\/p>\n<p>Le r\u00e9cital durera <strong>environ une heure et quart<\/strong>. \u00c0 l\u2019issue du concert, une <strong>participation volontaire<\/strong> pourra \u00eatre vers\u00e9e pour soutenir les activit\u00e9s de l\u2019association. Le tout en sachant que l\u2019\u00e9glise raonnaise est <strong>accessible aux personnes \u00e0 mobilit\u00e9 r\u00e9duite<\/strong>.<\/p>\n","protected":false},"excerpt":{"rendered":"<p>Damien Simon, titulaire des grandes orgues de la cath\u00e9drale de Strasbourg, prendra place aux claviers de l\u2019orgue de l\u2019\u00e9glise Saint-Georges [&hellip;]<\/p>\n","protected":false},"author":46,"featured_media":80212,"comment_status":"open","ping_status":"open","sticky":false,"template":"","format":"standard","meta":{"footnotes":""},"categories":[3900,8003,3903,17],"tags":[22806,22508,17997,14865,22805],"class_list":["post-95586","post","type-post","status-publish","format-standard","has-post-thumbnail","hentry","category-breves","category-concert-culture","category-deodatie","category-vie-associative","tag-conservatoire-de-rennes","tag-damien-simon","tag-eglise-saint-georges-de-raon-letape","tag-orgue-avenir-a-la-porte-des-vosges","tag-strasorgues"],"acf":[],"yoast_head":"<!-- This site is optimized with the Yoast SEO plugin v22.5 - https:\/\/yoast.com\/wordpress\/plugins\/seo\/ -->\n<title>Raon-l\u2019\u00c9tape : l\u2019organiste Damien Simon en r\u00e9cital \u00e0 l\u2019\u00e9glise Saint-Georges - Saint Die Info<\/title>\n<meta name=\"robots\" content=\"index, follow, max-snippet:-1, max-image-preview:large, max-video-preview:-1\" \/>\n<link rel=\"canonical\" href=\"https:\/\/vosgesinfo.fr\/saintdieinfo\/2026\/09\/raon-letape-lorganiste-damien-simon-en-recital-a-leglise-saint-georges\/\" \/>\n<meta name=\"twitter:card\" content=\"summary_large_image\" \/>\n<meta name=\"twitter:title\" content=\"Raon-l\u2019\u00c9tape : l\u2019organiste Damien Simon en r\u00e9cital \u00e0 l\u2019\u00e9glise Saint-Georges - Saint Die Info\" \/>\n<meta name=\"twitter:description\" content=\"Damien Simon, titulaire des grandes orgues de la cath\u00e9drale de Strasbourg, prendra place aux claviers de l\u2019orgue de l\u2019\u00e9glise Saint-Georges [&hellip;]\" \/>\n<meta name=\"twitter:image\" content=\"https:\/\/vosgesinfo.fr\/app\/uploads\/sites\/4\/2025\/07\/buffet-de-lorgue-de-leglise-saint-geroges-de-raon-letape.jpg\" \/>\n<meta name=\"twitter:creator\" content=\"@VosgesInfo88\" \/>\n<meta name=\"twitter:site\" content=\"@VosgesInfo88\" \/>\n<meta name=\"twitter:label1\" content=\"\u00c9crit par\" \/>\n\t<meta name=\"twitter:data1\" content=\"J.J.\" \/>\n\t<meta name=\"twitter:label2\" content=\"Dur\u00e9e de lecture estim\u00e9e\" \/>\n\t<meta name=\"twitter:data2\" content=\"2 minutes\" \/>\n<script type=\"application\/ld+json\" class=\"yoast-schema-graph\">{\"@context\":\"https:\/\/schema.org\",\"@graph\":[{\"@type\":\"Article\",\"@id\":\"https:\/\/vosgesinfo.fr\/saintdieinfo\/2026\/09\/raon-letape-lorganiste-damien-simon-en-recital-a-leglise-saint-georges\/#article\",\"isPartOf\":{\"@id\":\"https:\/\/vosgesinfo.fr\/saintdieinfo\/2026\/09\/raon-letape-lorganiste-damien-simon-en-recital-a-leglise-saint-georges\/\"},\"author\":{\"name\":\"J.J.\",\"@id\":\"https:\/\/vosgesinfo.fr\/saintdieinfo\/#\/schema\/person\/fa73e9f726d67bb88f46d5b7943cb572\"},\"headline\":\"Raon-l\u2019\u00c9tape : l\u2019organiste Damien Simon en r\u00e9cital \u00e0 l\u2019\u00e9glise Saint-Georges\",\"datePublished\":\"2026-09-01T05:33:25+00:00\",\"dateModified\":\"2026-09-01T05:22:42+00:00\",\"mainEntityOfPage\":{\"@id\":\"https:\/\/vosgesinfo.fr\/saintdieinfo\/2026\/09\/raon-letape-lorganiste-damien-simon-en-recital-a-leglise-saint-georges\/\"},\"wordCount\":265,\"commentCount\":0,\"publisher\":{\"@id\":\"https:\/\/vosgesinfo.fr\/saintdieinfo\/#organization\"},\"image\":{\"@id\":\"https:\/\/vosgesinfo.fr\/saintdieinfo\/2026\/09\/raon-letape-lorganiste-damien-simon-en-recital-a-leglise-saint-georges\/#primaryimage\"},\"thumbnailUrl\":\"https:\/\/vosgesinfo.fr\/app\/uploads\/sites\/4\/2025\/07\/buffet-de-lorgue-de-leglise-saint-geroges-de-raon-letape.jpg\",\"keywords\":[\"Conservatoire de Rennes\",\"Damien Simon\",\"Eglise Saint-Georges de Raon-l'Etape\",\"Orgue-Avenir \u00e0 la Porte des Vosges\",\"Stras\u2019orgues\"],\"articleSection\":[\"Br\u00e8ves\",\"Concert\",\"D\u00e9odatie\",\"Vie Associative\"],\"inLanguage\":\"fr-FR\",\"potentialAction\":[{\"@type\":\"CommentAction\",\"name\":\"Comment\",\"target\":[\"https:\/\/vosgesinfo.fr\/saintdieinfo\/2026\/09\/raon-letape-lorganiste-damien-simon-en-recital-a-leglise-saint-georges\/#respond\"]}]},{\"@type\":\"WebPage\",\"@id\":\"https:\/\/vosgesinfo.fr\/saintdieinfo\/2026\/09\/raon-letape-lorganiste-damien-simon-en-recital-a-leglise-saint-georges\/\",\"url\":\"https:\/\/vosgesinfo.fr\/saintdieinfo\/2026\/09\/raon-letape-lorganiste-damien-simon-en-recital-a-leglise-saint-georges\/\",\"name\":\"Raon-l\u2019\u00c9tape : l\u2019organiste Damien Simon en r\u00e9cital \u00e0 l\u2019\u00e9glise Saint-Georges - Saint Die Info\",\"isPartOf\":{\"@id\":\"https:\/\/vosgesinfo.fr\/saintdieinfo\/#website\"},\"primaryImageOfPage\":{\"@id\":\"https:\/\/vosgesinfo.fr\/saintdieinfo\/2026\/09\/raon-letape-lorganiste-damien-simon-en-recital-a-leglise-saint-georges\/#primaryimage\"},\"image\":{\"@id\":\"https:\/\/vosgesinfo.fr\/saintdieinfo\/2026\/09\/raon-letape-lorganiste-damien-simon-en-recital-a-leglise-saint-georges\/#primaryimage\"},\"thumbnailUrl\":\"https:\/\/vosgesinfo.fr\/app\/uploads\/sites\/4\/2025\/07\/buffet-de-lorgue-de-leglise-saint-geroges-de-raon-letape.jpg\",\"datePublished\":\"2026-09-01T05:33:25+00:00\",\"dateModified\":\"2026-09-01T05:22:42+00:00\",\"breadcrumb\":{\"@id\":\"https:\/\/vosgesinfo.fr\/saintdieinfo\/2026\/09\/raon-letape-lorganiste-damien-simon-en-recital-a-leglise-saint-georges\/#breadcrumb\"},\"inLanguage\":\"fr-FR\",\"potentialAction\":[{\"@type\":\"ReadAction\",\"target\":[\"https:\/\/vosgesinfo.fr\/saintdieinfo\/2026\/09\/raon-letape-lorganiste-damien-simon-en-recital-a-leglise-saint-georges\/\"]}]},{\"@type\":\"ImageObject\",\"inLanguage\":\"fr-FR\",\"@id\":\"https:\/\/vosgesinfo.fr\/saintdieinfo\/2026\/09\/raon-letape-lorganiste-damien-simon-en-recital-a-leglise-saint-georges\/#primaryimage\",\"url\":\"https:\/\/vosgesinfo.fr\/app\/uploads\/sites\/4\/2025\/07\/buffet-de-lorgue-de-leglise-saint-geroges-de-raon-letape.jpg\",\"contentUrl\":\"https:\/\/vosgesinfo.fr\/app\/uploads\/sites\/4\/2025\/07\/buffet-de-lorgue-de-leglise-saint-geroges-de-raon-letape.jpg\",\"width\":800,\"height\":600,\"caption\":\"(Photographie Association Orgue-Avenir \u00e0 la Porte des Vosges)\"},{\"@type\":\"BreadcrumbList\",\"@id\":\"https:\/\/vosgesinfo.fr\/saintdieinfo\/2026\/09\/raon-letape-lorganiste-damien-simon-en-recital-a-leglise-saint-georges\/#breadcrumb\",\"itemListElement\":[{\"@type\":\"ListItem\",\"position\":1,\"name\":\"Home\",\"item\":\"https:\/\/vosgesinfo.fr\/saintdieinfo\/\"},{\"@type\":\"ListItem\",\"position\":2,\"name\":\"Raon-l\u2019\u00c9tape : l\u2019organiste Damien Simon en r\u00e9cital \u00e0 l\u2019\u00e9glise Saint-Georges\"}]},{\"@type\":\"WebSite\",\"@id\":\"https:\/\/vosgesinfo.fr\/saintdieinfo\/#website\",\"url\":\"https:\/\/vosgesinfo.fr\/saintdieinfo\/\",\"name\":\"Saint Die Info\",\"description\":\"Toute l&#039;actualit\u00e9 de Saint-Di\u00e9-Des-Vosges\",\"publisher\":{\"@id\":\"https:\/\/vosgesinfo.fr\/saintdieinfo\/#organization\"},\"alternateName\":\"Toute l'actualit\u00e9 de Saint-Di\u00e9-Des-Vosges\",\"potentialAction\":[{\"@type\":\"SearchAction\",\"target\":{\"@type\":\"EntryPoint\",\"urlTemplate\":\"https:\/\/vosgesinfo.fr\/saintdieinfo\/?s={search_term_string}\"},\"query-input\":\"required name=search_term_string\"}],\"inLanguage\":\"fr-FR\"},{\"@type\":\"Organization\",\"@id\":\"https:\/\/vosgesinfo.fr\/saintdieinfo\/#organization\",\"name\":\"Saint Die Info\",\"url\":\"https:\/\/vosgesinfo.fr\/saintdieinfo\/\",\"logo\":{\"@type\":\"ImageObject\",\"inLanguage\":\"fr-FR\",\"@id\":\"https:\/\/vosgesinfo.fr\/saintdieinfo\/#\/schema\/logo\/image\/\",\"url\":\"https:\/\/vosgesinfo.fr\/app\/uploads\/sites\/4\/2024\/02\/logo-sdi.jpg\",\"contentUrl\":\"https:\/\/vosgesinfo.fr\/app\/uploads\/sites\/4\/2024\/02\/logo-sdi.jpg\",\"width\":600,\"height\":600,\"caption\":\"Saint Die Info\"},\"image\":{\"@id\":\"https:\/\/vosgesinfo.fr\/saintdieinfo\/#\/schema\/logo\/image\/\"},\"sameAs\":[\"https:\/\/www.facebook.com\/Saintdieinfofr\",\"https:\/\/x.com\/VosgesInfo88\",\"https:\/\/www.youtube.com\/@vosgesinfo\"]},{\"@type\":\"Person\",\"@id\":\"https:\/\/vosgesinfo.fr\/saintdieinfo\/#\/schema\/person\/fa73e9f726d67bb88f46d5b7943cb572\",\"name\":\"J.J.\",\"image\":{\"@type\":\"ImageObject\",\"inLanguage\":\"fr-FR\",\"@id\":\"https:\/\/vosgesinfo.fr\/saintdieinfo\/#\/schema\/person\/image\/\",\"url\":\"https:\/\/secure.gravatar.com\/avatar\/219e749e47ffbcca018a360ae4add7d4cdf1cdaaf8bc7676b27efade3fe65615?s=96&d=mm&r=g\",\"contentUrl\":\"https:\/\/secure.gravatar.com\/avatar\/219e749e47ffbcca018a360ae4add7d4cdf1cdaaf8bc7676b27efade3fe65615?s=96&d=mm&r=g\",\"caption\":\"J.J.\"},\"url\":\"https:\/\/vosgesinfo.fr\/saintdieinfo\/author\/j-j\/\"}]}<\/script>\n<!-- \/ Yoast SEO plugin. -->","yoast_head_json":{"title":"Raon-l\u2019\u00c9tape : l\u2019organiste Damien Simon en r\u00e9cital \u00e0 l\u2019\u00e9glise Saint-Georges - Saint Die Info","robots":{"index":"index","follow":"follow","max-snippet":"max-snippet:-1","max-image-preview":"max-image-preview:large","max-video-preview":"max-video-preview:-1"},"canonical":"https:\/\/vosgesinfo.fr\/saintdieinfo\/2026\/09\/raon-letape-lorganiste-damien-simon-en-recital-a-leglise-saint-georges\/","twitter_card":"summary_large_image","twitter_title":"Raon-l\u2019\u00c9tape : l\u2019organiste Damien Simon en r\u00e9cital \u00e0 l\u2019\u00e9glise Saint-Georges - Saint Die Info","twitter_description":"Damien Simon, titulaire des grandes orgues de la cath\u00e9drale de Strasbourg, prendra place aux claviers de l\u2019orgue de l\u2019\u00e9glise Saint-Georges [&hellip;]","twitter_image":"https:\/\/vosgesinfo.fr\/app\/uploads\/sites\/4\/2025\/07\/buffet-de-lorgue-de-leglise-saint-geroges-de-raon-letape.jpg","twitter_creator":"@VosgesInfo88","twitter_site":"@VosgesInfo88","twitter_misc":{"\u00c9crit par":"J.J.","Dur\u00e9e de lecture estim\u00e9e":"2 minutes"},"schema":{"@context":"https:\/\/schema.org","@graph":[{"@type":"Article","@id":"https:\/\/vosgesinfo.fr\/saintdieinfo\/2026\/09\/raon-letape-lorganiste-damien-simon-en-recital-a-leglise-saint-georges\/#article","isPartOf":{"@id":"https:\/\/vosgesinfo.fr\/saintdieinfo\/2026\/09\/raon-letape-lorganiste-damien-simon-en-recital-a-leglise-saint-georges\/"},"author":{"name":"J.J.","@id":"https:\/\/vosgesinfo.fr\/saintdieinfo\/#\/schema\/person\/fa73e9f726d67bb88f46d5b7943cb572"},"headline":"Raon-l\u2019\u00c9tape : l\u2019organiste Damien Simon en r\u00e9cital \u00e0 l\u2019\u00e9glise Saint-Georges","datePublished":"2026-09-01T05:33:25+00:00","dateModified":"2026-09-01T05:22:42+00:00","mainEntityOfPage":{"@id":"https:\/\/vosgesinfo.fr\/saintdieinfo\/2026\/09\/raon-letape-lorganiste-damien-simon-en-recital-a-leglise-saint-georges\/"},"wordCount":265,"commentCount":0,"publisher":{"@id":"https:\/\/vosgesinfo.fr\/saintdieinfo\/#organization"},"image":{"@id":"https:\/\/vosgesinfo.fr\/saintdieinfo\/2026\/09\/raon-letape-lorganiste-damien-simon-en-recital-a-leglise-saint-georges\/#primaryimage"},"thumbnailUrl":"https:\/\/vosgesinfo.fr\/app\/uploads\/sites\/4\/2025\/07\/buffet-de-lorgue-de-leglise-saint-geroges-de-raon-letape.jpg","keywords":["Conservatoire de Rennes","Damien Simon","Eglise Saint-Georges de Raon-l'Etape","Orgue-Avenir \u00e0 la Porte des Vosges","Stras\u2019orgues"],"articleSection":["Br\u00e8ves","Concert","D\u00e9odatie","Vie Associative"],"inLanguage":"fr-FR","potentialAction":[{"@type":"CommentAction","name":"Comment","target":["https:\/\/vosgesinfo.fr\/saintdieinfo\/2026\/09\/raon-letape-lorganiste-damien-simon-en-recital-a-leglise-saint-georges\/#respond"]}]},{"@type":"WebPage","@id":"https:\/\/vosgesinfo.fr\/saintdieinfo\/2026\/09\/raon-letape-lorganiste-damien-simon-en-recital-a-leglise-saint-georges\/","url":"https:\/\/vosgesinfo.fr\/saintdieinfo\/2026\/09\/raon-letape-lorganiste-damien-simon-en-recital-a-leglise-saint-georges\/","name":"Raon-l\u2019\u00c9tape : l\u2019organiste Damien Simon en r\u00e9cital \u00e0 l\u2019\u00e9glise Saint-Georges - Saint Die Info","isPartOf":{"@id":"https:\/\/vosgesinfo.fr\/saintdieinfo\/#website"},"primaryImageOfPage":{"@id":"https:\/\/vosgesinfo.fr\/saintdieinfo\/2026\/09\/raon-letape-lorganiste-damien-simon-en-recital-a-leglise-saint-georges\/#primaryimage"},"image":{"@id":"https:\/\/vosgesinfo.fr\/saintdieinfo\/2026\/09\/raon-letape-lorganiste-damien-simon-en-recital-a-leglise-saint-georges\/#primaryimage"},"thumbnailUrl":"https:\/\/vosgesinfo.fr\/app\/uploads\/sites\/4\/2025\/07\/buffet-de-lorgue-de-leglise-saint-geroges-de-raon-letape.jpg","datePublished":"2026-09-01T05:33:25+00:00","dateModified":"2026-09-01T05:22:42+00:00","breadcrumb":{"@id":"https:\/\/vosgesinfo.fr\/saintdieinfo\/2026\/09\/raon-letape-lorganiste-damien-simon-en-recital-a-leglise-saint-georges\/#breadcrumb"},"inLanguage":"fr-FR","potentialAction":[{"@type":"ReadAction","target":["https:\/\/vosgesinfo.fr\/saintdieinfo\/2026\/09\/raon-letape-lorganiste-damien-simon-en-recital-a-leglise-saint-georges\/"]}]},{"@type":"ImageObject","inLanguage":"fr-FR","@id":"https:\/\/vosgesinfo.fr\/saintdieinfo\/2026\/09\/raon-letape-lorganiste-damien-simon-en-recital-a-leglise-saint-georges\/#primaryimage","url":"https:\/\/vosgesinfo.fr\/app\/uploads\/sites\/4\/2025\/07\/buffet-de-lorgue-de-leglise-saint-geroges-de-raon-letape.jpg","contentUrl":"https:\/\/vosgesinfo.fr\/app\/uploads\/sites\/4\/2025\/07\/buffet-de-lorgue-de-leglise-saint-geroges-de-raon-letape.jpg","width":800,"height":600,"caption":"(Photographie Association Orgue-Avenir \u00e0 la Porte des Vosges)"},{"@type":"BreadcrumbList","@id":"https:\/\/vosgesinfo.fr\/saintdieinfo\/2026\/09\/raon-letape-lorganiste-damien-simon-en-recital-a-leglise-saint-georges\/#breadcrumb","itemListElement":[{"@type":"ListItem","position":1,"name":"Home","item":"https:\/\/vosgesinfo.fr\/saintdieinfo\/"},{"@type":"ListItem","position":2,"name":"Raon-l\u2019\u00c9tape : l\u2019organiste Damien Simon en r\u00e9cital \u00e0 l\u2019\u00e9glise Saint-Georges"}]},{"@type":"WebSite","@id":"https:\/\/vosgesinfo.fr\/saintdieinfo\/#website","url":"https:\/\/vosgesinfo.fr\/saintdieinfo\/","name":"Saint Die Info","description":"Toute l&#039;actualit\u00e9 de Saint-Di\u00e9-Des-Vosges","publisher":{"@id":"https:\/\/vosgesinfo.fr\/saintdieinfo\/#organization"},"alternateName":"Toute l'actualit\u00e9 de Saint-Di\u00e9-Des-Vosges","potentialAction":[{"@type":"SearchAction","target":{"@type":"EntryPoint","urlTemplate":"https:\/\/vosgesinfo.fr\/saintdieinfo\/?s={search_term_string}"},"query-input":"required name=search_term_string"}],"inLanguage":"fr-FR"},{"@type":"Organization","@id":"https:\/\/vosgesinfo.fr\/saintdieinfo\/#organization","name":"Saint Die Info","url":"https:\/\/vosgesinfo.fr\/saintdieinfo\/","logo":{"@type":"ImageObject","inLanguage":"fr-FR","@id":"https:\/\/vosgesinfo.fr\/saintdieinfo\/#\/schema\/logo\/image\/","url":"https:\/\/vosgesinfo.fr\/app\/uploads\/sites\/4\/2024\/02\/logo-sdi.jpg","contentUrl":"https:\/\/vosgesinfo.fr\/app\/uploads\/sites\/4\/2024\/02\/logo-sdi.jpg","width":600,"height":600,"caption":"Saint Die Info"},"image":{"@id":"https:\/\/vosgesinfo.fr\/saintdieinfo\/#\/schema\/logo\/image\/"},"sameAs":["https:\/\/www.facebook.com\/Saintdieinfofr","https:\/\/x.com\/VosgesInfo88","https:\/\/www.youtube.com\/@vosgesinfo"]},{"@type":"Person","@id":"https:\/\/vosgesinfo.fr\/saintdieinfo\/#\/schema\/person\/fa73e9f726d67bb88f46d5b7943cb572","name":"J.J.","image":{"@type":"ImageObject","inLanguage":"fr-FR","@id":"https:\/\/vosgesinfo.fr\/saintdieinfo\/#\/schema\/person\/image\/","url":"https:\/\/secure.gravatar.com\/avatar\/219e749e47ffbcca018a360ae4add7d4cdf1cdaaf8bc7676b27efade3fe65615?s=96&d=mm&r=g","contentUrl":"https:\/\/secure.gravatar.com\/avatar\/219e749e47ffbcca018a360ae4add7d4cdf1cdaaf8bc7676b27efade3fe65615?s=96&d=mm&r=g","caption":"J.J."},"url":"https:\/\/vosgesinfo.fr\/saintdieinfo\/author\/j-j\/"}]}},"_links":{"self":[{"href":"https:\/\/vosgesinfo.fr\/saintdieinfo\/wp-json\/wp\/v2\/posts\/95586","targetHints":{"allow":["GET"]}}],"collection":[{"href":"https:\/\/vosgesinfo.fr\/saintdieinfo\/wp-json\/wp\/v2\/posts"}],"about":[{"href":"https:\/\/vosgesinfo.fr\/saintdieinfo\/wp-json\/wp\/v2\/types\/post"}],"author":[{"embeddable":true,"href":"https:\/\/vosgesinfo.fr\/saintdieinfo\/wp-json\/wp\/v2\/users\/46"}],"replies":[{"embeddable":true,"href":"https:\/\/vosgesinfo.fr\/saintdieinfo\/wp-json\/wp\/v2\/comments?post=95586"}],"version-history":[{"count":1,"href":"https:\/\/vosgesinfo.fr\/saintdieinfo\/wp-json\/wp\/v2\/posts\/95586\/revisions"}],"predecessor-version":[{"id":95587,"href":"https:\/\/vosgesinfo.fr\/saintdieinfo\/wp-json\/wp\/v2\/posts\/95586\/revisions\/95587"}],"wp:featuredmedia":[{"embeddable":true,"href":"https:\/\/vosgesinfo.fr\/saintdieinfo\/wp-json\/wp\/v2\/media\/80212"}],"wp:attachment":[{"href":"https:\/\/vosgesinfo.fr\/saintdieinfo\/wp-json\/wp\/v2\/media?parent=95586"}],"wp:term":[{"taxonomy":"category","embeddable":true,"href":"https:\/\/vosgesinfo.fr\/saintdieinfo\/wp-json\/wp\/v2\/categories?post=95586"},{"taxonomy":"post_tag","embeddable":true,"href":"https:\/\/vosgesinfo.fr\/saintdieinfo\/wp-json\/wp\/v2\/tags?post=95586"}],"curies":[{"name":"wp","href":"https:\/\/api.w.org\/{rel}","templated":true}]}}