{"id":95588,"date":"2026-09-01T09:43:37","date_gmt":"2026-09-01T07:43:37","guid":{"rendered":"https:\/\/vosgesinfo.fr\/saintdieinfo\/?p=95588"},"modified":"2026-09-01T09:39:07","modified_gmt":"2026-09-01T07:39:07","slug":"journee-mondiale-du-coeur-depistages-et-prevention-au-centre-hospitalier-de-saint-die-des-vosges","status":"publish","type":"post","link":"https:\/\/vosgesinfo.fr\/saintdieinfo\/2026\/09\/journee-mondiale-du-coeur-depistages-et-prevention-au-centre-hospitalier-de-saint-die-des-vosges\/","title":{"rendered":"Journ\u00e9e mondiale du c\u0153ur : d\u00e9pistages et pr\u00e9vention au Centre Hospitalier de Saint-Di\u00e9-des-Vosges"},"content":{"rendered":"<h2><strong>Fibrillation atriale, hypertension art\u00e9rielle, sommeil, alimentation, tabac ou stress<\/strong> : <strong>huit stands<\/strong> permettront d\u2019\u00e9valuer plusieurs facteurs de risque cardiovasculaire au <strong>Centre Hospitalier de Saint-Di\u00e9-des-Vosges<\/strong>, mardi 29 septembre, de 13 h 30 \u00e0 17 h, du c\u00f4t\u00e9 de la Rue Publique.<\/h2>\n<p><!--more--><\/p>\n<h3><strong>Sensibiliser aux maladies cardiovasculaires<\/strong><\/h3>\n<p>Cette action est organis\u00e9e \u00e0 l\u2019occasion de la <strong>Journ\u00e9e mondiale du c\u0153ur<\/strong>, consacr\u00e9e \u00e0 la sensibilisation aux maladies cardiovasculaires et \u00e0 leur pr\u00e9vention. <strong>Premi\u00e8re cause de mortalit\u00e9 dans le monde<\/strong>, celles-ci peuvent \u00eatre \u00e9vit\u00e9es <strong>dans 8 cas sur 10<\/strong> gr\u00e2ce \u00e0 un suivi m\u00e9dical r\u00e9gulier et une bonne hygi\u00e8ne de vie, notamment par l\u2019activit\u00e9 physique, une alimentation \u00e9quilibr\u00e9e, l\u2019absence de tabac, une bonne gestion du stress et un sommeil de qualit\u00e9.<\/p>\n<h3><strong>D\u00e9pistage, sommeil, alimentation et tabac<\/strong><\/h3>\n<p>Un cardiologue et une infirmi\u00e8re du service de consultation de cardiologie assureront le <strong>d\u00e9pistage de la fibrillation atriale<\/strong>. L\u2019hypertension art\u00e9rielle pourra \u00e9galement \u00eatre d\u00e9pist\u00e9e par une infirmi\u00e8re de cardiologie, avec la participation d\u2019\u00e9tudiants infirmiers. Une IPA de cardiologie et des \u00e9tudiants infirmiers \u00e9valueront le <strong>risque cardiovasculaire \u00e0 l\u2019aide de la table Score 2<\/strong> et calculeront l\u2019IMC. Une infirmi\u00e8re des consultations de pneumologie \u00e9valuera de son c\u00f4t\u00e9 <strong>la qualit\u00e9 du sommeil et la somnolence diurne<\/strong>, avec des conseils pour am\u00e9liorer le sommeil.<\/p>\n<p>Les di\u00e9t\u00e9ticiennes seront pr\u00e9sentes autour de <strong>l\u2019\u00e9quilibre alimentaire et de la limitation de la consommation de sel<\/strong>. Une infirmi\u00e8re de consultation de cardiologie dipl\u00f4m\u00e9e en tabacologie animera un <strong>stand d\u2019aide \u00e0 l\u2019arr\u00eat du tabac<\/strong>, tandis qu\u2019un sophrologue \u00e9valuera le stress et abordera la gestion des \u00e9motions. Le <strong>Club C\u0153ur et Sant\u00e9<\/strong> pr\u00e9sentera enfin ses actions, avec la promotion de l\u2019activit\u00e9 physique et une initiation aux gestes d\u2019urgence.<\/p>\n<h3><strong>La Semaine du c\u0153ur s\u2019ach\u00e8vera au Centre Hospitalier<\/strong><\/h3>\n<p>Cette journ\u00e9e conclura les actions men\u00e9es par le <strong>Club C\u0153ur et Sant\u00e9<\/strong> au cours de la <strong>Semaine du c\u0153ur<\/strong>. Une conf\u00e9rence consacr\u00e9e \u00e0 \u00ab C\u0153ur et activit\u00e9 physique \u00bb sera donn\u00e9e par le <strong>Dr Ernst<\/strong> le 23 septembre, de 20 h \u00e0 22 h. Une randonn\u00e9e \u00e0 v\u00e9lo suivra samedi 26 septembre, puis une randonn\u00e9e p\u00e9destre le 27 septembre sur le th\u00e8me \u00ab la d\u00e9couverte des fontaines et des jets d\u2019eau \u00bb.<\/p>\n<p><a href=\"https:\/\/vosgesinfo.fr\/app\/uploads\/sites\/4\/2026\/09\/journee-mondiale-coeur-hmv.jpg\"><img decoding=\"async\" class=\"alignnone size-large wp-image-95589\" src=\"https:\/\/vosgesinfo.fr\/app\/uploads\/sites\/4\/2026\/09\/journee-mondiale-coeur-hmv-724x1024.jpg\" alt=\"\" width=\"724\" height=\"1024\" srcset=\"https:\/\/vosgesinfo.fr\/app\/uploads\/sites\/4\/2026\/09\/journee-mondiale-coeur-hmv-724x1024.jpg 724w, https:\/\/vosgesinfo.fr\/app\/uploads\/sites\/4\/2026\/09\/journee-mondiale-coeur-hmv-212x300.jpg 212w, https:\/\/vosgesinfo.fr\/app\/uploads\/sites\/4\/2026\/09\/journee-mondiale-coeur-hmv-768x1087.jpg 768w, https:\/\/vosgesinfo.fr\/app\/uploads\/sites\/4\/2026\/09\/journee-mondiale-coeur-hmv-1086x1536.jpg 1086w, https:\/\/vosgesinfo.fr\/app\/uploads\/sites\/4\/2026\/09\/journee-mondiale-coeur-hmv.jpg 1357w\" sizes=\"(max-width: 724px) 100vw, 724px\" \/><\/a><\/p>\n","protected":false},"excerpt":{"rendered":"<p>Fibrillation atriale, hypertension art\u00e9rielle, sommeil, alimentation, tabac ou stress : huit stands permettront d\u2019\u00e9valuer plusieurs facteurs de risque cardiovasculaire au [&hellip;]<\/p>\n","protected":false},"author":46,"featured_media":95590,"comment_status":"open","ping_status":"open","sticky":false,"template":"","format":"standard","meta":{"footnotes":""},"categories":[460,167,4152],"tags":[3056,7152,22808,3146,22807,22809],"class_list":["post-95588","post","type-post","status-publish","format-standard","has-post-thumbnail","hentry","category-a-la-une","category-saint-die-des-vosges","category-sante","tag-centre-hospitalier-de-saint-die-des-vosges","tag-club-coeur-et-sante","tag-depistage-cardiovasculaire","tag-hopitaux-du-massif-des-vosges","tag-journee-mondiale-du-coeur","tag-prevention-cardiovasculaire"],"acf":[],"yoast_head":"<!-- This site is optimized with the Yoast SEO plugin v22.5 - https:\/\/yoast.com\/wordpress\/plugins\/seo\/ -->\n<title>Journ\u00e9e mondiale du c\u0153ur : d\u00e9pistages et pr\u00e9vention au Centre Hospitalier de Saint-Di\u00e9-des-Vosges - Saint Die Info<\/title>\n<meta name=\"robots\" content=\"index, follow, max-snippet:-1, max-image-preview:large, max-video-preview:-1\" \/>\n<link rel=\"canonical\" href=\"https:\/\/vosgesinfo.fr\/saintdieinfo\/2026\/09\/journee-mondiale-du-coeur-depistages-et-prevention-au-centre-hospitalier-de-saint-die-des-vosges\/\" \/>\n<meta name=\"twitter:card\" content=\"summary_large_image\" \/>\n<meta name=\"twitter:title\" content=\"Journ\u00e9e mondiale du c\u0153ur : d\u00e9pistages et pr\u00e9vention au Centre Hospitalier de Saint-Di\u00e9-des-Vosges - Saint Die Info\" \/>\n<meta name=\"twitter:description\" content=\"Fibrillation atriale, hypertension art\u00e9rielle, sommeil, alimentation, tabac ou stress : huit stands permettront d\u2019\u00e9valuer plusieurs facteurs de risque cardiovasculaire au [&hellip;]\" \/>\n<meta name=\"twitter:image\" content=\"https:\/\/vosgesinfo.fr\/app\/uploads\/sites\/4\/2026\/09\/journee-mondiale-coeur-hmv-1.jpg\" \/>\n<meta name=\"twitter:creator\" content=\"@VosgesInfo88\" \/>\n<meta name=\"twitter:site\" content=\"@VosgesInfo88\" \/>\n<meta name=\"twitter:label1\" content=\"\u00c9crit par\" \/>\n\t<meta name=\"twitter:data1\" content=\"J.J.\" \/>\n\t<meta name=\"twitter:label2\" content=\"Dur\u00e9e de lecture estim\u00e9e\" \/>\n\t<meta name=\"twitter:data2\" content=\"3 minutes\" \/>\n<script type=\"application\/ld+json\" class=\"yoast-schema-graph\">{\"@context\":\"https:\/\/schema.org\",\"@graph\":[{\"@type\":\"Article\",\"@id\":\"https:\/\/vosgesinfo.fr\/saintdieinfo\/2026\/09\/journee-mondiale-du-coeur-depistages-et-prevention-au-centre-hospitalier-de-saint-die-des-vosges\/#article\",\"isPartOf\":{\"@id\":\"https:\/\/vosgesinfo.fr\/saintdieinfo\/2026\/09\/journee-mondiale-du-coeur-depistages-et-prevention-au-centre-hospitalier-de-saint-die-des-vosges\/\"},\"author\":{\"name\":\"J.J.\",\"@id\":\"https:\/\/vosgesinfo.fr\/saintdieinfo\/#\/schema\/person\/fa73e9f726d67bb88f46d5b7943cb572\"},\"headline\":\"Journ\u00e9e mondiale du c\u0153ur : d\u00e9pistages et pr\u00e9vention au Centre Hospitalier de Saint-Di\u00e9-des-Vosges\",\"datePublished\":\"2026-09-01T07:43:37+00:00\",\"dateModified\":\"2026-09-01T07:39:07+00:00\",\"mainEntityOfPage\":{\"@id\":\"https:\/\/vosgesinfo.fr\/saintdieinfo\/2026\/09\/journee-mondiale-du-coeur-depistages-et-prevention-au-centre-hospitalier-de-saint-die-des-vosges\/\"},\"wordCount\":404,\"commentCount\":0,\"publisher\":{\"@id\":\"https:\/\/vosgesinfo.fr\/saintdieinfo\/#organization\"},\"image\":{\"@id\":\"https:\/\/vosgesinfo.fr\/saintdieinfo\/2026\/09\/journee-mondiale-du-coeur-depistages-et-prevention-au-centre-hospitalier-de-saint-die-des-vosges\/#primaryimage\"},\"thumbnailUrl\":\"https:\/\/vosgesinfo.fr\/app\/uploads\/sites\/4\/2026\/09\/journee-mondiale-coeur-hmv-1.jpg\",\"keywords\":[\"Centre Hospitalier de Saint-Di\u00e9-des-Vosges\",\"Club Coeur et Sant\u00e9\",\"d\u00e9pistage cardiovasculaire\",\"H\u00f4pitaux du Massif des Vosges\",\"Journ\u00e9e mondiale du c\u0153ur\",\"pr\u00e9vention cardiovasculaire\"],\"articleSection\":[\"A la Une\",\"Saint-Di\u00e9-des-Vosges\",\"Sant\u00e9\"],\"inLanguage\":\"fr-FR\",\"potentialAction\":[{\"@type\":\"CommentAction\",\"name\":\"Comment\",\"target\":[\"https:\/\/vosgesinfo.fr\/saintdieinfo\/2026\/09\/journee-mondiale-du-coeur-depistages-et-prevention-au-centre-hospitalier-de-saint-die-des-vosges\/#respond\"]}]},{\"@type\":\"WebPage\",\"@id\":\"https:\/\/vosgesinfo.fr\/saintdieinfo\/2026\/09\/journee-mondiale-du-coeur-depistages-et-prevention-au-centre-hospitalier-de-saint-die-des-vosges\/\",\"url\":\"https:\/\/vosgesinfo.fr\/saintdieinfo\/2026\/09\/journee-mondiale-du-coeur-depistages-et-prevention-au-centre-hospitalier-de-saint-die-des-vosges\/\",\"name\":\"Journ\u00e9e mondiale du c\u0153ur : d\u00e9pistages et pr\u00e9vention au Centre Hospitalier de Saint-Di\u00e9-des-Vosges - Saint Die Info\",\"isPartOf\":{\"@id\":\"https:\/\/vosgesinfo.fr\/saintdieinfo\/#website\"},\"primaryImageOfPage\":{\"@id\":\"https:\/\/vosgesinfo.fr\/saintdieinfo\/2026\/09\/journee-mondiale-du-coeur-depistages-et-prevention-au-centre-hospitalier-de-saint-die-des-vosges\/#primaryimage\"},\"image\":{\"@id\":\"https:\/\/vosgesinfo.fr\/saintdieinfo\/2026\/09\/journee-mondiale-du-coeur-depistages-et-prevention-au-centre-hospitalier-de-saint-die-des-vosges\/#primaryimage\"},\"thumbnailUrl\":\"https:\/\/vosgesinfo.fr\/app\/uploads\/sites\/4\/2026\/09\/journee-mondiale-coeur-hmv-1.jpg\",\"datePublished\":\"2026-09-01T07:43:37+00:00\",\"dateModified\":\"2026-09-01T07:39:07+00:00\",\"breadcrumb\":{\"@id\":\"https:\/\/vosgesinfo.fr\/saintdieinfo\/2026\/09\/journee-mondiale-du-coeur-depistages-et-prevention-au-centre-hospitalier-de-saint-die-des-vosges\/#breadcrumb\"},\"inLanguage\":\"fr-FR\",\"potentialAction\":[{\"@type\":\"ReadAction\",\"target\":[\"https:\/\/vosgesinfo.fr\/saintdieinfo\/2026\/09\/journee-mondiale-du-coeur-depistages-et-prevention-au-centre-hospitalier-de-saint-die-des-vosges\/\"]}]},{\"@type\":\"ImageObject\",\"inLanguage\":\"fr-FR\",\"@id\":\"https:\/\/vosgesinfo.fr\/saintdieinfo\/2026\/09\/journee-mondiale-du-coeur-depistages-et-prevention-au-centre-hospitalier-de-saint-die-des-vosges\/#primaryimage\",\"url\":\"https:\/\/vosgesinfo.fr\/app\/uploads\/sites\/4\/2026\/09\/journee-mondiale-coeur-hmv-1.jpg\",\"contentUrl\":\"https:\/\/vosgesinfo.fr\/app\/uploads\/sites\/4\/2026\/09\/journee-mondiale-coeur-hmv-1.jpg\",\"width\":1670,\"height\":941},{\"@type\":\"BreadcrumbList\",\"@id\":\"https:\/\/vosgesinfo.fr\/saintdieinfo\/2026\/09\/journee-mondiale-du-coeur-depistages-et-prevention-au-centre-hospitalier-de-saint-die-des-vosges\/#breadcrumb\",\"itemListElement\":[{\"@type\":\"ListItem\",\"position\":1,\"name\":\"Home\",\"item\":\"https:\/\/vosgesinfo.fr\/saintdieinfo\/\"},{\"@type\":\"ListItem\",\"position\":2,\"name\":\"Journ\u00e9e mondiale du c\u0153ur : d\u00e9pistages et pr\u00e9vention au Centre Hospitalier de Saint-Di\u00e9-des-Vosges\"}]},{\"@type\":\"WebSite\",\"@id\":\"https:\/\/vosgesinfo.fr\/saintdieinfo\/#website\",\"url\":\"https:\/\/vosgesinfo.fr\/saintdieinfo\/\",\"name\":\"Saint Die Info\",\"description\":\"Toute l&#039;actualit\u00e9 de Saint-Di\u00e9-Des-Vosges\",\"publisher\":{\"@id\":\"https:\/\/vosgesinfo.fr\/saintdieinfo\/#organization\"},\"alternateName\":\"Toute l'actualit\u00e9 de Saint-Di\u00e9-Des-Vosges\",\"potentialAction\":[{\"@type\":\"SearchAction\",\"target\":{\"@type\":\"EntryPoint\",\"urlTemplate\":\"https:\/\/vosgesinfo.fr\/saintdieinfo\/?s={search_term_string}\"},\"query-input\":\"required name=search_term_string\"}],\"inLanguage\":\"fr-FR\"},{\"@type\":\"Organization\",\"@id\":\"https:\/\/vosgesinfo.fr\/saintdieinfo\/#organization\",\"name\":\"Saint Die Info\",\"url\":\"https:\/\/vosgesinfo.fr\/saintdieinfo\/\",\"logo\":{\"@type\":\"ImageObject\",\"inLanguage\":\"fr-FR\",\"@id\":\"https:\/\/vosgesinfo.fr\/saintdieinfo\/#\/schema\/logo\/image\/\",\"url\":\"https:\/\/vosgesinfo.fr\/app\/uploads\/sites\/4\/2024\/02\/logo-sdi.jpg\",\"contentUrl\":\"https:\/\/vosgesinfo.fr\/app\/uploads\/sites\/4\/2024\/02\/logo-sdi.jpg\",\"width\":600,\"height\":600,\"caption\":\"Saint Die Info\"},\"image\":{\"@id\":\"https:\/\/vosgesinfo.fr\/saintdieinfo\/#\/schema\/logo\/image\/\"},\"sameAs\":[\"https:\/\/www.facebook.com\/Saintdieinfofr\",\"https:\/\/x.com\/VosgesInfo88\",\"https:\/\/www.youtube.com\/@vosgesinfo\"]},{\"@type\":\"Person\",\"@id\":\"https:\/\/vosgesinfo.fr\/saintdieinfo\/#\/schema\/person\/fa73e9f726d67bb88f46d5b7943cb572\",\"name\":\"J.J.\",\"image\":{\"@type\":\"ImageObject\",\"inLanguage\":\"fr-FR\",\"@id\":\"https:\/\/vosgesinfo.fr\/saintdieinfo\/#\/schema\/person\/image\/\",\"url\":\"https:\/\/secure.gravatar.com\/avatar\/219e749e47ffbcca018a360ae4add7d4cdf1cdaaf8bc7676b27efade3fe65615?s=96&d=mm&r=g\",\"contentUrl\":\"https:\/\/secure.gravatar.com\/avatar\/219e749e47ffbcca018a360ae4add7d4cdf1cdaaf8bc7676b27efade3fe65615?s=96&d=mm&r=g\",\"caption\":\"J.J.\"},\"url\":\"https:\/\/vosgesinfo.fr\/saintdieinfo\/author\/j-j\/\"}]}<\/script>\n<!-- \/ Yoast SEO plugin. -->","yoast_head_json":{"title":"Journ\u00e9e mondiale du c\u0153ur : d\u00e9pistages et pr\u00e9vention au Centre Hospitalier de Saint-Di\u00e9-des-Vosges - Saint Die Info","robots":{"index":"index","follow":"follow","max-snippet":"max-snippet:-1","max-image-preview":"max-image-preview:large","max-video-preview":"max-video-preview:-1"},"canonical":"https:\/\/vosgesinfo.fr\/saintdieinfo\/2026\/09\/journee-mondiale-du-coeur-depistages-et-prevention-au-centre-hospitalier-de-saint-die-des-vosges\/","twitter_card":"summary_large_image","twitter_title":"Journ\u00e9e mondiale du c\u0153ur : d\u00e9pistages et pr\u00e9vention au Centre Hospitalier de Saint-Di\u00e9-des-Vosges - Saint Die Info","twitter_description":"Fibrillation atriale, hypertension art\u00e9rielle, sommeil, alimentation, tabac ou stress : huit stands permettront d\u2019\u00e9valuer plusieurs facteurs de risque cardiovasculaire au [&hellip;]","twitter_image":"https:\/\/vosgesinfo.fr\/app\/uploads\/sites\/4\/2026\/09\/journee-mondiale-coeur-hmv-1.jpg","twitter_creator":"@VosgesInfo88","twitter_site":"@VosgesInfo88","twitter_misc":{"\u00c9crit par":"J.J.","Dur\u00e9e de lecture estim\u00e9e":"3 minutes"},"schema":{"@context":"https:\/\/schema.org","@graph":[{"@type":"Article","@id":"https:\/\/vosgesinfo.fr\/saintdieinfo\/2026\/09\/journee-mondiale-du-coeur-depistages-et-prevention-au-centre-hospitalier-de-saint-die-des-vosges\/#article","isPartOf":{"@id":"https:\/\/vosgesinfo.fr\/saintdieinfo\/2026\/09\/journee-mondiale-du-coeur-depistages-et-prevention-au-centre-hospitalier-de-saint-die-des-vosges\/"},"author":{"name":"J.J.","@id":"https:\/\/vosgesinfo.fr\/saintdieinfo\/#\/schema\/person\/fa73e9f726d67bb88f46d5b7943cb572"},"headline":"Journ\u00e9e mondiale du c\u0153ur : d\u00e9pistages et pr\u00e9vention au Centre Hospitalier de Saint-Di\u00e9-des-Vosges","datePublished":"2026-09-01T07:43:37+00:00","dateModified":"2026-09-01T07:39:07+00:00","mainEntityOfPage":{"@id":"https:\/\/vosgesinfo.fr\/saintdieinfo\/2026\/09\/journee-mondiale-du-coeur-depistages-et-prevention-au-centre-hospitalier-de-saint-die-des-vosges\/"},"wordCount":404,"commentCount":0,"publisher":{"@id":"https:\/\/vosgesinfo.fr\/saintdieinfo\/#organization"},"image":{"@id":"https:\/\/vosgesinfo.fr\/saintdieinfo\/2026\/09\/journee-mondiale-du-coeur-depistages-et-prevention-au-centre-hospitalier-de-saint-die-des-vosges\/#primaryimage"},"thumbnailUrl":"https:\/\/vosgesinfo.fr\/app\/uploads\/sites\/4\/2026\/09\/journee-mondiale-coeur-hmv-1.jpg","keywords":["Centre Hospitalier de Saint-Di\u00e9-des-Vosges","Club Coeur et Sant\u00e9","d\u00e9pistage cardiovasculaire","H\u00f4pitaux du Massif des Vosges","Journ\u00e9e mondiale du c\u0153ur","pr\u00e9vention cardiovasculaire"],"articleSection":["A la Une","Saint-Di\u00e9-des-Vosges","Sant\u00e9"],"inLanguage":"fr-FR","potentialAction":[{"@type":"CommentAction","name":"Comment","target":["https:\/\/vosgesinfo.fr\/saintdieinfo\/2026\/09\/journee-mondiale-du-coeur-depistages-et-prevention-au-centre-hospitalier-de-saint-die-des-vosges\/#respond"]}]},{"@type":"WebPage","@id":"https:\/\/vosgesinfo.fr\/saintdieinfo\/2026\/09\/journee-mondiale-du-coeur-depistages-et-prevention-au-centre-hospitalier-de-saint-die-des-vosges\/","url":"https:\/\/vosgesinfo.fr\/saintdieinfo\/2026\/09\/journee-mondiale-du-coeur-depistages-et-prevention-au-centre-hospitalier-de-saint-die-des-vosges\/","name":"Journ\u00e9e mondiale du c\u0153ur : d\u00e9pistages et pr\u00e9vention au Centre Hospitalier de Saint-Di\u00e9-des-Vosges - Saint Die Info","isPartOf":{"@id":"https:\/\/vosgesinfo.fr\/saintdieinfo\/#website"},"primaryImageOfPage":{"@id":"https:\/\/vosgesinfo.fr\/saintdieinfo\/2026\/09\/journee-mondiale-du-coeur-depistages-et-prevention-au-centre-hospitalier-de-saint-die-des-vosges\/#primaryimage"},"image":{"@id":"https:\/\/vosgesinfo.fr\/saintdieinfo\/2026\/09\/journee-mondiale-du-coeur-depistages-et-prevention-au-centre-hospitalier-de-saint-die-des-vosges\/#primaryimage"},"thumbnailUrl":"https:\/\/vosgesinfo.fr\/app\/uploads\/sites\/4\/2026\/09\/journee-mondiale-coeur-hmv-1.jpg","datePublished":"2026-09-01T07:43:37+00:00","dateModified":"2026-09-01T07:39:07+00:00","breadcrumb":{"@id":"https:\/\/vosgesinfo.fr\/saintdieinfo\/2026\/09\/journee-mondiale-du-coeur-depistages-et-prevention-au-centre-hospitalier-de-saint-die-des-vosges\/#breadcrumb"},"inLanguage":"fr-FR","potentialAction":[{"@type":"ReadAction","target":["https:\/\/vosgesinfo.fr\/saintdieinfo\/2026\/09\/journee-mondiale-du-coeur-depistages-et-prevention-au-centre-hospitalier-de-saint-die-des-vosges\/"]}]},{"@type":"ImageObject","inLanguage":"fr-FR","@id":"https:\/\/vosgesinfo.fr\/saintdieinfo\/2026\/09\/journee-mondiale-du-coeur-depistages-et-prevention-au-centre-hospitalier-de-saint-die-des-vosges\/#primaryimage","url":"https:\/\/vosgesinfo.fr\/app\/uploads\/sites\/4\/2026\/09\/journee-mondiale-coeur-hmv-1.jpg","contentUrl":"https:\/\/vosgesinfo.fr\/app\/uploads\/sites\/4\/2026\/09\/journee-mondiale-coeur-hmv-1.jpg","width":1670,"height":941},{"@type":"BreadcrumbList","@id":"https:\/\/vosgesinfo.fr\/saintdieinfo\/2026\/09\/journee-mondiale-du-coeur-depistages-et-prevention-au-centre-hospitalier-de-saint-die-des-vosges\/#breadcrumb","itemListElement":[{"@type":"ListItem","position":1,"name":"Home","item":"https:\/\/vosgesinfo.fr\/saintdieinfo\/"},{"@type":"ListItem","position":2,"name":"Journ\u00e9e mondiale du c\u0153ur : d\u00e9pistages et pr\u00e9vention au Centre Hospitalier de Saint-Di\u00e9-des-Vosges"}]},{"@type":"WebSite","@id":"https:\/\/vosgesinfo.fr\/saintdieinfo\/#website","url":"https:\/\/vosgesinfo.fr\/saintdieinfo\/","name":"Saint Die Info","description":"Toute l&#039;actualit\u00e9 de Saint-Di\u00e9-Des-Vosges","publisher":{"@id":"https:\/\/vosgesinfo.fr\/saintdieinfo\/#organization"},"alternateName":"Toute l'actualit\u00e9 de Saint-Di\u00e9-Des-Vosges","potentialAction":[{"@type":"SearchAction","target":{"@type":"EntryPoint","urlTemplate":"https:\/\/vosgesinfo.fr\/saintdieinfo\/?s={search_term_string}"},"query-input":"required name=search_term_string"}],"inLanguage":"fr-FR"},{"@type":"Organization","@id":"https:\/\/vosgesinfo.fr\/saintdieinfo\/#organization","name":"Saint Die Info","url":"https:\/\/vosgesinfo.fr\/saintdieinfo\/","logo":{"@type":"ImageObject","inLanguage":"fr-FR","@id":"https:\/\/vosgesinfo.fr\/saintdieinfo\/#\/schema\/logo\/image\/","url":"https:\/\/vosgesinfo.fr\/app\/uploads\/sites\/4\/2024\/02\/logo-sdi.jpg","contentUrl":"https:\/\/vosgesinfo.fr\/app\/uploads\/sites\/4\/2024\/02\/logo-sdi.jpg","width":600,"height":600,"caption":"Saint Die Info"},"image":{"@id":"https:\/\/vosgesinfo.fr\/saintdieinfo\/#\/schema\/logo\/image\/"},"sameAs":["https:\/\/www.facebook.com\/Saintdieinfofr","https:\/\/x.com\/VosgesInfo88","https:\/\/www.youtube.com\/@vosgesinfo"]},{"@type":"Person","@id":"https:\/\/vosgesinfo.fr\/saintdieinfo\/#\/schema\/person\/fa73e9f726d67bb88f46d5b7943cb572","name":"J.J.","image":{"@type":"ImageObject","inLanguage":"fr-FR","@id":"https:\/\/vosgesinfo.fr\/saintdieinfo\/#\/schema\/person\/image\/","url":"https:\/\/secure.gravatar.com\/avatar\/219e749e47ffbcca018a360ae4add7d4cdf1cdaaf8bc7676b27efade3fe65615?s=96&d=mm&r=g","contentUrl":"https:\/\/secure.gravatar.com\/avatar\/219e749e47ffbcca018a360ae4add7d4cdf1cdaaf8bc7676b27efade3fe65615?s=96&d=mm&r=g","caption":"J.J."},"url":"https:\/\/vosgesinfo.fr\/saintdieinfo\/author\/j-j\/"}]}},"_links":{"self":[{"href":"https:\/\/vosgesinfo.fr\/saintdieinfo\/wp-json\/wp\/v2\/posts\/95588","targetHints":{"allow":["GET"]}}],"collection":[{"href":"https:\/\/vosgesinfo.fr\/saintdieinfo\/wp-json\/wp\/v2\/posts"}],"about":[{"href":"https:\/\/vosgesinfo.fr\/saintdieinfo\/wp-json\/wp\/v2\/types\/post"}],"author":[{"embeddable":true,"href":"https:\/\/vosgesinfo.fr\/saintdieinfo\/wp-json\/wp\/v2\/users\/46"}],"replies":[{"embeddable":true,"href":"https:\/\/vosgesinfo.fr\/saintdieinfo\/wp-json\/wp\/v2\/comments?post=95588"}],"version-history":[{"count":1,"href":"https:\/\/vosgesinfo.fr\/saintdieinfo\/wp-json\/wp\/v2\/posts\/95588\/revisions"}],"predecessor-version":[{"id":95591,"href":"https:\/\/vosgesinfo.fr\/saintdieinfo\/wp-json\/wp\/v2\/posts\/95588\/revisions\/95591"}],"wp:featuredmedia":[{"embeddable":true,"href":"https:\/\/vosgesinfo.fr\/saintdieinfo\/wp-json\/wp\/v2\/media\/95590"}],"wp:attachment":[{"href":"https:\/\/vosgesinfo.fr\/saintdieinfo\/wp-json\/wp\/v2\/media?parent=95588"}],"wp:term":[{"taxonomy":"category","embeddable":true,"href":"https:\/\/vosgesinfo.fr\/saintdieinfo\/wp-json\/wp\/v2\/categories?post=95588"},{"taxonomy":"post_tag","embeddable":true,"href":"https:\/\/vosgesinfo.fr\/saintdieinfo\/wp-json\/wp\/v2\/tags?post=95588"}],"curies":[{"name":"wp","href":"https:\/\/api.w.org\/{rel}","templated":true}]}}