{"id":95592,"date":"2026-09-01T11:03:10","date_gmt":"2026-09-01T09:03:10","guid":{"rendered":"https:\/\/vosgesinfo.fr\/saintdieinfo\/?p=95592"},"modified":"2026-09-01T10:59:47","modified_gmt":"2026-09-01T08:59:47","slug":"rentree-scolaire-les-effectifs-restent-stables-a-saint-die-des-vosges","status":"publish","type":"post","link":"https:\/\/vosgesinfo.fr\/saintdieinfo\/2026\/09\/rentree-scolaire-les-effectifs-restent-stables-a-saint-die-des-vosges\/","title":{"rendered":"Rentr\u00e9e scolaire : les effectifs restent stables \u00e0 Saint-Di\u00e9-des-Vosges"},"content":{"rendered":"<h2><a href=\"https:\/\/vosgesinfo.fr\/app\/uploads\/sites\/4\/2026\/09\/rentree-scolaire-2026-2027-sddv-5.jpg\"><img decoding=\"async\" class=\"alignnone size-large wp-image-95596\" src=\"https:\/\/vosgesinfo.fr\/app\/uploads\/sites\/4\/2026\/09\/rentree-scolaire-2026-2027-sddv-5-1024x771.jpg\" alt=\"\" width=\"1024\" height=\"771\" srcset=\"https:\/\/vosgesinfo.fr\/app\/uploads\/sites\/4\/2026\/09\/rentree-scolaire-2026-2027-sddv-5-1024x771.jpg 1024w, https:\/\/vosgesinfo.fr\/app\/uploads\/sites\/4\/2026\/09\/rentree-scolaire-2026-2027-sddv-5-300x226.jpg 300w, https:\/\/vosgesinfo.fr\/app\/uploads\/sites\/4\/2026\/09\/rentree-scolaire-2026-2027-sddv-5-768x578.jpg 768w, https:\/\/vosgesinfo.fr\/app\/uploads\/sites\/4\/2026\/09\/rentree-scolaire-2026-2027-sddv-5-1536x1157.jpg 1536w, https:\/\/vosgesinfo.fr\/app\/uploads\/sites\/4\/2026\/09\/rentree-scolaire-2026-2027-sddv-5.jpg 1920w\" sizes=\"(max-width: 1024px) 100vw, 1024px\" \/><\/a><\/h2>\n<h2>Pour cette <strong>rentr\u00e9e 2026-2027<\/strong>, c&rsquo;est non pas un lundi mais ce mardi matin, en ce premier jour de septembre, que <strong>1 348 jeunes \u00e9l\u00e8ves<\/strong> de <strong>Saint-Di\u00e9-des-Vosges<\/strong> ont pris ou repris le chemin de l&rsquo;\u00e9cole. Un effectif stable, <a href=\"https:\/\/vosgesinfo.fr\/saintdieinfo\/2025\/09\/rentree-scolaire-les-effectifs-en-legere-baisse-a-saint-die-des-vosges\/\" target=\"_blank\" rel=\"noopener\">puisqu&rsquo;ils \u00e9taient <strong>1 350<\/strong> \u00e0 la pr\u00e9c\u00e9dente rentr\u00e9e d\u00e9odatienne<\/a>. Le maire <strong>Bruno Toussaint<\/strong> s&rsquo;est rendu \u00e0 <strong>l&rsquo;\u00e9cole de Marzelay<\/strong> en d\u00e9but de matin\u00e9e, pour faire le traditionnel point de rentr\u00e9e scolaire. Il \u00e9tait accompagn\u00e9 de l&rsquo;adjointe aux Affaires scolaires <strong>Fran\u00e7oise Legrand<\/strong> et de <strong>K\u00e9vin Fr\u00e9minet<\/strong>, conseiller d\u00e9l\u00e9gu\u00e9 \u00e0 la Vie scolaire et \u00e0 l&rsquo;enfance.<\/h2>\n<p><!--more--><\/p>\n<h3><strong>Des effectifs scolaires en augmentation \u00e0 Marzelay et La Bolle<\/strong><\/h3>\n<p>Une \u00e9cole que Bruno Toussaint n&rsquo;a pas choisie au hasard pour ce point de rentr\u00e9e. \u00ab Contrairement aux rumeurs qui circulaient pendant la campagne des \u00e9lections municipales, les deux \u00e9coles des quartiers-villages (NDLR : Marzelay et La Bolle) ne vont pas fermer. Au contraire, puisque le nombre d&rsquo;\u00e9l\u00e8ves dans ces \u00e9tablissements <strong>augmente respectivement de 16 \u00e9l\u00e8ves pour Marzelay et de 13 \u00e9l\u00e8ves pour La Bolle<\/strong>. En sachant que 4 des 16 \u00e9l\u00e8ves de Marzelay viennent de l&rsquo;association S\u00e9lia. Et je pr\u00e9cise \u00e9galement que les enfants des gens du voyage sont scolaris\u00e9s \u00e0 Gaston-Colnat, et non ici. Donc nous n&rsquo;avons pas trich\u00e9 sur les chiffres. Depuis 20 ans, les effectifs de l&rsquo;\u00e9cole de Marzelay n&rsquo;ont fait qu&rsquo;augmenter, <strong>passant de 66 \u00e9l\u00e8ves \u00e0 76 \u00e9l\u00e8ves aujourd&rsquo;hui<\/strong>. \u00bb<\/p>\n<p>Selon le maire, ces hausses d&rsquo;effectifs s&rsquo;expliquent notamment par <strong>l&rsquo;arriv\u00e9e de nouvelles familles dans ces quartiers<\/strong>, qui ont <strong>rachet\u00e9 des maisons<\/strong> appartenant jusqu&rsquo;alors \u00e0 des habitants aujourd&rsquo;hui \u00e2g\u00e9s.<\/p>\n<p>\u00ab Nous sommes satisfaits de cette <strong>double augmentation des effectifs<\/strong>, qui est exceptionnelle quand on voit ce qui se passe partout. \u00c0 l&rsquo;\u00e9chelle de l&rsquo;Acad\u00e9mie Nancy-Metz, ce sont notamment <strong>7 000 \u00e9l\u00e8ves en moins<\/strong>. Mais ce n&rsquo;est pas non plus l&rsquo;euphorie et il faut rester vigilants. On va continuer \u00e0 travailler pour sauver l&rsquo;\u00e9cole et les postes d&rsquo;enseignants \u00bb souligne Bruno Toussaint.<\/p>\n<h3><strong>Deux postes supprim\u00e9s, deux postes cr\u00e9\u00e9s dans le cadre du PAS<\/strong><\/h3>\n<p>Concernant les effectifs enseignants, <strong>deux postes ont \u00e9t\u00e9 supprim\u00e9s \u00e0 Fernand-Baldensperger et Paul-Elbel<\/strong>, entra\u00eenant par cons\u00e9quent <strong>la fermeture de deux classes<\/strong>. En parall\u00e8le de ces deux suppressions, <strong>un poste d\u2019enseignant et un poste d\u2019\u00e9ducateur sp\u00e9cialis\u00e9<\/strong> ont \u00e9t\u00e9 cr\u00e9\u00e9s dans le cadre du <strong>p\u00f4le d\u2019appui \u00e0 la scolarit\u00e9 \u2013 PAS \u2013 de l\u2019\u00c9ducation nationale<\/strong>, un dispositif destin\u00e9 \u00e0 apporter une r\u00e9ponse de proximit\u00e9 aux besoins \u00e9ducatifs particuliers des \u00e9l\u00e8ves. Ces deux nouveaux postes sont rattach\u00e9s au <strong>service \u00c9ducation de la Ville<\/strong>.<\/p>\n<h3><strong>Des travaux men\u00e9s dans les \u00e9coles d\u00e9odatiennes<\/strong><\/h3>\n<p>Comme chaque \u00e9t\u00e9, <strong>des travaux ont \u00e9t\u00e9 men\u00e9s dans les \u00e9coles d\u00e9odatiennes<\/strong>. \u00c0 Marzelay, plusieurs interventions ont \u00e9t\u00e9 r\u00e9alis\u00e9es <strong>cette ann\u00e9e et l\u2019an dernier<\/strong>, avec des travaux de peinture, le remplacement de portes et de fen\u00eatres, ainsi que la r\u00e9sorption d\u2019une infiltration au sous-sol. <a href=\"https:\/\/vosgesinfo.fr\/saintdieinfo\/2026\/07\/apres-la-maternelle-au-tour-de-la-cour-elementaire-de-lecole-paul-elbel-detre-vegetalisee\/\" target=\"_blank\" rel=\"noopener\">Pour rappel, la cour \u00e9l\u00e9mentaire de Paul-Elbel a <strong>\u00e9galement \u00e9t\u00e9 v\u00e9g\u00e9talis\u00e9e cet \u00e9t\u00e9<\/strong>.<\/a><\/p>\n\n\t\t<style type=\"text\/css\">\n\t\t\t#gallery-1 {\n\t\t\t\tmargin: auto;\n\t\t\t}\n\t\t\t#gallery-1 .gallery-item {\n\t\t\t\tfloat: left;\n\t\t\t\tmargin-top: 10px;\n\t\t\t\ttext-align: center;\n\t\t\t\twidth: 50%;\n\t\t\t}\n\t\t\t#gallery-1 img {\n\t\t\t\tborder: 2px solid #cfcfcf;\n\t\t\t}\n\t\t\t#gallery-1 .gallery-caption {\n\t\t\t\tmargin-left: 0;\n\t\t\t}\n\t\t\t\/* see gallery_shortcode() in wp-includes\/media.php *\/\n\t\t<\/style>\n\t\t<div id='gallery-1' class='gallery galleryid-95592 gallery-columns-2 gallery-size-thumbnail'><dl class='gallery-item'>\n\t\t\t<dt class='gallery-icon landscape'>\n\t\t\t\t<a href='https:\/\/vosgesinfo.fr\/app\/uploads\/sites\/4\/2026\/09\/rentree-scolaire-2026-2027-sddv-4.jpg'><img decoding=\"async\" width=\"150\" height=\"150\" src=\"https:\/\/vosgesinfo.fr\/app\/uploads\/sites\/4\/2026\/09\/rentree-scolaire-2026-2027-sddv-4-150x150.jpg\" class=\"attachment-thumbnail size-thumbnail\" alt=\"\" \/><\/a>\n\t\t\t<\/dt><\/dl><dl class='gallery-item'>\n\t\t\t<dt class='gallery-icon landscape'>\n\t\t\t\t<a href='https:\/\/vosgesinfo.fr\/app\/uploads\/sites\/4\/2026\/09\/rentree-scolaire-2026-2027-sddv-1.jpg'><img decoding=\"async\" width=\"150\" height=\"150\" src=\"https:\/\/vosgesinfo.fr\/app\/uploads\/sites\/4\/2026\/09\/rentree-scolaire-2026-2027-sddv-1-150x150.jpg\" class=\"attachment-thumbnail size-thumbnail\" alt=\"\" \/><\/a>\n\t\t\t<\/dt><\/dl><br style=\"clear: both\" \/><dl class='gallery-item'>\n\t\t\t<dt class='gallery-icon landscape'>\n\t\t\t\t<a href='https:\/\/vosgesinfo.fr\/app\/uploads\/sites\/4\/2026\/09\/rentree-scolaire-2026-2027-sddv-2.jpg'><img decoding=\"async\" width=\"150\" height=\"150\" src=\"https:\/\/vosgesinfo.fr\/app\/uploads\/sites\/4\/2026\/09\/rentree-scolaire-2026-2027-sddv-2-150x150.jpg\" class=\"attachment-thumbnail size-thumbnail\" alt=\"\" \/><\/a>\n\t\t\t<\/dt><\/dl><dl class='gallery-item'>\n\t\t\t<dt class='gallery-icon landscape'>\n\t\t\t\t<a href='https:\/\/vosgesinfo.fr\/app\/uploads\/sites\/4\/2026\/09\/rentree-scolaire-2026-2027-sddv-3.jpg'><img decoding=\"async\" width=\"150\" height=\"150\" src=\"https:\/\/vosgesinfo.fr\/app\/uploads\/sites\/4\/2026\/09\/rentree-scolaire-2026-2027-sddv-3-150x150.jpg\" class=\"attachment-thumbnail size-thumbnail\" alt=\"\" \/><\/a>\n\t\t\t<\/dt><\/dl><br style=\"clear: both\" \/>\n\t\t<\/div>\n\n","protected":false},"excerpt":{"rendered":"<p>Pour cette rentr\u00e9e 2026-2027, c&rsquo;est non pas un lundi mais ce mardi matin, en ce premier jour de septembre, que [&hellip;]<\/p>\n","protected":false},"author":46,"featured_media":95596,"comment_status":"open","ping_status":"open","sticky":false,"template":"","format":"standard","meta":{"footnotes":""},"categories":[460,6,167],"tags":[3415,22811,22200,22812,22810],"class_list":["post-95592","post","type-post","status-publish","format-standard","has-post-thumbnail","hentry","category-a-la-une","category-education","category-saint-die-des-vosges","tag-bruno-toussaint","tag-ecole-de-la-bolle","tag-ecole-de-marzelay","tag-pole-dappui-a-la-scolarite","tag-rentree-scolaire-2026-2027"],"acf":[],"yoast_head":"<!-- This site is optimized with the Yoast SEO plugin v22.5 - https:\/\/yoast.com\/wordpress\/plugins\/seo\/ -->\n<title>Rentr\u00e9e scolaire : les effectifs restent stables \u00e0 Saint-Di\u00e9-des-Vosges - Saint Die Info<\/title>\n<meta name=\"robots\" content=\"index, follow, max-snippet:-1, max-image-preview:large, max-video-preview:-1\" \/>\n<link rel=\"canonical\" href=\"https:\/\/vosgesinfo.fr\/saintdieinfo\/2026\/09\/rentree-scolaire-les-effectifs-restent-stables-a-saint-die-des-vosges\/\" \/>\n<meta name=\"twitter:card\" content=\"summary_large_image\" \/>\n<meta name=\"twitter:title\" content=\"Rentr\u00e9e scolaire : les effectifs restent stables \u00e0 Saint-Di\u00e9-des-Vosges - Saint Die Info\" \/>\n<meta name=\"twitter:description\" content=\"Pour cette rentr\u00e9e 2026-2027, c&rsquo;est non pas un lundi mais ce mardi matin, en ce premier jour de septembre, que [&hellip;]\" \/>\n<meta name=\"twitter:image\" content=\"https:\/\/vosgesinfo.fr\/app\/uploads\/sites\/4\/2026\/09\/rentree-scolaire-2026-2027-sddv-5.jpg\" \/>\n<meta name=\"twitter:creator\" content=\"@VosgesInfo88\" \/>\n<meta name=\"twitter:site\" content=\"@VosgesInfo88\" \/>\n<meta name=\"twitter:label1\" content=\"\u00c9crit par\" \/>\n\t<meta name=\"twitter:data1\" content=\"J.J.\" \/>\n\t<meta name=\"twitter:label2\" content=\"Dur\u00e9e de lecture estim\u00e9e\" \/>\n\t<meta name=\"twitter:data2\" content=\"3 minutes\" \/>\n<script type=\"application\/ld+json\" class=\"yoast-schema-graph\">{\"@context\":\"https:\/\/schema.org\",\"@graph\":[{\"@type\":\"Article\",\"@id\":\"https:\/\/vosgesinfo.fr\/saintdieinfo\/2026\/09\/rentree-scolaire-les-effectifs-restent-stables-a-saint-die-des-vosges\/#article\",\"isPartOf\":{\"@id\":\"https:\/\/vosgesinfo.fr\/saintdieinfo\/2026\/09\/rentree-scolaire-les-effectifs-restent-stables-a-saint-die-des-vosges\/\"},\"author\":{\"name\":\"J.J.\",\"@id\":\"https:\/\/vosgesinfo.fr\/saintdieinfo\/#\/schema\/person\/fa73e9f726d67bb88f46d5b7943cb572\"},\"headline\":\"Rentr\u00e9e scolaire : les effectifs restent stables \u00e0 Saint-Di\u00e9-des-Vosges\",\"datePublished\":\"2026-09-01T09:03:10+00:00\",\"dateModified\":\"2026-09-01T08:59:47+00:00\",\"mainEntityOfPage\":{\"@id\":\"https:\/\/vosgesinfo.fr\/saintdieinfo\/2026\/09\/rentree-scolaire-les-effectifs-restent-stables-a-saint-die-des-vosges\/\"},\"wordCount\":537,\"commentCount\":0,\"publisher\":{\"@id\":\"https:\/\/vosgesinfo.fr\/saintdieinfo\/#organization\"},\"image\":{\"@id\":\"https:\/\/vosgesinfo.fr\/saintdieinfo\/2026\/09\/rentree-scolaire-les-effectifs-restent-stables-a-saint-die-des-vosges\/#primaryimage\"},\"thumbnailUrl\":\"https:\/\/vosgesinfo.fr\/app\/uploads\/sites\/4\/2026\/09\/rentree-scolaire-2026-2027-sddv-5.jpg\",\"keywords\":[\"Bruno Toussaint\",\"\u00e9cole de La Bolle\",\"\u00e9cole de Marzelay\",\"p\u00f4le d\u2019appui \u00e0 la scolarit\u00e9\",\"rentr\u00e9e scolaire 2026-2027\"],\"articleSection\":[\"A la Une\",\"\u00c9ducation\",\"Saint-Di\u00e9-des-Vosges\"],\"inLanguage\":\"fr-FR\",\"potentialAction\":[{\"@type\":\"CommentAction\",\"name\":\"Comment\",\"target\":[\"https:\/\/vosgesinfo.fr\/saintdieinfo\/2026\/09\/rentree-scolaire-les-effectifs-restent-stables-a-saint-die-des-vosges\/#respond\"]}]},{\"@type\":\"WebPage\",\"@id\":\"https:\/\/vosgesinfo.fr\/saintdieinfo\/2026\/09\/rentree-scolaire-les-effectifs-restent-stables-a-saint-die-des-vosges\/\",\"url\":\"https:\/\/vosgesinfo.fr\/saintdieinfo\/2026\/09\/rentree-scolaire-les-effectifs-restent-stables-a-saint-die-des-vosges\/\",\"name\":\"Rentr\u00e9e scolaire : les effectifs restent stables \u00e0 Saint-Di\u00e9-des-Vosges - Saint Die Info\",\"isPartOf\":{\"@id\":\"https:\/\/vosgesinfo.fr\/saintdieinfo\/#website\"},\"primaryImageOfPage\":{\"@id\":\"https:\/\/vosgesinfo.fr\/saintdieinfo\/2026\/09\/rentree-scolaire-les-effectifs-restent-stables-a-saint-die-des-vosges\/#primaryimage\"},\"image\":{\"@id\":\"https:\/\/vosgesinfo.fr\/saintdieinfo\/2026\/09\/rentree-scolaire-les-effectifs-restent-stables-a-saint-die-des-vosges\/#primaryimage\"},\"thumbnailUrl\":\"https:\/\/vosgesinfo.fr\/app\/uploads\/sites\/4\/2026\/09\/rentree-scolaire-2026-2027-sddv-5.jpg\",\"datePublished\":\"2026-09-01T09:03:10+00:00\",\"dateModified\":\"2026-09-01T08:59:47+00:00\",\"breadcrumb\":{\"@id\":\"https:\/\/vosgesinfo.fr\/saintdieinfo\/2026\/09\/rentree-scolaire-les-effectifs-restent-stables-a-saint-die-des-vosges\/#breadcrumb\"},\"inLanguage\":\"fr-FR\",\"potentialAction\":[{\"@type\":\"ReadAction\",\"target\":[\"https:\/\/vosgesinfo.fr\/saintdieinfo\/2026\/09\/rentree-scolaire-les-effectifs-restent-stables-a-saint-die-des-vosges\/\"]}]},{\"@type\":\"ImageObject\",\"inLanguage\":\"fr-FR\",\"@id\":\"https:\/\/vosgesinfo.fr\/saintdieinfo\/2026\/09\/rentree-scolaire-les-effectifs-restent-stables-a-saint-die-des-vosges\/#primaryimage\",\"url\":\"https:\/\/vosgesinfo.fr\/app\/uploads\/sites\/4\/2026\/09\/rentree-scolaire-2026-2027-sddv-5.jpg\",\"contentUrl\":\"https:\/\/vosgesinfo.fr\/app\/uploads\/sites\/4\/2026\/09\/rentree-scolaire-2026-2027-sddv-5.jpg\",\"width\":1920,\"height\":1446},{\"@type\":\"BreadcrumbList\",\"@id\":\"https:\/\/vosgesinfo.fr\/saintdieinfo\/2026\/09\/rentree-scolaire-les-effectifs-restent-stables-a-saint-die-des-vosges\/#breadcrumb\",\"itemListElement\":[{\"@type\":\"ListItem\",\"position\":1,\"name\":\"Home\",\"item\":\"https:\/\/vosgesinfo.fr\/saintdieinfo\/\"},{\"@type\":\"ListItem\",\"position\":2,\"name\":\"Rentr\u00e9e scolaire : les effectifs restent stables \u00e0 Saint-Di\u00e9-des-Vosges\"}]},{\"@type\":\"WebSite\",\"@id\":\"https:\/\/vosgesinfo.fr\/saintdieinfo\/#website\",\"url\":\"https:\/\/vosgesinfo.fr\/saintdieinfo\/\",\"name\":\"Saint Die Info\",\"description\":\"Toute l&#039;actualit\u00e9 de Saint-Di\u00e9-Des-Vosges\",\"publisher\":{\"@id\":\"https:\/\/vosgesinfo.fr\/saintdieinfo\/#organization\"},\"alternateName\":\"Toute l'actualit\u00e9 de Saint-Di\u00e9-Des-Vosges\",\"potentialAction\":[{\"@type\":\"SearchAction\",\"target\":{\"@type\":\"EntryPoint\",\"urlTemplate\":\"https:\/\/vosgesinfo.fr\/saintdieinfo\/?s={search_term_string}\"},\"query-input\":\"required name=search_term_string\"}],\"inLanguage\":\"fr-FR\"},{\"@type\":\"Organization\",\"@id\":\"https:\/\/vosgesinfo.fr\/saintdieinfo\/#organization\",\"name\":\"Saint Die Info\",\"url\":\"https:\/\/vosgesinfo.fr\/saintdieinfo\/\",\"logo\":{\"@type\":\"ImageObject\",\"inLanguage\":\"fr-FR\",\"@id\":\"https:\/\/vosgesinfo.fr\/saintdieinfo\/#\/schema\/logo\/image\/\",\"url\":\"https:\/\/vosgesinfo.fr\/app\/uploads\/sites\/4\/2024\/02\/logo-sdi.jpg\",\"contentUrl\":\"https:\/\/vosgesinfo.fr\/app\/uploads\/sites\/4\/2024\/02\/logo-sdi.jpg\",\"width\":600,\"height\":600,\"caption\":\"Saint Die Info\"},\"image\":{\"@id\":\"https:\/\/vosgesinfo.fr\/saintdieinfo\/#\/schema\/logo\/image\/\"},\"sameAs\":[\"https:\/\/www.facebook.com\/Saintdieinfofr\",\"https:\/\/x.com\/VosgesInfo88\",\"https:\/\/www.youtube.com\/@vosgesinfo\"]},{\"@type\":\"Person\",\"@id\":\"https:\/\/vosgesinfo.fr\/saintdieinfo\/#\/schema\/person\/fa73e9f726d67bb88f46d5b7943cb572\",\"name\":\"J.J.\",\"image\":{\"@type\":\"ImageObject\",\"inLanguage\":\"fr-FR\",\"@id\":\"https:\/\/vosgesinfo.fr\/saintdieinfo\/#\/schema\/person\/image\/\",\"url\":\"https:\/\/secure.gravatar.com\/avatar\/219e749e47ffbcca018a360ae4add7d4cdf1cdaaf8bc7676b27efade3fe65615?s=96&d=mm&r=g\",\"contentUrl\":\"https:\/\/secure.gravatar.com\/avatar\/219e749e47ffbcca018a360ae4add7d4cdf1cdaaf8bc7676b27efade3fe65615?s=96&d=mm&r=g\",\"caption\":\"J.J.\"},\"url\":\"https:\/\/vosgesinfo.fr\/saintdieinfo\/author\/j-j\/\"}]}<\/script>\n<!-- \/ Yoast SEO plugin. -->","yoast_head_json":{"title":"Rentr\u00e9e scolaire : les effectifs restent stables \u00e0 Saint-Di\u00e9-des-Vosges - Saint Die Info","robots":{"index":"index","follow":"follow","max-snippet":"max-snippet:-1","max-image-preview":"max-image-preview:large","max-video-preview":"max-video-preview:-1"},"canonical":"https:\/\/vosgesinfo.fr\/saintdieinfo\/2026\/09\/rentree-scolaire-les-effectifs-restent-stables-a-saint-die-des-vosges\/","twitter_card":"summary_large_image","twitter_title":"Rentr\u00e9e scolaire : les effectifs restent stables \u00e0 Saint-Di\u00e9-des-Vosges - Saint Die Info","twitter_description":"Pour cette rentr\u00e9e 2026-2027, c&rsquo;est non pas un lundi mais ce mardi matin, en ce premier jour de septembre, que [&hellip;]","twitter_image":"https:\/\/vosgesinfo.fr\/app\/uploads\/sites\/4\/2026\/09\/rentree-scolaire-2026-2027-sddv-5.jpg","twitter_creator":"@VosgesInfo88","twitter_site":"@VosgesInfo88","twitter_misc":{"\u00c9crit par":"J.J.","Dur\u00e9e de lecture estim\u00e9e":"3 minutes"},"schema":{"@context":"https:\/\/schema.org","@graph":[{"@type":"Article","@id":"https:\/\/vosgesinfo.fr\/saintdieinfo\/2026\/09\/rentree-scolaire-les-effectifs-restent-stables-a-saint-die-des-vosges\/#article","isPartOf":{"@id":"https:\/\/vosgesinfo.fr\/saintdieinfo\/2026\/09\/rentree-scolaire-les-effectifs-restent-stables-a-saint-die-des-vosges\/"},"author":{"name":"J.J.","@id":"https:\/\/vosgesinfo.fr\/saintdieinfo\/#\/schema\/person\/fa73e9f726d67bb88f46d5b7943cb572"},"headline":"Rentr\u00e9e scolaire : les effectifs restent stables \u00e0 Saint-Di\u00e9-des-Vosges","datePublished":"2026-09-01T09:03:10+00:00","dateModified":"2026-09-01T08:59:47+00:00","mainEntityOfPage":{"@id":"https:\/\/vosgesinfo.fr\/saintdieinfo\/2026\/09\/rentree-scolaire-les-effectifs-restent-stables-a-saint-die-des-vosges\/"},"wordCount":537,"commentCount":0,"publisher":{"@id":"https:\/\/vosgesinfo.fr\/saintdieinfo\/#organization"},"image":{"@id":"https:\/\/vosgesinfo.fr\/saintdieinfo\/2026\/09\/rentree-scolaire-les-effectifs-restent-stables-a-saint-die-des-vosges\/#primaryimage"},"thumbnailUrl":"https:\/\/vosgesinfo.fr\/app\/uploads\/sites\/4\/2026\/09\/rentree-scolaire-2026-2027-sddv-5.jpg","keywords":["Bruno Toussaint","\u00e9cole de La Bolle","\u00e9cole de Marzelay","p\u00f4le d\u2019appui \u00e0 la scolarit\u00e9","rentr\u00e9e scolaire 2026-2027"],"articleSection":["A la Une","\u00c9ducation","Saint-Di\u00e9-des-Vosges"],"inLanguage":"fr-FR","potentialAction":[{"@type":"CommentAction","name":"Comment","target":["https:\/\/vosgesinfo.fr\/saintdieinfo\/2026\/09\/rentree-scolaire-les-effectifs-restent-stables-a-saint-die-des-vosges\/#respond"]}]},{"@type":"WebPage","@id":"https:\/\/vosgesinfo.fr\/saintdieinfo\/2026\/09\/rentree-scolaire-les-effectifs-restent-stables-a-saint-die-des-vosges\/","url":"https:\/\/vosgesinfo.fr\/saintdieinfo\/2026\/09\/rentree-scolaire-les-effectifs-restent-stables-a-saint-die-des-vosges\/","name":"Rentr\u00e9e scolaire : les effectifs restent stables \u00e0 Saint-Di\u00e9-des-Vosges - Saint Die Info","isPartOf":{"@id":"https:\/\/vosgesinfo.fr\/saintdieinfo\/#website"},"primaryImageOfPage":{"@id":"https:\/\/vosgesinfo.fr\/saintdieinfo\/2026\/09\/rentree-scolaire-les-effectifs-restent-stables-a-saint-die-des-vosges\/#primaryimage"},"image":{"@id":"https:\/\/vosgesinfo.fr\/saintdieinfo\/2026\/09\/rentree-scolaire-les-effectifs-restent-stables-a-saint-die-des-vosges\/#primaryimage"},"thumbnailUrl":"https:\/\/vosgesinfo.fr\/app\/uploads\/sites\/4\/2026\/09\/rentree-scolaire-2026-2027-sddv-5.jpg","datePublished":"2026-09-01T09:03:10+00:00","dateModified":"2026-09-01T08:59:47+00:00","breadcrumb":{"@id":"https:\/\/vosgesinfo.fr\/saintdieinfo\/2026\/09\/rentree-scolaire-les-effectifs-restent-stables-a-saint-die-des-vosges\/#breadcrumb"},"inLanguage":"fr-FR","potentialAction":[{"@type":"ReadAction","target":["https:\/\/vosgesinfo.fr\/saintdieinfo\/2026\/09\/rentree-scolaire-les-effectifs-restent-stables-a-saint-die-des-vosges\/"]}]},{"@type":"ImageObject","inLanguage":"fr-FR","@id":"https:\/\/vosgesinfo.fr\/saintdieinfo\/2026\/09\/rentree-scolaire-les-effectifs-restent-stables-a-saint-die-des-vosges\/#primaryimage","url":"https:\/\/vosgesinfo.fr\/app\/uploads\/sites\/4\/2026\/09\/rentree-scolaire-2026-2027-sddv-5.jpg","contentUrl":"https:\/\/vosgesinfo.fr\/app\/uploads\/sites\/4\/2026\/09\/rentree-scolaire-2026-2027-sddv-5.jpg","width":1920,"height":1446},{"@type":"BreadcrumbList","@id":"https:\/\/vosgesinfo.fr\/saintdieinfo\/2026\/09\/rentree-scolaire-les-effectifs-restent-stables-a-saint-die-des-vosges\/#breadcrumb","itemListElement":[{"@type":"ListItem","position":1,"name":"Home","item":"https:\/\/vosgesinfo.fr\/saintdieinfo\/"},{"@type":"ListItem","position":2,"name":"Rentr\u00e9e scolaire : les effectifs restent stables \u00e0 Saint-Di\u00e9-des-Vosges"}]},{"@type":"WebSite","@id":"https:\/\/vosgesinfo.fr\/saintdieinfo\/#website","url":"https:\/\/vosgesinfo.fr\/saintdieinfo\/","name":"Saint Die Info","description":"Toute l&#039;actualit\u00e9 de Saint-Di\u00e9-Des-Vosges","publisher":{"@id":"https:\/\/vosgesinfo.fr\/saintdieinfo\/#organization"},"alternateName":"Toute l'actualit\u00e9 de Saint-Di\u00e9-Des-Vosges","potentialAction":[{"@type":"SearchAction","target":{"@type":"EntryPoint","urlTemplate":"https:\/\/vosgesinfo.fr\/saintdieinfo\/?s={search_term_string}"},"query-input":"required name=search_term_string"}],"inLanguage":"fr-FR"},{"@type":"Organization","@id":"https:\/\/vosgesinfo.fr\/saintdieinfo\/#organization","name":"Saint Die Info","url":"https:\/\/vosgesinfo.fr\/saintdieinfo\/","logo":{"@type":"ImageObject","inLanguage":"fr-FR","@id":"https:\/\/vosgesinfo.fr\/saintdieinfo\/#\/schema\/logo\/image\/","url":"https:\/\/vosgesinfo.fr\/app\/uploads\/sites\/4\/2024\/02\/logo-sdi.jpg","contentUrl":"https:\/\/vosgesinfo.fr\/app\/uploads\/sites\/4\/2024\/02\/logo-sdi.jpg","width":600,"height":600,"caption":"Saint Die Info"},"image":{"@id":"https:\/\/vosgesinfo.fr\/saintdieinfo\/#\/schema\/logo\/image\/"},"sameAs":["https:\/\/www.facebook.com\/Saintdieinfofr","https:\/\/x.com\/VosgesInfo88","https:\/\/www.youtube.com\/@vosgesinfo"]},{"@type":"Person","@id":"https:\/\/vosgesinfo.fr\/saintdieinfo\/#\/schema\/person\/fa73e9f726d67bb88f46d5b7943cb572","name":"J.J.","image":{"@type":"ImageObject","inLanguage":"fr-FR","@id":"https:\/\/vosgesinfo.fr\/saintdieinfo\/#\/schema\/person\/image\/","url":"https:\/\/secure.gravatar.com\/avatar\/219e749e47ffbcca018a360ae4add7d4cdf1cdaaf8bc7676b27efade3fe65615?s=96&d=mm&r=g","contentUrl":"https:\/\/secure.gravatar.com\/avatar\/219e749e47ffbcca018a360ae4add7d4cdf1cdaaf8bc7676b27efade3fe65615?s=96&d=mm&r=g","caption":"J.J."},"url":"https:\/\/vosgesinfo.fr\/saintdieinfo\/author\/j-j\/"}]}},"_links":{"self":[{"href":"https:\/\/vosgesinfo.fr\/saintdieinfo\/wp-json\/wp\/v2\/posts\/95592","targetHints":{"allow":["GET"]}}],"collection":[{"href":"https:\/\/vosgesinfo.fr\/saintdieinfo\/wp-json\/wp\/v2\/posts"}],"about":[{"href":"https:\/\/vosgesinfo.fr\/saintdieinfo\/wp-json\/wp\/v2\/types\/post"}],"author":[{"embeddable":true,"href":"https:\/\/vosgesinfo.fr\/saintdieinfo\/wp-json\/wp\/v2\/users\/46"}],"replies":[{"embeddable":true,"href":"https:\/\/vosgesinfo.fr\/saintdieinfo\/wp-json\/wp\/v2\/comments?post=95592"}],"version-history":[{"count":5,"href":"https:\/\/vosgesinfo.fr\/saintdieinfo\/wp-json\/wp\/v2\/posts\/95592\/revisions"}],"predecessor-version":[{"id":95602,"href":"https:\/\/vosgesinfo.fr\/saintdieinfo\/wp-json\/wp\/v2\/posts\/95592\/revisions\/95602"}],"wp:featuredmedia":[{"embeddable":true,"href":"https:\/\/vosgesinfo.fr\/saintdieinfo\/wp-json\/wp\/v2\/media\/95596"}],"wp:attachment":[{"href":"https:\/\/vosgesinfo.fr\/saintdieinfo\/wp-json\/wp\/v2\/media?parent=95592"}],"wp:term":[{"taxonomy":"category","embeddable":true,"href":"https:\/\/vosgesinfo.fr\/saintdieinfo\/wp-json\/wp\/v2\/categories?post=95592"},{"taxonomy":"post_tag","embeddable":true,"href":"https:\/\/vosgesinfo.fr\/saintdieinfo\/wp-json\/wp\/v2\/tags?post=95592"}],"curies":[{"name":"wp","href":"https:\/\/api.w.org\/{rel}","templated":true}]}}