{"id":95604,"date":"2026-09-01T12:03:11","date_gmt":"2026-09-01T10:03:11","guid":{"rendered":"https:\/\/vosgesinfo.fr\/saintdieinfo\/?p=95604"},"modified":"2026-09-01T11:15:28","modified_gmt":"2026-09-01T09:15:28","slug":"point-meteo-apres-trois-mois-tres-chauds-le-deficit-de-pluie-se-creuse-a-saint-die-des-vosges","status":"publish","type":"post","link":"https:\/\/vosgesinfo.fr\/saintdieinfo\/2026\/09\/point-meteo-apres-trois-mois-tres-chauds-le-deficit-de-pluie-se-creuse-a-saint-die-des-vosges\/","title":{"rendered":"Point m\u00e9t\u00e9o : apr\u00e8s trois mois tr\u00e8s chauds, le d\u00e9ficit de pluie se creuse \u00e0 Saint-Di\u00e9-des-Vosges"},"content":{"rendered":"<div id=\"attachment_95605\" style=\"width: 1034px\" class=\"wp-caption alignnone\"><a href=\"https:\/\/vosgesinfo.fr\/app\/uploads\/sites\/4\/2026\/09\/point-meteo-aout-2026-sddv.jpg\"><img decoding=\"async\" aria-describedby=\"caption-attachment-95605\" class=\"size-large wp-image-95605\" src=\"https:\/\/vosgesinfo.fr\/app\/uploads\/sites\/4\/2026\/09\/point-meteo-aout-2026-sddv-1024x771.jpg\" alt=\"\" width=\"1024\" height=\"771\" srcset=\"https:\/\/vosgesinfo.fr\/app\/uploads\/sites\/4\/2026\/09\/point-meteo-aout-2026-sddv-1024x771.jpg 1024w, https:\/\/vosgesinfo.fr\/app\/uploads\/sites\/4\/2026\/09\/point-meteo-aout-2026-sddv-300x226.jpg 300w, https:\/\/vosgesinfo.fr\/app\/uploads\/sites\/4\/2026\/09\/point-meteo-aout-2026-sddv-768x578.jpg 768w, https:\/\/vosgesinfo.fr\/app\/uploads\/sites\/4\/2026\/09\/point-meteo-aout-2026-sddv-1536x1157.jpg 1536w, https:\/\/vosgesinfo.fr\/app\/uploads\/sites\/4\/2026\/09\/point-meteo-aout-2026-sddv.jpg 1920w\" sizes=\"(max-width: 1024px) 100vw, 1024px\" \/><\/a><p id=\"caption-attachment-95605\" class=\"wp-caption-text\">Le parc Jean-Mansuy en ao\u00fbt dernier.<\/p><\/div>\n<h2>Les donn\u00e9es de cet article proviennent de <strong>Daniel Cl\u00e9ment<\/strong>, D\u00e9odatien, que nous remercions une fois de plus. Apr\u00e8s des <strong>mois de <a href=\"https:\/\/vosgesinfo.fr\/saintdieinfo\/2026\/07\/point-meteo-pres-de-3-c-au-dessus-de-la-moyenne-pour-le-mois-de-juin-a-saint-die-des-vosges\/\" target=\"_blank\" rel=\"noopener\">juin<\/a> et <a href=\"https:\/\/vosgesinfo.fr\/saintdieinfo\/2026\/08\/point-meteo-quinze-jours-au-dessus-de-30-c-en-juillet-a-saint-die-des-vosges\/\" target=\"_blank\" rel=\"noopener\">juillet<\/a><\/strong> d\u00e9j\u00e0 <strong>caniculaires<\/strong>, <strong>ao\u00fbt<\/strong> s\u2019inscrit dans la m\u00eame tendance \u00e0 <strong>Saint-Di\u00e9-des-Vosges<\/strong>, avec une <strong>temp\u00e9rature moyenne record depuis 2015<\/strong> et un <strong>d\u00e9ficit pluviom\u00e9trique qui continue de se creuser<\/strong>.<\/h2>\n<p><!--more--><\/p>\n<h3><strong>Une temp\u00e9rature moyenne record depuis 2015<\/strong><\/h3>\n<p>Avec une <strong>temp\u00e9rature moyenne de 22 \u00b0C<\/strong>, le mois d\u2019ao\u00fbt d\u00e9passe de <strong>2,3 \u00b0C la moyenne de 19,7 \u00b0C calcul\u00e9e depuis 2015<\/strong>. Le mois dernier, les temp\u00e9ratures ont oscill\u00e9 entre <strong>7 \u00b0C et 36,4 \u00b0C<\/strong>. Pour rappel, en <strong>ao\u00fbt 2022<\/strong>, la moyenne avait atteint <strong>21,8 \u00b0C<\/strong>. Les maximales avaient grimp\u00e9 jusqu\u2019\u00e0 <strong>40,4 \u00b0C en 2015 et 38 \u00b0C en 2022<\/strong>. \u00c0 retenir \u00e9galement que depuis le <strong>d\u00e9but de l\u2019ann\u00e9e 2026<\/strong>, seuls <strong>janvier et mars<\/strong> ont enregistr\u00e9 des temp\u00e9ratures moyennes inf\u00e9rieures aux normales.<\/p>\n<h3><strong>Un d\u00e9ficit de pluie qui atteint 163 mm<\/strong><\/h3>\n<p>C\u00f4t\u00e9 pluviom\u00e9trie, <strong>53 mm de pluie<\/strong> ont \u00e9t\u00e9 relev\u00e9s en <strong>ao\u00fbt dernier<\/strong>, r\u00e9partis sur <strong>dix journ\u00e9es ayant re\u00e7u plus de 1 mm<\/strong>, contre une <strong>moyenne mensuelle de 88 mm<\/strong>. Le d\u00e9ficit atteint ainsi <strong>35 mm sur le mois et 163 mm depuis le d\u00e9but de l\u2019ann\u00e9e 2026<\/strong>. Le cumul des <strong>huit premiers mois<\/strong> s\u2019\u00e9l\u00e8ve \u00e0 <strong>510 mm<\/strong>, pour une <strong>moyenne de 673 mm calcul\u00e9e depuis 1999<\/strong>. \u00c0 noter enfin qu\u2019\u00e0 la <strong>fin ao\u00fbt 2003<\/strong>, le cumul atteignait <strong>486 mm, soit 24 mm de moins que cette ann\u00e9e<\/strong>.<\/p>\n","protected":false},"excerpt":{"rendered":"<p>Les donn\u00e9es de cet article proviennent de Daniel Cl\u00e9ment, D\u00e9odatien, que nous remercions une fois de plus. Apr\u00e8s des mois [&hellip;]<\/p>\n","protected":false},"author":46,"featured_media":95605,"comment_status":"open","ping_status":"open","sticky":false,"template":"","format":"standard","meta":{"footnotes":""},"categories":[460,167],"tags":[22606,3572,22814,22815,22813],"class_list":["post-95604","post","type-post","status-publish","format-standard","has-post-thumbnail","hentry","category-a-la-une","category-saint-die-des-vosges","tag-canicule-de-lete-2026","tag-daniel-clement","tag-deficit-pluviometrique","tag-record-de-temperature","tag-temperatures-daout-2026"],"acf":[],"yoast_head":"<!-- This site is optimized with the Yoast SEO plugin v22.5 - https:\/\/yoast.com\/wordpress\/plugins\/seo\/ -->\n<title>Point m\u00e9t\u00e9o : apr\u00e8s trois mois tr\u00e8s chauds, le d\u00e9ficit de pluie se creuse \u00e0 Saint-Di\u00e9-des-Vosges - Saint Die Info<\/title>\n<meta name=\"robots\" content=\"index, follow, max-snippet:-1, max-image-preview:large, max-video-preview:-1\" \/>\n<link rel=\"canonical\" href=\"https:\/\/vosgesinfo.fr\/saintdieinfo\/2026\/09\/point-meteo-apres-trois-mois-tres-chauds-le-deficit-de-pluie-se-creuse-a-saint-die-des-vosges\/\" \/>\n<meta name=\"twitter:card\" content=\"summary_large_image\" \/>\n<meta name=\"twitter:title\" content=\"Point m\u00e9t\u00e9o : apr\u00e8s trois mois tr\u00e8s chauds, le d\u00e9ficit de pluie se creuse \u00e0 Saint-Di\u00e9-des-Vosges - Saint Die Info\" \/>\n<meta name=\"twitter:description\" content=\"Les donn\u00e9es de cet article proviennent de Daniel Cl\u00e9ment, D\u00e9odatien, que nous remercions une fois de plus. Apr\u00e8s des mois [&hellip;]\" \/>\n<meta name=\"twitter:image\" content=\"https:\/\/vosgesinfo.fr\/app\/uploads\/sites\/4\/2026\/09\/point-meteo-aout-2026-sddv.jpg\" \/>\n<meta name=\"twitter:creator\" content=\"@VosgesInfo88\" \/>\n<meta name=\"twitter:site\" content=\"@VosgesInfo88\" \/>\n<meta name=\"twitter:label1\" content=\"\u00c9crit par\" \/>\n\t<meta name=\"twitter:data1\" content=\"J.J.\" \/>\n\t<meta name=\"twitter:label2\" content=\"Dur\u00e9e de lecture estim\u00e9e\" \/>\n\t<meta name=\"twitter:data2\" content=\"2 minutes\" \/>\n<script type=\"application\/ld+json\" class=\"yoast-schema-graph\">{\"@context\":\"https:\/\/schema.org\",\"@graph\":[{\"@type\":\"Article\",\"@id\":\"https:\/\/vosgesinfo.fr\/saintdieinfo\/2026\/09\/point-meteo-apres-trois-mois-tres-chauds-le-deficit-de-pluie-se-creuse-a-saint-die-des-vosges\/#article\",\"isPartOf\":{\"@id\":\"https:\/\/vosgesinfo.fr\/saintdieinfo\/2026\/09\/point-meteo-apres-trois-mois-tres-chauds-le-deficit-de-pluie-se-creuse-a-saint-die-des-vosges\/\"},\"author\":{\"name\":\"J.J.\",\"@id\":\"https:\/\/vosgesinfo.fr\/saintdieinfo\/#\/schema\/person\/fa73e9f726d67bb88f46d5b7943cb572\"},\"headline\":\"Point m\u00e9t\u00e9o : apr\u00e8s trois mois tr\u00e8s chauds, le d\u00e9ficit de pluie se creuse \u00e0 Saint-Di\u00e9-des-Vosges\",\"datePublished\":\"2026-09-01T10:03:11+00:00\",\"dateModified\":\"2026-09-01T09:15:28+00:00\",\"mainEntityOfPage\":{\"@id\":\"https:\/\/vosgesinfo.fr\/saintdieinfo\/2026\/09\/point-meteo-apres-trois-mois-tres-chauds-le-deficit-de-pluie-se-creuse-a-saint-die-des-vosges\/\"},\"wordCount\":277,\"commentCount\":0,\"publisher\":{\"@id\":\"https:\/\/vosgesinfo.fr\/saintdieinfo\/#organization\"},\"image\":{\"@id\":\"https:\/\/vosgesinfo.fr\/saintdieinfo\/2026\/09\/point-meteo-apres-trois-mois-tres-chauds-le-deficit-de-pluie-se-creuse-a-saint-die-des-vosges\/#primaryimage\"},\"thumbnailUrl\":\"https:\/\/vosgesinfo.fr\/app\/uploads\/sites\/4\/2026\/09\/point-meteo-aout-2026-sddv.jpg\",\"keywords\":[\"canicule de l\u2019\u00e9t\u00e9 2026\",\"Daniel Cl\u00e9ment\",\"d\u00e9ficit pluviom\u00e9trique\",\"record de temp\u00e9rature\",\"temp\u00e9ratures d\u2019ao\u00fbt 2026\"],\"articleSection\":[\"A la Une\",\"Saint-Di\u00e9-des-Vosges\"],\"inLanguage\":\"fr-FR\",\"potentialAction\":[{\"@type\":\"CommentAction\",\"name\":\"Comment\",\"target\":[\"https:\/\/vosgesinfo.fr\/saintdieinfo\/2026\/09\/point-meteo-apres-trois-mois-tres-chauds-le-deficit-de-pluie-se-creuse-a-saint-die-des-vosges\/#respond\"]}]},{\"@type\":\"WebPage\",\"@id\":\"https:\/\/vosgesinfo.fr\/saintdieinfo\/2026\/09\/point-meteo-apres-trois-mois-tres-chauds-le-deficit-de-pluie-se-creuse-a-saint-die-des-vosges\/\",\"url\":\"https:\/\/vosgesinfo.fr\/saintdieinfo\/2026\/09\/point-meteo-apres-trois-mois-tres-chauds-le-deficit-de-pluie-se-creuse-a-saint-die-des-vosges\/\",\"name\":\"Point m\u00e9t\u00e9o : apr\u00e8s trois mois tr\u00e8s chauds, le d\u00e9ficit de pluie se creuse \u00e0 Saint-Di\u00e9-des-Vosges - Saint Die Info\",\"isPartOf\":{\"@id\":\"https:\/\/vosgesinfo.fr\/saintdieinfo\/#website\"},\"primaryImageOfPage\":{\"@id\":\"https:\/\/vosgesinfo.fr\/saintdieinfo\/2026\/09\/point-meteo-apres-trois-mois-tres-chauds-le-deficit-de-pluie-se-creuse-a-saint-die-des-vosges\/#primaryimage\"},\"image\":{\"@id\":\"https:\/\/vosgesinfo.fr\/saintdieinfo\/2026\/09\/point-meteo-apres-trois-mois-tres-chauds-le-deficit-de-pluie-se-creuse-a-saint-die-des-vosges\/#primaryimage\"},\"thumbnailUrl\":\"https:\/\/vosgesinfo.fr\/app\/uploads\/sites\/4\/2026\/09\/point-meteo-aout-2026-sddv.jpg\",\"datePublished\":\"2026-09-01T10:03:11+00:00\",\"dateModified\":\"2026-09-01T09:15:28+00:00\",\"breadcrumb\":{\"@id\":\"https:\/\/vosgesinfo.fr\/saintdieinfo\/2026\/09\/point-meteo-apres-trois-mois-tres-chauds-le-deficit-de-pluie-se-creuse-a-saint-die-des-vosges\/#breadcrumb\"},\"inLanguage\":\"fr-FR\",\"potentialAction\":[{\"@type\":\"ReadAction\",\"target\":[\"https:\/\/vosgesinfo.fr\/saintdieinfo\/2026\/09\/point-meteo-apres-trois-mois-tres-chauds-le-deficit-de-pluie-se-creuse-a-saint-die-des-vosges\/\"]}]},{\"@type\":\"ImageObject\",\"inLanguage\":\"fr-FR\",\"@id\":\"https:\/\/vosgesinfo.fr\/saintdieinfo\/2026\/09\/point-meteo-apres-trois-mois-tres-chauds-le-deficit-de-pluie-se-creuse-a-saint-die-des-vosges\/#primaryimage\",\"url\":\"https:\/\/vosgesinfo.fr\/app\/uploads\/sites\/4\/2026\/09\/point-meteo-aout-2026-sddv.jpg\",\"contentUrl\":\"https:\/\/vosgesinfo.fr\/app\/uploads\/sites\/4\/2026\/09\/point-meteo-aout-2026-sddv.jpg\",\"width\":1920,\"height\":1446,\"caption\":\"Le parc Jean-Mansuy en ao\u00fbt dernier.\"},{\"@type\":\"BreadcrumbList\",\"@id\":\"https:\/\/vosgesinfo.fr\/saintdieinfo\/2026\/09\/point-meteo-apres-trois-mois-tres-chauds-le-deficit-de-pluie-se-creuse-a-saint-die-des-vosges\/#breadcrumb\",\"itemListElement\":[{\"@type\":\"ListItem\",\"position\":1,\"name\":\"Home\",\"item\":\"https:\/\/vosgesinfo.fr\/saintdieinfo\/\"},{\"@type\":\"ListItem\",\"position\":2,\"name\":\"Point m\u00e9t\u00e9o : apr\u00e8s trois mois tr\u00e8s chauds, le d\u00e9ficit de pluie se creuse \u00e0 Saint-Di\u00e9-des-Vosges\"}]},{\"@type\":\"WebSite\",\"@id\":\"https:\/\/vosgesinfo.fr\/saintdieinfo\/#website\",\"url\":\"https:\/\/vosgesinfo.fr\/saintdieinfo\/\",\"name\":\"Saint Die Info\",\"description\":\"Toute l&#039;actualit\u00e9 de Saint-Di\u00e9-Des-Vosges\",\"publisher\":{\"@id\":\"https:\/\/vosgesinfo.fr\/saintdieinfo\/#organization\"},\"alternateName\":\"Toute l'actualit\u00e9 de Saint-Di\u00e9-Des-Vosges\",\"potentialAction\":[{\"@type\":\"SearchAction\",\"target\":{\"@type\":\"EntryPoint\",\"urlTemplate\":\"https:\/\/vosgesinfo.fr\/saintdieinfo\/?s={search_term_string}\"},\"query-input\":\"required name=search_term_string\"}],\"inLanguage\":\"fr-FR\"},{\"@type\":\"Organization\",\"@id\":\"https:\/\/vosgesinfo.fr\/saintdieinfo\/#organization\",\"name\":\"Saint Die Info\",\"url\":\"https:\/\/vosgesinfo.fr\/saintdieinfo\/\",\"logo\":{\"@type\":\"ImageObject\",\"inLanguage\":\"fr-FR\",\"@id\":\"https:\/\/vosgesinfo.fr\/saintdieinfo\/#\/schema\/logo\/image\/\",\"url\":\"https:\/\/vosgesinfo.fr\/app\/uploads\/sites\/4\/2024\/02\/logo-sdi.jpg\",\"contentUrl\":\"https:\/\/vosgesinfo.fr\/app\/uploads\/sites\/4\/2024\/02\/logo-sdi.jpg\",\"width\":600,\"height\":600,\"caption\":\"Saint Die Info\"},\"image\":{\"@id\":\"https:\/\/vosgesinfo.fr\/saintdieinfo\/#\/schema\/logo\/image\/\"},\"sameAs\":[\"https:\/\/www.facebook.com\/Saintdieinfofr\",\"https:\/\/x.com\/VosgesInfo88\",\"https:\/\/www.youtube.com\/@vosgesinfo\"]},{\"@type\":\"Person\",\"@id\":\"https:\/\/vosgesinfo.fr\/saintdieinfo\/#\/schema\/person\/fa73e9f726d67bb88f46d5b7943cb572\",\"name\":\"J.J.\",\"image\":{\"@type\":\"ImageObject\",\"inLanguage\":\"fr-FR\",\"@id\":\"https:\/\/vosgesinfo.fr\/saintdieinfo\/#\/schema\/person\/image\/\",\"url\":\"https:\/\/secure.gravatar.com\/avatar\/219e749e47ffbcca018a360ae4add7d4cdf1cdaaf8bc7676b27efade3fe65615?s=96&d=mm&r=g\",\"contentUrl\":\"https:\/\/secure.gravatar.com\/avatar\/219e749e47ffbcca018a360ae4add7d4cdf1cdaaf8bc7676b27efade3fe65615?s=96&d=mm&r=g\",\"caption\":\"J.J.\"},\"url\":\"https:\/\/vosgesinfo.fr\/saintdieinfo\/author\/j-j\/\"}]}<\/script>\n<!-- \/ Yoast SEO plugin. -->","yoast_head_json":{"title":"Point m\u00e9t\u00e9o : apr\u00e8s trois mois tr\u00e8s chauds, le d\u00e9ficit de pluie se creuse \u00e0 Saint-Di\u00e9-des-Vosges - Saint Die Info","robots":{"index":"index","follow":"follow","max-snippet":"max-snippet:-1","max-image-preview":"max-image-preview:large","max-video-preview":"max-video-preview:-1"},"canonical":"https:\/\/vosgesinfo.fr\/saintdieinfo\/2026\/09\/point-meteo-apres-trois-mois-tres-chauds-le-deficit-de-pluie-se-creuse-a-saint-die-des-vosges\/","twitter_card":"summary_large_image","twitter_title":"Point m\u00e9t\u00e9o : apr\u00e8s trois mois tr\u00e8s chauds, le d\u00e9ficit de pluie se creuse \u00e0 Saint-Di\u00e9-des-Vosges - Saint Die Info","twitter_description":"Les donn\u00e9es de cet article proviennent de Daniel Cl\u00e9ment, D\u00e9odatien, que nous remercions une fois de plus. Apr\u00e8s des mois [&hellip;]","twitter_image":"https:\/\/vosgesinfo.fr\/app\/uploads\/sites\/4\/2026\/09\/point-meteo-aout-2026-sddv.jpg","twitter_creator":"@VosgesInfo88","twitter_site":"@VosgesInfo88","twitter_misc":{"\u00c9crit par":"J.J.","Dur\u00e9e de lecture estim\u00e9e":"2 minutes"},"schema":{"@context":"https:\/\/schema.org","@graph":[{"@type":"Article","@id":"https:\/\/vosgesinfo.fr\/saintdieinfo\/2026\/09\/point-meteo-apres-trois-mois-tres-chauds-le-deficit-de-pluie-se-creuse-a-saint-die-des-vosges\/#article","isPartOf":{"@id":"https:\/\/vosgesinfo.fr\/saintdieinfo\/2026\/09\/point-meteo-apres-trois-mois-tres-chauds-le-deficit-de-pluie-se-creuse-a-saint-die-des-vosges\/"},"author":{"name":"J.J.","@id":"https:\/\/vosgesinfo.fr\/saintdieinfo\/#\/schema\/person\/fa73e9f726d67bb88f46d5b7943cb572"},"headline":"Point m\u00e9t\u00e9o : apr\u00e8s trois mois tr\u00e8s chauds, le d\u00e9ficit de pluie se creuse \u00e0 Saint-Di\u00e9-des-Vosges","datePublished":"2026-09-01T10:03:11+00:00","dateModified":"2026-09-01T09:15:28+00:00","mainEntityOfPage":{"@id":"https:\/\/vosgesinfo.fr\/saintdieinfo\/2026\/09\/point-meteo-apres-trois-mois-tres-chauds-le-deficit-de-pluie-se-creuse-a-saint-die-des-vosges\/"},"wordCount":277,"commentCount":0,"publisher":{"@id":"https:\/\/vosgesinfo.fr\/saintdieinfo\/#organization"},"image":{"@id":"https:\/\/vosgesinfo.fr\/saintdieinfo\/2026\/09\/point-meteo-apres-trois-mois-tres-chauds-le-deficit-de-pluie-se-creuse-a-saint-die-des-vosges\/#primaryimage"},"thumbnailUrl":"https:\/\/vosgesinfo.fr\/app\/uploads\/sites\/4\/2026\/09\/point-meteo-aout-2026-sddv.jpg","keywords":["canicule de l\u2019\u00e9t\u00e9 2026","Daniel Cl\u00e9ment","d\u00e9ficit pluviom\u00e9trique","record de temp\u00e9rature","temp\u00e9ratures d\u2019ao\u00fbt 2026"],"articleSection":["A la Une","Saint-Di\u00e9-des-Vosges"],"inLanguage":"fr-FR","potentialAction":[{"@type":"CommentAction","name":"Comment","target":["https:\/\/vosgesinfo.fr\/saintdieinfo\/2026\/09\/point-meteo-apres-trois-mois-tres-chauds-le-deficit-de-pluie-se-creuse-a-saint-die-des-vosges\/#respond"]}]},{"@type":"WebPage","@id":"https:\/\/vosgesinfo.fr\/saintdieinfo\/2026\/09\/point-meteo-apres-trois-mois-tres-chauds-le-deficit-de-pluie-se-creuse-a-saint-die-des-vosges\/","url":"https:\/\/vosgesinfo.fr\/saintdieinfo\/2026\/09\/point-meteo-apres-trois-mois-tres-chauds-le-deficit-de-pluie-se-creuse-a-saint-die-des-vosges\/","name":"Point m\u00e9t\u00e9o : apr\u00e8s trois mois tr\u00e8s chauds, le d\u00e9ficit de pluie se creuse \u00e0 Saint-Di\u00e9-des-Vosges - Saint Die Info","isPartOf":{"@id":"https:\/\/vosgesinfo.fr\/saintdieinfo\/#website"},"primaryImageOfPage":{"@id":"https:\/\/vosgesinfo.fr\/saintdieinfo\/2026\/09\/point-meteo-apres-trois-mois-tres-chauds-le-deficit-de-pluie-se-creuse-a-saint-die-des-vosges\/#primaryimage"},"image":{"@id":"https:\/\/vosgesinfo.fr\/saintdieinfo\/2026\/09\/point-meteo-apres-trois-mois-tres-chauds-le-deficit-de-pluie-se-creuse-a-saint-die-des-vosges\/#primaryimage"},"thumbnailUrl":"https:\/\/vosgesinfo.fr\/app\/uploads\/sites\/4\/2026\/09\/point-meteo-aout-2026-sddv.jpg","datePublished":"2026-09-01T10:03:11+00:00","dateModified":"2026-09-01T09:15:28+00:00","breadcrumb":{"@id":"https:\/\/vosgesinfo.fr\/saintdieinfo\/2026\/09\/point-meteo-apres-trois-mois-tres-chauds-le-deficit-de-pluie-se-creuse-a-saint-die-des-vosges\/#breadcrumb"},"inLanguage":"fr-FR","potentialAction":[{"@type":"ReadAction","target":["https:\/\/vosgesinfo.fr\/saintdieinfo\/2026\/09\/point-meteo-apres-trois-mois-tres-chauds-le-deficit-de-pluie-se-creuse-a-saint-die-des-vosges\/"]}]},{"@type":"ImageObject","inLanguage":"fr-FR","@id":"https:\/\/vosgesinfo.fr\/saintdieinfo\/2026\/09\/point-meteo-apres-trois-mois-tres-chauds-le-deficit-de-pluie-se-creuse-a-saint-die-des-vosges\/#primaryimage","url":"https:\/\/vosgesinfo.fr\/app\/uploads\/sites\/4\/2026\/09\/point-meteo-aout-2026-sddv.jpg","contentUrl":"https:\/\/vosgesinfo.fr\/app\/uploads\/sites\/4\/2026\/09\/point-meteo-aout-2026-sddv.jpg","width":1920,"height":1446,"caption":"Le parc Jean-Mansuy en ao\u00fbt dernier."},{"@type":"BreadcrumbList","@id":"https:\/\/vosgesinfo.fr\/saintdieinfo\/2026\/09\/point-meteo-apres-trois-mois-tres-chauds-le-deficit-de-pluie-se-creuse-a-saint-die-des-vosges\/#breadcrumb","itemListElement":[{"@type":"ListItem","position":1,"name":"Home","item":"https:\/\/vosgesinfo.fr\/saintdieinfo\/"},{"@type":"ListItem","position":2,"name":"Point m\u00e9t\u00e9o : apr\u00e8s trois mois tr\u00e8s chauds, le d\u00e9ficit de pluie se creuse \u00e0 Saint-Di\u00e9-des-Vosges"}]},{"@type":"WebSite","@id":"https:\/\/vosgesinfo.fr\/saintdieinfo\/#website","url":"https:\/\/vosgesinfo.fr\/saintdieinfo\/","name":"Saint Die Info","description":"Toute l&#039;actualit\u00e9 de Saint-Di\u00e9-Des-Vosges","publisher":{"@id":"https:\/\/vosgesinfo.fr\/saintdieinfo\/#organization"},"alternateName":"Toute l'actualit\u00e9 de Saint-Di\u00e9-Des-Vosges","potentialAction":[{"@type":"SearchAction","target":{"@type":"EntryPoint","urlTemplate":"https:\/\/vosgesinfo.fr\/saintdieinfo\/?s={search_term_string}"},"query-input":"required name=search_term_string"}],"inLanguage":"fr-FR"},{"@type":"Organization","@id":"https:\/\/vosgesinfo.fr\/saintdieinfo\/#organization","name":"Saint Die Info","url":"https:\/\/vosgesinfo.fr\/saintdieinfo\/","logo":{"@type":"ImageObject","inLanguage":"fr-FR","@id":"https:\/\/vosgesinfo.fr\/saintdieinfo\/#\/schema\/logo\/image\/","url":"https:\/\/vosgesinfo.fr\/app\/uploads\/sites\/4\/2024\/02\/logo-sdi.jpg","contentUrl":"https:\/\/vosgesinfo.fr\/app\/uploads\/sites\/4\/2024\/02\/logo-sdi.jpg","width":600,"height":600,"caption":"Saint Die Info"},"image":{"@id":"https:\/\/vosgesinfo.fr\/saintdieinfo\/#\/schema\/logo\/image\/"},"sameAs":["https:\/\/www.facebook.com\/Saintdieinfofr","https:\/\/x.com\/VosgesInfo88","https:\/\/www.youtube.com\/@vosgesinfo"]},{"@type":"Person","@id":"https:\/\/vosgesinfo.fr\/saintdieinfo\/#\/schema\/person\/fa73e9f726d67bb88f46d5b7943cb572","name":"J.J.","image":{"@type":"ImageObject","inLanguage":"fr-FR","@id":"https:\/\/vosgesinfo.fr\/saintdieinfo\/#\/schema\/person\/image\/","url":"https:\/\/secure.gravatar.com\/avatar\/219e749e47ffbcca018a360ae4add7d4cdf1cdaaf8bc7676b27efade3fe65615?s=96&d=mm&r=g","contentUrl":"https:\/\/secure.gravatar.com\/avatar\/219e749e47ffbcca018a360ae4add7d4cdf1cdaaf8bc7676b27efade3fe65615?s=96&d=mm&r=g","caption":"J.J."},"url":"https:\/\/vosgesinfo.fr\/saintdieinfo\/author\/j-j\/"}]}},"_links":{"self":[{"href":"https:\/\/vosgesinfo.fr\/saintdieinfo\/wp-json\/wp\/v2\/posts\/95604","targetHints":{"allow":["GET"]}}],"collection":[{"href":"https:\/\/vosgesinfo.fr\/saintdieinfo\/wp-json\/wp\/v2\/posts"}],"about":[{"href":"https:\/\/vosgesinfo.fr\/saintdieinfo\/wp-json\/wp\/v2\/types\/post"}],"author":[{"embeddable":true,"href":"https:\/\/vosgesinfo.fr\/saintdieinfo\/wp-json\/wp\/v2\/users\/46"}],"replies":[{"embeddable":true,"href":"https:\/\/vosgesinfo.fr\/saintdieinfo\/wp-json\/wp\/v2\/comments?post=95604"}],"version-history":[{"count":3,"href":"https:\/\/vosgesinfo.fr\/saintdieinfo\/wp-json\/wp\/v2\/posts\/95604\/revisions"}],"predecessor-version":[{"id":95610,"href":"https:\/\/vosgesinfo.fr\/saintdieinfo\/wp-json\/wp\/v2\/posts\/95604\/revisions\/95610"}],"wp:featuredmedia":[{"embeddable":true,"href":"https:\/\/vosgesinfo.fr\/saintdieinfo\/wp-json\/wp\/v2\/media\/95605"}],"wp:attachment":[{"href":"https:\/\/vosgesinfo.fr\/saintdieinfo\/wp-json\/wp\/v2\/media?parent=95604"}],"wp:term":[{"taxonomy":"category","embeddable":true,"href":"https:\/\/vosgesinfo.fr\/saintdieinfo\/wp-json\/wp\/v2\/categories?post=95604"},{"taxonomy":"post_tag","embeddable":true,"href":"https:\/\/vosgesinfo.fr\/saintdieinfo\/wp-json\/wp\/v2\/tags?post=95604"}],"curies":[{"name":"wp","href":"https:\/\/api.w.org\/{rel}","templated":true}]}}