{"id":95618,"date":"2026-09-01T14:33:10","date_gmt":"2026-09-01T12:33:10","guid":{"rendered":"https:\/\/vosgesinfo.fr\/saintdieinfo\/?p=95618"},"modified":"2026-09-01T14:19:42","modified_gmt":"2026-09-01T12:19:42","slug":"rn59-la-circulation-modifiee-pendant-plus-de-deux-mois-au-niveau-de-bertrichamps-et-lachapelle","status":"publish","type":"post","link":"https:\/\/vosgesinfo.fr\/saintdieinfo\/2026\/09\/rn59-la-circulation-modifiee-pendant-plus-de-deux-mois-au-niveau-de-bertrichamps-et-lachapelle\/","title":{"rendered":"RN59 : la circulation modifi\u00e9e pendant plus de deux mois au niveau de Bertrichamps et Lachapelle"},"content":{"rendered":"<div id=\"attachment_95619\" style=\"width: 1034px\" class=\"wp-caption alignnone\"><a href=\"https:\/\/vosgesinfo.fr\/app\/uploads\/sites\/4\/2026\/09\/rn59-travaux-lachapellebertrichamps.jpg\"><img decoding=\"async\" aria-describedby=\"caption-attachment-95619\" class=\"size-large wp-image-95619\" src=\"https:\/\/vosgesinfo.fr\/app\/uploads\/sites\/4\/2026\/09\/rn59-travaux-lachapellebertrichamps-1024x574.jpg\" alt=\"\" width=\"1024\" height=\"574\" srcset=\"https:\/\/vosgesinfo.fr\/app\/uploads\/sites\/4\/2026\/09\/rn59-travaux-lachapellebertrichamps-1024x574.jpg 1024w, https:\/\/vosgesinfo.fr\/app\/uploads\/sites\/4\/2026\/09\/rn59-travaux-lachapellebertrichamps-300x168.jpg 300w, https:\/\/vosgesinfo.fr\/app\/uploads\/sites\/4\/2026\/09\/rn59-travaux-lachapellebertrichamps-768x431.jpg 768w, https:\/\/vosgesinfo.fr\/app\/uploads\/sites\/4\/2026\/09\/rn59-travaux-lachapellebertrichamps-1536x862.jpg 1536w, https:\/\/vosgesinfo.fr\/app\/uploads\/sites\/4\/2026\/09\/rn59-travaux-lachapellebertrichamps.jpg 1920w\" sizes=\"(max-width: 1024px) 100vw, 1024px\" \/><\/a><p id=\"caption-attachment-95619\" class=\"wp-caption-text\">(Capture d&rsquo;\u00e9cran Google Maps)<\/p><\/div>\n<h2>Les travaux de r\u00e9paration de <strong>deux ouvrages d\u2019art sur la RN59<\/strong>, \u00e0 hauteur de <strong>Bertrichamps et Lachapelle<\/strong>, d\u00e9buteront <strong>demain mercredi 2 septembre \u00e0 7 h 30<\/strong>. Ils seront men\u00e9s par la <strong>Direction Interd\u00e9partementale des Routes Est \u2013 DIR Est<\/strong> \u2013 pour le compte de l\u2019\u00c9tat durant <strong>plus de deux mois, jusqu\u2019au 19 novembre \u00e0 7 h 30<\/strong>.<\/h2>\n<p><!--more--><\/p>\n<h3><strong>La circulation bascul\u00e9e sur le sens oppos\u00e9<\/strong><\/h3>\n<p>Pendant toute la dur\u00e9e du chantier, <strong>la circulation dans le sens Strasbourg vers Nancy sera bascul\u00e9e sur le sens oppos\u00e9<\/strong>. La DIR Est appelle les automobilistes \u00e0 <strong>mod\u00e9rer leur vitesse<\/strong> et \u00e0 <strong>respecter la signalisation mise en place<\/strong> aux abords des travaux.<\/p>\n","protected":false},"excerpt":{"rendered":"<p>Les travaux de r\u00e9paration de deux ouvrages d\u2019art sur la RN59, \u00e0 hauteur de Bertrichamps et Lachapelle, d\u00e9buteront demain mercredi [&hellip;]<\/p>\n","protected":false},"author":46,"featured_media":95619,"comment_status":"open","ping_status":"open","sticky":false,"template":"","format":"standard","meta":{"footnotes":""},"categories":[460,4182],"tags":[16090,3820,22822,3263,18497],"class_list":["post-95618","post","type-post","status-publish","format-standard","has-post-thumbnail","hentry","category-a-la-une","category-lorraine","tag-bertrichamps","tag-dir-est","tag-lachapelle","tag-rn59","tag-travaux-routiers"],"acf":[],"yoast_head":"<!-- This site is optimized with the Yoast SEO plugin v22.5 - https:\/\/yoast.com\/wordpress\/plugins\/seo\/ -->\n<title>RN59 : la circulation modifi\u00e9e pendant plus de deux mois au niveau de Bertrichamps et Lachapelle - Saint Die Info<\/title>\n<meta name=\"robots\" content=\"index, follow, max-snippet:-1, max-image-preview:large, max-video-preview:-1\" \/>\n<link rel=\"canonical\" href=\"https:\/\/vosgesinfo.fr\/saintdieinfo\/2026\/09\/rn59-la-circulation-modifiee-pendant-plus-de-deux-mois-au-niveau-de-bertrichamps-et-lachapelle\/\" \/>\n<meta name=\"twitter:card\" content=\"summary_large_image\" \/>\n<meta name=\"twitter:title\" content=\"RN59 : la circulation modifi\u00e9e pendant plus de deux mois au niveau de Bertrichamps et Lachapelle - Saint Die Info\" \/>\n<meta name=\"twitter:description\" content=\"Les travaux de r\u00e9paration de deux ouvrages d\u2019art sur la RN59, \u00e0 hauteur de Bertrichamps et Lachapelle, d\u00e9buteront demain mercredi [&hellip;]\" \/>\n<meta name=\"twitter:image\" content=\"https:\/\/vosgesinfo.fr\/app\/uploads\/sites\/4\/2026\/09\/rn59-travaux-lachapellebertrichamps.jpg\" \/>\n<meta name=\"twitter:creator\" content=\"@VosgesInfo88\" \/>\n<meta name=\"twitter:site\" content=\"@VosgesInfo88\" \/>\n<meta name=\"twitter:label1\" content=\"\u00c9crit par\" \/>\n\t<meta name=\"twitter:data1\" content=\"J.J.\" \/>\n\t<meta name=\"twitter:label2\" content=\"Dur\u00e9e de lecture estim\u00e9e\" \/>\n\t<meta name=\"twitter:data2\" content=\"1 minute\" \/>\n<script type=\"application\/ld+json\" class=\"yoast-schema-graph\">{\"@context\":\"https:\/\/schema.org\",\"@graph\":[{\"@type\":\"Article\",\"@id\":\"https:\/\/vosgesinfo.fr\/saintdieinfo\/2026\/09\/rn59-la-circulation-modifiee-pendant-plus-de-deux-mois-au-niveau-de-bertrichamps-et-lachapelle\/#article\",\"isPartOf\":{\"@id\":\"https:\/\/vosgesinfo.fr\/saintdieinfo\/2026\/09\/rn59-la-circulation-modifiee-pendant-plus-de-deux-mois-au-niveau-de-bertrichamps-et-lachapelle\/\"},\"author\":{\"name\":\"J.J.\",\"@id\":\"https:\/\/vosgesinfo.fr\/saintdieinfo\/#\/schema\/person\/fa73e9f726d67bb88f46d5b7943cb572\"},\"headline\":\"RN59 : la circulation modifi\u00e9e pendant plus de deux mois au niveau de Bertrichamps et Lachapelle\",\"datePublished\":\"2026-09-01T12:33:10+00:00\",\"dateModified\":\"2026-09-01T12:19:42+00:00\",\"mainEntityOfPage\":{\"@id\":\"https:\/\/vosgesinfo.fr\/saintdieinfo\/2026\/09\/rn59-la-circulation-modifiee-pendant-plus-de-deux-mois-au-niveau-de-bertrichamps-et-lachapelle\/\"},\"wordCount\":132,\"commentCount\":0,\"publisher\":{\"@id\":\"https:\/\/vosgesinfo.fr\/saintdieinfo\/#organization\"},\"image\":{\"@id\":\"https:\/\/vosgesinfo.fr\/saintdieinfo\/2026\/09\/rn59-la-circulation-modifiee-pendant-plus-de-deux-mois-au-niveau-de-bertrichamps-et-lachapelle\/#primaryimage\"},\"thumbnailUrl\":\"https:\/\/vosgesinfo.fr\/app\/uploads\/sites\/4\/2026\/09\/rn59-travaux-lachapellebertrichamps.jpg\",\"keywords\":[\"Bertrichamps\",\"DIR Est\",\"Lachapelle\",\"RN59\",\"Travaux routiers\"],\"articleSection\":[\"A la Une\",\"Lorraine\"],\"inLanguage\":\"fr-FR\",\"potentialAction\":[{\"@type\":\"CommentAction\",\"name\":\"Comment\",\"target\":[\"https:\/\/vosgesinfo.fr\/saintdieinfo\/2026\/09\/rn59-la-circulation-modifiee-pendant-plus-de-deux-mois-au-niveau-de-bertrichamps-et-lachapelle\/#respond\"]}]},{\"@type\":\"WebPage\",\"@id\":\"https:\/\/vosgesinfo.fr\/saintdieinfo\/2026\/09\/rn59-la-circulation-modifiee-pendant-plus-de-deux-mois-au-niveau-de-bertrichamps-et-lachapelle\/\",\"url\":\"https:\/\/vosgesinfo.fr\/saintdieinfo\/2026\/09\/rn59-la-circulation-modifiee-pendant-plus-de-deux-mois-au-niveau-de-bertrichamps-et-lachapelle\/\",\"name\":\"RN59 : la circulation modifi\u00e9e pendant plus de deux mois au niveau de Bertrichamps et Lachapelle - Saint Die Info\",\"isPartOf\":{\"@id\":\"https:\/\/vosgesinfo.fr\/saintdieinfo\/#website\"},\"primaryImageOfPage\":{\"@id\":\"https:\/\/vosgesinfo.fr\/saintdieinfo\/2026\/09\/rn59-la-circulation-modifiee-pendant-plus-de-deux-mois-au-niveau-de-bertrichamps-et-lachapelle\/#primaryimage\"},\"image\":{\"@id\":\"https:\/\/vosgesinfo.fr\/saintdieinfo\/2026\/09\/rn59-la-circulation-modifiee-pendant-plus-de-deux-mois-au-niveau-de-bertrichamps-et-lachapelle\/#primaryimage\"},\"thumbnailUrl\":\"https:\/\/vosgesinfo.fr\/app\/uploads\/sites\/4\/2026\/09\/rn59-travaux-lachapellebertrichamps.jpg\",\"datePublished\":\"2026-09-01T12:33:10+00:00\",\"dateModified\":\"2026-09-01T12:19:42+00:00\",\"breadcrumb\":{\"@id\":\"https:\/\/vosgesinfo.fr\/saintdieinfo\/2026\/09\/rn59-la-circulation-modifiee-pendant-plus-de-deux-mois-au-niveau-de-bertrichamps-et-lachapelle\/#breadcrumb\"},\"inLanguage\":\"fr-FR\",\"potentialAction\":[{\"@type\":\"ReadAction\",\"target\":[\"https:\/\/vosgesinfo.fr\/saintdieinfo\/2026\/09\/rn59-la-circulation-modifiee-pendant-plus-de-deux-mois-au-niveau-de-bertrichamps-et-lachapelle\/\"]}]},{\"@type\":\"ImageObject\",\"inLanguage\":\"fr-FR\",\"@id\":\"https:\/\/vosgesinfo.fr\/saintdieinfo\/2026\/09\/rn59-la-circulation-modifiee-pendant-plus-de-deux-mois-au-niveau-de-bertrichamps-et-lachapelle\/#primaryimage\",\"url\":\"https:\/\/vosgesinfo.fr\/app\/uploads\/sites\/4\/2026\/09\/rn59-travaux-lachapellebertrichamps.jpg\",\"contentUrl\":\"https:\/\/vosgesinfo.fr\/app\/uploads\/sites\/4\/2026\/09\/rn59-travaux-lachapellebertrichamps.jpg\",\"width\":1920,\"height\":1077,\"caption\":\"(Capture d'\u00e9cran Google Maps)\"},{\"@type\":\"BreadcrumbList\",\"@id\":\"https:\/\/vosgesinfo.fr\/saintdieinfo\/2026\/09\/rn59-la-circulation-modifiee-pendant-plus-de-deux-mois-au-niveau-de-bertrichamps-et-lachapelle\/#breadcrumb\",\"itemListElement\":[{\"@type\":\"ListItem\",\"position\":1,\"name\":\"Home\",\"item\":\"https:\/\/vosgesinfo.fr\/saintdieinfo\/\"},{\"@type\":\"ListItem\",\"position\":2,\"name\":\"RN59 : la circulation modifi\u00e9e pendant plus de deux mois au niveau de Bertrichamps et Lachapelle\"}]},{\"@type\":\"WebSite\",\"@id\":\"https:\/\/vosgesinfo.fr\/saintdieinfo\/#website\",\"url\":\"https:\/\/vosgesinfo.fr\/saintdieinfo\/\",\"name\":\"Saint Die Info\",\"description\":\"Toute l&#039;actualit\u00e9 de Saint-Di\u00e9-Des-Vosges\",\"publisher\":{\"@id\":\"https:\/\/vosgesinfo.fr\/saintdieinfo\/#organization\"},\"alternateName\":\"Toute l'actualit\u00e9 de Saint-Di\u00e9-Des-Vosges\",\"potentialAction\":[{\"@type\":\"SearchAction\",\"target\":{\"@type\":\"EntryPoint\",\"urlTemplate\":\"https:\/\/vosgesinfo.fr\/saintdieinfo\/?s={search_term_string}\"},\"query-input\":\"required name=search_term_string\"}],\"inLanguage\":\"fr-FR\"},{\"@type\":\"Organization\",\"@id\":\"https:\/\/vosgesinfo.fr\/saintdieinfo\/#organization\",\"name\":\"Saint Die Info\",\"url\":\"https:\/\/vosgesinfo.fr\/saintdieinfo\/\",\"logo\":{\"@type\":\"ImageObject\",\"inLanguage\":\"fr-FR\",\"@id\":\"https:\/\/vosgesinfo.fr\/saintdieinfo\/#\/schema\/logo\/image\/\",\"url\":\"https:\/\/vosgesinfo.fr\/app\/uploads\/sites\/4\/2024\/02\/logo-sdi.jpg\",\"contentUrl\":\"https:\/\/vosgesinfo.fr\/app\/uploads\/sites\/4\/2024\/02\/logo-sdi.jpg\",\"width\":600,\"height\":600,\"caption\":\"Saint Die Info\"},\"image\":{\"@id\":\"https:\/\/vosgesinfo.fr\/saintdieinfo\/#\/schema\/logo\/image\/\"},\"sameAs\":[\"https:\/\/www.facebook.com\/Saintdieinfofr\",\"https:\/\/x.com\/VosgesInfo88\",\"https:\/\/www.youtube.com\/@vosgesinfo\"]},{\"@type\":\"Person\",\"@id\":\"https:\/\/vosgesinfo.fr\/saintdieinfo\/#\/schema\/person\/fa73e9f726d67bb88f46d5b7943cb572\",\"name\":\"J.J.\",\"image\":{\"@type\":\"ImageObject\",\"inLanguage\":\"fr-FR\",\"@id\":\"https:\/\/vosgesinfo.fr\/saintdieinfo\/#\/schema\/person\/image\/\",\"url\":\"https:\/\/secure.gravatar.com\/avatar\/219e749e47ffbcca018a360ae4add7d4cdf1cdaaf8bc7676b27efade3fe65615?s=96&d=mm&r=g\",\"contentUrl\":\"https:\/\/secure.gravatar.com\/avatar\/219e749e47ffbcca018a360ae4add7d4cdf1cdaaf8bc7676b27efade3fe65615?s=96&d=mm&r=g\",\"caption\":\"J.J.\"},\"url\":\"https:\/\/vosgesinfo.fr\/saintdieinfo\/author\/j-j\/\"}]}<\/script>\n<!-- \/ Yoast SEO plugin. -->","yoast_head_json":{"title":"RN59 : la circulation modifi\u00e9e pendant plus de deux mois au niveau de Bertrichamps et Lachapelle - Saint Die Info","robots":{"index":"index","follow":"follow","max-snippet":"max-snippet:-1","max-image-preview":"max-image-preview:large","max-video-preview":"max-video-preview:-1"},"canonical":"https:\/\/vosgesinfo.fr\/saintdieinfo\/2026\/09\/rn59-la-circulation-modifiee-pendant-plus-de-deux-mois-au-niveau-de-bertrichamps-et-lachapelle\/","twitter_card":"summary_large_image","twitter_title":"RN59 : la circulation modifi\u00e9e pendant plus de deux mois au niveau de Bertrichamps et Lachapelle - Saint Die Info","twitter_description":"Les travaux de r\u00e9paration de deux ouvrages d\u2019art sur la RN59, \u00e0 hauteur de Bertrichamps et Lachapelle, d\u00e9buteront demain mercredi [&hellip;]","twitter_image":"https:\/\/vosgesinfo.fr\/app\/uploads\/sites\/4\/2026\/09\/rn59-travaux-lachapellebertrichamps.jpg","twitter_creator":"@VosgesInfo88","twitter_site":"@VosgesInfo88","twitter_misc":{"\u00c9crit par":"J.J.","Dur\u00e9e de lecture estim\u00e9e":"1 minute"},"schema":{"@context":"https:\/\/schema.org","@graph":[{"@type":"Article","@id":"https:\/\/vosgesinfo.fr\/saintdieinfo\/2026\/09\/rn59-la-circulation-modifiee-pendant-plus-de-deux-mois-au-niveau-de-bertrichamps-et-lachapelle\/#article","isPartOf":{"@id":"https:\/\/vosgesinfo.fr\/saintdieinfo\/2026\/09\/rn59-la-circulation-modifiee-pendant-plus-de-deux-mois-au-niveau-de-bertrichamps-et-lachapelle\/"},"author":{"name":"J.J.","@id":"https:\/\/vosgesinfo.fr\/saintdieinfo\/#\/schema\/person\/fa73e9f726d67bb88f46d5b7943cb572"},"headline":"RN59 : la circulation modifi\u00e9e pendant plus de deux mois au niveau de Bertrichamps et Lachapelle","datePublished":"2026-09-01T12:33:10+00:00","dateModified":"2026-09-01T12:19:42+00:00","mainEntityOfPage":{"@id":"https:\/\/vosgesinfo.fr\/saintdieinfo\/2026\/09\/rn59-la-circulation-modifiee-pendant-plus-de-deux-mois-au-niveau-de-bertrichamps-et-lachapelle\/"},"wordCount":132,"commentCount":0,"publisher":{"@id":"https:\/\/vosgesinfo.fr\/saintdieinfo\/#organization"},"image":{"@id":"https:\/\/vosgesinfo.fr\/saintdieinfo\/2026\/09\/rn59-la-circulation-modifiee-pendant-plus-de-deux-mois-au-niveau-de-bertrichamps-et-lachapelle\/#primaryimage"},"thumbnailUrl":"https:\/\/vosgesinfo.fr\/app\/uploads\/sites\/4\/2026\/09\/rn59-travaux-lachapellebertrichamps.jpg","keywords":["Bertrichamps","DIR Est","Lachapelle","RN59","Travaux routiers"],"articleSection":["A la Une","Lorraine"],"inLanguage":"fr-FR","potentialAction":[{"@type":"CommentAction","name":"Comment","target":["https:\/\/vosgesinfo.fr\/saintdieinfo\/2026\/09\/rn59-la-circulation-modifiee-pendant-plus-de-deux-mois-au-niveau-de-bertrichamps-et-lachapelle\/#respond"]}]},{"@type":"WebPage","@id":"https:\/\/vosgesinfo.fr\/saintdieinfo\/2026\/09\/rn59-la-circulation-modifiee-pendant-plus-de-deux-mois-au-niveau-de-bertrichamps-et-lachapelle\/","url":"https:\/\/vosgesinfo.fr\/saintdieinfo\/2026\/09\/rn59-la-circulation-modifiee-pendant-plus-de-deux-mois-au-niveau-de-bertrichamps-et-lachapelle\/","name":"RN59 : la circulation modifi\u00e9e pendant plus de deux mois au niveau de Bertrichamps et Lachapelle - Saint Die Info","isPartOf":{"@id":"https:\/\/vosgesinfo.fr\/saintdieinfo\/#website"},"primaryImageOfPage":{"@id":"https:\/\/vosgesinfo.fr\/saintdieinfo\/2026\/09\/rn59-la-circulation-modifiee-pendant-plus-de-deux-mois-au-niveau-de-bertrichamps-et-lachapelle\/#primaryimage"},"image":{"@id":"https:\/\/vosgesinfo.fr\/saintdieinfo\/2026\/09\/rn59-la-circulation-modifiee-pendant-plus-de-deux-mois-au-niveau-de-bertrichamps-et-lachapelle\/#primaryimage"},"thumbnailUrl":"https:\/\/vosgesinfo.fr\/app\/uploads\/sites\/4\/2026\/09\/rn59-travaux-lachapellebertrichamps.jpg","datePublished":"2026-09-01T12:33:10+00:00","dateModified":"2026-09-01T12:19:42+00:00","breadcrumb":{"@id":"https:\/\/vosgesinfo.fr\/saintdieinfo\/2026\/09\/rn59-la-circulation-modifiee-pendant-plus-de-deux-mois-au-niveau-de-bertrichamps-et-lachapelle\/#breadcrumb"},"inLanguage":"fr-FR","potentialAction":[{"@type":"ReadAction","target":["https:\/\/vosgesinfo.fr\/saintdieinfo\/2026\/09\/rn59-la-circulation-modifiee-pendant-plus-de-deux-mois-au-niveau-de-bertrichamps-et-lachapelle\/"]}]},{"@type":"ImageObject","inLanguage":"fr-FR","@id":"https:\/\/vosgesinfo.fr\/saintdieinfo\/2026\/09\/rn59-la-circulation-modifiee-pendant-plus-de-deux-mois-au-niveau-de-bertrichamps-et-lachapelle\/#primaryimage","url":"https:\/\/vosgesinfo.fr\/app\/uploads\/sites\/4\/2026\/09\/rn59-travaux-lachapellebertrichamps.jpg","contentUrl":"https:\/\/vosgesinfo.fr\/app\/uploads\/sites\/4\/2026\/09\/rn59-travaux-lachapellebertrichamps.jpg","width":1920,"height":1077,"caption":"(Capture d'\u00e9cran Google Maps)"},{"@type":"BreadcrumbList","@id":"https:\/\/vosgesinfo.fr\/saintdieinfo\/2026\/09\/rn59-la-circulation-modifiee-pendant-plus-de-deux-mois-au-niveau-de-bertrichamps-et-lachapelle\/#breadcrumb","itemListElement":[{"@type":"ListItem","position":1,"name":"Home","item":"https:\/\/vosgesinfo.fr\/saintdieinfo\/"},{"@type":"ListItem","position":2,"name":"RN59 : la circulation modifi\u00e9e pendant plus de deux mois au niveau de Bertrichamps et Lachapelle"}]},{"@type":"WebSite","@id":"https:\/\/vosgesinfo.fr\/saintdieinfo\/#website","url":"https:\/\/vosgesinfo.fr\/saintdieinfo\/","name":"Saint Die Info","description":"Toute l&#039;actualit\u00e9 de Saint-Di\u00e9-Des-Vosges","publisher":{"@id":"https:\/\/vosgesinfo.fr\/saintdieinfo\/#organization"},"alternateName":"Toute l'actualit\u00e9 de Saint-Di\u00e9-Des-Vosges","potentialAction":[{"@type":"SearchAction","target":{"@type":"EntryPoint","urlTemplate":"https:\/\/vosgesinfo.fr\/saintdieinfo\/?s={search_term_string}"},"query-input":"required name=search_term_string"}],"inLanguage":"fr-FR"},{"@type":"Organization","@id":"https:\/\/vosgesinfo.fr\/saintdieinfo\/#organization","name":"Saint Die Info","url":"https:\/\/vosgesinfo.fr\/saintdieinfo\/","logo":{"@type":"ImageObject","inLanguage":"fr-FR","@id":"https:\/\/vosgesinfo.fr\/saintdieinfo\/#\/schema\/logo\/image\/","url":"https:\/\/vosgesinfo.fr\/app\/uploads\/sites\/4\/2024\/02\/logo-sdi.jpg","contentUrl":"https:\/\/vosgesinfo.fr\/app\/uploads\/sites\/4\/2024\/02\/logo-sdi.jpg","width":600,"height":600,"caption":"Saint Die Info"},"image":{"@id":"https:\/\/vosgesinfo.fr\/saintdieinfo\/#\/schema\/logo\/image\/"},"sameAs":["https:\/\/www.facebook.com\/Saintdieinfofr","https:\/\/x.com\/VosgesInfo88","https:\/\/www.youtube.com\/@vosgesinfo"]},{"@type":"Person","@id":"https:\/\/vosgesinfo.fr\/saintdieinfo\/#\/schema\/person\/fa73e9f726d67bb88f46d5b7943cb572","name":"J.J.","image":{"@type":"ImageObject","inLanguage":"fr-FR","@id":"https:\/\/vosgesinfo.fr\/saintdieinfo\/#\/schema\/person\/image\/","url":"https:\/\/secure.gravatar.com\/avatar\/219e749e47ffbcca018a360ae4add7d4cdf1cdaaf8bc7676b27efade3fe65615?s=96&d=mm&r=g","contentUrl":"https:\/\/secure.gravatar.com\/avatar\/219e749e47ffbcca018a360ae4add7d4cdf1cdaaf8bc7676b27efade3fe65615?s=96&d=mm&r=g","caption":"J.J."},"url":"https:\/\/vosgesinfo.fr\/saintdieinfo\/author\/j-j\/"}]}},"_links":{"self":[{"href":"https:\/\/vosgesinfo.fr\/saintdieinfo\/wp-json\/wp\/v2\/posts\/95618","targetHints":{"allow":["GET"]}}],"collection":[{"href":"https:\/\/vosgesinfo.fr\/saintdieinfo\/wp-json\/wp\/v2\/posts"}],"about":[{"href":"https:\/\/vosgesinfo.fr\/saintdieinfo\/wp-json\/wp\/v2\/types\/post"}],"author":[{"embeddable":true,"href":"https:\/\/vosgesinfo.fr\/saintdieinfo\/wp-json\/wp\/v2\/users\/46"}],"replies":[{"embeddable":true,"href":"https:\/\/vosgesinfo.fr\/saintdieinfo\/wp-json\/wp\/v2\/comments?post=95618"}],"version-history":[{"count":1,"href":"https:\/\/vosgesinfo.fr\/saintdieinfo\/wp-json\/wp\/v2\/posts\/95618\/revisions"}],"predecessor-version":[{"id":95620,"href":"https:\/\/vosgesinfo.fr\/saintdieinfo\/wp-json\/wp\/v2\/posts\/95618\/revisions\/95620"}],"wp:featuredmedia":[{"embeddable":true,"href":"https:\/\/vosgesinfo.fr\/saintdieinfo\/wp-json\/wp\/v2\/media\/95619"}],"wp:attachment":[{"href":"https:\/\/vosgesinfo.fr\/saintdieinfo\/wp-json\/wp\/v2\/media?parent=95618"}],"wp:term":[{"taxonomy":"category","embeddable":true,"href":"https:\/\/vosgesinfo.fr\/saintdieinfo\/wp-json\/wp\/v2\/categories?post=95618"},{"taxonomy":"post_tag","embeddable":true,"href":"https:\/\/vosgesinfo.fr\/saintdieinfo\/wp-json\/wp\/v2\/tags?post=95618"}],"curies":[{"name":"wp","href":"https:\/\/api.w.org\/{rel}","templated":true}]}}