{"id":95621,"date":"2026-09-01T15:03:22","date_gmt":"2026-09-01T13:03:22","guid":{"rendered":"https:\/\/vosgesinfo.fr\/saintdieinfo\/?p=95621"},"modified":"2026-09-01T14:59:23","modified_gmt":"2026-09-01T12:59:23","slug":"deux-clubs-deodatiens-fusionnent-pour-reunir-natation-et-sauvetage-aquatique","status":"publish","type":"post","link":"https:\/\/vosgesinfo.fr\/saintdieinfo\/2026\/09\/deux-clubs-deodatiens-fusionnent-pour-reunir-natation-et-sauvetage-aquatique\/","title":{"rendered":"Deux clubs d\u00e9odatiens fusionnent pour r\u00e9unir natation et sauvetage aquatique"},"content":{"rendered":"<h2><a href=\"https:\/\/vosgesinfo.fr\/app\/uploads\/sites\/4\/2026\/09\/fusion-clubs-snsnatation.jpg\"><img decoding=\"async\" class=\"alignnone size-large wp-image-95614\" src=\"https:\/\/vosgesinfo.fr\/app\/uploads\/sites\/4\/2026\/09\/fusion-clubs-snsnatation-1024x771.jpg\" alt=\"\" width=\"1024\" height=\"771\" srcset=\"https:\/\/vosgesinfo.fr\/app\/uploads\/sites\/4\/2026\/09\/fusion-clubs-snsnatation-1024x771.jpg 1024w, https:\/\/vosgesinfo.fr\/app\/uploads\/sites\/4\/2026\/09\/fusion-clubs-snsnatation-300x226.jpg 300w, https:\/\/vosgesinfo.fr\/app\/uploads\/sites\/4\/2026\/09\/fusion-clubs-snsnatation-768x578.jpg 768w, https:\/\/vosgesinfo.fr\/app\/uploads\/sites\/4\/2026\/09\/fusion-clubs-snsnatation-1536x1157.jpg 1536w, https:\/\/vosgesinfo.fr\/app\/uploads\/sites\/4\/2026\/09\/fusion-clubs-snsnatation.jpg 1920w\" sizes=\"(max-width: 1024px) 100vw, 1024px\" \/><\/a><\/h2>\n<h2>Un nouveau chapitre s\u2019ouvre dans l\u2019histoire du sport d\u00e9odatien avec la r\u00e9cente <strong>absorption du club de natation par le Sauvetage Natation Secourisme \u2013 SNS<\/strong>. Une fusion act\u00e9e lors de <strong>l\u2019assembl\u00e9e g\u00e9n\u00e9rale extraordinaire du 10 juillet<\/strong> et effective depuis <strong>le 13 ao\u00fbt et l\u2019adoption des nouveaux statuts<\/strong>.<\/h2>\n<p><!--more--><\/p>\n<h3><strong>Une fusion en r\u00e9flexion depuis deux ans<\/strong><\/h3>\n<p>Comme l\u2019a expliqu\u00e9 ce mardi en fin de matin\u00e9e <strong>Gabriel Gomis<\/strong>, d\u00e9sormais <strong>ex-pr\u00e9sident du club de natation apr\u00e8s cinq ann\u00e9es \u00e0 cette fonction<\/strong>, cette fusion est notamment li\u00e9e \u00e0 \u00ab un <strong>manque d\u2019engagement au niveau des b\u00e9n\u00e9voles<\/strong> \u00bb. Un rapprochement entre les deux clubs \u00e9tait <strong>\u00e0 l\u2019\u00e9tude depuis deux ans<\/strong>. La fusion s\u2019est faite <strong>en bonne intelligence entre les deux structures<\/strong>, avec pour objectif d\u2019assurer la p\u00e9rennit\u00e9 du club de natation.<\/p>\n<p>Gabriel Gomis ainsi que <strong>trois autres membres du Bureau du club de natation<\/strong> int\u00e8grent, <strong>pour au moins un an<\/strong>, le comit\u00e9 de la nouvelle structure, qui conserve le nom de Sauvetage Natation Secourisme \u2013 SNS \u2013 ainsi que son pr\u00e9sident, <strong>Bertrand Ga\u00ebl<\/strong>.<\/p>\n<p>Pr\u00e9sent \u00e0 leurs c\u00f4t\u00e9s aujourd\u2019hui, l\u2019adjoint aux Sports <strong>Mustafa Guglu<\/strong> a \u00e9galement soulign\u00e9 que \u00ab la <strong>Municipalit\u00e9 a particip\u00e9 aux \u00e9changes<\/strong> qui ont men\u00e9 \u00e0 cette fusion, qu\u2019elle soutient \u00bb.<\/p>\n<h3><strong>Deux activit\u00e9s distinctes \u00e0 AquaNova America<\/strong><\/h3>\n<p>Le club fusionn\u00e9 proposera <strong>deux activit\u00e9s distinctes, chacune correspondant \u00e0 une licence diff\u00e9rente<\/strong>, toujours dans les bassins d\u2019<strong>AquaNova America<\/strong>. La partie <strong>natation comp\u00e9tition<\/strong>, h\u00e9rit\u00e9e du club de natation, disposera de cr\u00e9neaux le mardi de 17 h 30 \u00e0 19 h, le mercredi de 17 h 45 \u00e0 19 h et le vendredi de 17 h 30 \u00e0 19 h. <strong>Un quatri\u00e8me cr\u00e9neau, le lundi<\/strong>, doit \u00e0 terme compl\u00e9ter les trois actuels.<\/p>\n<p>Le volet <strong>sauvetage secourisme<\/strong> conservera quant \u00e0 lui ses cr\u00e9neaux du lundi de 20 h \u00e0 21 h 30, du mercredi de 19 h \u00e0 20 h 30 et du jeudi de 19 h \u00e0 20 h. Les entra\u00eenements de sauvetage seront encadr\u00e9s par <strong>sept personnes form\u00e9es au total, dont quatre ma\u00eetres-nageurs<\/strong>. \u00c0 court terme, le nouveau club table sur <strong>250 \u00e0 300 licenci\u00e9s, dont une cinquantaine pour la natation<\/strong>.<\/p>\n<p>Les activit\u00e9s du club viennent ainsi <strong>prolonger celles propos\u00e9es par le centre aqualudique d\u00e9odatien<\/strong>, avec une offre qui va de <strong>l\u2019apprentissage de la nage \u00e0 la natation en comp\u00e9tition et au sauvetage<\/strong>.<\/p>\n","protected":false},"excerpt":{"rendered":"<p>Un nouveau chapitre s\u2019ouvre dans l\u2019histoire du sport d\u00e9odatien avec la r\u00e9cente absorption du club de natation par le Sauvetage [&hellip;]<\/p>\n","protected":false},"author":46,"featured_media":95614,"comment_status":"open","ping_status":"open","sticky":false,"template":"","format":"standard","meta":{"footnotes":""},"categories":[460,167,14],"tags":[3422,22787,22824,22825,19844,22823],"class_list":["post-95621","post","type-post","status-publish","format-standard","has-post-thumbnail","hentry","category-a-la-une","category-saint-die-des-vosges","category-sport","tag-aquanova-america","tag-bertrand-gael","tag-club-de-natation-de-saint-die-des-vosges","tag-gabriel-gomis","tag-mustafa-guglu","tag-sauvetage-natation-secourisme-sns"],"acf":[],"yoast_head":"<!-- This site is optimized with the Yoast SEO plugin v22.5 - https:\/\/yoast.com\/wordpress\/plugins\/seo\/ -->\n<title>Deux clubs d\u00e9odatiens fusionnent pour r\u00e9unir natation et sauvetage aquatique - Saint Die Info<\/title>\n<meta name=\"robots\" content=\"index, follow, max-snippet:-1, max-image-preview:large, max-video-preview:-1\" \/>\n<link rel=\"canonical\" href=\"https:\/\/vosgesinfo.fr\/saintdieinfo\/2026\/09\/deux-clubs-deodatiens-fusionnent-pour-reunir-natation-et-sauvetage-aquatique\/\" \/>\n<meta name=\"twitter:card\" content=\"summary_large_image\" \/>\n<meta name=\"twitter:title\" content=\"Deux clubs d\u00e9odatiens fusionnent pour r\u00e9unir natation et sauvetage aquatique - Saint Die Info\" \/>\n<meta name=\"twitter:description\" content=\"Un nouveau chapitre s\u2019ouvre dans l\u2019histoire du sport d\u00e9odatien avec la r\u00e9cente absorption du club de natation par le Sauvetage [&hellip;]\" \/>\n<meta name=\"twitter:image\" content=\"https:\/\/vosgesinfo.fr\/app\/uploads\/sites\/4\/2026\/09\/fusion-clubs-snsnatation.jpg\" \/>\n<meta name=\"twitter:creator\" content=\"@VosgesInfo88\" \/>\n<meta name=\"twitter:site\" content=\"@VosgesInfo88\" \/>\n<meta name=\"twitter:label1\" content=\"\u00c9crit par\" \/>\n\t<meta name=\"twitter:data1\" content=\"J.J.\" \/>\n\t<meta name=\"twitter:label2\" content=\"Dur\u00e9e de lecture estim\u00e9e\" \/>\n\t<meta name=\"twitter:data2\" content=\"3 minutes\" \/>\n<script type=\"application\/ld+json\" class=\"yoast-schema-graph\">{\"@context\":\"https:\/\/schema.org\",\"@graph\":[{\"@type\":\"Article\",\"@id\":\"https:\/\/vosgesinfo.fr\/saintdieinfo\/2026\/09\/deux-clubs-deodatiens-fusionnent-pour-reunir-natation-et-sauvetage-aquatique\/#article\",\"isPartOf\":{\"@id\":\"https:\/\/vosgesinfo.fr\/saintdieinfo\/2026\/09\/deux-clubs-deodatiens-fusionnent-pour-reunir-natation-et-sauvetage-aquatique\/\"},\"author\":{\"name\":\"J.J.\",\"@id\":\"https:\/\/vosgesinfo.fr\/saintdieinfo\/#\/schema\/person\/fa73e9f726d67bb88f46d5b7943cb572\"},\"headline\":\"Deux clubs d\u00e9odatiens fusionnent pour r\u00e9unir natation et sauvetage aquatique\",\"datePublished\":\"2026-09-01T13:03:22+00:00\",\"dateModified\":\"2026-09-01T12:59:23+00:00\",\"mainEntityOfPage\":{\"@id\":\"https:\/\/vosgesinfo.fr\/saintdieinfo\/2026\/09\/deux-clubs-deodatiens-fusionnent-pour-reunir-natation-et-sauvetage-aquatique\/\"},\"wordCount\":398,\"commentCount\":0,\"publisher\":{\"@id\":\"https:\/\/vosgesinfo.fr\/saintdieinfo\/#organization\"},\"image\":{\"@id\":\"https:\/\/vosgesinfo.fr\/saintdieinfo\/2026\/09\/deux-clubs-deodatiens-fusionnent-pour-reunir-natation-et-sauvetage-aquatique\/#primaryimage\"},\"thumbnailUrl\":\"https:\/\/vosgesinfo.fr\/app\/uploads\/sites\/4\/2026\/09\/fusion-clubs-snsnatation.jpg\",\"keywords\":[\"AquaNova America\",\"Bertrand Ga\u00ebl\",\"club de natation de Saint-Di\u00e9-des-Vosges\",\"Gabriel Gomis\",\"Mustafa Guglu\",\"Sauvetage Natation Secourisme \u2013 SNS \u2013\"],\"articleSection\":[\"A la Une\",\"Saint-Di\u00e9-des-Vosges\",\"Sport\"],\"inLanguage\":\"fr-FR\",\"potentialAction\":[{\"@type\":\"CommentAction\",\"name\":\"Comment\",\"target\":[\"https:\/\/vosgesinfo.fr\/saintdieinfo\/2026\/09\/deux-clubs-deodatiens-fusionnent-pour-reunir-natation-et-sauvetage-aquatique\/#respond\"]}]},{\"@type\":\"WebPage\",\"@id\":\"https:\/\/vosgesinfo.fr\/saintdieinfo\/2026\/09\/deux-clubs-deodatiens-fusionnent-pour-reunir-natation-et-sauvetage-aquatique\/\",\"url\":\"https:\/\/vosgesinfo.fr\/saintdieinfo\/2026\/09\/deux-clubs-deodatiens-fusionnent-pour-reunir-natation-et-sauvetage-aquatique\/\",\"name\":\"Deux clubs d\u00e9odatiens fusionnent pour r\u00e9unir natation et sauvetage aquatique - Saint Die Info\",\"isPartOf\":{\"@id\":\"https:\/\/vosgesinfo.fr\/saintdieinfo\/#website\"},\"primaryImageOfPage\":{\"@id\":\"https:\/\/vosgesinfo.fr\/saintdieinfo\/2026\/09\/deux-clubs-deodatiens-fusionnent-pour-reunir-natation-et-sauvetage-aquatique\/#primaryimage\"},\"image\":{\"@id\":\"https:\/\/vosgesinfo.fr\/saintdieinfo\/2026\/09\/deux-clubs-deodatiens-fusionnent-pour-reunir-natation-et-sauvetage-aquatique\/#primaryimage\"},\"thumbnailUrl\":\"https:\/\/vosgesinfo.fr\/app\/uploads\/sites\/4\/2026\/09\/fusion-clubs-snsnatation.jpg\",\"datePublished\":\"2026-09-01T13:03:22+00:00\",\"dateModified\":\"2026-09-01T12:59:23+00:00\",\"breadcrumb\":{\"@id\":\"https:\/\/vosgesinfo.fr\/saintdieinfo\/2026\/09\/deux-clubs-deodatiens-fusionnent-pour-reunir-natation-et-sauvetage-aquatique\/#breadcrumb\"},\"inLanguage\":\"fr-FR\",\"potentialAction\":[{\"@type\":\"ReadAction\",\"target\":[\"https:\/\/vosgesinfo.fr\/saintdieinfo\/2026\/09\/deux-clubs-deodatiens-fusionnent-pour-reunir-natation-et-sauvetage-aquatique\/\"]}]},{\"@type\":\"ImageObject\",\"inLanguage\":\"fr-FR\",\"@id\":\"https:\/\/vosgesinfo.fr\/saintdieinfo\/2026\/09\/deux-clubs-deodatiens-fusionnent-pour-reunir-natation-et-sauvetage-aquatique\/#primaryimage\",\"url\":\"https:\/\/vosgesinfo.fr\/app\/uploads\/sites\/4\/2026\/09\/fusion-clubs-snsnatation.jpg\",\"contentUrl\":\"https:\/\/vosgesinfo.fr\/app\/uploads\/sites\/4\/2026\/09\/fusion-clubs-snsnatation.jpg\",\"width\":1920,\"height\":1446},{\"@type\":\"BreadcrumbList\",\"@id\":\"https:\/\/vosgesinfo.fr\/saintdieinfo\/2026\/09\/deux-clubs-deodatiens-fusionnent-pour-reunir-natation-et-sauvetage-aquatique\/#breadcrumb\",\"itemListElement\":[{\"@type\":\"ListItem\",\"position\":1,\"name\":\"Home\",\"item\":\"https:\/\/vosgesinfo.fr\/saintdieinfo\/\"},{\"@type\":\"ListItem\",\"position\":2,\"name\":\"Deux clubs d\u00e9odatiens fusionnent pour r\u00e9unir natation et sauvetage aquatique\"}]},{\"@type\":\"WebSite\",\"@id\":\"https:\/\/vosgesinfo.fr\/saintdieinfo\/#website\",\"url\":\"https:\/\/vosgesinfo.fr\/saintdieinfo\/\",\"name\":\"Saint Die Info\",\"description\":\"Toute l&#039;actualit\u00e9 de Saint-Di\u00e9-Des-Vosges\",\"publisher\":{\"@id\":\"https:\/\/vosgesinfo.fr\/saintdieinfo\/#organization\"},\"alternateName\":\"Toute l'actualit\u00e9 de Saint-Di\u00e9-Des-Vosges\",\"potentialAction\":[{\"@type\":\"SearchAction\",\"target\":{\"@type\":\"EntryPoint\",\"urlTemplate\":\"https:\/\/vosgesinfo.fr\/saintdieinfo\/?s={search_term_string}\"},\"query-input\":\"required name=search_term_string\"}],\"inLanguage\":\"fr-FR\"},{\"@type\":\"Organization\",\"@id\":\"https:\/\/vosgesinfo.fr\/saintdieinfo\/#organization\",\"name\":\"Saint Die Info\",\"url\":\"https:\/\/vosgesinfo.fr\/saintdieinfo\/\",\"logo\":{\"@type\":\"ImageObject\",\"inLanguage\":\"fr-FR\",\"@id\":\"https:\/\/vosgesinfo.fr\/saintdieinfo\/#\/schema\/logo\/image\/\",\"url\":\"https:\/\/vosgesinfo.fr\/app\/uploads\/sites\/4\/2024\/02\/logo-sdi.jpg\",\"contentUrl\":\"https:\/\/vosgesinfo.fr\/app\/uploads\/sites\/4\/2024\/02\/logo-sdi.jpg\",\"width\":600,\"height\":600,\"caption\":\"Saint Die Info\"},\"image\":{\"@id\":\"https:\/\/vosgesinfo.fr\/saintdieinfo\/#\/schema\/logo\/image\/\"},\"sameAs\":[\"https:\/\/www.facebook.com\/Saintdieinfofr\",\"https:\/\/x.com\/VosgesInfo88\",\"https:\/\/www.youtube.com\/@vosgesinfo\"]},{\"@type\":\"Person\",\"@id\":\"https:\/\/vosgesinfo.fr\/saintdieinfo\/#\/schema\/person\/fa73e9f726d67bb88f46d5b7943cb572\",\"name\":\"J.J.\",\"image\":{\"@type\":\"ImageObject\",\"inLanguage\":\"fr-FR\",\"@id\":\"https:\/\/vosgesinfo.fr\/saintdieinfo\/#\/schema\/person\/image\/\",\"url\":\"https:\/\/secure.gravatar.com\/avatar\/219e749e47ffbcca018a360ae4add7d4cdf1cdaaf8bc7676b27efade3fe65615?s=96&d=mm&r=g\",\"contentUrl\":\"https:\/\/secure.gravatar.com\/avatar\/219e749e47ffbcca018a360ae4add7d4cdf1cdaaf8bc7676b27efade3fe65615?s=96&d=mm&r=g\",\"caption\":\"J.J.\"},\"url\":\"https:\/\/vosgesinfo.fr\/saintdieinfo\/author\/j-j\/\"}]}<\/script>\n<!-- \/ Yoast SEO plugin. -->","yoast_head_json":{"title":"Deux clubs d\u00e9odatiens fusionnent pour r\u00e9unir natation et sauvetage aquatique - Saint Die Info","robots":{"index":"index","follow":"follow","max-snippet":"max-snippet:-1","max-image-preview":"max-image-preview:large","max-video-preview":"max-video-preview:-1"},"canonical":"https:\/\/vosgesinfo.fr\/saintdieinfo\/2026\/09\/deux-clubs-deodatiens-fusionnent-pour-reunir-natation-et-sauvetage-aquatique\/","twitter_card":"summary_large_image","twitter_title":"Deux clubs d\u00e9odatiens fusionnent pour r\u00e9unir natation et sauvetage aquatique - Saint Die Info","twitter_description":"Un nouveau chapitre s\u2019ouvre dans l\u2019histoire du sport d\u00e9odatien avec la r\u00e9cente absorption du club de natation par le Sauvetage [&hellip;]","twitter_image":"https:\/\/vosgesinfo.fr\/app\/uploads\/sites\/4\/2026\/09\/fusion-clubs-snsnatation.jpg","twitter_creator":"@VosgesInfo88","twitter_site":"@VosgesInfo88","twitter_misc":{"\u00c9crit par":"J.J.","Dur\u00e9e de lecture estim\u00e9e":"3 minutes"},"schema":{"@context":"https:\/\/schema.org","@graph":[{"@type":"Article","@id":"https:\/\/vosgesinfo.fr\/saintdieinfo\/2026\/09\/deux-clubs-deodatiens-fusionnent-pour-reunir-natation-et-sauvetage-aquatique\/#article","isPartOf":{"@id":"https:\/\/vosgesinfo.fr\/saintdieinfo\/2026\/09\/deux-clubs-deodatiens-fusionnent-pour-reunir-natation-et-sauvetage-aquatique\/"},"author":{"name":"J.J.","@id":"https:\/\/vosgesinfo.fr\/saintdieinfo\/#\/schema\/person\/fa73e9f726d67bb88f46d5b7943cb572"},"headline":"Deux clubs d\u00e9odatiens fusionnent pour r\u00e9unir natation et sauvetage aquatique","datePublished":"2026-09-01T13:03:22+00:00","dateModified":"2026-09-01T12:59:23+00:00","mainEntityOfPage":{"@id":"https:\/\/vosgesinfo.fr\/saintdieinfo\/2026\/09\/deux-clubs-deodatiens-fusionnent-pour-reunir-natation-et-sauvetage-aquatique\/"},"wordCount":398,"commentCount":0,"publisher":{"@id":"https:\/\/vosgesinfo.fr\/saintdieinfo\/#organization"},"image":{"@id":"https:\/\/vosgesinfo.fr\/saintdieinfo\/2026\/09\/deux-clubs-deodatiens-fusionnent-pour-reunir-natation-et-sauvetage-aquatique\/#primaryimage"},"thumbnailUrl":"https:\/\/vosgesinfo.fr\/app\/uploads\/sites\/4\/2026\/09\/fusion-clubs-snsnatation.jpg","keywords":["AquaNova America","Bertrand Ga\u00ebl","club de natation de Saint-Di\u00e9-des-Vosges","Gabriel Gomis","Mustafa Guglu","Sauvetage Natation Secourisme \u2013 SNS \u2013"],"articleSection":["A la Une","Saint-Di\u00e9-des-Vosges","Sport"],"inLanguage":"fr-FR","potentialAction":[{"@type":"CommentAction","name":"Comment","target":["https:\/\/vosgesinfo.fr\/saintdieinfo\/2026\/09\/deux-clubs-deodatiens-fusionnent-pour-reunir-natation-et-sauvetage-aquatique\/#respond"]}]},{"@type":"WebPage","@id":"https:\/\/vosgesinfo.fr\/saintdieinfo\/2026\/09\/deux-clubs-deodatiens-fusionnent-pour-reunir-natation-et-sauvetage-aquatique\/","url":"https:\/\/vosgesinfo.fr\/saintdieinfo\/2026\/09\/deux-clubs-deodatiens-fusionnent-pour-reunir-natation-et-sauvetage-aquatique\/","name":"Deux clubs d\u00e9odatiens fusionnent pour r\u00e9unir natation et sauvetage aquatique - Saint Die Info","isPartOf":{"@id":"https:\/\/vosgesinfo.fr\/saintdieinfo\/#website"},"primaryImageOfPage":{"@id":"https:\/\/vosgesinfo.fr\/saintdieinfo\/2026\/09\/deux-clubs-deodatiens-fusionnent-pour-reunir-natation-et-sauvetage-aquatique\/#primaryimage"},"image":{"@id":"https:\/\/vosgesinfo.fr\/saintdieinfo\/2026\/09\/deux-clubs-deodatiens-fusionnent-pour-reunir-natation-et-sauvetage-aquatique\/#primaryimage"},"thumbnailUrl":"https:\/\/vosgesinfo.fr\/app\/uploads\/sites\/4\/2026\/09\/fusion-clubs-snsnatation.jpg","datePublished":"2026-09-01T13:03:22+00:00","dateModified":"2026-09-01T12:59:23+00:00","breadcrumb":{"@id":"https:\/\/vosgesinfo.fr\/saintdieinfo\/2026\/09\/deux-clubs-deodatiens-fusionnent-pour-reunir-natation-et-sauvetage-aquatique\/#breadcrumb"},"inLanguage":"fr-FR","potentialAction":[{"@type":"ReadAction","target":["https:\/\/vosgesinfo.fr\/saintdieinfo\/2026\/09\/deux-clubs-deodatiens-fusionnent-pour-reunir-natation-et-sauvetage-aquatique\/"]}]},{"@type":"ImageObject","inLanguage":"fr-FR","@id":"https:\/\/vosgesinfo.fr\/saintdieinfo\/2026\/09\/deux-clubs-deodatiens-fusionnent-pour-reunir-natation-et-sauvetage-aquatique\/#primaryimage","url":"https:\/\/vosgesinfo.fr\/app\/uploads\/sites\/4\/2026\/09\/fusion-clubs-snsnatation.jpg","contentUrl":"https:\/\/vosgesinfo.fr\/app\/uploads\/sites\/4\/2026\/09\/fusion-clubs-snsnatation.jpg","width":1920,"height":1446},{"@type":"BreadcrumbList","@id":"https:\/\/vosgesinfo.fr\/saintdieinfo\/2026\/09\/deux-clubs-deodatiens-fusionnent-pour-reunir-natation-et-sauvetage-aquatique\/#breadcrumb","itemListElement":[{"@type":"ListItem","position":1,"name":"Home","item":"https:\/\/vosgesinfo.fr\/saintdieinfo\/"},{"@type":"ListItem","position":2,"name":"Deux clubs d\u00e9odatiens fusionnent pour r\u00e9unir natation et sauvetage aquatique"}]},{"@type":"WebSite","@id":"https:\/\/vosgesinfo.fr\/saintdieinfo\/#website","url":"https:\/\/vosgesinfo.fr\/saintdieinfo\/","name":"Saint Die Info","description":"Toute l&#039;actualit\u00e9 de Saint-Di\u00e9-Des-Vosges","publisher":{"@id":"https:\/\/vosgesinfo.fr\/saintdieinfo\/#organization"},"alternateName":"Toute l'actualit\u00e9 de Saint-Di\u00e9-Des-Vosges","potentialAction":[{"@type":"SearchAction","target":{"@type":"EntryPoint","urlTemplate":"https:\/\/vosgesinfo.fr\/saintdieinfo\/?s={search_term_string}"},"query-input":"required name=search_term_string"}],"inLanguage":"fr-FR"},{"@type":"Organization","@id":"https:\/\/vosgesinfo.fr\/saintdieinfo\/#organization","name":"Saint Die Info","url":"https:\/\/vosgesinfo.fr\/saintdieinfo\/","logo":{"@type":"ImageObject","inLanguage":"fr-FR","@id":"https:\/\/vosgesinfo.fr\/saintdieinfo\/#\/schema\/logo\/image\/","url":"https:\/\/vosgesinfo.fr\/app\/uploads\/sites\/4\/2024\/02\/logo-sdi.jpg","contentUrl":"https:\/\/vosgesinfo.fr\/app\/uploads\/sites\/4\/2024\/02\/logo-sdi.jpg","width":600,"height":600,"caption":"Saint Die Info"},"image":{"@id":"https:\/\/vosgesinfo.fr\/saintdieinfo\/#\/schema\/logo\/image\/"},"sameAs":["https:\/\/www.facebook.com\/Saintdieinfofr","https:\/\/x.com\/VosgesInfo88","https:\/\/www.youtube.com\/@vosgesinfo"]},{"@type":"Person","@id":"https:\/\/vosgesinfo.fr\/saintdieinfo\/#\/schema\/person\/fa73e9f726d67bb88f46d5b7943cb572","name":"J.J.","image":{"@type":"ImageObject","inLanguage":"fr-FR","@id":"https:\/\/vosgesinfo.fr\/saintdieinfo\/#\/schema\/person\/image\/","url":"https:\/\/secure.gravatar.com\/avatar\/219e749e47ffbcca018a360ae4add7d4cdf1cdaaf8bc7676b27efade3fe65615?s=96&d=mm&r=g","contentUrl":"https:\/\/secure.gravatar.com\/avatar\/219e749e47ffbcca018a360ae4add7d4cdf1cdaaf8bc7676b27efade3fe65615?s=96&d=mm&r=g","caption":"J.J."},"url":"https:\/\/vosgesinfo.fr\/saintdieinfo\/author\/j-j\/"}]}},"_links":{"self":[{"href":"https:\/\/vosgesinfo.fr\/saintdieinfo\/wp-json\/wp\/v2\/posts\/95621","targetHints":{"allow":["GET"]}}],"collection":[{"href":"https:\/\/vosgesinfo.fr\/saintdieinfo\/wp-json\/wp\/v2\/posts"}],"about":[{"href":"https:\/\/vosgesinfo.fr\/saintdieinfo\/wp-json\/wp\/v2\/types\/post"}],"author":[{"embeddable":true,"href":"https:\/\/vosgesinfo.fr\/saintdieinfo\/wp-json\/wp\/v2\/users\/46"}],"replies":[{"embeddable":true,"href":"https:\/\/vosgesinfo.fr\/saintdieinfo\/wp-json\/wp\/v2\/comments?post=95621"}],"version-history":[{"count":2,"href":"https:\/\/vosgesinfo.fr\/saintdieinfo\/wp-json\/wp\/v2\/posts\/95621\/revisions"}],"predecessor-version":[{"id":95623,"href":"https:\/\/vosgesinfo.fr\/saintdieinfo\/wp-json\/wp\/v2\/posts\/95621\/revisions\/95623"}],"wp:featuredmedia":[{"embeddable":true,"href":"https:\/\/vosgesinfo.fr\/saintdieinfo\/wp-json\/wp\/v2\/media\/95614"}],"wp:attachment":[{"href":"https:\/\/vosgesinfo.fr\/saintdieinfo\/wp-json\/wp\/v2\/media?parent=95621"}],"wp:term":[{"taxonomy":"category","embeddable":true,"href":"https:\/\/vosgesinfo.fr\/saintdieinfo\/wp-json\/wp\/v2\/categories?post=95621"},{"taxonomy":"post_tag","embeddable":true,"href":"https:\/\/vosgesinfo.fr\/saintdieinfo\/wp-json\/wp\/v2\/tags?post=95621"}],"curies":[{"name":"wp","href":"https:\/\/api.w.org\/{rel}","templated":true}]}}