{"id":95625,"date":"2026-09-01T20:27:49","date_gmt":"2026-09-01T18:27:49","guid":{"rendered":"https:\/\/vosgesinfo.fr\/saintdieinfo\/2026\/09\/un-homme-de-ban-sur-meurthe-helitreuille-par-le-pghm\/"},"modified":"2026-09-01T20:27:49","modified_gmt":"2026-09-01T18:27:49","slug":"un-homme-de-ban-sur-meurthe-helitreuille-par-le-pghm","status":"publish","type":"post","link":"https:\/\/vosgesinfo.fr\/saintdieinfo\/2026\/09\/un-homme-de-ban-sur-meurthe-helitreuille-par-le-pghm\/","title":{"rendered":"Un homme de Ban sur Meurthe h\u00e9litreuill\u00e9 par le PGHM"},"content":{"rendered":"<p><a href=\"https:\/\/vosgesinfo.fr\/app\/uploads\/sites\/6\/2026\/09\/vm-pghm-dragon.jpg\"><img decoding=\"async\" class=\"aligncenter size-large wp-image-95322\" src=\"https:\/\/vosgesinfo.fr\/app\/uploads\/sites\/6\/2026\/09\/vm-pghm-dragon-1024x624.jpg\" alt=\"\" width=\"1024\" height=\"624\" \/><\/a><\/p>\n<p>Ce mardi 1er septembre, vers 16 heures, le Peloton de Gendarmerie de Haute Montagne (PGHM) de Xonrupt-Longemer est intervenu avec l\u2019h\u00e9licopt\u00e8re Dragon 25 de la s\u00e9curit\u00e9 civile de Besan\u00e7on pour secourir un vosgien de 50 ans, victime d\u2019un accident de bucheronnage sur les hauteurs de Ban sur Meurthe.<\/p>\n<p>Alors qu&rsquo;il effectuait une coupe de bois dans une parcelle de son terrain, l&rsquo;homme a effectu\u00e9 une mauvaise man\u0153uvre en montant dans son tracteur et l&rsquo;engin s&rsquo;est renvers\u00e9 dans le ravin en bord du chemin forestier en effectuant plusieurs tonneaux. Il a \u00e9t\u00e9 \u00e9ject\u00e9 et s&rsquo;est retrouv\u00e9 dans la pente une dizaine de m\u00e8tres sous le chemin avec d&rsquo;importants traumatismes aux deux \u00e9paules et des douleurs dorsales.<\/p>\n<p>Il a \u00e9t\u00e9 pris en charge par deux secouristes du PGHM, les sapeurs pompiers de Fraize et l&rsquo;\u00e9quipe m\u00e9dicale du SMUR de Saint Di\u00e9 des Vosges, achemin\u00e9s en quad sur les lieux.<\/p>\n<p>Apr\u00e8s avoir \u00e9t\u00e9 m\u00e9dicalis\u00e9, le quinquag\u00e9naire a \u00e9t\u00e9 dans un premier temps sortie du ravin \u00e0 l&rsquo;aide de corde, puis h\u00e9litreuill\u00e9e par un secouriste du PGHM avant son \u00e9vacuation au centre hospitalier de Saint Di\u00e9 des Vosges.<\/p>\n<p>L&rsquo;accident s&rsquo;est produit dans le cadre de travaux de bucheronnage priv\u00e9s.<\/p>\n","protected":false},"excerpt":{"rendered":"<p>Ce mardi 1er septembre, vers 16 heures, le Peloton de Gendarmerie de Haute Montagne (PGHM) de Xonrupt-Longemer est intervenu avec [&hellip;]<\/p>\n","protected":false},"author":391,"featured_media":95626,"comment_status":"open","ping_status":"open","sticky":false,"template":"","format":"standard","meta":{"footnotes":""},"categories":[460,2924,17257,5391,4099,4100],"tags":[3822,15659],"class_list":["post-95625","post","type-post","status-publish","format-standard","has-post-thumbnail","hentry","category-a-la-une","category-fait-divers","category-faits-divers","category-gerardmer","category-remiremont","category-saint-die","tag-ban-sur-meurthe-clefcy","tag-pghm-xonrupt-longemer"],"acf":[],"yoast_head":"<!-- This site is optimized with the Yoast SEO plugin v22.5 - https:\/\/yoast.com\/wordpress\/plugins\/seo\/ -->\n<title>Un homme de Ban sur Meurthe h\u00e9litreuill\u00e9 par le PGHM - Saint Die Info<\/title>\n<meta name=\"robots\" content=\"index, follow, max-snippet:-1, max-image-preview:large, max-video-preview:-1\" \/>\n<link rel=\"canonical\" href=\"https:\/\/vosgesinfo.fr\/saintdieinfo\/2026\/09\/un-homme-de-ban-sur-meurthe-helitreuille-par-le-pghm\/\" \/>\n<meta name=\"twitter:card\" content=\"summary_large_image\" \/>\n<meta name=\"twitter:title\" content=\"Un homme de Ban sur Meurthe h\u00e9litreuill\u00e9 par le PGHM - Saint Die Info\" \/>\n<meta name=\"twitter:description\" content=\"Ce mardi 1er septembre, vers 16 heures, le Peloton de Gendarmerie de Haute Montagne (PGHM) de Xonrupt-Longemer est intervenu avec [&hellip;]\" \/>\n<meta name=\"twitter:image\" content=\"https:\/\/vosgesinfo.fr\/app\/uploads\/sites\/4\/2026\/09\/vm-pghm-dragon.jpg\" \/>\n<meta name=\"twitter:creator\" content=\"@VosgesInfo88\" \/>\n<meta name=\"twitter:site\" content=\"@VosgesInfo88\" \/>\n<meta name=\"twitter:label1\" content=\"\u00c9crit par\" \/>\n\t<meta name=\"twitter:data1\" content=\"La redaction\" \/>\n\t<meta name=\"twitter:label2\" content=\"Dur\u00e9e de lecture estim\u00e9e\" \/>\n\t<meta name=\"twitter:data2\" content=\"1 minute\" \/>\n<script type=\"application\/ld+json\" class=\"yoast-schema-graph\">{\"@context\":\"https:\/\/schema.org\",\"@graph\":[{\"@type\":\"Article\",\"@id\":\"https:\/\/vosgesinfo.fr\/saintdieinfo\/2026\/09\/un-homme-de-ban-sur-meurthe-helitreuille-par-le-pghm\/#article\",\"isPartOf\":{\"@id\":\"https:\/\/vosgesinfo.fr\/saintdieinfo\/2026\/09\/un-homme-de-ban-sur-meurthe-helitreuille-par-le-pghm\/\"},\"author\":{\"name\":\"La redaction\",\"@id\":\"https:\/\/vosgesinfo.fr\/saintdieinfo\/#\/schema\/person\/27a3695b06db98895b354c0765cdfc31\"},\"headline\":\"Un homme de Ban sur Meurthe h\u00e9litreuill\u00e9 par le PGHM\",\"datePublished\":\"2026-09-01T18:27:49+00:00\",\"dateModified\":\"2026-09-01T18:27:49+00:00\",\"mainEntityOfPage\":{\"@id\":\"https:\/\/vosgesinfo.fr\/saintdieinfo\/2026\/09\/un-homme-de-ban-sur-meurthe-helitreuille-par-le-pghm\/\"},\"wordCount\":228,\"commentCount\":0,\"publisher\":{\"@id\":\"https:\/\/vosgesinfo.fr\/saintdieinfo\/#organization\"},\"image\":{\"@id\":\"https:\/\/vosgesinfo.fr\/saintdieinfo\/2026\/09\/un-homme-de-ban-sur-meurthe-helitreuille-par-le-pghm\/#primaryimage\"},\"thumbnailUrl\":\"https:\/\/vosgesinfo.fr\/app\/uploads\/sites\/4\/2026\/09\/vm-pghm-dragon.jpg\",\"keywords\":[\"Ban-sur-Meurthe-Clefcy\",\"PGHM Xonrupt-Longemer\"],\"articleSection\":[\"A la Une\",\"Fait Divers\",\"Faits-divers\",\"Gerardmer\",\"Remiremont\",\"Saint-di\u00e9\"],\"inLanguage\":\"fr-FR\",\"potentialAction\":[{\"@type\":\"CommentAction\",\"name\":\"Comment\",\"target\":[\"https:\/\/vosgesinfo.fr\/saintdieinfo\/2026\/09\/un-homme-de-ban-sur-meurthe-helitreuille-par-le-pghm\/#respond\"]}]},{\"@type\":\"WebPage\",\"@id\":\"https:\/\/vosgesinfo.fr\/saintdieinfo\/2026\/09\/un-homme-de-ban-sur-meurthe-helitreuille-par-le-pghm\/\",\"url\":\"https:\/\/vosgesinfo.fr\/saintdieinfo\/2026\/09\/un-homme-de-ban-sur-meurthe-helitreuille-par-le-pghm\/\",\"name\":\"Un homme de Ban sur Meurthe h\u00e9litreuill\u00e9 par le PGHM - Saint Die Info\",\"isPartOf\":{\"@id\":\"https:\/\/vosgesinfo.fr\/saintdieinfo\/#website\"},\"primaryImageOfPage\":{\"@id\":\"https:\/\/vosgesinfo.fr\/saintdieinfo\/2026\/09\/un-homme-de-ban-sur-meurthe-helitreuille-par-le-pghm\/#primaryimage\"},\"image\":{\"@id\":\"https:\/\/vosgesinfo.fr\/saintdieinfo\/2026\/09\/un-homme-de-ban-sur-meurthe-helitreuille-par-le-pghm\/#primaryimage\"},\"thumbnailUrl\":\"https:\/\/vosgesinfo.fr\/app\/uploads\/sites\/4\/2026\/09\/vm-pghm-dragon.jpg\",\"datePublished\":\"2026-09-01T18:27:49+00:00\",\"dateModified\":\"2026-09-01T18:27:49+00:00\",\"breadcrumb\":{\"@id\":\"https:\/\/vosgesinfo.fr\/saintdieinfo\/2026\/09\/un-homme-de-ban-sur-meurthe-helitreuille-par-le-pghm\/#breadcrumb\"},\"inLanguage\":\"fr-FR\",\"potentialAction\":[{\"@type\":\"ReadAction\",\"target\":[\"https:\/\/vosgesinfo.fr\/saintdieinfo\/2026\/09\/un-homme-de-ban-sur-meurthe-helitreuille-par-le-pghm\/\"]}]},{\"@type\":\"ImageObject\",\"inLanguage\":\"fr-FR\",\"@id\":\"https:\/\/vosgesinfo.fr\/saintdieinfo\/2026\/09\/un-homme-de-ban-sur-meurthe-helitreuille-par-le-pghm\/#primaryimage\",\"url\":\"https:\/\/vosgesinfo.fr\/app\/uploads\/sites\/4\/2026\/09\/vm-pghm-dragon.jpg\",\"contentUrl\":\"https:\/\/vosgesinfo.fr\/app\/uploads\/sites\/4\/2026\/09\/vm-pghm-dragon.jpg\",\"width\":1630,\"height\":994},{\"@type\":\"BreadcrumbList\",\"@id\":\"https:\/\/vosgesinfo.fr\/saintdieinfo\/2026\/09\/un-homme-de-ban-sur-meurthe-helitreuille-par-le-pghm\/#breadcrumb\",\"itemListElement\":[{\"@type\":\"ListItem\",\"position\":1,\"name\":\"Home\",\"item\":\"https:\/\/vosgesinfo.fr\/saintdieinfo\/\"},{\"@type\":\"ListItem\",\"position\":2,\"name\":\"Un homme de Ban sur Meurthe h\u00e9litreuill\u00e9 par le PGHM\"}]},{\"@type\":\"WebSite\",\"@id\":\"https:\/\/vosgesinfo.fr\/saintdieinfo\/#website\",\"url\":\"https:\/\/vosgesinfo.fr\/saintdieinfo\/\",\"name\":\"Saint Die Info\",\"description\":\"Toute l&#039;actualit\u00e9 de Saint-Di\u00e9-Des-Vosges\",\"publisher\":{\"@id\":\"https:\/\/vosgesinfo.fr\/saintdieinfo\/#organization\"},\"alternateName\":\"Toute l'actualit\u00e9 de Saint-Di\u00e9-Des-Vosges\",\"potentialAction\":[{\"@type\":\"SearchAction\",\"target\":{\"@type\":\"EntryPoint\",\"urlTemplate\":\"https:\/\/vosgesinfo.fr\/saintdieinfo\/?s={search_term_string}\"},\"query-input\":\"required name=search_term_string\"}],\"inLanguage\":\"fr-FR\"},{\"@type\":\"Organization\",\"@id\":\"https:\/\/vosgesinfo.fr\/saintdieinfo\/#organization\",\"name\":\"Saint Die Info\",\"url\":\"https:\/\/vosgesinfo.fr\/saintdieinfo\/\",\"logo\":{\"@type\":\"ImageObject\",\"inLanguage\":\"fr-FR\",\"@id\":\"https:\/\/vosgesinfo.fr\/saintdieinfo\/#\/schema\/logo\/image\/\",\"url\":\"https:\/\/vosgesinfo.fr\/app\/uploads\/sites\/4\/2024\/02\/logo-sdi.jpg\",\"contentUrl\":\"https:\/\/vosgesinfo.fr\/app\/uploads\/sites\/4\/2024\/02\/logo-sdi.jpg\",\"width\":600,\"height\":600,\"caption\":\"Saint Die Info\"},\"image\":{\"@id\":\"https:\/\/vosgesinfo.fr\/saintdieinfo\/#\/schema\/logo\/image\/\"},\"sameAs\":[\"https:\/\/www.facebook.com\/Saintdieinfofr\",\"https:\/\/x.com\/VosgesInfo88\",\"https:\/\/www.youtube.com\/@vosgesinfo\"]},{\"@type\":\"Person\",\"@id\":\"https:\/\/vosgesinfo.fr\/saintdieinfo\/#\/schema\/person\/27a3695b06db98895b354c0765cdfc31\",\"name\":\"La redaction\",\"image\":{\"@type\":\"ImageObject\",\"inLanguage\":\"fr-FR\",\"@id\":\"https:\/\/vosgesinfo.fr\/saintdieinfo\/#\/schema\/person\/image\/\",\"url\":\"https:\/\/secure.gravatar.com\/avatar\/64c76a78e501cedee55736f43f332df901e1896ae9cd8fad269ae2236dd0e8b6?s=96&d=mm&r=g\",\"contentUrl\":\"https:\/\/secure.gravatar.com\/avatar\/64c76a78e501cedee55736f43f332df901e1896ae9cd8fad269ae2236dd0e8b6?s=96&d=mm&r=g\",\"caption\":\"La redaction\"},\"url\":\"https:\/\/vosgesinfo.fr\/saintdieinfo\/author\/la-redaction\/\"}]}<\/script>\n<!-- \/ Yoast SEO plugin. -->","yoast_head_json":{"title":"Un homme de Ban sur Meurthe h\u00e9litreuill\u00e9 par le PGHM - Saint Die Info","robots":{"index":"index","follow":"follow","max-snippet":"max-snippet:-1","max-image-preview":"max-image-preview:large","max-video-preview":"max-video-preview:-1"},"canonical":"https:\/\/vosgesinfo.fr\/saintdieinfo\/2026\/09\/un-homme-de-ban-sur-meurthe-helitreuille-par-le-pghm\/","twitter_card":"summary_large_image","twitter_title":"Un homme de Ban sur Meurthe h\u00e9litreuill\u00e9 par le PGHM - Saint Die Info","twitter_description":"Ce mardi 1er septembre, vers 16 heures, le Peloton de Gendarmerie de Haute Montagne (PGHM) de Xonrupt-Longemer est intervenu avec [&hellip;]","twitter_image":"https:\/\/vosgesinfo.fr\/app\/uploads\/sites\/4\/2026\/09\/vm-pghm-dragon.jpg","twitter_creator":"@VosgesInfo88","twitter_site":"@VosgesInfo88","twitter_misc":{"\u00c9crit par":"La redaction","Dur\u00e9e de lecture estim\u00e9e":"1 minute"},"schema":{"@context":"https:\/\/schema.org","@graph":[{"@type":"Article","@id":"https:\/\/vosgesinfo.fr\/saintdieinfo\/2026\/09\/un-homme-de-ban-sur-meurthe-helitreuille-par-le-pghm\/#article","isPartOf":{"@id":"https:\/\/vosgesinfo.fr\/saintdieinfo\/2026\/09\/un-homme-de-ban-sur-meurthe-helitreuille-par-le-pghm\/"},"author":{"name":"La redaction","@id":"https:\/\/vosgesinfo.fr\/saintdieinfo\/#\/schema\/person\/27a3695b06db98895b354c0765cdfc31"},"headline":"Un homme de Ban sur Meurthe h\u00e9litreuill\u00e9 par le PGHM","datePublished":"2026-09-01T18:27:49+00:00","dateModified":"2026-09-01T18:27:49+00:00","mainEntityOfPage":{"@id":"https:\/\/vosgesinfo.fr\/saintdieinfo\/2026\/09\/un-homme-de-ban-sur-meurthe-helitreuille-par-le-pghm\/"},"wordCount":228,"commentCount":0,"publisher":{"@id":"https:\/\/vosgesinfo.fr\/saintdieinfo\/#organization"},"image":{"@id":"https:\/\/vosgesinfo.fr\/saintdieinfo\/2026\/09\/un-homme-de-ban-sur-meurthe-helitreuille-par-le-pghm\/#primaryimage"},"thumbnailUrl":"https:\/\/vosgesinfo.fr\/app\/uploads\/sites\/4\/2026\/09\/vm-pghm-dragon.jpg","keywords":["Ban-sur-Meurthe-Clefcy","PGHM Xonrupt-Longemer"],"articleSection":["A la Une","Fait Divers","Faits-divers","Gerardmer","Remiremont","Saint-di\u00e9"],"inLanguage":"fr-FR","potentialAction":[{"@type":"CommentAction","name":"Comment","target":["https:\/\/vosgesinfo.fr\/saintdieinfo\/2026\/09\/un-homme-de-ban-sur-meurthe-helitreuille-par-le-pghm\/#respond"]}]},{"@type":"WebPage","@id":"https:\/\/vosgesinfo.fr\/saintdieinfo\/2026\/09\/un-homme-de-ban-sur-meurthe-helitreuille-par-le-pghm\/","url":"https:\/\/vosgesinfo.fr\/saintdieinfo\/2026\/09\/un-homme-de-ban-sur-meurthe-helitreuille-par-le-pghm\/","name":"Un homme de Ban sur Meurthe h\u00e9litreuill\u00e9 par le PGHM - Saint Die Info","isPartOf":{"@id":"https:\/\/vosgesinfo.fr\/saintdieinfo\/#website"},"primaryImageOfPage":{"@id":"https:\/\/vosgesinfo.fr\/saintdieinfo\/2026\/09\/un-homme-de-ban-sur-meurthe-helitreuille-par-le-pghm\/#primaryimage"},"image":{"@id":"https:\/\/vosgesinfo.fr\/saintdieinfo\/2026\/09\/un-homme-de-ban-sur-meurthe-helitreuille-par-le-pghm\/#primaryimage"},"thumbnailUrl":"https:\/\/vosgesinfo.fr\/app\/uploads\/sites\/4\/2026\/09\/vm-pghm-dragon.jpg","datePublished":"2026-09-01T18:27:49+00:00","dateModified":"2026-09-01T18:27:49+00:00","breadcrumb":{"@id":"https:\/\/vosgesinfo.fr\/saintdieinfo\/2026\/09\/un-homme-de-ban-sur-meurthe-helitreuille-par-le-pghm\/#breadcrumb"},"inLanguage":"fr-FR","potentialAction":[{"@type":"ReadAction","target":["https:\/\/vosgesinfo.fr\/saintdieinfo\/2026\/09\/un-homme-de-ban-sur-meurthe-helitreuille-par-le-pghm\/"]}]},{"@type":"ImageObject","inLanguage":"fr-FR","@id":"https:\/\/vosgesinfo.fr\/saintdieinfo\/2026\/09\/un-homme-de-ban-sur-meurthe-helitreuille-par-le-pghm\/#primaryimage","url":"https:\/\/vosgesinfo.fr\/app\/uploads\/sites\/4\/2026\/09\/vm-pghm-dragon.jpg","contentUrl":"https:\/\/vosgesinfo.fr\/app\/uploads\/sites\/4\/2026\/09\/vm-pghm-dragon.jpg","width":1630,"height":994},{"@type":"BreadcrumbList","@id":"https:\/\/vosgesinfo.fr\/saintdieinfo\/2026\/09\/un-homme-de-ban-sur-meurthe-helitreuille-par-le-pghm\/#breadcrumb","itemListElement":[{"@type":"ListItem","position":1,"name":"Home","item":"https:\/\/vosgesinfo.fr\/saintdieinfo\/"},{"@type":"ListItem","position":2,"name":"Un homme de Ban sur Meurthe h\u00e9litreuill\u00e9 par le PGHM"}]},{"@type":"WebSite","@id":"https:\/\/vosgesinfo.fr\/saintdieinfo\/#website","url":"https:\/\/vosgesinfo.fr\/saintdieinfo\/","name":"Saint Die Info","description":"Toute l&#039;actualit\u00e9 de Saint-Di\u00e9-Des-Vosges","publisher":{"@id":"https:\/\/vosgesinfo.fr\/saintdieinfo\/#organization"},"alternateName":"Toute l'actualit\u00e9 de Saint-Di\u00e9-Des-Vosges","potentialAction":[{"@type":"SearchAction","target":{"@type":"EntryPoint","urlTemplate":"https:\/\/vosgesinfo.fr\/saintdieinfo\/?s={search_term_string}"},"query-input":"required name=search_term_string"}],"inLanguage":"fr-FR"},{"@type":"Organization","@id":"https:\/\/vosgesinfo.fr\/saintdieinfo\/#organization","name":"Saint Die Info","url":"https:\/\/vosgesinfo.fr\/saintdieinfo\/","logo":{"@type":"ImageObject","inLanguage":"fr-FR","@id":"https:\/\/vosgesinfo.fr\/saintdieinfo\/#\/schema\/logo\/image\/","url":"https:\/\/vosgesinfo.fr\/app\/uploads\/sites\/4\/2024\/02\/logo-sdi.jpg","contentUrl":"https:\/\/vosgesinfo.fr\/app\/uploads\/sites\/4\/2024\/02\/logo-sdi.jpg","width":600,"height":600,"caption":"Saint Die Info"},"image":{"@id":"https:\/\/vosgesinfo.fr\/saintdieinfo\/#\/schema\/logo\/image\/"},"sameAs":["https:\/\/www.facebook.com\/Saintdieinfofr","https:\/\/x.com\/VosgesInfo88","https:\/\/www.youtube.com\/@vosgesinfo"]},{"@type":"Person","@id":"https:\/\/vosgesinfo.fr\/saintdieinfo\/#\/schema\/person\/27a3695b06db98895b354c0765cdfc31","name":"La redaction","image":{"@type":"ImageObject","inLanguage":"fr-FR","@id":"https:\/\/vosgesinfo.fr\/saintdieinfo\/#\/schema\/person\/image\/","url":"https:\/\/secure.gravatar.com\/avatar\/64c76a78e501cedee55736f43f332df901e1896ae9cd8fad269ae2236dd0e8b6?s=96&d=mm&r=g","contentUrl":"https:\/\/secure.gravatar.com\/avatar\/64c76a78e501cedee55736f43f332df901e1896ae9cd8fad269ae2236dd0e8b6?s=96&d=mm&r=g","caption":"La redaction"},"url":"https:\/\/vosgesinfo.fr\/saintdieinfo\/author\/la-redaction\/"}]}},"_links":{"self":[{"href":"https:\/\/vosgesinfo.fr\/saintdieinfo\/wp-json\/wp\/v2\/posts\/95625","targetHints":{"allow":["GET"]}}],"collection":[{"href":"https:\/\/vosgesinfo.fr\/saintdieinfo\/wp-json\/wp\/v2\/posts"}],"about":[{"href":"https:\/\/vosgesinfo.fr\/saintdieinfo\/wp-json\/wp\/v2\/types\/post"}],"author":[{"embeddable":true,"href":"https:\/\/vosgesinfo.fr\/saintdieinfo\/wp-json\/wp\/v2\/users\/391"}],"replies":[{"embeddable":true,"href":"https:\/\/vosgesinfo.fr\/saintdieinfo\/wp-json\/wp\/v2\/comments?post=95625"}],"version-history":[{"count":0,"href":"https:\/\/vosgesinfo.fr\/saintdieinfo\/wp-json\/wp\/v2\/posts\/95625\/revisions"}],"wp:featuredmedia":[{"embeddable":true,"href":"https:\/\/vosgesinfo.fr\/saintdieinfo\/wp-json\/wp\/v2\/media\/95626"}],"wp:attachment":[{"href":"https:\/\/vosgesinfo.fr\/saintdieinfo\/wp-json\/wp\/v2\/media?parent=95625"}],"wp:term":[{"taxonomy":"category","embeddable":true,"href":"https:\/\/vosgesinfo.fr\/saintdieinfo\/wp-json\/wp\/v2\/categories?post=95625"},{"taxonomy":"post_tag","embeddable":true,"href":"https:\/\/vosgesinfo.fr\/saintdieinfo\/wp-json\/wp\/v2\/tags?post=95625"}],"curies":[{"name":"wp","href":"https:\/\/api.w.org\/{rel}","templated":true}]}}