{"id":95662,"date":"2026-09-02T14:53:14","date_gmt":"2026-09-02T12:53:14","guid":{"rendered":"https:\/\/vosgesinfo.fr\/saintdieinfo\/?p=95662"},"modified":"2026-09-02T14:41:45","modified_gmt":"2026-09-02T12:41:45","slug":"a-j-3-la-fete-du-sport-et-des-associations-sinvite-sur-le-rond-point-du-modulor","status":"publish","type":"post","link":"https:\/\/vosgesinfo.fr\/saintdieinfo\/2026\/09\/a-j-3-la-fete-du-sport-et-des-associations-sinvite-sur-le-rond-point-du-modulor\/","title":{"rendered":"\u00c0 J-3, la F\u00eate du Sport et des Associations s\u2019invite sur le rond-point du Modulor"},"content":{"rendered":"<h2><a href=\"https:\/\/vosgesinfo.fr\/app\/uploads\/sites\/4\/2026\/09\/j-3-fete-sportassociations-sddv.jpg\"><img decoding=\"async\" class=\"alignnone size-large wp-image-95663\" src=\"https:\/\/vosgesinfo.fr\/app\/uploads\/sites\/4\/2026\/09\/j-3-fete-sportassociations-sddv-1024x771.jpg\" alt=\"\" width=\"1024\" height=\"771\" srcset=\"https:\/\/vosgesinfo.fr\/app\/uploads\/sites\/4\/2026\/09\/j-3-fete-sportassociations-sddv-1024x771.jpg 1024w, https:\/\/vosgesinfo.fr\/app\/uploads\/sites\/4\/2026\/09\/j-3-fete-sportassociations-sddv-300x226.jpg 300w, https:\/\/vosgesinfo.fr\/app\/uploads\/sites\/4\/2026\/09\/j-3-fete-sportassociations-sddv-768x578.jpg 768w, https:\/\/vosgesinfo.fr\/app\/uploads\/sites\/4\/2026\/09\/j-3-fete-sportassociations-sddv-1536x1157.jpg 1536w, https:\/\/vosgesinfo.fr\/app\/uploads\/sites\/4\/2026\/09\/j-3-fete-sportassociations-sddv.jpg 1920w\" sizes=\"(max-width: 1024px) 100vw, 1024px\" \/><\/a><\/h2>\n<h2>\u00c0 trois jours de la <a href=\"https:\/\/vosgesinfo.fr\/saintdieinfo\/2026\/08\/plus-de-90-associations-attendues-pour-une-31e-fete-du-sport-placee-sous-le-signe-de-la-decouverte\/\" target=\"_blank\" rel=\"noopener\"><strong>F\u00eate du Sport et des Associations de Saint-Di\u00e9-des-Vosges<\/strong><\/a>, des silhouettes en bois \u00e0 l\u2019effigie de <strong>boxeurs, archers, badistes, gymnastes ou encore basketteurs en fauteuil<\/strong> se sont invit\u00e9es sur le <strong>rond-point du Modulor<\/strong>. R\u00e9alis\u00e9es par les <strong>services techniques municipaux<\/strong>, ces silhouettes donnent un avant-go\u00fbt de la <strong>31e \u00e9dition<\/strong> de ce temps fort de la rentr\u00e9e, qui r\u00e9unira cette ann\u00e9e <strong>plus de 90 associations sportives et culturelles de la ville<\/strong> ce <strong>samedi 5 septembre<\/strong>, de 11 h \u00e0 18 h.<\/h2>\n<p><!--more--><\/p>\n<h3><span role=\"text\"><strong data-start=\"4\" data-end=\"44\" data-is-last-node=\"\" data-is-only-node=\"\">Un nouveau cadre au parc Jean-Mansuy<\/strong><\/span><\/h3>\n<p>Principal changement par rapport aux \u00e9ditions pr\u00e9c\u00e9dentes, la F\u00eate du Sport et des Associations quitte le <strong>parc des Sports Edmond-et-Jean-Woehrl\u00e9<\/strong> pour s\u2019installer pour la premi\u00e8re fois au <strong>parc Jean-Mansuy<\/strong>, en raison des <strong>travaux r\u00e9alis\u00e9s sur la piste d\u2019athl\u00e9tisme<\/strong>. Sur place, le public pourra toujours y d\u00e9couvrir le riche tissu associatif d\u00e9odatien \u00e0 travers des <strong>activit\u00e9s, des d\u00e9monstrations et des initiations<\/strong>.<\/p>\n","protected":false},"excerpt":{"rendered":"<p>\u00c0 trois jours de la F\u00eate du Sport et des Associations de Saint-Di\u00e9-des-Vosges, des silhouettes en bois \u00e0 l\u2019effigie de [&hellip;]<\/p>\n","protected":false},"author":46,"featured_media":95663,"comment_status":"open","ping_status":"open","sticky":false,"template":"","format":"standard","meta":{"footnotes":""},"categories":[460,167,14,17],"tags":[3237,22386,3095,4792,19591],"class_list":["post-95662","post","type-post","status-publish","format-standard","has-post-thumbnail","hentry","category-a-la-une","category-saint-die-des-vosges","category-sport","category-vie-associative","tag-fete-du-sport-et-des-associations-de-saint-die-des-vosges","tag-parc-des-sports-edmond-et-jean-woehrle","tag-parc-jean-mansuy","tag-rond-point-du-modulor","tag-services-techniques-municipaux"],"acf":[],"yoast_head":"<!-- This site is optimized with the Yoast SEO plugin v22.5 - https:\/\/yoast.com\/wordpress\/plugins\/seo\/ -->\n<title>\u00c0 J-3, la F\u00eate du Sport et des Associations s\u2019invite sur le rond-point du Modulor - Saint Die Info<\/title>\n<meta name=\"robots\" content=\"index, follow, max-snippet:-1, max-image-preview:large, max-video-preview:-1\" \/>\n<link rel=\"canonical\" href=\"https:\/\/vosgesinfo.fr\/saintdieinfo\/2026\/09\/a-j-3-la-fete-du-sport-et-des-associations-sinvite-sur-le-rond-point-du-modulor\/\" \/>\n<meta name=\"twitter:card\" content=\"summary_large_image\" \/>\n<meta name=\"twitter:title\" content=\"\u00c0 J-3, la F\u00eate du Sport et des Associations s\u2019invite sur le rond-point du Modulor - Saint Die Info\" \/>\n<meta name=\"twitter:description\" content=\"\u00c0 trois jours de la F\u00eate du Sport et des Associations de Saint-Di\u00e9-des-Vosges, des silhouettes en bois \u00e0 l\u2019effigie de [&hellip;]\" \/>\n<meta name=\"twitter:image\" content=\"https:\/\/vosgesinfo.fr\/app\/uploads\/sites\/4\/2026\/09\/j-3-fete-sportassociations-sddv.jpg\" \/>\n<meta name=\"twitter:creator\" content=\"@VosgesInfo88\" \/>\n<meta name=\"twitter:site\" content=\"@VosgesInfo88\" \/>\n<meta name=\"twitter:label1\" content=\"\u00c9crit par\" \/>\n\t<meta name=\"twitter:data1\" content=\"J.J.\" \/>\n\t<meta name=\"twitter:label2\" content=\"Dur\u00e9e de lecture estim\u00e9e\" \/>\n\t<meta name=\"twitter:data2\" content=\"2 minutes\" \/>\n<script type=\"application\/ld+json\" class=\"yoast-schema-graph\">{\"@context\":\"https:\/\/schema.org\",\"@graph\":[{\"@type\":\"Article\",\"@id\":\"https:\/\/vosgesinfo.fr\/saintdieinfo\/2026\/09\/a-j-3-la-fete-du-sport-et-des-associations-sinvite-sur-le-rond-point-du-modulor\/#article\",\"isPartOf\":{\"@id\":\"https:\/\/vosgesinfo.fr\/saintdieinfo\/2026\/09\/a-j-3-la-fete-du-sport-et-des-associations-sinvite-sur-le-rond-point-du-modulor\/\"},\"author\":{\"name\":\"J.J.\",\"@id\":\"https:\/\/vosgesinfo.fr\/saintdieinfo\/#\/schema\/person\/fa73e9f726d67bb88f46d5b7943cb572\"},\"headline\":\"\u00c0 J-3, la F\u00eate du Sport et des Associations s\u2019invite sur le rond-point du Modulor\",\"datePublished\":\"2026-09-02T12:53:14+00:00\",\"dateModified\":\"2026-09-02T12:41:45+00:00\",\"mainEntityOfPage\":{\"@id\":\"https:\/\/vosgesinfo.fr\/saintdieinfo\/2026\/09\/a-j-3-la-fete-du-sport-et-des-associations-sinvite-sur-le-rond-point-du-modulor\/\"},\"wordCount\":180,\"commentCount\":0,\"publisher\":{\"@id\":\"https:\/\/vosgesinfo.fr\/saintdieinfo\/#organization\"},\"image\":{\"@id\":\"https:\/\/vosgesinfo.fr\/saintdieinfo\/2026\/09\/a-j-3-la-fete-du-sport-et-des-associations-sinvite-sur-le-rond-point-du-modulor\/#primaryimage\"},\"thumbnailUrl\":\"https:\/\/vosgesinfo.fr\/app\/uploads\/sites\/4\/2026\/09\/j-3-fete-sportassociations-sddv.jpg\",\"keywords\":[\"F\u00eate du Sport et des Associations de Saint-Di\u00e9-des-Vosges\",\"parc des sports Edmond-et-Jean-Woehrl\u00e9\",\"Parc Jean-Mansuy\",\"Rond-point du Modulor\",\"services techniques municipaux\"],\"articleSection\":[\"A la Une\",\"Saint-Di\u00e9-des-Vosges\",\"Sport\",\"Vie Associative\"],\"inLanguage\":\"fr-FR\",\"potentialAction\":[{\"@type\":\"CommentAction\",\"name\":\"Comment\",\"target\":[\"https:\/\/vosgesinfo.fr\/saintdieinfo\/2026\/09\/a-j-3-la-fete-du-sport-et-des-associations-sinvite-sur-le-rond-point-du-modulor\/#respond\"]}]},{\"@type\":\"WebPage\",\"@id\":\"https:\/\/vosgesinfo.fr\/saintdieinfo\/2026\/09\/a-j-3-la-fete-du-sport-et-des-associations-sinvite-sur-le-rond-point-du-modulor\/\",\"url\":\"https:\/\/vosgesinfo.fr\/saintdieinfo\/2026\/09\/a-j-3-la-fete-du-sport-et-des-associations-sinvite-sur-le-rond-point-du-modulor\/\",\"name\":\"\u00c0 J-3, la F\u00eate du Sport et des Associations s\u2019invite sur le rond-point du Modulor - Saint Die Info\",\"isPartOf\":{\"@id\":\"https:\/\/vosgesinfo.fr\/saintdieinfo\/#website\"},\"primaryImageOfPage\":{\"@id\":\"https:\/\/vosgesinfo.fr\/saintdieinfo\/2026\/09\/a-j-3-la-fete-du-sport-et-des-associations-sinvite-sur-le-rond-point-du-modulor\/#primaryimage\"},\"image\":{\"@id\":\"https:\/\/vosgesinfo.fr\/saintdieinfo\/2026\/09\/a-j-3-la-fete-du-sport-et-des-associations-sinvite-sur-le-rond-point-du-modulor\/#primaryimage\"},\"thumbnailUrl\":\"https:\/\/vosgesinfo.fr\/app\/uploads\/sites\/4\/2026\/09\/j-3-fete-sportassociations-sddv.jpg\",\"datePublished\":\"2026-09-02T12:53:14+00:00\",\"dateModified\":\"2026-09-02T12:41:45+00:00\",\"breadcrumb\":{\"@id\":\"https:\/\/vosgesinfo.fr\/saintdieinfo\/2026\/09\/a-j-3-la-fete-du-sport-et-des-associations-sinvite-sur-le-rond-point-du-modulor\/#breadcrumb\"},\"inLanguage\":\"fr-FR\",\"potentialAction\":[{\"@type\":\"ReadAction\",\"target\":[\"https:\/\/vosgesinfo.fr\/saintdieinfo\/2026\/09\/a-j-3-la-fete-du-sport-et-des-associations-sinvite-sur-le-rond-point-du-modulor\/\"]}]},{\"@type\":\"ImageObject\",\"inLanguage\":\"fr-FR\",\"@id\":\"https:\/\/vosgesinfo.fr\/saintdieinfo\/2026\/09\/a-j-3-la-fete-du-sport-et-des-associations-sinvite-sur-le-rond-point-du-modulor\/#primaryimage\",\"url\":\"https:\/\/vosgesinfo.fr\/app\/uploads\/sites\/4\/2026\/09\/j-3-fete-sportassociations-sddv.jpg\",\"contentUrl\":\"https:\/\/vosgesinfo.fr\/app\/uploads\/sites\/4\/2026\/09\/j-3-fete-sportassociations-sddv.jpg\",\"width\":1920,\"height\":1446},{\"@type\":\"BreadcrumbList\",\"@id\":\"https:\/\/vosgesinfo.fr\/saintdieinfo\/2026\/09\/a-j-3-la-fete-du-sport-et-des-associations-sinvite-sur-le-rond-point-du-modulor\/#breadcrumb\",\"itemListElement\":[{\"@type\":\"ListItem\",\"position\":1,\"name\":\"Home\",\"item\":\"https:\/\/vosgesinfo.fr\/saintdieinfo\/\"},{\"@type\":\"ListItem\",\"position\":2,\"name\":\"\u00c0 J-3, la F\u00eate du Sport et des Associations s\u2019invite sur le rond-point du Modulor\"}]},{\"@type\":\"WebSite\",\"@id\":\"https:\/\/vosgesinfo.fr\/saintdieinfo\/#website\",\"url\":\"https:\/\/vosgesinfo.fr\/saintdieinfo\/\",\"name\":\"Saint Die Info\",\"description\":\"Toute l&#039;actualit\u00e9 de Saint-Di\u00e9-Des-Vosges\",\"publisher\":{\"@id\":\"https:\/\/vosgesinfo.fr\/saintdieinfo\/#organization\"},\"alternateName\":\"Toute l'actualit\u00e9 de Saint-Di\u00e9-Des-Vosges\",\"potentialAction\":[{\"@type\":\"SearchAction\",\"target\":{\"@type\":\"EntryPoint\",\"urlTemplate\":\"https:\/\/vosgesinfo.fr\/saintdieinfo\/?s={search_term_string}\"},\"query-input\":\"required name=search_term_string\"}],\"inLanguage\":\"fr-FR\"},{\"@type\":\"Organization\",\"@id\":\"https:\/\/vosgesinfo.fr\/saintdieinfo\/#organization\",\"name\":\"Saint Die Info\",\"url\":\"https:\/\/vosgesinfo.fr\/saintdieinfo\/\",\"logo\":{\"@type\":\"ImageObject\",\"inLanguage\":\"fr-FR\",\"@id\":\"https:\/\/vosgesinfo.fr\/saintdieinfo\/#\/schema\/logo\/image\/\",\"url\":\"https:\/\/vosgesinfo.fr\/app\/uploads\/sites\/4\/2024\/02\/logo-sdi.jpg\",\"contentUrl\":\"https:\/\/vosgesinfo.fr\/app\/uploads\/sites\/4\/2024\/02\/logo-sdi.jpg\",\"width\":600,\"height\":600,\"caption\":\"Saint Die Info\"},\"image\":{\"@id\":\"https:\/\/vosgesinfo.fr\/saintdieinfo\/#\/schema\/logo\/image\/\"},\"sameAs\":[\"https:\/\/www.facebook.com\/Saintdieinfofr\",\"https:\/\/x.com\/VosgesInfo88\",\"https:\/\/www.youtube.com\/@vosgesinfo\"]},{\"@type\":\"Person\",\"@id\":\"https:\/\/vosgesinfo.fr\/saintdieinfo\/#\/schema\/person\/fa73e9f726d67bb88f46d5b7943cb572\",\"name\":\"J.J.\",\"image\":{\"@type\":\"ImageObject\",\"inLanguage\":\"fr-FR\",\"@id\":\"https:\/\/vosgesinfo.fr\/saintdieinfo\/#\/schema\/person\/image\/\",\"url\":\"https:\/\/secure.gravatar.com\/avatar\/219e749e47ffbcca018a360ae4add7d4cdf1cdaaf8bc7676b27efade3fe65615?s=96&d=mm&r=g\",\"contentUrl\":\"https:\/\/secure.gravatar.com\/avatar\/219e749e47ffbcca018a360ae4add7d4cdf1cdaaf8bc7676b27efade3fe65615?s=96&d=mm&r=g\",\"caption\":\"J.J.\"},\"url\":\"https:\/\/vosgesinfo.fr\/saintdieinfo\/author\/j-j\/\"}]}<\/script>\n<!-- \/ Yoast SEO plugin. -->","yoast_head_json":{"title":"\u00c0 J-3, la F\u00eate du Sport et des Associations s\u2019invite sur le rond-point du Modulor - Saint Die Info","robots":{"index":"index","follow":"follow","max-snippet":"max-snippet:-1","max-image-preview":"max-image-preview:large","max-video-preview":"max-video-preview:-1"},"canonical":"https:\/\/vosgesinfo.fr\/saintdieinfo\/2026\/09\/a-j-3-la-fete-du-sport-et-des-associations-sinvite-sur-le-rond-point-du-modulor\/","twitter_card":"summary_large_image","twitter_title":"\u00c0 J-3, la F\u00eate du Sport et des Associations s\u2019invite sur le rond-point du Modulor - Saint Die Info","twitter_description":"\u00c0 trois jours de la F\u00eate du Sport et des Associations de Saint-Di\u00e9-des-Vosges, des silhouettes en bois \u00e0 l\u2019effigie de [&hellip;]","twitter_image":"https:\/\/vosgesinfo.fr\/app\/uploads\/sites\/4\/2026\/09\/j-3-fete-sportassociations-sddv.jpg","twitter_creator":"@VosgesInfo88","twitter_site":"@VosgesInfo88","twitter_misc":{"\u00c9crit par":"J.J.","Dur\u00e9e de lecture estim\u00e9e":"2 minutes"},"schema":{"@context":"https:\/\/schema.org","@graph":[{"@type":"Article","@id":"https:\/\/vosgesinfo.fr\/saintdieinfo\/2026\/09\/a-j-3-la-fete-du-sport-et-des-associations-sinvite-sur-le-rond-point-du-modulor\/#article","isPartOf":{"@id":"https:\/\/vosgesinfo.fr\/saintdieinfo\/2026\/09\/a-j-3-la-fete-du-sport-et-des-associations-sinvite-sur-le-rond-point-du-modulor\/"},"author":{"name":"J.J.","@id":"https:\/\/vosgesinfo.fr\/saintdieinfo\/#\/schema\/person\/fa73e9f726d67bb88f46d5b7943cb572"},"headline":"\u00c0 J-3, la F\u00eate du Sport et des Associations s\u2019invite sur le rond-point du Modulor","datePublished":"2026-09-02T12:53:14+00:00","dateModified":"2026-09-02T12:41:45+00:00","mainEntityOfPage":{"@id":"https:\/\/vosgesinfo.fr\/saintdieinfo\/2026\/09\/a-j-3-la-fete-du-sport-et-des-associations-sinvite-sur-le-rond-point-du-modulor\/"},"wordCount":180,"commentCount":0,"publisher":{"@id":"https:\/\/vosgesinfo.fr\/saintdieinfo\/#organization"},"image":{"@id":"https:\/\/vosgesinfo.fr\/saintdieinfo\/2026\/09\/a-j-3-la-fete-du-sport-et-des-associations-sinvite-sur-le-rond-point-du-modulor\/#primaryimage"},"thumbnailUrl":"https:\/\/vosgesinfo.fr\/app\/uploads\/sites\/4\/2026\/09\/j-3-fete-sportassociations-sddv.jpg","keywords":["F\u00eate du Sport et des Associations de Saint-Di\u00e9-des-Vosges","parc des sports Edmond-et-Jean-Woehrl\u00e9","Parc Jean-Mansuy","Rond-point du Modulor","services techniques municipaux"],"articleSection":["A la Une","Saint-Di\u00e9-des-Vosges","Sport","Vie Associative"],"inLanguage":"fr-FR","potentialAction":[{"@type":"CommentAction","name":"Comment","target":["https:\/\/vosgesinfo.fr\/saintdieinfo\/2026\/09\/a-j-3-la-fete-du-sport-et-des-associations-sinvite-sur-le-rond-point-du-modulor\/#respond"]}]},{"@type":"WebPage","@id":"https:\/\/vosgesinfo.fr\/saintdieinfo\/2026\/09\/a-j-3-la-fete-du-sport-et-des-associations-sinvite-sur-le-rond-point-du-modulor\/","url":"https:\/\/vosgesinfo.fr\/saintdieinfo\/2026\/09\/a-j-3-la-fete-du-sport-et-des-associations-sinvite-sur-le-rond-point-du-modulor\/","name":"\u00c0 J-3, la F\u00eate du Sport et des Associations s\u2019invite sur le rond-point du Modulor - Saint Die Info","isPartOf":{"@id":"https:\/\/vosgesinfo.fr\/saintdieinfo\/#website"},"primaryImageOfPage":{"@id":"https:\/\/vosgesinfo.fr\/saintdieinfo\/2026\/09\/a-j-3-la-fete-du-sport-et-des-associations-sinvite-sur-le-rond-point-du-modulor\/#primaryimage"},"image":{"@id":"https:\/\/vosgesinfo.fr\/saintdieinfo\/2026\/09\/a-j-3-la-fete-du-sport-et-des-associations-sinvite-sur-le-rond-point-du-modulor\/#primaryimage"},"thumbnailUrl":"https:\/\/vosgesinfo.fr\/app\/uploads\/sites\/4\/2026\/09\/j-3-fete-sportassociations-sddv.jpg","datePublished":"2026-09-02T12:53:14+00:00","dateModified":"2026-09-02T12:41:45+00:00","breadcrumb":{"@id":"https:\/\/vosgesinfo.fr\/saintdieinfo\/2026\/09\/a-j-3-la-fete-du-sport-et-des-associations-sinvite-sur-le-rond-point-du-modulor\/#breadcrumb"},"inLanguage":"fr-FR","potentialAction":[{"@type":"ReadAction","target":["https:\/\/vosgesinfo.fr\/saintdieinfo\/2026\/09\/a-j-3-la-fete-du-sport-et-des-associations-sinvite-sur-le-rond-point-du-modulor\/"]}]},{"@type":"ImageObject","inLanguage":"fr-FR","@id":"https:\/\/vosgesinfo.fr\/saintdieinfo\/2026\/09\/a-j-3-la-fete-du-sport-et-des-associations-sinvite-sur-le-rond-point-du-modulor\/#primaryimage","url":"https:\/\/vosgesinfo.fr\/app\/uploads\/sites\/4\/2026\/09\/j-3-fete-sportassociations-sddv.jpg","contentUrl":"https:\/\/vosgesinfo.fr\/app\/uploads\/sites\/4\/2026\/09\/j-3-fete-sportassociations-sddv.jpg","width":1920,"height":1446},{"@type":"BreadcrumbList","@id":"https:\/\/vosgesinfo.fr\/saintdieinfo\/2026\/09\/a-j-3-la-fete-du-sport-et-des-associations-sinvite-sur-le-rond-point-du-modulor\/#breadcrumb","itemListElement":[{"@type":"ListItem","position":1,"name":"Home","item":"https:\/\/vosgesinfo.fr\/saintdieinfo\/"},{"@type":"ListItem","position":2,"name":"\u00c0 J-3, la F\u00eate du Sport et des Associations s\u2019invite sur le rond-point du Modulor"}]},{"@type":"WebSite","@id":"https:\/\/vosgesinfo.fr\/saintdieinfo\/#website","url":"https:\/\/vosgesinfo.fr\/saintdieinfo\/","name":"Saint Die Info","description":"Toute l&#039;actualit\u00e9 de Saint-Di\u00e9-Des-Vosges","publisher":{"@id":"https:\/\/vosgesinfo.fr\/saintdieinfo\/#organization"},"alternateName":"Toute l'actualit\u00e9 de Saint-Di\u00e9-Des-Vosges","potentialAction":[{"@type":"SearchAction","target":{"@type":"EntryPoint","urlTemplate":"https:\/\/vosgesinfo.fr\/saintdieinfo\/?s={search_term_string}"},"query-input":"required name=search_term_string"}],"inLanguage":"fr-FR"},{"@type":"Organization","@id":"https:\/\/vosgesinfo.fr\/saintdieinfo\/#organization","name":"Saint Die Info","url":"https:\/\/vosgesinfo.fr\/saintdieinfo\/","logo":{"@type":"ImageObject","inLanguage":"fr-FR","@id":"https:\/\/vosgesinfo.fr\/saintdieinfo\/#\/schema\/logo\/image\/","url":"https:\/\/vosgesinfo.fr\/app\/uploads\/sites\/4\/2024\/02\/logo-sdi.jpg","contentUrl":"https:\/\/vosgesinfo.fr\/app\/uploads\/sites\/4\/2024\/02\/logo-sdi.jpg","width":600,"height":600,"caption":"Saint Die Info"},"image":{"@id":"https:\/\/vosgesinfo.fr\/saintdieinfo\/#\/schema\/logo\/image\/"},"sameAs":["https:\/\/www.facebook.com\/Saintdieinfofr","https:\/\/x.com\/VosgesInfo88","https:\/\/www.youtube.com\/@vosgesinfo"]},{"@type":"Person","@id":"https:\/\/vosgesinfo.fr\/saintdieinfo\/#\/schema\/person\/fa73e9f726d67bb88f46d5b7943cb572","name":"J.J.","image":{"@type":"ImageObject","inLanguage":"fr-FR","@id":"https:\/\/vosgesinfo.fr\/saintdieinfo\/#\/schema\/person\/image\/","url":"https:\/\/secure.gravatar.com\/avatar\/219e749e47ffbcca018a360ae4add7d4cdf1cdaaf8bc7676b27efade3fe65615?s=96&d=mm&r=g","contentUrl":"https:\/\/secure.gravatar.com\/avatar\/219e749e47ffbcca018a360ae4add7d4cdf1cdaaf8bc7676b27efade3fe65615?s=96&d=mm&r=g","caption":"J.J."},"url":"https:\/\/vosgesinfo.fr\/saintdieinfo\/author\/j-j\/"}]}},"_links":{"self":[{"href":"https:\/\/vosgesinfo.fr\/saintdieinfo\/wp-json\/wp\/v2\/posts\/95662","targetHints":{"allow":["GET"]}}],"collection":[{"href":"https:\/\/vosgesinfo.fr\/saintdieinfo\/wp-json\/wp\/v2\/posts"}],"about":[{"href":"https:\/\/vosgesinfo.fr\/saintdieinfo\/wp-json\/wp\/v2\/types\/post"}],"author":[{"embeddable":true,"href":"https:\/\/vosgesinfo.fr\/saintdieinfo\/wp-json\/wp\/v2\/users\/46"}],"replies":[{"embeddable":true,"href":"https:\/\/vosgesinfo.fr\/saintdieinfo\/wp-json\/wp\/v2\/comments?post=95662"}],"version-history":[{"count":2,"href":"https:\/\/vosgesinfo.fr\/saintdieinfo\/wp-json\/wp\/v2\/posts\/95662\/revisions"}],"predecessor-version":[{"id":95665,"href":"https:\/\/vosgesinfo.fr\/saintdieinfo\/wp-json\/wp\/v2\/posts\/95662\/revisions\/95665"}],"wp:featuredmedia":[{"embeddable":true,"href":"https:\/\/vosgesinfo.fr\/saintdieinfo\/wp-json\/wp\/v2\/media\/95663"}],"wp:attachment":[{"href":"https:\/\/vosgesinfo.fr\/saintdieinfo\/wp-json\/wp\/v2\/media?parent=95662"}],"wp:term":[{"taxonomy":"category","embeddable":true,"href":"https:\/\/vosgesinfo.fr\/saintdieinfo\/wp-json\/wp\/v2\/categories?post=95662"},{"taxonomy":"post_tag","embeddable":true,"href":"https:\/\/vosgesinfo.fr\/saintdieinfo\/wp-json\/wp\/v2\/tags?post=95662"}],"curies":[{"name":"wp","href":"https:\/\/api.w.org\/{rel}","templated":true}]}}