{"id":95677,"date":"2026-09-02T17:03:34","date_gmt":"2026-09-02T15:03:34","guid":{"rendered":"https:\/\/vosgesinfo.fr\/saintdieinfo\/?p=95677"},"modified":"2026-09-02T16:07:41","modified_gmt":"2026-09-02T14:07:41","slug":"octobre-rose-les-concerts-solidaires-des-bulles-roses-reviennent-pour-une-7e-edition","status":"publish","type":"post","link":"https:\/\/vosgesinfo.fr\/saintdieinfo\/2026\/09\/octobre-rose-les-concerts-solidaires-des-bulles-roses-reviennent-pour-une-7e-edition\/","title":{"rendered":"Octobre Rose : les concerts solidaires des Bulles Roses reviennent pour une 7e \u00e9dition"},"content":{"rendered":"<h2><strong>Phoenix 66, Mojoko et DJ Toine<\/strong> sont \u00e0 l\u2019affiche de la <strong>7e \u00e9dition des concerts solidaires des Bulles Roses<\/strong>. La soir\u00e9e se tiendra le <strong>vendredi 16 octobre<\/strong> \u00e0 la <strong>salle des f\u00eates de Sainte-Marguerite<\/strong>, avec une ouverture des portes \u00e0 19 h. Ce rendez-vous s\u2019inscrit dans le cadre d\u2019<strong>Octobre Rose<\/strong>, mois consacr\u00e9 \u00e0 la sensibilisation au cancer du sein.<\/h2>\n<p><!--more--><\/p>\n<h3><strong>Trois rendez-vous musicaux au profit de l\u2019ICL<\/strong><\/h3>\n<p>Le trio acoustique Mojoko <strong>ouvrira la soir\u00e9e<\/strong>, avant Phoenix 66 et son spectacle consacr\u00e9 \u00e0 <strong>Johnny Hallyday<\/strong>, \u00ab\u00a0sans sosie, sans imitation\u00a0\u00bb. DJ Toine prendra ensuite le relais avec un <strong>DJ set<\/strong> pour terminer la soir\u00e9e.<\/p>\n<p>Comme les pr\u00e9c\u00e9dentes, les <strong>b\u00e9n\u00e9fices de cette 7e \u00e9dition, tout comme les dons r\u00e9colt\u00e9s<\/strong>, seront ensuite enti\u00e8rement revers\u00e9s \u00e0 l\u2019<strong>Institut de Canc\u00e9rologie de Lorraine \u2013 ICL<\/strong>. L\u2019an dernier, la 6e \u00e9dition avait permis de remettre un ch\u00e8que de <strong>12 000 euros<\/strong> \u00e0 l\u2019Institut, contre 10 000 euros en 2024.<\/p>\n<p>L\u2019entr\u00e9e est fix\u00e9e \u00e0 <strong>10 euros<\/strong>, en sachant qu&rsquo;elle est <strong>gratuite pour les enfants jusqu\u2019\u00e0 12 ans<\/strong>. Une buvette et de la restauration seront disponibles sur place. Les entr\u00e9es peuvent \u00eatre r\u00e9serv\u00e9es en ligne d\u00e8s maintenant, via <strong>HelloAsso : <a href=\"https:\/\/www.helloasso.com\/associations\/bulles-roses\" target=\"_blank\" rel=\"noopener\">www.helloasso.com\/associations\/bulles-roses<\/a><\/strong>.<\/p>\n<p><a href=\"https:\/\/vosgesinfo.fr\/app\/uploads\/sites\/4\/2026\/09\/sainte-marguerite-programme-bulles-roses-2026-2.jpg\"><img decoding=\"async\" class=\"alignnone size-large wp-image-95692\" src=\"https:\/\/vosgesinfo.fr\/app\/uploads\/sites\/4\/2026\/09\/sainte-marguerite-programme-bulles-roses-2026-2-724x1024.jpg\" alt=\"\" width=\"724\" height=\"1024\" srcset=\"https:\/\/vosgesinfo.fr\/app\/uploads\/sites\/4\/2026\/09\/sainte-marguerite-programme-bulles-roses-2026-2-724x1024.jpg 724w, https:\/\/vosgesinfo.fr\/app\/uploads\/sites\/4\/2026\/09\/sainte-marguerite-programme-bulles-roses-2026-2-212x300.jpg 212w, https:\/\/vosgesinfo.fr\/app\/uploads\/sites\/4\/2026\/09\/sainte-marguerite-programme-bulles-roses-2026-2-768x1086.jpg 768w, https:\/\/vosgesinfo.fr\/app\/uploads\/sites\/4\/2026\/09\/sainte-marguerite-programme-bulles-roses-2026-2-1086x1536.jpg 1086w, https:\/\/vosgesinfo.fr\/app\/uploads\/sites\/4\/2026\/09\/sainte-marguerite-programme-bulles-roses-2026-2.jpg 1448w\" sizes=\"(max-width: 724px) 100vw, 724px\" \/><\/a><\/p>\n","protected":false},"excerpt":{"rendered":"<p>Phoenix 66, Mojoko et DJ Toine sont \u00e0 l\u2019affiche de la 7e \u00e9dition des concerts solidaires des Bulles Roses. La [&hellip;]<\/p>\n","protected":false},"author":46,"featured_media":95691,"comment_status":"open","ping_status":"open","sticky":false,"template":"","format":"standard","meta":{"footnotes":""},"categories":[460,8003,3903,4152,29,17],"tags":[18492,16173,6886,22094,5066,3093],"class_list":["post-95677","post","type-post","status-publish","format-standard","has-post-thumbnail","hentry","category-a-la-une","category-concert-culture","category-deodatie","category-sante","category-solidarite","category-vie-associative","tag-bulles-roses","tag-dj-toine","tag-institut-de-cancerologie-de-lorraine","tag-mojoko","tag-phoenix-66","tag-salle-des-fetes-de-sainte-marguerite"],"acf":[],"yoast_head":"<!-- This site is optimized with the Yoast SEO plugin v22.5 - https:\/\/yoast.com\/wordpress\/plugins\/seo\/ -->\n<title>Octobre Rose : les concerts solidaires des Bulles Roses reviennent pour une 7e \u00e9dition - Saint Die Info<\/title>\n<meta name=\"robots\" content=\"index, follow, max-snippet:-1, max-image-preview:large, max-video-preview:-1\" \/>\n<link rel=\"canonical\" href=\"https:\/\/vosgesinfo.fr\/saintdieinfo\/2026\/09\/octobre-rose-les-concerts-solidaires-des-bulles-roses-reviennent-pour-une-7e-edition\/\" \/>\n<meta name=\"twitter:card\" content=\"summary_large_image\" \/>\n<meta name=\"twitter:title\" content=\"Octobre Rose : les concerts solidaires des Bulles Roses reviennent pour une 7e \u00e9dition - Saint Die Info\" \/>\n<meta name=\"twitter:description\" content=\"Phoenix 66, Mojoko et DJ Toine sont \u00e0 l\u2019affiche de la 7e \u00e9dition des concerts solidaires des Bulles Roses. La [&hellip;]\" \/>\n<meta name=\"twitter:image\" content=\"https:\/\/vosgesinfo.fr\/app\/uploads\/sites\/4\/2026\/09\/sainte-marguerite-programme-bulles-roses-2026-1.jpg\" \/>\n<meta name=\"twitter:creator\" content=\"@VosgesInfo88\" \/>\n<meta name=\"twitter:site\" content=\"@VosgesInfo88\" \/>\n<meta name=\"twitter:label1\" content=\"\u00c9crit par\" \/>\n\t<meta name=\"twitter:data1\" content=\"J.J.\" \/>\n\t<meta name=\"twitter:label2\" content=\"Dur\u00e9e de lecture estim\u00e9e\" \/>\n\t<meta name=\"twitter:data2\" content=\"2 minutes\" \/>\n<script type=\"application\/ld+json\" class=\"yoast-schema-graph\">{\"@context\":\"https:\/\/schema.org\",\"@graph\":[{\"@type\":\"Article\",\"@id\":\"https:\/\/vosgesinfo.fr\/saintdieinfo\/2026\/09\/octobre-rose-les-concerts-solidaires-des-bulles-roses-reviennent-pour-une-7e-edition\/#article\",\"isPartOf\":{\"@id\":\"https:\/\/vosgesinfo.fr\/saintdieinfo\/2026\/09\/octobre-rose-les-concerts-solidaires-des-bulles-roses-reviennent-pour-une-7e-edition\/\"},\"author\":{\"name\":\"J.J.\",\"@id\":\"https:\/\/vosgesinfo.fr\/saintdieinfo\/#\/schema\/person\/fa73e9f726d67bb88f46d5b7943cb572\"},\"headline\":\"Octobre Rose : les concerts solidaires des Bulles Roses reviennent pour une 7e \u00e9dition\",\"datePublished\":\"2026-09-02T15:03:34+00:00\",\"dateModified\":\"2026-09-02T14:07:41+00:00\",\"mainEntityOfPage\":{\"@id\":\"https:\/\/vosgesinfo.fr\/saintdieinfo\/2026\/09\/octobre-rose-les-concerts-solidaires-des-bulles-roses-reviennent-pour-une-7e-edition\/\"},\"wordCount\":215,\"commentCount\":0,\"publisher\":{\"@id\":\"https:\/\/vosgesinfo.fr\/saintdieinfo\/#organization\"},\"image\":{\"@id\":\"https:\/\/vosgesinfo.fr\/saintdieinfo\/2026\/09\/octobre-rose-les-concerts-solidaires-des-bulles-roses-reviennent-pour-une-7e-edition\/#primaryimage\"},\"thumbnailUrl\":\"https:\/\/vosgesinfo.fr\/app\/uploads\/sites\/4\/2026\/09\/sainte-marguerite-programme-bulles-roses-2026-1.jpg\",\"keywords\":[\"Bulles Roses\",\"DJ Toine\",\"Institut de Canc\u00e9rologie de Lorraine\",\"Mojoko.\",\"Phoenix 66\",\"Salle des f\u00eates de Sainte-Marguerite\"],\"articleSection\":[\"A la Une\",\"Concert\",\"D\u00e9odatie\",\"Sant\u00e9\",\"Solidarit\u00e9\",\"Vie Associative\"],\"inLanguage\":\"fr-FR\",\"potentialAction\":[{\"@type\":\"CommentAction\",\"name\":\"Comment\",\"target\":[\"https:\/\/vosgesinfo.fr\/saintdieinfo\/2026\/09\/octobre-rose-les-concerts-solidaires-des-bulles-roses-reviennent-pour-une-7e-edition\/#respond\"]}]},{\"@type\":\"WebPage\",\"@id\":\"https:\/\/vosgesinfo.fr\/saintdieinfo\/2026\/09\/octobre-rose-les-concerts-solidaires-des-bulles-roses-reviennent-pour-une-7e-edition\/\",\"url\":\"https:\/\/vosgesinfo.fr\/saintdieinfo\/2026\/09\/octobre-rose-les-concerts-solidaires-des-bulles-roses-reviennent-pour-une-7e-edition\/\",\"name\":\"Octobre Rose : les concerts solidaires des Bulles Roses reviennent pour une 7e \u00e9dition - Saint Die Info\",\"isPartOf\":{\"@id\":\"https:\/\/vosgesinfo.fr\/saintdieinfo\/#website\"},\"primaryImageOfPage\":{\"@id\":\"https:\/\/vosgesinfo.fr\/saintdieinfo\/2026\/09\/octobre-rose-les-concerts-solidaires-des-bulles-roses-reviennent-pour-une-7e-edition\/#primaryimage\"},\"image\":{\"@id\":\"https:\/\/vosgesinfo.fr\/saintdieinfo\/2026\/09\/octobre-rose-les-concerts-solidaires-des-bulles-roses-reviennent-pour-une-7e-edition\/#primaryimage\"},\"thumbnailUrl\":\"https:\/\/vosgesinfo.fr\/app\/uploads\/sites\/4\/2026\/09\/sainte-marguerite-programme-bulles-roses-2026-1.jpg\",\"datePublished\":\"2026-09-02T15:03:34+00:00\",\"dateModified\":\"2026-09-02T14:07:41+00:00\",\"breadcrumb\":{\"@id\":\"https:\/\/vosgesinfo.fr\/saintdieinfo\/2026\/09\/octobre-rose-les-concerts-solidaires-des-bulles-roses-reviennent-pour-une-7e-edition\/#breadcrumb\"},\"inLanguage\":\"fr-FR\",\"potentialAction\":[{\"@type\":\"ReadAction\",\"target\":[\"https:\/\/vosgesinfo.fr\/saintdieinfo\/2026\/09\/octobre-rose-les-concerts-solidaires-des-bulles-roses-reviennent-pour-une-7e-edition\/\"]}]},{\"@type\":\"ImageObject\",\"inLanguage\":\"fr-FR\",\"@id\":\"https:\/\/vosgesinfo.fr\/saintdieinfo\/2026\/09\/octobre-rose-les-concerts-solidaires-des-bulles-roses-reviennent-pour-une-7e-edition\/#primaryimage\",\"url\":\"https:\/\/vosgesinfo.fr\/app\/uploads\/sites\/4\/2026\/09\/sainte-marguerite-programme-bulles-roses-2026-1.jpg\",\"contentUrl\":\"https:\/\/vosgesinfo.fr\/app\/uploads\/sites\/4\/2026\/09\/sainte-marguerite-programme-bulles-roses-2026-1.jpg\",\"width\":2048,\"height\":1072},{\"@type\":\"BreadcrumbList\",\"@id\":\"https:\/\/vosgesinfo.fr\/saintdieinfo\/2026\/09\/octobre-rose-les-concerts-solidaires-des-bulles-roses-reviennent-pour-une-7e-edition\/#breadcrumb\",\"itemListElement\":[{\"@type\":\"ListItem\",\"position\":1,\"name\":\"Home\",\"item\":\"https:\/\/vosgesinfo.fr\/saintdieinfo\/\"},{\"@type\":\"ListItem\",\"position\":2,\"name\":\"Octobre Rose : les concerts solidaires des Bulles Roses reviennent pour une 7e \u00e9dition\"}]},{\"@type\":\"WebSite\",\"@id\":\"https:\/\/vosgesinfo.fr\/saintdieinfo\/#website\",\"url\":\"https:\/\/vosgesinfo.fr\/saintdieinfo\/\",\"name\":\"Saint Die Info\",\"description\":\"Toute l&#039;actualit\u00e9 de Saint-Di\u00e9-Des-Vosges\",\"publisher\":{\"@id\":\"https:\/\/vosgesinfo.fr\/saintdieinfo\/#organization\"},\"alternateName\":\"Toute l'actualit\u00e9 de Saint-Di\u00e9-Des-Vosges\",\"potentialAction\":[{\"@type\":\"SearchAction\",\"target\":{\"@type\":\"EntryPoint\",\"urlTemplate\":\"https:\/\/vosgesinfo.fr\/saintdieinfo\/?s={search_term_string}\"},\"query-input\":\"required name=search_term_string\"}],\"inLanguage\":\"fr-FR\"},{\"@type\":\"Organization\",\"@id\":\"https:\/\/vosgesinfo.fr\/saintdieinfo\/#organization\",\"name\":\"Saint Die Info\",\"url\":\"https:\/\/vosgesinfo.fr\/saintdieinfo\/\",\"logo\":{\"@type\":\"ImageObject\",\"inLanguage\":\"fr-FR\",\"@id\":\"https:\/\/vosgesinfo.fr\/saintdieinfo\/#\/schema\/logo\/image\/\",\"url\":\"https:\/\/vosgesinfo.fr\/app\/uploads\/sites\/4\/2024\/02\/logo-sdi.jpg\",\"contentUrl\":\"https:\/\/vosgesinfo.fr\/app\/uploads\/sites\/4\/2024\/02\/logo-sdi.jpg\",\"width\":600,\"height\":600,\"caption\":\"Saint Die Info\"},\"image\":{\"@id\":\"https:\/\/vosgesinfo.fr\/saintdieinfo\/#\/schema\/logo\/image\/\"},\"sameAs\":[\"https:\/\/www.facebook.com\/Saintdieinfofr\",\"https:\/\/x.com\/VosgesInfo88\",\"https:\/\/www.youtube.com\/@vosgesinfo\"]},{\"@type\":\"Person\",\"@id\":\"https:\/\/vosgesinfo.fr\/saintdieinfo\/#\/schema\/person\/fa73e9f726d67bb88f46d5b7943cb572\",\"name\":\"J.J.\",\"image\":{\"@type\":\"ImageObject\",\"inLanguage\":\"fr-FR\",\"@id\":\"https:\/\/vosgesinfo.fr\/saintdieinfo\/#\/schema\/person\/image\/\",\"url\":\"https:\/\/secure.gravatar.com\/avatar\/219e749e47ffbcca018a360ae4add7d4cdf1cdaaf8bc7676b27efade3fe65615?s=96&d=mm&r=g\",\"contentUrl\":\"https:\/\/secure.gravatar.com\/avatar\/219e749e47ffbcca018a360ae4add7d4cdf1cdaaf8bc7676b27efade3fe65615?s=96&d=mm&r=g\",\"caption\":\"J.J.\"},\"url\":\"https:\/\/vosgesinfo.fr\/saintdieinfo\/author\/j-j\/\"}]}<\/script>\n<!-- \/ Yoast SEO plugin. -->","yoast_head_json":{"title":"Octobre Rose : les concerts solidaires des Bulles Roses reviennent pour une 7e \u00e9dition - Saint Die Info","robots":{"index":"index","follow":"follow","max-snippet":"max-snippet:-1","max-image-preview":"max-image-preview:large","max-video-preview":"max-video-preview:-1"},"canonical":"https:\/\/vosgesinfo.fr\/saintdieinfo\/2026\/09\/octobre-rose-les-concerts-solidaires-des-bulles-roses-reviennent-pour-une-7e-edition\/","twitter_card":"summary_large_image","twitter_title":"Octobre Rose : les concerts solidaires des Bulles Roses reviennent pour une 7e \u00e9dition - Saint Die Info","twitter_description":"Phoenix 66, Mojoko et DJ Toine sont \u00e0 l\u2019affiche de la 7e \u00e9dition des concerts solidaires des Bulles Roses. La [&hellip;]","twitter_image":"https:\/\/vosgesinfo.fr\/app\/uploads\/sites\/4\/2026\/09\/sainte-marguerite-programme-bulles-roses-2026-1.jpg","twitter_creator":"@VosgesInfo88","twitter_site":"@VosgesInfo88","twitter_misc":{"\u00c9crit par":"J.J.","Dur\u00e9e de lecture estim\u00e9e":"2 minutes"},"schema":{"@context":"https:\/\/schema.org","@graph":[{"@type":"Article","@id":"https:\/\/vosgesinfo.fr\/saintdieinfo\/2026\/09\/octobre-rose-les-concerts-solidaires-des-bulles-roses-reviennent-pour-une-7e-edition\/#article","isPartOf":{"@id":"https:\/\/vosgesinfo.fr\/saintdieinfo\/2026\/09\/octobre-rose-les-concerts-solidaires-des-bulles-roses-reviennent-pour-une-7e-edition\/"},"author":{"name":"J.J.","@id":"https:\/\/vosgesinfo.fr\/saintdieinfo\/#\/schema\/person\/fa73e9f726d67bb88f46d5b7943cb572"},"headline":"Octobre Rose : les concerts solidaires des Bulles Roses reviennent pour une 7e \u00e9dition","datePublished":"2026-09-02T15:03:34+00:00","dateModified":"2026-09-02T14:07:41+00:00","mainEntityOfPage":{"@id":"https:\/\/vosgesinfo.fr\/saintdieinfo\/2026\/09\/octobre-rose-les-concerts-solidaires-des-bulles-roses-reviennent-pour-une-7e-edition\/"},"wordCount":215,"commentCount":0,"publisher":{"@id":"https:\/\/vosgesinfo.fr\/saintdieinfo\/#organization"},"image":{"@id":"https:\/\/vosgesinfo.fr\/saintdieinfo\/2026\/09\/octobre-rose-les-concerts-solidaires-des-bulles-roses-reviennent-pour-une-7e-edition\/#primaryimage"},"thumbnailUrl":"https:\/\/vosgesinfo.fr\/app\/uploads\/sites\/4\/2026\/09\/sainte-marguerite-programme-bulles-roses-2026-1.jpg","keywords":["Bulles Roses","DJ Toine","Institut de Canc\u00e9rologie de Lorraine","Mojoko.","Phoenix 66","Salle des f\u00eates de Sainte-Marguerite"],"articleSection":["A la Une","Concert","D\u00e9odatie","Sant\u00e9","Solidarit\u00e9","Vie Associative"],"inLanguage":"fr-FR","potentialAction":[{"@type":"CommentAction","name":"Comment","target":["https:\/\/vosgesinfo.fr\/saintdieinfo\/2026\/09\/octobre-rose-les-concerts-solidaires-des-bulles-roses-reviennent-pour-une-7e-edition\/#respond"]}]},{"@type":"WebPage","@id":"https:\/\/vosgesinfo.fr\/saintdieinfo\/2026\/09\/octobre-rose-les-concerts-solidaires-des-bulles-roses-reviennent-pour-une-7e-edition\/","url":"https:\/\/vosgesinfo.fr\/saintdieinfo\/2026\/09\/octobre-rose-les-concerts-solidaires-des-bulles-roses-reviennent-pour-une-7e-edition\/","name":"Octobre Rose : les concerts solidaires des Bulles Roses reviennent pour une 7e \u00e9dition - Saint Die Info","isPartOf":{"@id":"https:\/\/vosgesinfo.fr\/saintdieinfo\/#website"},"primaryImageOfPage":{"@id":"https:\/\/vosgesinfo.fr\/saintdieinfo\/2026\/09\/octobre-rose-les-concerts-solidaires-des-bulles-roses-reviennent-pour-une-7e-edition\/#primaryimage"},"image":{"@id":"https:\/\/vosgesinfo.fr\/saintdieinfo\/2026\/09\/octobre-rose-les-concerts-solidaires-des-bulles-roses-reviennent-pour-une-7e-edition\/#primaryimage"},"thumbnailUrl":"https:\/\/vosgesinfo.fr\/app\/uploads\/sites\/4\/2026\/09\/sainte-marguerite-programme-bulles-roses-2026-1.jpg","datePublished":"2026-09-02T15:03:34+00:00","dateModified":"2026-09-02T14:07:41+00:00","breadcrumb":{"@id":"https:\/\/vosgesinfo.fr\/saintdieinfo\/2026\/09\/octobre-rose-les-concerts-solidaires-des-bulles-roses-reviennent-pour-une-7e-edition\/#breadcrumb"},"inLanguage":"fr-FR","potentialAction":[{"@type":"ReadAction","target":["https:\/\/vosgesinfo.fr\/saintdieinfo\/2026\/09\/octobre-rose-les-concerts-solidaires-des-bulles-roses-reviennent-pour-une-7e-edition\/"]}]},{"@type":"ImageObject","inLanguage":"fr-FR","@id":"https:\/\/vosgesinfo.fr\/saintdieinfo\/2026\/09\/octobre-rose-les-concerts-solidaires-des-bulles-roses-reviennent-pour-une-7e-edition\/#primaryimage","url":"https:\/\/vosgesinfo.fr\/app\/uploads\/sites\/4\/2026\/09\/sainte-marguerite-programme-bulles-roses-2026-1.jpg","contentUrl":"https:\/\/vosgesinfo.fr\/app\/uploads\/sites\/4\/2026\/09\/sainte-marguerite-programme-bulles-roses-2026-1.jpg","width":2048,"height":1072},{"@type":"BreadcrumbList","@id":"https:\/\/vosgesinfo.fr\/saintdieinfo\/2026\/09\/octobre-rose-les-concerts-solidaires-des-bulles-roses-reviennent-pour-une-7e-edition\/#breadcrumb","itemListElement":[{"@type":"ListItem","position":1,"name":"Home","item":"https:\/\/vosgesinfo.fr\/saintdieinfo\/"},{"@type":"ListItem","position":2,"name":"Octobre Rose : les concerts solidaires des Bulles Roses reviennent pour une 7e \u00e9dition"}]},{"@type":"WebSite","@id":"https:\/\/vosgesinfo.fr\/saintdieinfo\/#website","url":"https:\/\/vosgesinfo.fr\/saintdieinfo\/","name":"Saint Die Info","description":"Toute l&#039;actualit\u00e9 de Saint-Di\u00e9-Des-Vosges","publisher":{"@id":"https:\/\/vosgesinfo.fr\/saintdieinfo\/#organization"},"alternateName":"Toute l'actualit\u00e9 de Saint-Di\u00e9-Des-Vosges","potentialAction":[{"@type":"SearchAction","target":{"@type":"EntryPoint","urlTemplate":"https:\/\/vosgesinfo.fr\/saintdieinfo\/?s={search_term_string}"},"query-input":"required name=search_term_string"}],"inLanguage":"fr-FR"},{"@type":"Organization","@id":"https:\/\/vosgesinfo.fr\/saintdieinfo\/#organization","name":"Saint Die Info","url":"https:\/\/vosgesinfo.fr\/saintdieinfo\/","logo":{"@type":"ImageObject","inLanguage":"fr-FR","@id":"https:\/\/vosgesinfo.fr\/saintdieinfo\/#\/schema\/logo\/image\/","url":"https:\/\/vosgesinfo.fr\/app\/uploads\/sites\/4\/2024\/02\/logo-sdi.jpg","contentUrl":"https:\/\/vosgesinfo.fr\/app\/uploads\/sites\/4\/2024\/02\/logo-sdi.jpg","width":600,"height":600,"caption":"Saint Die Info"},"image":{"@id":"https:\/\/vosgesinfo.fr\/saintdieinfo\/#\/schema\/logo\/image\/"},"sameAs":["https:\/\/www.facebook.com\/Saintdieinfofr","https:\/\/x.com\/VosgesInfo88","https:\/\/www.youtube.com\/@vosgesinfo"]},{"@type":"Person","@id":"https:\/\/vosgesinfo.fr\/saintdieinfo\/#\/schema\/person\/fa73e9f726d67bb88f46d5b7943cb572","name":"J.J.","image":{"@type":"ImageObject","inLanguage":"fr-FR","@id":"https:\/\/vosgesinfo.fr\/saintdieinfo\/#\/schema\/person\/image\/","url":"https:\/\/secure.gravatar.com\/avatar\/219e749e47ffbcca018a360ae4add7d4cdf1cdaaf8bc7676b27efade3fe65615?s=96&d=mm&r=g","contentUrl":"https:\/\/secure.gravatar.com\/avatar\/219e749e47ffbcca018a360ae4add7d4cdf1cdaaf8bc7676b27efade3fe65615?s=96&d=mm&r=g","caption":"J.J."},"url":"https:\/\/vosgesinfo.fr\/saintdieinfo\/author\/j-j\/"}]}},"_links":{"self":[{"href":"https:\/\/vosgesinfo.fr\/saintdieinfo\/wp-json\/wp\/v2\/posts\/95677","targetHints":{"allow":["GET"]}}],"collection":[{"href":"https:\/\/vosgesinfo.fr\/saintdieinfo\/wp-json\/wp\/v2\/posts"}],"about":[{"href":"https:\/\/vosgesinfo.fr\/saintdieinfo\/wp-json\/wp\/v2\/types\/post"}],"author":[{"embeddable":true,"href":"https:\/\/vosgesinfo.fr\/saintdieinfo\/wp-json\/wp\/v2\/users\/46"}],"replies":[{"embeddable":true,"href":"https:\/\/vosgesinfo.fr\/saintdieinfo\/wp-json\/wp\/v2\/comments?post=95677"}],"version-history":[{"count":1,"href":"https:\/\/vosgesinfo.fr\/saintdieinfo\/wp-json\/wp\/v2\/posts\/95677\/revisions"}],"predecessor-version":[{"id":95693,"href":"https:\/\/vosgesinfo.fr\/saintdieinfo\/wp-json\/wp\/v2\/posts\/95677\/revisions\/95693"}],"wp:featuredmedia":[{"embeddable":true,"href":"https:\/\/vosgesinfo.fr\/saintdieinfo\/wp-json\/wp\/v2\/media\/95691"}],"wp:attachment":[{"href":"https:\/\/vosgesinfo.fr\/saintdieinfo\/wp-json\/wp\/v2\/media?parent=95677"}],"wp:term":[{"taxonomy":"category","embeddable":true,"href":"https:\/\/vosgesinfo.fr\/saintdieinfo\/wp-json\/wp\/v2\/categories?post=95677"},{"taxonomy":"post_tag","embeddable":true,"href":"https:\/\/vosgesinfo.fr\/saintdieinfo\/wp-json\/wp\/v2\/tags?post=95677"}],"curies":[{"name":"wp","href":"https:\/\/api.w.org\/{rel}","templated":true}]}}