{"id":95694,"date":"2026-09-02T17:33:38","date_gmt":"2026-09-02T15:33:38","guid":{"rendered":"https:\/\/vosgesinfo.fr\/saintdieinfo\/?p=95694"},"modified":"2026-09-02T17:17:31","modified_gmt":"2026-09-02T15:17:31","slug":"en-images-a-quoi-ressemble-la-rue-du-nouvel-hopital-apres-les-travaux","status":"publish","type":"post","link":"https:\/\/vosgesinfo.fr\/saintdieinfo\/2026\/09\/en-images-a-quoi-ressemble-la-rue-du-nouvel-hopital-apres-les-travaux\/","title":{"rendered":"En images : \u00e0 quoi ressemble la rue du Nouvel H\u00f4pital apr\u00e8s les travaux ?"},"content":{"rendered":"<p><a href=\"https:\/\/vosgesinfo.fr\/app\/uploads\/sites\/4\/2026\/09\/en-images-reouverture-rue-nouvel-hopital-14.jpg\"><img decoding=\"async\" class=\"alignnone size-large wp-image-95695\" src=\"https:\/\/vosgesinfo.fr\/app\/uploads\/sites\/4\/2026\/09\/en-images-reouverture-rue-nouvel-hopital-14-1024x771.jpg\" alt=\"\" width=\"1024\" height=\"771\" srcset=\"https:\/\/vosgesinfo.fr\/app\/uploads\/sites\/4\/2026\/09\/en-images-reouverture-rue-nouvel-hopital-14-1024x771.jpg 1024w, https:\/\/vosgesinfo.fr\/app\/uploads\/sites\/4\/2026\/09\/en-images-reouverture-rue-nouvel-hopital-14-300x226.jpg 300w, https:\/\/vosgesinfo.fr\/app\/uploads\/sites\/4\/2026\/09\/en-images-reouverture-rue-nouvel-hopital-14-768x578.jpg 768w, https:\/\/vosgesinfo.fr\/app\/uploads\/sites\/4\/2026\/09\/en-images-reouverture-rue-nouvel-hopital-14-1536x1157.jpg 1536w, https:\/\/vosgesinfo.fr\/app\/uploads\/sites\/4\/2026\/09\/en-images-reouverture-rue-nouvel-hopital-14.jpg 1920w\" sizes=\"(max-width: 1024px) 100vw, 1024px\" \/><\/a><\/p>\n<h2>La <strong>rue du Nouvel H\u00f4pital de Saint-Di\u00e9-des-Vosges<\/strong> est enfin rouverte \u00e0 la circulation des v\u00e9hicules, depuis ce <strong>lundi 31 ao\u00fbt<\/strong>, <a href=\"https:\/\/vosgesinfo.fr\/saintdieinfo\/2025\/06\/les-travaux-de-la-rue-du-nouvel-hopital-en-details\/\" target=\"_blank\" rel=\"noopener\">marquant la fin des <strong>travaux d\u00e9but\u00e9s au d\u00e9but de l\u2019\u00e9t\u00e9 2025<\/strong><\/a>. Le chantier s\u2019accompagne d\u2019une nouvelle organisation de la circulation et de plusieurs am\u00e9nagements sur cet axe. On vous montre en images le nouveau visage de cette <strong>art\u00e8re tr\u00e8s emprunt\u00e9e<\/strong>, qui relie l\u2019h\u00f4pital au centre-ville.<\/h2>\n<p><!--more--><\/p>\n<h3><strong>Sens de circulation, piste cyclable et zone 30<\/strong><\/h3>\n<p>La circulation est <strong>\u00e0 double sens entre la rue de Dijon et le n\u00b039 de la rue du Nouvel H\u00f4pital<\/strong>. \u00c0 partir de ce point, elle passe <strong>en sens unique en direction de la place de la Rochotte<\/strong>. Une <strong>piste cyclable montante<\/strong> a \u00e9galement \u00e9t\u00e9 cr\u00e9\u00e9e entre la place de la Rochotte et l\u2019acc\u00e8s aux urgences du <strong>Centre Hospitalier de Saint-Di\u00e9-des-Vosges<\/strong>. L\u2019arr\u00eat et le stationnement des v\u00e9hicules motoris\u00e9s y sont interdits.<\/p>\n<p>La <strong>zone 30 du centre-ville<\/strong> est par ailleurs \u00e9tendue \u00e0 la rue du Nouvel H\u00f4pital, ainsi qu\u2019au <strong>chemin des Bouquets<\/strong> et au <strong>chemin de la Promenade de Gratin<\/strong> au niveau de leurs carrefours avec cette rue.<\/p>\n<h3><strong>Feux tricolores, arr\u00eat de bus et cheminement pi\u00e9ton<\/strong><\/h3>\n<p>Des <strong>feux tricolores seront prochainement install\u00e9s<\/strong>\u00a0aux intersections avec le chemin de la Promenade de Gratin et le chemin des Bouquets, ainsi que rue du Nouvel H\u00f4pital apr\u00e8s le carrefour situ\u00e9 en haut du chemin des Bouquets. D\u2019autres feux seront \u00e9galement install\u00e9s rue du Nouvel H\u00f4pital, <strong>\u00e0 plusieurs endroits le long de l\u2019axe et fonctionnant avec les feux tricolores<\/strong>, afin d\u2019autoriser ou non la descente des riverains. \u00c0 noter \u00e9galement qu\u2019un <strong>arr\u00eat de bus a \u00e9t\u00e9 cr\u00e9\u00e9 devant le n\u00b029 de la rue.<\/strong><\/p>\n<p>Enfin, entre la <strong data-start=\"1649\" data-end=\"1673\">place de la Rochotte<\/strong> et le chemin de la Promenade de Gratin, les pi\u00e9tons doivent d\u00e9sormais emprunter exclusivement le <strong data-start=\"1771\" data-end=\"1815\">trottoir situ\u00e9 du c\u00f4t\u00e9 des num\u00e9ros pairs<\/strong>, la circulation \u00e9tant interdite sur celui du c\u00f4t\u00e9 impair. Des <strong data-start=\"1878\" data-end=\"1909\">c\u00e9dez-le-passage et un stop<\/strong> compl\u00e8tent la nouvelle signalisation aux diff\u00e9rents carrefours.<\/p>\n\n\t\t<style type=\"text\/css\">\n\t\t\t#gallery-1 {\n\t\t\t\tmargin: auto;\n\t\t\t}\n\t\t\t#gallery-1 .gallery-item {\n\t\t\t\tfloat: left;\n\t\t\t\tmargin-top: 10px;\n\t\t\t\ttext-align: center;\n\t\t\t\twidth: 33%;\n\t\t\t}\n\t\t\t#gallery-1 img {\n\t\t\t\tborder: 2px solid #cfcfcf;\n\t\t\t}\n\t\t\t#gallery-1 .gallery-caption {\n\t\t\t\tmargin-left: 0;\n\t\t\t}\n\t\t\t\/* see gallery_shortcode() in wp-includes\/media.php *\/\n\t\t<\/style>\n\t\t<div id='gallery-1' class='gallery galleryid-95694 gallery-columns-3 gallery-size-thumbnail'><dl class='gallery-item'>\n\t\t\t<dt class='gallery-icon landscape'>\n\t\t\t\t<a href='https:\/\/vosgesinfo.fr\/app\/uploads\/sites\/4\/2026\/09\/en-images-reouverture-rue-nouvel-hopital-1.jpg'><img decoding=\"async\" width=\"150\" height=\"150\" src=\"https:\/\/vosgesinfo.fr\/app\/uploads\/sites\/4\/2026\/09\/en-images-reouverture-rue-nouvel-hopital-1-150x150.jpg\" class=\"attachment-thumbnail size-thumbnail\" alt=\"\" \/><\/a>\n\t\t\t<\/dt><\/dl><dl class='gallery-item'>\n\t\t\t<dt class='gallery-icon landscape'>\n\t\t\t\t<a href='https:\/\/vosgesinfo.fr\/app\/uploads\/sites\/4\/2026\/09\/en-images-reouverture-rue-nouvel-hopital-2.jpg'><img decoding=\"async\" width=\"150\" height=\"150\" src=\"https:\/\/vosgesinfo.fr\/app\/uploads\/sites\/4\/2026\/09\/en-images-reouverture-rue-nouvel-hopital-2-150x150.jpg\" class=\"attachment-thumbnail size-thumbnail\" alt=\"\" \/><\/a>\n\t\t\t<\/dt><\/dl><dl class='gallery-item'>\n\t\t\t<dt class='gallery-icon landscape'>\n\t\t\t\t<a href='https:\/\/vosgesinfo.fr\/app\/uploads\/sites\/4\/2026\/09\/en-images-reouverture-rue-nouvel-hopital-3.jpg'><img decoding=\"async\" width=\"150\" height=\"150\" src=\"https:\/\/vosgesinfo.fr\/app\/uploads\/sites\/4\/2026\/09\/en-images-reouverture-rue-nouvel-hopital-3-150x150.jpg\" class=\"attachment-thumbnail size-thumbnail\" alt=\"\" \/><\/a>\n\t\t\t<\/dt><\/dl><br style=\"clear: both\" \/><dl class='gallery-item'>\n\t\t\t<dt class='gallery-icon landscape'>\n\t\t\t\t<a href='https:\/\/vosgesinfo.fr\/app\/uploads\/sites\/4\/2026\/09\/en-images-reouverture-rue-nouvel-hopital-4.jpg'><img decoding=\"async\" width=\"150\" height=\"150\" src=\"https:\/\/vosgesinfo.fr\/app\/uploads\/sites\/4\/2026\/09\/en-images-reouverture-rue-nouvel-hopital-4-150x150.jpg\" class=\"attachment-thumbnail size-thumbnail\" alt=\"\" \/><\/a>\n\t\t\t<\/dt><\/dl><dl class='gallery-item'>\n\t\t\t<dt class='gallery-icon landscape'>\n\t\t\t\t<a href='https:\/\/vosgesinfo.fr\/app\/uploads\/sites\/4\/2026\/09\/en-images-reouverture-rue-nouvel-hopital-5.jpg'><img decoding=\"async\" width=\"150\" height=\"150\" src=\"https:\/\/vosgesinfo.fr\/app\/uploads\/sites\/4\/2026\/09\/en-images-reouverture-rue-nouvel-hopital-5-150x150.jpg\" class=\"attachment-thumbnail size-thumbnail\" alt=\"\" \/><\/a>\n\t\t\t<\/dt><\/dl><dl class='gallery-item'>\n\t\t\t<dt class='gallery-icon landscape'>\n\t\t\t\t<a href='https:\/\/vosgesinfo.fr\/app\/uploads\/sites\/4\/2026\/09\/en-images-reouverture-rue-nouvel-hopital-6.jpg'><img decoding=\"async\" width=\"150\" height=\"150\" src=\"https:\/\/vosgesinfo.fr\/app\/uploads\/sites\/4\/2026\/09\/en-images-reouverture-rue-nouvel-hopital-6-150x150.jpg\" class=\"attachment-thumbnail size-thumbnail\" alt=\"\" \/><\/a>\n\t\t\t<\/dt><\/dl><br style=\"clear: both\" \/><dl class='gallery-item'>\n\t\t\t<dt class='gallery-icon landscape'>\n\t\t\t\t<a href='https:\/\/vosgesinfo.fr\/app\/uploads\/sites\/4\/2026\/09\/en-images-reouverture-rue-nouvel-hopital-7.jpg'><img decoding=\"async\" width=\"150\" height=\"150\" src=\"https:\/\/vosgesinfo.fr\/app\/uploads\/sites\/4\/2026\/09\/en-images-reouverture-rue-nouvel-hopital-7-150x150.jpg\" class=\"attachment-thumbnail size-thumbnail\" alt=\"\" \/><\/a>\n\t\t\t<\/dt><\/dl><dl class='gallery-item'>\n\t\t\t<dt class='gallery-icon landscape'>\n\t\t\t\t<a href='https:\/\/vosgesinfo.fr\/app\/uploads\/sites\/4\/2026\/09\/en-images-reouverture-rue-nouvel-hopital-8.jpg'><img decoding=\"async\" width=\"150\" height=\"150\" src=\"https:\/\/vosgesinfo.fr\/app\/uploads\/sites\/4\/2026\/09\/en-images-reouverture-rue-nouvel-hopital-8-150x150.jpg\" class=\"attachment-thumbnail size-thumbnail\" alt=\"\" \/><\/a>\n\t\t\t<\/dt><\/dl><dl class='gallery-item'>\n\t\t\t<dt class='gallery-icon landscape'>\n\t\t\t\t<a href='https:\/\/vosgesinfo.fr\/app\/uploads\/sites\/4\/2026\/09\/en-images-reouverture-rue-nouvel-hopital-9.jpg'><img decoding=\"async\" width=\"150\" height=\"150\" src=\"https:\/\/vosgesinfo.fr\/app\/uploads\/sites\/4\/2026\/09\/en-images-reouverture-rue-nouvel-hopital-9-150x150.jpg\" class=\"attachment-thumbnail size-thumbnail\" alt=\"\" \/><\/a>\n\t\t\t<\/dt><\/dl><br style=\"clear: both\" \/><dl class='gallery-item'>\n\t\t\t<dt class='gallery-icon landscape'>\n\t\t\t\t<a href='https:\/\/vosgesinfo.fr\/app\/uploads\/sites\/4\/2026\/09\/en-images-reouverture-rue-nouvel-hopital-10.jpg'><img decoding=\"async\" width=\"150\" height=\"150\" src=\"https:\/\/vosgesinfo.fr\/app\/uploads\/sites\/4\/2026\/09\/en-images-reouverture-rue-nouvel-hopital-10-150x150.jpg\" class=\"attachment-thumbnail size-thumbnail\" alt=\"\" \/><\/a>\n\t\t\t<\/dt><\/dl><dl class='gallery-item'>\n\t\t\t<dt class='gallery-icon landscape'>\n\t\t\t\t<a href='https:\/\/vosgesinfo.fr\/app\/uploads\/sites\/4\/2026\/09\/en-images-reouverture-rue-nouvel-hopital-12.jpg'><img decoding=\"async\" width=\"150\" height=\"150\" src=\"https:\/\/vosgesinfo.fr\/app\/uploads\/sites\/4\/2026\/09\/en-images-reouverture-rue-nouvel-hopital-12-150x150.jpg\" class=\"attachment-thumbnail size-thumbnail\" alt=\"\" \/><\/a>\n\t\t\t<\/dt><\/dl><dl class='gallery-item'>\n\t\t\t<dt class='gallery-icon landscape'>\n\t\t\t\t<a href='https:\/\/vosgesinfo.fr\/app\/uploads\/sites\/4\/2026\/09\/en-images-reouverture-rue-nouvel-hopital-13.jpg'><img decoding=\"async\" width=\"150\" height=\"150\" src=\"https:\/\/vosgesinfo.fr\/app\/uploads\/sites\/4\/2026\/09\/en-images-reouverture-rue-nouvel-hopital-13-150x150.jpg\" class=\"attachment-thumbnail size-thumbnail\" alt=\"\" \/><\/a>\n\t\t\t<\/dt><\/dl><br style=\"clear: both\" \/>\n\t\t<\/div>\n\n","protected":false},"excerpt":{"rendered":"<p>La rue du Nouvel H\u00f4pital de Saint-Di\u00e9-des-Vosges est enfin rouverte \u00e0 la circulation des v\u00e9hicules, depuis ce lundi 31 ao\u00fbt, [&hellip;]<\/p>\n","protected":false},"author":46,"featured_media":95695,"comment_status":"open","ping_status":"open","sticky":false,"template":"","format":"standard","meta":{"footnotes":""},"categories":[460,167],"tags":[3056,19452,15066,6239,22842],"class_list":["post-95694","post","type-post","status-publish","format-standard","has-post-thumbnail","hentry","category-a-la-une","category-saint-die-des-vosges","tag-centre-hospitalier-de-saint-die-des-vosges","tag-piste-cyclable","tag-place-de-la-rochotte","tag-rue-du-nouvel-hopital","tag-zone-30"],"acf":[],"yoast_head":"<!-- This site is optimized with the Yoast SEO plugin v22.5 - https:\/\/yoast.com\/wordpress\/plugins\/seo\/ -->\n<title>En images : \u00e0 quoi ressemble la rue du Nouvel H\u00f4pital apr\u00e8s les travaux ? - Saint Die Info<\/title>\n<meta name=\"robots\" content=\"index, follow, max-snippet:-1, max-image-preview:large, max-video-preview:-1\" \/>\n<link rel=\"canonical\" href=\"https:\/\/vosgesinfo.fr\/saintdieinfo\/2026\/09\/en-images-a-quoi-ressemble-la-rue-du-nouvel-hopital-apres-les-travaux\/\" \/>\n<meta name=\"twitter:card\" content=\"summary_large_image\" \/>\n<meta name=\"twitter:title\" content=\"En images : \u00e0 quoi ressemble la rue du Nouvel H\u00f4pital apr\u00e8s les travaux ? - Saint Die Info\" \/>\n<meta name=\"twitter:description\" content=\"La rue du Nouvel H\u00f4pital de Saint-Di\u00e9-des-Vosges est enfin rouverte \u00e0 la circulation des v\u00e9hicules, depuis ce lundi 31 ao\u00fbt, [&hellip;]\" \/>\n<meta name=\"twitter:image\" content=\"https:\/\/vosgesinfo.fr\/app\/uploads\/sites\/4\/2026\/09\/en-images-reouverture-rue-nouvel-hopital-14.jpg\" \/>\n<meta name=\"twitter:creator\" content=\"@VosgesInfo88\" \/>\n<meta name=\"twitter:site\" content=\"@VosgesInfo88\" \/>\n<meta name=\"twitter:label1\" content=\"\u00c9crit par\" \/>\n\t<meta name=\"twitter:data1\" content=\"J.J.\" \/>\n\t<meta name=\"twitter:label2\" content=\"Dur\u00e9e de lecture estim\u00e9e\" \/>\n\t<meta name=\"twitter:data2\" content=\"3 minutes\" \/>\n<script type=\"application\/ld+json\" class=\"yoast-schema-graph\">{\"@context\":\"https:\/\/schema.org\",\"@graph\":[{\"@type\":\"Article\",\"@id\":\"https:\/\/vosgesinfo.fr\/saintdieinfo\/2026\/09\/en-images-a-quoi-ressemble-la-rue-du-nouvel-hopital-apres-les-travaux\/#article\",\"isPartOf\":{\"@id\":\"https:\/\/vosgesinfo.fr\/saintdieinfo\/2026\/09\/en-images-a-quoi-ressemble-la-rue-du-nouvel-hopital-apres-les-travaux\/\"},\"author\":{\"name\":\"J.J.\",\"@id\":\"https:\/\/vosgesinfo.fr\/saintdieinfo\/#\/schema\/person\/fa73e9f726d67bb88f46d5b7943cb572\"},\"headline\":\"En images : \u00e0 quoi ressemble la rue du Nouvel H\u00f4pital apr\u00e8s les travaux ?\",\"datePublished\":\"2026-09-02T15:33:38+00:00\",\"dateModified\":\"2026-09-02T15:17:31+00:00\",\"mainEntityOfPage\":{\"@id\":\"https:\/\/vosgesinfo.fr\/saintdieinfo\/2026\/09\/en-images-a-quoi-ressemble-la-rue-du-nouvel-hopital-apres-les-travaux\/\"},\"wordCount\":376,\"commentCount\":0,\"publisher\":{\"@id\":\"https:\/\/vosgesinfo.fr\/saintdieinfo\/#organization\"},\"image\":{\"@id\":\"https:\/\/vosgesinfo.fr\/saintdieinfo\/2026\/09\/en-images-a-quoi-ressemble-la-rue-du-nouvel-hopital-apres-les-travaux\/#primaryimage\"},\"thumbnailUrl\":\"https:\/\/vosgesinfo.fr\/app\/uploads\/sites\/4\/2026\/09\/en-images-reouverture-rue-nouvel-hopital-14.jpg\",\"keywords\":[\"Centre Hospitalier de Saint-Di\u00e9-des-Vosges\",\"piste cyclable\",\"Place de la Rochotte\",\"Rue du Nouvel-H\u00f4pital\",\"zone 30\"],\"articleSection\":[\"A la Une\",\"Saint-Di\u00e9-des-Vosges\"],\"inLanguage\":\"fr-FR\",\"potentialAction\":[{\"@type\":\"CommentAction\",\"name\":\"Comment\",\"target\":[\"https:\/\/vosgesinfo.fr\/saintdieinfo\/2026\/09\/en-images-a-quoi-ressemble-la-rue-du-nouvel-hopital-apres-les-travaux\/#respond\"]}]},{\"@type\":\"WebPage\",\"@id\":\"https:\/\/vosgesinfo.fr\/saintdieinfo\/2026\/09\/en-images-a-quoi-ressemble-la-rue-du-nouvel-hopital-apres-les-travaux\/\",\"url\":\"https:\/\/vosgesinfo.fr\/saintdieinfo\/2026\/09\/en-images-a-quoi-ressemble-la-rue-du-nouvel-hopital-apres-les-travaux\/\",\"name\":\"En images : \u00e0 quoi ressemble la rue du Nouvel H\u00f4pital apr\u00e8s les travaux ? - Saint Die Info\",\"isPartOf\":{\"@id\":\"https:\/\/vosgesinfo.fr\/saintdieinfo\/#website\"},\"primaryImageOfPage\":{\"@id\":\"https:\/\/vosgesinfo.fr\/saintdieinfo\/2026\/09\/en-images-a-quoi-ressemble-la-rue-du-nouvel-hopital-apres-les-travaux\/#primaryimage\"},\"image\":{\"@id\":\"https:\/\/vosgesinfo.fr\/saintdieinfo\/2026\/09\/en-images-a-quoi-ressemble-la-rue-du-nouvel-hopital-apres-les-travaux\/#primaryimage\"},\"thumbnailUrl\":\"https:\/\/vosgesinfo.fr\/app\/uploads\/sites\/4\/2026\/09\/en-images-reouverture-rue-nouvel-hopital-14.jpg\",\"datePublished\":\"2026-09-02T15:33:38+00:00\",\"dateModified\":\"2026-09-02T15:17:31+00:00\",\"breadcrumb\":{\"@id\":\"https:\/\/vosgesinfo.fr\/saintdieinfo\/2026\/09\/en-images-a-quoi-ressemble-la-rue-du-nouvel-hopital-apres-les-travaux\/#breadcrumb\"},\"inLanguage\":\"fr-FR\",\"potentialAction\":[{\"@type\":\"ReadAction\",\"target\":[\"https:\/\/vosgesinfo.fr\/saintdieinfo\/2026\/09\/en-images-a-quoi-ressemble-la-rue-du-nouvel-hopital-apres-les-travaux\/\"]}]},{\"@type\":\"ImageObject\",\"inLanguage\":\"fr-FR\",\"@id\":\"https:\/\/vosgesinfo.fr\/saintdieinfo\/2026\/09\/en-images-a-quoi-ressemble-la-rue-du-nouvel-hopital-apres-les-travaux\/#primaryimage\",\"url\":\"https:\/\/vosgesinfo.fr\/app\/uploads\/sites\/4\/2026\/09\/en-images-reouverture-rue-nouvel-hopital-14.jpg\",\"contentUrl\":\"https:\/\/vosgesinfo.fr\/app\/uploads\/sites\/4\/2026\/09\/en-images-reouverture-rue-nouvel-hopital-14.jpg\",\"width\":1920,\"height\":1446},{\"@type\":\"BreadcrumbList\",\"@id\":\"https:\/\/vosgesinfo.fr\/saintdieinfo\/2026\/09\/en-images-a-quoi-ressemble-la-rue-du-nouvel-hopital-apres-les-travaux\/#breadcrumb\",\"itemListElement\":[{\"@type\":\"ListItem\",\"position\":1,\"name\":\"Home\",\"item\":\"https:\/\/vosgesinfo.fr\/saintdieinfo\/\"},{\"@type\":\"ListItem\",\"position\":2,\"name\":\"En images : \u00e0 quoi ressemble la rue du Nouvel H\u00f4pital apr\u00e8s les travaux ?\"}]},{\"@type\":\"WebSite\",\"@id\":\"https:\/\/vosgesinfo.fr\/saintdieinfo\/#website\",\"url\":\"https:\/\/vosgesinfo.fr\/saintdieinfo\/\",\"name\":\"Saint Die Info\",\"description\":\"Toute l&#039;actualit\u00e9 de Saint-Di\u00e9-Des-Vosges\",\"publisher\":{\"@id\":\"https:\/\/vosgesinfo.fr\/saintdieinfo\/#organization\"},\"alternateName\":\"Toute l'actualit\u00e9 de Saint-Di\u00e9-Des-Vosges\",\"potentialAction\":[{\"@type\":\"SearchAction\",\"target\":{\"@type\":\"EntryPoint\",\"urlTemplate\":\"https:\/\/vosgesinfo.fr\/saintdieinfo\/?s={search_term_string}\"},\"query-input\":\"required name=search_term_string\"}],\"inLanguage\":\"fr-FR\"},{\"@type\":\"Organization\",\"@id\":\"https:\/\/vosgesinfo.fr\/saintdieinfo\/#organization\",\"name\":\"Saint Die Info\",\"url\":\"https:\/\/vosgesinfo.fr\/saintdieinfo\/\",\"logo\":{\"@type\":\"ImageObject\",\"inLanguage\":\"fr-FR\",\"@id\":\"https:\/\/vosgesinfo.fr\/saintdieinfo\/#\/schema\/logo\/image\/\",\"url\":\"https:\/\/vosgesinfo.fr\/app\/uploads\/sites\/4\/2024\/02\/logo-sdi.jpg\",\"contentUrl\":\"https:\/\/vosgesinfo.fr\/app\/uploads\/sites\/4\/2024\/02\/logo-sdi.jpg\",\"width\":600,\"height\":600,\"caption\":\"Saint Die Info\"},\"image\":{\"@id\":\"https:\/\/vosgesinfo.fr\/saintdieinfo\/#\/schema\/logo\/image\/\"},\"sameAs\":[\"https:\/\/www.facebook.com\/Saintdieinfofr\",\"https:\/\/x.com\/VosgesInfo88\",\"https:\/\/www.youtube.com\/@vosgesinfo\"]},{\"@type\":\"Person\",\"@id\":\"https:\/\/vosgesinfo.fr\/saintdieinfo\/#\/schema\/person\/fa73e9f726d67bb88f46d5b7943cb572\",\"name\":\"J.J.\",\"image\":{\"@type\":\"ImageObject\",\"inLanguage\":\"fr-FR\",\"@id\":\"https:\/\/vosgesinfo.fr\/saintdieinfo\/#\/schema\/person\/image\/\",\"url\":\"https:\/\/secure.gravatar.com\/avatar\/219e749e47ffbcca018a360ae4add7d4cdf1cdaaf8bc7676b27efade3fe65615?s=96&d=mm&r=g\",\"contentUrl\":\"https:\/\/secure.gravatar.com\/avatar\/219e749e47ffbcca018a360ae4add7d4cdf1cdaaf8bc7676b27efade3fe65615?s=96&d=mm&r=g\",\"caption\":\"J.J.\"},\"url\":\"https:\/\/vosgesinfo.fr\/saintdieinfo\/author\/j-j\/\"}]}<\/script>\n<!-- \/ Yoast SEO plugin. -->","yoast_head_json":{"title":"En images : \u00e0 quoi ressemble la rue du Nouvel H\u00f4pital apr\u00e8s les travaux ? - Saint Die Info","robots":{"index":"index","follow":"follow","max-snippet":"max-snippet:-1","max-image-preview":"max-image-preview:large","max-video-preview":"max-video-preview:-1"},"canonical":"https:\/\/vosgesinfo.fr\/saintdieinfo\/2026\/09\/en-images-a-quoi-ressemble-la-rue-du-nouvel-hopital-apres-les-travaux\/","twitter_card":"summary_large_image","twitter_title":"En images : \u00e0 quoi ressemble la rue du Nouvel H\u00f4pital apr\u00e8s les travaux ? - Saint Die Info","twitter_description":"La rue du Nouvel H\u00f4pital de Saint-Di\u00e9-des-Vosges est enfin rouverte \u00e0 la circulation des v\u00e9hicules, depuis ce lundi 31 ao\u00fbt, [&hellip;]","twitter_image":"https:\/\/vosgesinfo.fr\/app\/uploads\/sites\/4\/2026\/09\/en-images-reouverture-rue-nouvel-hopital-14.jpg","twitter_creator":"@VosgesInfo88","twitter_site":"@VosgesInfo88","twitter_misc":{"\u00c9crit par":"J.J.","Dur\u00e9e de lecture estim\u00e9e":"3 minutes"},"schema":{"@context":"https:\/\/schema.org","@graph":[{"@type":"Article","@id":"https:\/\/vosgesinfo.fr\/saintdieinfo\/2026\/09\/en-images-a-quoi-ressemble-la-rue-du-nouvel-hopital-apres-les-travaux\/#article","isPartOf":{"@id":"https:\/\/vosgesinfo.fr\/saintdieinfo\/2026\/09\/en-images-a-quoi-ressemble-la-rue-du-nouvel-hopital-apres-les-travaux\/"},"author":{"name":"J.J.","@id":"https:\/\/vosgesinfo.fr\/saintdieinfo\/#\/schema\/person\/fa73e9f726d67bb88f46d5b7943cb572"},"headline":"En images : \u00e0 quoi ressemble la rue du Nouvel H\u00f4pital apr\u00e8s les travaux ?","datePublished":"2026-09-02T15:33:38+00:00","dateModified":"2026-09-02T15:17:31+00:00","mainEntityOfPage":{"@id":"https:\/\/vosgesinfo.fr\/saintdieinfo\/2026\/09\/en-images-a-quoi-ressemble-la-rue-du-nouvel-hopital-apres-les-travaux\/"},"wordCount":376,"commentCount":0,"publisher":{"@id":"https:\/\/vosgesinfo.fr\/saintdieinfo\/#organization"},"image":{"@id":"https:\/\/vosgesinfo.fr\/saintdieinfo\/2026\/09\/en-images-a-quoi-ressemble-la-rue-du-nouvel-hopital-apres-les-travaux\/#primaryimage"},"thumbnailUrl":"https:\/\/vosgesinfo.fr\/app\/uploads\/sites\/4\/2026\/09\/en-images-reouverture-rue-nouvel-hopital-14.jpg","keywords":["Centre Hospitalier de Saint-Di\u00e9-des-Vosges","piste cyclable","Place de la Rochotte","Rue du Nouvel-H\u00f4pital","zone 30"],"articleSection":["A la Une","Saint-Di\u00e9-des-Vosges"],"inLanguage":"fr-FR","potentialAction":[{"@type":"CommentAction","name":"Comment","target":["https:\/\/vosgesinfo.fr\/saintdieinfo\/2026\/09\/en-images-a-quoi-ressemble-la-rue-du-nouvel-hopital-apres-les-travaux\/#respond"]}]},{"@type":"WebPage","@id":"https:\/\/vosgesinfo.fr\/saintdieinfo\/2026\/09\/en-images-a-quoi-ressemble-la-rue-du-nouvel-hopital-apres-les-travaux\/","url":"https:\/\/vosgesinfo.fr\/saintdieinfo\/2026\/09\/en-images-a-quoi-ressemble-la-rue-du-nouvel-hopital-apres-les-travaux\/","name":"En images : \u00e0 quoi ressemble la rue du Nouvel H\u00f4pital apr\u00e8s les travaux ? - Saint Die Info","isPartOf":{"@id":"https:\/\/vosgesinfo.fr\/saintdieinfo\/#website"},"primaryImageOfPage":{"@id":"https:\/\/vosgesinfo.fr\/saintdieinfo\/2026\/09\/en-images-a-quoi-ressemble-la-rue-du-nouvel-hopital-apres-les-travaux\/#primaryimage"},"image":{"@id":"https:\/\/vosgesinfo.fr\/saintdieinfo\/2026\/09\/en-images-a-quoi-ressemble-la-rue-du-nouvel-hopital-apres-les-travaux\/#primaryimage"},"thumbnailUrl":"https:\/\/vosgesinfo.fr\/app\/uploads\/sites\/4\/2026\/09\/en-images-reouverture-rue-nouvel-hopital-14.jpg","datePublished":"2026-09-02T15:33:38+00:00","dateModified":"2026-09-02T15:17:31+00:00","breadcrumb":{"@id":"https:\/\/vosgesinfo.fr\/saintdieinfo\/2026\/09\/en-images-a-quoi-ressemble-la-rue-du-nouvel-hopital-apres-les-travaux\/#breadcrumb"},"inLanguage":"fr-FR","potentialAction":[{"@type":"ReadAction","target":["https:\/\/vosgesinfo.fr\/saintdieinfo\/2026\/09\/en-images-a-quoi-ressemble-la-rue-du-nouvel-hopital-apres-les-travaux\/"]}]},{"@type":"ImageObject","inLanguage":"fr-FR","@id":"https:\/\/vosgesinfo.fr\/saintdieinfo\/2026\/09\/en-images-a-quoi-ressemble-la-rue-du-nouvel-hopital-apres-les-travaux\/#primaryimage","url":"https:\/\/vosgesinfo.fr\/app\/uploads\/sites\/4\/2026\/09\/en-images-reouverture-rue-nouvel-hopital-14.jpg","contentUrl":"https:\/\/vosgesinfo.fr\/app\/uploads\/sites\/4\/2026\/09\/en-images-reouverture-rue-nouvel-hopital-14.jpg","width":1920,"height":1446},{"@type":"BreadcrumbList","@id":"https:\/\/vosgesinfo.fr\/saintdieinfo\/2026\/09\/en-images-a-quoi-ressemble-la-rue-du-nouvel-hopital-apres-les-travaux\/#breadcrumb","itemListElement":[{"@type":"ListItem","position":1,"name":"Home","item":"https:\/\/vosgesinfo.fr\/saintdieinfo\/"},{"@type":"ListItem","position":2,"name":"En images : \u00e0 quoi ressemble la rue du Nouvel H\u00f4pital apr\u00e8s les travaux ?"}]},{"@type":"WebSite","@id":"https:\/\/vosgesinfo.fr\/saintdieinfo\/#website","url":"https:\/\/vosgesinfo.fr\/saintdieinfo\/","name":"Saint Die Info","description":"Toute l&#039;actualit\u00e9 de Saint-Di\u00e9-Des-Vosges","publisher":{"@id":"https:\/\/vosgesinfo.fr\/saintdieinfo\/#organization"},"alternateName":"Toute l'actualit\u00e9 de Saint-Di\u00e9-Des-Vosges","potentialAction":[{"@type":"SearchAction","target":{"@type":"EntryPoint","urlTemplate":"https:\/\/vosgesinfo.fr\/saintdieinfo\/?s={search_term_string}"},"query-input":"required name=search_term_string"}],"inLanguage":"fr-FR"},{"@type":"Organization","@id":"https:\/\/vosgesinfo.fr\/saintdieinfo\/#organization","name":"Saint Die Info","url":"https:\/\/vosgesinfo.fr\/saintdieinfo\/","logo":{"@type":"ImageObject","inLanguage":"fr-FR","@id":"https:\/\/vosgesinfo.fr\/saintdieinfo\/#\/schema\/logo\/image\/","url":"https:\/\/vosgesinfo.fr\/app\/uploads\/sites\/4\/2024\/02\/logo-sdi.jpg","contentUrl":"https:\/\/vosgesinfo.fr\/app\/uploads\/sites\/4\/2024\/02\/logo-sdi.jpg","width":600,"height":600,"caption":"Saint Die Info"},"image":{"@id":"https:\/\/vosgesinfo.fr\/saintdieinfo\/#\/schema\/logo\/image\/"},"sameAs":["https:\/\/www.facebook.com\/Saintdieinfofr","https:\/\/x.com\/VosgesInfo88","https:\/\/www.youtube.com\/@vosgesinfo"]},{"@type":"Person","@id":"https:\/\/vosgesinfo.fr\/saintdieinfo\/#\/schema\/person\/fa73e9f726d67bb88f46d5b7943cb572","name":"J.J.","image":{"@type":"ImageObject","inLanguage":"fr-FR","@id":"https:\/\/vosgesinfo.fr\/saintdieinfo\/#\/schema\/person\/image\/","url":"https:\/\/secure.gravatar.com\/avatar\/219e749e47ffbcca018a360ae4add7d4cdf1cdaaf8bc7676b27efade3fe65615?s=96&d=mm&r=g","contentUrl":"https:\/\/secure.gravatar.com\/avatar\/219e749e47ffbcca018a360ae4add7d4cdf1cdaaf8bc7676b27efade3fe65615?s=96&d=mm&r=g","caption":"J.J."},"url":"https:\/\/vosgesinfo.fr\/saintdieinfo\/author\/j-j\/"}]}},"_links":{"self":[{"href":"https:\/\/vosgesinfo.fr\/saintdieinfo\/wp-json\/wp\/v2\/posts\/95694","targetHints":{"allow":["GET"]}}],"collection":[{"href":"https:\/\/vosgesinfo.fr\/saintdieinfo\/wp-json\/wp\/v2\/posts"}],"about":[{"href":"https:\/\/vosgesinfo.fr\/saintdieinfo\/wp-json\/wp\/v2\/types\/post"}],"author":[{"embeddable":true,"href":"https:\/\/vosgesinfo.fr\/saintdieinfo\/wp-json\/wp\/v2\/users\/46"}],"replies":[{"embeddable":true,"href":"https:\/\/vosgesinfo.fr\/saintdieinfo\/wp-json\/wp\/v2\/comments?post=95694"}],"version-history":[{"count":2,"href":"https:\/\/vosgesinfo.fr\/saintdieinfo\/wp-json\/wp\/v2\/posts\/95694\/revisions"}],"predecessor-version":[{"id":95697,"href":"https:\/\/vosgesinfo.fr\/saintdieinfo\/wp-json\/wp\/v2\/posts\/95694\/revisions\/95697"}],"wp:featuredmedia":[{"embeddable":true,"href":"https:\/\/vosgesinfo.fr\/saintdieinfo\/wp-json\/wp\/v2\/media\/95695"}],"wp:attachment":[{"href":"https:\/\/vosgesinfo.fr\/saintdieinfo\/wp-json\/wp\/v2\/media?parent=95694"}],"wp:term":[{"taxonomy":"category","embeddable":true,"href":"https:\/\/vosgesinfo.fr\/saintdieinfo\/wp-json\/wp\/v2\/categories?post=95694"},{"taxonomy":"post_tag","embeddable":true,"href":"https:\/\/vosgesinfo.fr\/saintdieinfo\/wp-json\/wp\/v2\/tags?post=95694"}],"curies":[{"name":"wp","href":"https:\/\/api.w.org\/{rel}","templated":true}]}}