{"id":95704,"date":"2026-09-03T09:03:49","date_gmt":"2026-09-03T07:03:49","guid":{"rendered":"https:\/\/vosgesinfo.fr\/saintdieinfo\/?p=95704"},"modified":"2026-09-03T09:00:08","modified_gmt":"2026-09-03T07:00:08","slug":"la-legende-de-la-fee-polybotte-va-reprendre-vie-a-vanifosse-pour-halloween","status":"publish","type":"post","link":"https:\/\/vosgesinfo.fr\/saintdieinfo\/2026\/09\/la-legende-de-la-fee-polybotte-va-reprendre-vie-a-vanifosse-pour-halloween\/","title":{"rendered":"La l\u00e9gende de la F\u00e9e Polybotte va reprendre vie \u00e0 Vanifosse pour Halloween"},"content":{"rendered":"<div id=\"attachment_95706\" style=\"width: 1034px\" class=\"wp-caption alignnone\"><a href=\"https:\/\/vosgesinfo.fr\/app\/uploads\/sites\/4\/2026\/09\/vanifosse-soiree-halloween-lapg-fee-polybotte.jpg\"><img decoding=\"async\" aria-describedby=\"caption-attachment-95706\" class=\"size-large wp-image-95706\" src=\"https:\/\/vosgesinfo.fr\/app\/uploads\/sites\/4\/2026\/09\/vanifosse-soiree-halloween-lapg-fee-polybotte-1024x576.jpg\" alt=\"\" width=\"1024\" height=\"576\" srcset=\"https:\/\/vosgesinfo.fr\/app\/uploads\/sites\/4\/2026\/09\/vanifosse-soiree-halloween-lapg-fee-polybotte-1024x576.jpg 1024w, https:\/\/vosgesinfo.fr\/app\/uploads\/sites\/4\/2026\/09\/vanifosse-soiree-halloween-lapg-fee-polybotte-300x169.jpg 300w, https:\/\/vosgesinfo.fr\/app\/uploads\/sites\/4\/2026\/09\/vanifosse-soiree-halloween-lapg-fee-polybotte-768x432.jpg 768w, https:\/\/vosgesinfo.fr\/app\/uploads\/sites\/4\/2026\/09\/vanifosse-soiree-halloween-lapg-fee-polybotte-1536x864.jpg 1536w, https:\/\/vosgesinfo.fr\/app\/uploads\/sites\/4\/2026\/09\/vanifosse-soiree-halloween-lapg-fee-polybotte.jpg 1672w\" sizes=\"(max-width: 1024px) 100vw, 1024px\" \/><\/a><p id=\"caption-attachment-95706\" class=\"wp-caption-text\">Illustration. (Image IA)<\/p><\/div>\n<h2>Apr\u00e8s le succ\u00e8s cet \u00e9t\u00e9 des <strong>Feux de la Saint-Jean<\/strong> version <strong>\u00ab\u00a0Pirates des Cara\u00efbes\u00a0\u00bb<\/strong>, l\u2019<strong>Atelier des Petits Gnomes \u2013 LAPG<\/strong> \u2013 pr\u00e9pare un nouveau rendez-vous \u00e0 <strong>Vanifosse<\/strong> avec la <strong>3e F\u00eate de l\u2019Automne et des L\u00e9gendes des Vosges<\/strong>, organis\u00e9e le <strong>samedi 24 octobre<\/strong> sur la commune de <strong>Pair-et-Grandrupt<\/strong> (route de la Voivrelle). La l\u00e9gende vosgienne de la <strong>F\u00e9e Polybotte<\/strong> y reprendra notamment vie dans une version revisit\u00e9e pour Halloween. La soir\u00e9e, destin\u00e9e aux enfants comme aux adultes, d\u00e9butera d\u00e8s 17 h.<\/h2>\n<p><!--more--><\/p>\n<h3><strong>Un march\u00e9 d\u2019automne et un concours de citrouilles<\/strong><\/h3>\n<p>D\u00e8s l\u2019ouverture, <strong>une trentaine d\u2019exposants<\/strong> prendront place pour un <strong>march\u00e9 artisanal d\u2019automne<\/strong> install\u00e9 dans une for\u00eat f\u00e9\u00e9rique et myst\u00e9rieuse. \u00c0 18 h, les <strong>enfants jusqu\u2019\u00e0 14 ans<\/strong> pourront participer au concours de citrouilles creus\u00e9es. Des lots r\u00e9compenseront les citrouilles jug\u00e9es les plus \u00ab horriblement belles \u00bb.<\/p>\n<h3><strong>La l\u00e9gende de la F\u00e9e Polybotte revisit\u00e9e<\/strong><\/h3>\n<p>C\u2019est sur les coups de 20 h 15 que d\u00e9butera la <strong>com\u00e9die musicale son et lumi\u00e8re \u00ab\u00a0La F\u00e9e Polybotte et la proph\u00e9tie des Lanternes\u00a0\u00bb<\/strong>. <strong>Pr\u00e8s de 30 acteurs, figurants, chanteurs et danseurs<\/strong> issus des <strong>Mistinguet\u2019s de Plainfaing<\/strong>, des <strong>Balladins du Ban de Ban-de-Laveline<\/strong> et de l\u2019Atelier des Petits Gnomes participeront au spectacle.<\/p>\n<p>Tout au long de la soir\u00e9e, restauration, food-trucks, buvette, bar \u00e0 bonbons d\u2019Halloween et gourmandises sucr\u00e9es seront propos\u00e9s sur place. En sachant que les visiteurs sont \u00e9galement <strong>invit\u00e9s \u00e0 venir d\u00e9guis\u00e9s<\/strong>. L\u2019entr\u00e9e est fix\u00e9e \u00e0 <strong>5 euros<\/strong> et sera <strong>gratuite pour les enfants de moins de 10 ans<\/strong>.<\/p>\n","protected":false},"excerpt":{"rendered":"<p>Apr\u00e8s le succ\u00e8s cet \u00e9t\u00e9 des Feux de la Saint-Jean version \u00ab\u00a0Pirates des Cara\u00efbes\u00a0\u00bb, l\u2019Atelier des Petits Gnomes \u2013 LAPG [&hellip;]<\/p>\n","protected":false},"author":46,"featured_media":95706,"comment_status":"open","ping_status":"open","sticky":false,"template":"","format":"standard","meta":{"footnotes":""},"categories":[460,3903,20,17],"tags":[18333,22847,18332,3645,17113],"class_list":["post-95704","post","type-post","status-publish","format-standard","has-post-thumbnail","hentry","category-a-la-une","category-deodatie","category-loisirs","category-vie-associative","tag-atelier-des-petits-gnomes","tag-fee-polybotte","tag-fete-de-lautomne-et-des-legendes-des-vosges","tag-pair-et-grandrupt","tag-vanifosse"],"acf":[],"yoast_head":"<!-- This site is optimized with the Yoast SEO plugin v22.5 - https:\/\/yoast.com\/wordpress\/plugins\/seo\/ -->\n<title>La l\u00e9gende de la F\u00e9e Polybotte va reprendre vie \u00e0 Vanifosse pour Halloween - Saint Die Info<\/title>\n<meta name=\"robots\" content=\"index, follow, max-snippet:-1, max-image-preview:large, max-video-preview:-1\" \/>\n<link rel=\"canonical\" href=\"https:\/\/vosgesinfo.fr\/saintdieinfo\/2026\/09\/la-legende-de-la-fee-polybotte-va-reprendre-vie-a-vanifosse-pour-halloween\/\" \/>\n<meta name=\"twitter:card\" content=\"summary_large_image\" \/>\n<meta name=\"twitter:title\" content=\"La l\u00e9gende de la F\u00e9e Polybotte va reprendre vie \u00e0 Vanifosse pour Halloween - Saint Die Info\" \/>\n<meta name=\"twitter:description\" content=\"Apr\u00e8s le succ\u00e8s cet \u00e9t\u00e9 des Feux de la Saint-Jean version \u00ab\u00a0Pirates des Cara\u00efbes\u00a0\u00bb, l\u2019Atelier des Petits Gnomes \u2013 LAPG [&hellip;]\" \/>\n<meta name=\"twitter:image\" content=\"https:\/\/vosgesinfo.fr\/app\/uploads\/sites\/4\/2026\/09\/vanifosse-soiree-halloween-lapg-fee-polybotte.jpg\" \/>\n<meta name=\"twitter:creator\" content=\"@VosgesInfo88\" \/>\n<meta name=\"twitter:site\" content=\"@VosgesInfo88\" \/>\n<meta name=\"twitter:label1\" content=\"\u00c9crit par\" \/>\n\t<meta name=\"twitter:data1\" content=\"J.J.\" \/>\n\t<meta name=\"twitter:label2\" content=\"Dur\u00e9e de lecture estim\u00e9e\" \/>\n\t<meta name=\"twitter:data2\" content=\"2 minutes\" \/>\n<script type=\"application\/ld+json\" class=\"yoast-schema-graph\">{\"@context\":\"https:\/\/schema.org\",\"@graph\":[{\"@type\":\"Article\",\"@id\":\"https:\/\/vosgesinfo.fr\/saintdieinfo\/2026\/09\/la-legende-de-la-fee-polybotte-va-reprendre-vie-a-vanifosse-pour-halloween\/#article\",\"isPartOf\":{\"@id\":\"https:\/\/vosgesinfo.fr\/saintdieinfo\/2026\/09\/la-legende-de-la-fee-polybotte-va-reprendre-vie-a-vanifosse-pour-halloween\/\"},\"author\":{\"name\":\"J.J.\",\"@id\":\"https:\/\/vosgesinfo.fr\/saintdieinfo\/#\/schema\/person\/fa73e9f726d67bb88f46d5b7943cb572\"},\"headline\":\"La l\u00e9gende de la F\u00e9e Polybotte va reprendre vie \u00e0 Vanifosse pour Halloween\",\"datePublished\":\"2026-09-03T07:03:49+00:00\",\"dateModified\":\"2026-09-03T07:00:08+00:00\",\"mainEntityOfPage\":{\"@id\":\"https:\/\/vosgesinfo.fr\/saintdieinfo\/2026\/09\/la-legende-de-la-fee-polybotte-va-reprendre-vie-a-vanifosse-pour-halloween\/\"},\"wordCount\":297,\"commentCount\":0,\"publisher\":{\"@id\":\"https:\/\/vosgesinfo.fr\/saintdieinfo\/#organization\"},\"image\":{\"@id\":\"https:\/\/vosgesinfo.fr\/saintdieinfo\/2026\/09\/la-legende-de-la-fee-polybotte-va-reprendre-vie-a-vanifosse-pour-halloween\/#primaryimage\"},\"thumbnailUrl\":\"https:\/\/vosgesinfo.fr\/app\/uploads\/sites\/4\/2026\/09\/vanifosse-soiree-halloween-lapg-fee-polybotte.jpg\",\"keywords\":[\"Atelier des Petits Gnomes\",\"F\u00e9e Polybotte\",\"F\u00eate de l\u2019Automne et des L\u00e9gendes des Vosges\",\"Pair-et-Grandrupt\",\"Vanifosse\"],\"articleSection\":[\"A la Une\",\"D\u00e9odatie\",\"Loisirs\",\"Vie Associative\"],\"inLanguage\":\"fr-FR\",\"potentialAction\":[{\"@type\":\"CommentAction\",\"name\":\"Comment\",\"target\":[\"https:\/\/vosgesinfo.fr\/saintdieinfo\/2026\/09\/la-legende-de-la-fee-polybotte-va-reprendre-vie-a-vanifosse-pour-halloween\/#respond\"]}]},{\"@type\":\"WebPage\",\"@id\":\"https:\/\/vosgesinfo.fr\/saintdieinfo\/2026\/09\/la-legende-de-la-fee-polybotte-va-reprendre-vie-a-vanifosse-pour-halloween\/\",\"url\":\"https:\/\/vosgesinfo.fr\/saintdieinfo\/2026\/09\/la-legende-de-la-fee-polybotte-va-reprendre-vie-a-vanifosse-pour-halloween\/\",\"name\":\"La l\u00e9gende de la F\u00e9e Polybotte va reprendre vie \u00e0 Vanifosse pour Halloween - Saint Die Info\",\"isPartOf\":{\"@id\":\"https:\/\/vosgesinfo.fr\/saintdieinfo\/#website\"},\"primaryImageOfPage\":{\"@id\":\"https:\/\/vosgesinfo.fr\/saintdieinfo\/2026\/09\/la-legende-de-la-fee-polybotte-va-reprendre-vie-a-vanifosse-pour-halloween\/#primaryimage\"},\"image\":{\"@id\":\"https:\/\/vosgesinfo.fr\/saintdieinfo\/2026\/09\/la-legende-de-la-fee-polybotte-va-reprendre-vie-a-vanifosse-pour-halloween\/#primaryimage\"},\"thumbnailUrl\":\"https:\/\/vosgesinfo.fr\/app\/uploads\/sites\/4\/2026\/09\/vanifosse-soiree-halloween-lapg-fee-polybotte.jpg\",\"datePublished\":\"2026-09-03T07:03:49+00:00\",\"dateModified\":\"2026-09-03T07:00:08+00:00\",\"breadcrumb\":{\"@id\":\"https:\/\/vosgesinfo.fr\/saintdieinfo\/2026\/09\/la-legende-de-la-fee-polybotte-va-reprendre-vie-a-vanifosse-pour-halloween\/#breadcrumb\"},\"inLanguage\":\"fr-FR\",\"potentialAction\":[{\"@type\":\"ReadAction\",\"target\":[\"https:\/\/vosgesinfo.fr\/saintdieinfo\/2026\/09\/la-legende-de-la-fee-polybotte-va-reprendre-vie-a-vanifosse-pour-halloween\/\"]}]},{\"@type\":\"ImageObject\",\"inLanguage\":\"fr-FR\",\"@id\":\"https:\/\/vosgesinfo.fr\/saintdieinfo\/2026\/09\/la-legende-de-la-fee-polybotte-va-reprendre-vie-a-vanifosse-pour-halloween\/#primaryimage\",\"url\":\"https:\/\/vosgesinfo.fr\/app\/uploads\/sites\/4\/2026\/09\/vanifosse-soiree-halloween-lapg-fee-polybotte.jpg\",\"contentUrl\":\"https:\/\/vosgesinfo.fr\/app\/uploads\/sites\/4\/2026\/09\/vanifosse-soiree-halloween-lapg-fee-polybotte.jpg\",\"width\":1672,\"height\":941,\"caption\":\"Illustration. (Image IA)\"},{\"@type\":\"BreadcrumbList\",\"@id\":\"https:\/\/vosgesinfo.fr\/saintdieinfo\/2026\/09\/la-legende-de-la-fee-polybotte-va-reprendre-vie-a-vanifosse-pour-halloween\/#breadcrumb\",\"itemListElement\":[{\"@type\":\"ListItem\",\"position\":1,\"name\":\"Home\",\"item\":\"https:\/\/vosgesinfo.fr\/saintdieinfo\/\"},{\"@type\":\"ListItem\",\"position\":2,\"name\":\"La l\u00e9gende de la F\u00e9e Polybotte va reprendre vie \u00e0 Vanifosse pour Halloween\"}]},{\"@type\":\"WebSite\",\"@id\":\"https:\/\/vosgesinfo.fr\/saintdieinfo\/#website\",\"url\":\"https:\/\/vosgesinfo.fr\/saintdieinfo\/\",\"name\":\"Saint Die Info\",\"description\":\"Toute l&#039;actualit\u00e9 de Saint-Di\u00e9-Des-Vosges\",\"publisher\":{\"@id\":\"https:\/\/vosgesinfo.fr\/saintdieinfo\/#organization\"},\"alternateName\":\"Toute l'actualit\u00e9 de Saint-Di\u00e9-Des-Vosges\",\"potentialAction\":[{\"@type\":\"SearchAction\",\"target\":{\"@type\":\"EntryPoint\",\"urlTemplate\":\"https:\/\/vosgesinfo.fr\/saintdieinfo\/?s={search_term_string}\"},\"query-input\":\"required name=search_term_string\"}],\"inLanguage\":\"fr-FR\"},{\"@type\":\"Organization\",\"@id\":\"https:\/\/vosgesinfo.fr\/saintdieinfo\/#organization\",\"name\":\"Saint Die Info\",\"url\":\"https:\/\/vosgesinfo.fr\/saintdieinfo\/\",\"logo\":{\"@type\":\"ImageObject\",\"inLanguage\":\"fr-FR\",\"@id\":\"https:\/\/vosgesinfo.fr\/saintdieinfo\/#\/schema\/logo\/image\/\",\"url\":\"https:\/\/vosgesinfo.fr\/app\/uploads\/sites\/4\/2024\/02\/logo-sdi.jpg\",\"contentUrl\":\"https:\/\/vosgesinfo.fr\/app\/uploads\/sites\/4\/2024\/02\/logo-sdi.jpg\",\"width\":600,\"height\":600,\"caption\":\"Saint Die Info\"},\"image\":{\"@id\":\"https:\/\/vosgesinfo.fr\/saintdieinfo\/#\/schema\/logo\/image\/\"},\"sameAs\":[\"https:\/\/www.facebook.com\/Saintdieinfofr\",\"https:\/\/x.com\/VosgesInfo88\",\"https:\/\/www.youtube.com\/@vosgesinfo\"]},{\"@type\":\"Person\",\"@id\":\"https:\/\/vosgesinfo.fr\/saintdieinfo\/#\/schema\/person\/fa73e9f726d67bb88f46d5b7943cb572\",\"name\":\"J.J.\",\"image\":{\"@type\":\"ImageObject\",\"inLanguage\":\"fr-FR\",\"@id\":\"https:\/\/vosgesinfo.fr\/saintdieinfo\/#\/schema\/person\/image\/\",\"url\":\"https:\/\/secure.gravatar.com\/avatar\/219e749e47ffbcca018a360ae4add7d4cdf1cdaaf8bc7676b27efade3fe65615?s=96&d=mm&r=g\",\"contentUrl\":\"https:\/\/secure.gravatar.com\/avatar\/219e749e47ffbcca018a360ae4add7d4cdf1cdaaf8bc7676b27efade3fe65615?s=96&d=mm&r=g\",\"caption\":\"J.J.\"},\"url\":\"https:\/\/vosgesinfo.fr\/saintdieinfo\/author\/j-j\/\"}]}<\/script>\n<!-- \/ Yoast SEO plugin. -->","yoast_head_json":{"title":"La l\u00e9gende de la F\u00e9e Polybotte va reprendre vie \u00e0 Vanifosse pour Halloween - Saint Die Info","robots":{"index":"index","follow":"follow","max-snippet":"max-snippet:-1","max-image-preview":"max-image-preview:large","max-video-preview":"max-video-preview:-1"},"canonical":"https:\/\/vosgesinfo.fr\/saintdieinfo\/2026\/09\/la-legende-de-la-fee-polybotte-va-reprendre-vie-a-vanifosse-pour-halloween\/","twitter_card":"summary_large_image","twitter_title":"La l\u00e9gende de la F\u00e9e Polybotte va reprendre vie \u00e0 Vanifosse pour Halloween - Saint Die Info","twitter_description":"Apr\u00e8s le succ\u00e8s cet \u00e9t\u00e9 des Feux de la Saint-Jean version \u00ab\u00a0Pirates des Cara\u00efbes\u00a0\u00bb, l\u2019Atelier des Petits Gnomes \u2013 LAPG [&hellip;]","twitter_image":"https:\/\/vosgesinfo.fr\/app\/uploads\/sites\/4\/2026\/09\/vanifosse-soiree-halloween-lapg-fee-polybotte.jpg","twitter_creator":"@VosgesInfo88","twitter_site":"@VosgesInfo88","twitter_misc":{"\u00c9crit par":"J.J.","Dur\u00e9e de lecture estim\u00e9e":"2 minutes"},"schema":{"@context":"https:\/\/schema.org","@graph":[{"@type":"Article","@id":"https:\/\/vosgesinfo.fr\/saintdieinfo\/2026\/09\/la-legende-de-la-fee-polybotte-va-reprendre-vie-a-vanifosse-pour-halloween\/#article","isPartOf":{"@id":"https:\/\/vosgesinfo.fr\/saintdieinfo\/2026\/09\/la-legende-de-la-fee-polybotte-va-reprendre-vie-a-vanifosse-pour-halloween\/"},"author":{"name":"J.J.","@id":"https:\/\/vosgesinfo.fr\/saintdieinfo\/#\/schema\/person\/fa73e9f726d67bb88f46d5b7943cb572"},"headline":"La l\u00e9gende de la F\u00e9e Polybotte va reprendre vie \u00e0 Vanifosse pour Halloween","datePublished":"2026-09-03T07:03:49+00:00","dateModified":"2026-09-03T07:00:08+00:00","mainEntityOfPage":{"@id":"https:\/\/vosgesinfo.fr\/saintdieinfo\/2026\/09\/la-legende-de-la-fee-polybotte-va-reprendre-vie-a-vanifosse-pour-halloween\/"},"wordCount":297,"commentCount":0,"publisher":{"@id":"https:\/\/vosgesinfo.fr\/saintdieinfo\/#organization"},"image":{"@id":"https:\/\/vosgesinfo.fr\/saintdieinfo\/2026\/09\/la-legende-de-la-fee-polybotte-va-reprendre-vie-a-vanifosse-pour-halloween\/#primaryimage"},"thumbnailUrl":"https:\/\/vosgesinfo.fr\/app\/uploads\/sites\/4\/2026\/09\/vanifosse-soiree-halloween-lapg-fee-polybotte.jpg","keywords":["Atelier des Petits Gnomes","F\u00e9e Polybotte","F\u00eate de l\u2019Automne et des L\u00e9gendes des Vosges","Pair-et-Grandrupt","Vanifosse"],"articleSection":["A la Une","D\u00e9odatie","Loisirs","Vie Associative"],"inLanguage":"fr-FR","potentialAction":[{"@type":"CommentAction","name":"Comment","target":["https:\/\/vosgesinfo.fr\/saintdieinfo\/2026\/09\/la-legende-de-la-fee-polybotte-va-reprendre-vie-a-vanifosse-pour-halloween\/#respond"]}]},{"@type":"WebPage","@id":"https:\/\/vosgesinfo.fr\/saintdieinfo\/2026\/09\/la-legende-de-la-fee-polybotte-va-reprendre-vie-a-vanifosse-pour-halloween\/","url":"https:\/\/vosgesinfo.fr\/saintdieinfo\/2026\/09\/la-legende-de-la-fee-polybotte-va-reprendre-vie-a-vanifosse-pour-halloween\/","name":"La l\u00e9gende de la F\u00e9e Polybotte va reprendre vie \u00e0 Vanifosse pour Halloween - Saint Die Info","isPartOf":{"@id":"https:\/\/vosgesinfo.fr\/saintdieinfo\/#website"},"primaryImageOfPage":{"@id":"https:\/\/vosgesinfo.fr\/saintdieinfo\/2026\/09\/la-legende-de-la-fee-polybotte-va-reprendre-vie-a-vanifosse-pour-halloween\/#primaryimage"},"image":{"@id":"https:\/\/vosgesinfo.fr\/saintdieinfo\/2026\/09\/la-legende-de-la-fee-polybotte-va-reprendre-vie-a-vanifosse-pour-halloween\/#primaryimage"},"thumbnailUrl":"https:\/\/vosgesinfo.fr\/app\/uploads\/sites\/4\/2026\/09\/vanifosse-soiree-halloween-lapg-fee-polybotte.jpg","datePublished":"2026-09-03T07:03:49+00:00","dateModified":"2026-09-03T07:00:08+00:00","breadcrumb":{"@id":"https:\/\/vosgesinfo.fr\/saintdieinfo\/2026\/09\/la-legende-de-la-fee-polybotte-va-reprendre-vie-a-vanifosse-pour-halloween\/#breadcrumb"},"inLanguage":"fr-FR","potentialAction":[{"@type":"ReadAction","target":["https:\/\/vosgesinfo.fr\/saintdieinfo\/2026\/09\/la-legende-de-la-fee-polybotte-va-reprendre-vie-a-vanifosse-pour-halloween\/"]}]},{"@type":"ImageObject","inLanguage":"fr-FR","@id":"https:\/\/vosgesinfo.fr\/saintdieinfo\/2026\/09\/la-legende-de-la-fee-polybotte-va-reprendre-vie-a-vanifosse-pour-halloween\/#primaryimage","url":"https:\/\/vosgesinfo.fr\/app\/uploads\/sites\/4\/2026\/09\/vanifosse-soiree-halloween-lapg-fee-polybotte.jpg","contentUrl":"https:\/\/vosgesinfo.fr\/app\/uploads\/sites\/4\/2026\/09\/vanifosse-soiree-halloween-lapg-fee-polybotte.jpg","width":1672,"height":941,"caption":"Illustration. (Image IA)"},{"@type":"BreadcrumbList","@id":"https:\/\/vosgesinfo.fr\/saintdieinfo\/2026\/09\/la-legende-de-la-fee-polybotte-va-reprendre-vie-a-vanifosse-pour-halloween\/#breadcrumb","itemListElement":[{"@type":"ListItem","position":1,"name":"Home","item":"https:\/\/vosgesinfo.fr\/saintdieinfo\/"},{"@type":"ListItem","position":2,"name":"La l\u00e9gende de la F\u00e9e Polybotte va reprendre vie \u00e0 Vanifosse pour Halloween"}]},{"@type":"WebSite","@id":"https:\/\/vosgesinfo.fr\/saintdieinfo\/#website","url":"https:\/\/vosgesinfo.fr\/saintdieinfo\/","name":"Saint Die Info","description":"Toute l&#039;actualit\u00e9 de Saint-Di\u00e9-Des-Vosges","publisher":{"@id":"https:\/\/vosgesinfo.fr\/saintdieinfo\/#organization"},"alternateName":"Toute l'actualit\u00e9 de Saint-Di\u00e9-Des-Vosges","potentialAction":[{"@type":"SearchAction","target":{"@type":"EntryPoint","urlTemplate":"https:\/\/vosgesinfo.fr\/saintdieinfo\/?s={search_term_string}"},"query-input":"required name=search_term_string"}],"inLanguage":"fr-FR"},{"@type":"Organization","@id":"https:\/\/vosgesinfo.fr\/saintdieinfo\/#organization","name":"Saint Die Info","url":"https:\/\/vosgesinfo.fr\/saintdieinfo\/","logo":{"@type":"ImageObject","inLanguage":"fr-FR","@id":"https:\/\/vosgesinfo.fr\/saintdieinfo\/#\/schema\/logo\/image\/","url":"https:\/\/vosgesinfo.fr\/app\/uploads\/sites\/4\/2024\/02\/logo-sdi.jpg","contentUrl":"https:\/\/vosgesinfo.fr\/app\/uploads\/sites\/4\/2024\/02\/logo-sdi.jpg","width":600,"height":600,"caption":"Saint Die Info"},"image":{"@id":"https:\/\/vosgesinfo.fr\/saintdieinfo\/#\/schema\/logo\/image\/"},"sameAs":["https:\/\/www.facebook.com\/Saintdieinfofr","https:\/\/x.com\/VosgesInfo88","https:\/\/www.youtube.com\/@vosgesinfo"]},{"@type":"Person","@id":"https:\/\/vosgesinfo.fr\/saintdieinfo\/#\/schema\/person\/fa73e9f726d67bb88f46d5b7943cb572","name":"J.J.","image":{"@type":"ImageObject","inLanguage":"fr-FR","@id":"https:\/\/vosgesinfo.fr\/saintdieinfo\/#\/schema\/person\/image\/","url":"https:\/\/secure.gravatar.com\/avatar\/219e749e47ffbcca018a360ae4add7d4cdf1cdaaf8bc7676b27efade3fe65615?s=96&d=mm&r=g","contentUrl":"https:\/\/secure.gravatar.com\/avatar\/219e749e47ffbcca018a360ae4add7d4cdf1cdaaf8bc7676b27efade3fe65615?s=96&d=mm&r=g","caption":"J.J."},"url":"https:\/\/vosgesinfo.fr\/saintdieinfo\/author\/j-j\/"}]}},"_links":{"self":[{"href":"https:\/\/vosgesinfo.fr\/saintdieinfo\/wp-json\/wp\/v2\/posts\/95704","targetHints":{"allow":["GET"]}}],"collection":[{"href":"https:\/\/vosgesinfo.fr\/saintdieinfo\/wp-json\/wp\/v2\/posts"}],"about":[{"href":"https:\/\/vosgesinfo.fr\/saintdieinfo\/wp-json\/wp\/v2\/types\/post"}],"author":[{"embeddable":true,"href":"https:\/\/vosgesinfo.fr\/saintdieinfo\/wp-json\/wp\/v2\/users\/46"}],"replies":[{"embeddable":true,"href":"https:\/\/vosgesinfo.fr\/saintdieinfo\/wp-json\/wp\/v2\/comments?post=95704"}],"version-history":[{"count":3,"href":"https:\/\/vosgesinfo.fr\/saintdieinfo\/wp-json\/wp\/v2\/posts\/95704\/revisions"}],"predecessor-version":[{"id":95708,"href":"https:\/\/vosgesinfo.fr\/saintdieinfo\/wp-json\/wp\/v2\/posts\/95704\/revisions\/95708"}],"wp:featuredmedia":[{"embeddable":true,"href":"https:\/\/vosgesinfo.fr\/saintdieinfo\/wp-json\/wp\/v2\/media\/95706"}],"wp:attachment":[{"href":"https:\/\/vosgesinfo.fr\/saintdieinfo\/wp-json\/wp\/v2\/media?parent=95704"}],"wp:term":[{"taxonomy":"category","embeddable":true,"href":"https:\/\/vosgesinfo.fr\/saintdieinfo\/wp-json\/wp\/v2\/categories?post=95704"},{"taxonomy":"post_tag","embeddable":true,"href":"https:\/\/vosgesinfo.fr\/saintdieinfo\/wp-json\/wp\/v2\/tags?post=95704"}],"curies":[{"name":"wp","href":"https:\/\/api.w.org\/{rel}","templated":true}]}}