{"id":95719,"date":"2026-09-03T12:03:30","date_gmt":"2026-09-03T10:03:30","guid":{"rendered":"https:\/\/vosgesinfo.fr\/saintdieinfo\/?p=95719"},"modified":"2026-09-03T11:46:08","modified_gmt":"2026-09-03T09:46:08","slug":"liut-de-saint-die-des-vosges-aborde-la-rentree-2026-2027-avec-des-effectifs-en-legere-hausse","status":"publish","type":"post","link":"https:\/\/vosgesinfo.fr\/saintdieinfo\/2026\/09\/liut-de-saint-die-des-vosges-aborde-la-rentree-2026-2027-avec-des-effectifs-en-legere-hausse\/","title":{"rendered":"L\u2019IUT de Saint-Di\u00e9-des-Vosges aborde la rentr\u00e9e 2026-2027 avec des effectifs en l\u00e9g\u00e8re hausse"},"content":{"rendered":"<h2><a href=\"https:\/\/vosgesinfo.fr\/app\/uploads\/sites\/4\/2026\/09\/rentree-2026-2027-iut-sddv-3.jpg\"><img decoding=\"async\" class=\"alignnone size-large wp-image-95722\" src=\"https:\/\/vosgesinfo.fr\/app\/uploads\/sites\/4\/2026\/09\/rentree-2026-2027-iut-sddv-3-1024x771.jpg\" alt=\"\" width=\"1024\" height=\"771\" srcset=\"https:\/\/vosgesinfo.fr\/app\/uploads\/sites\/4\/2026\/09\/rentree-2026-2027-iut-sddv-3-1024x771.jpg 1024w, https:\/\/vosgesinfo.fr\/app\/uploads\/sites\/4\/2026\/09\/rentree-2026-2027-iut-sddv-3-300x226.jpg 300w, https:\/\/vosgesinfo.fr\/app\/uploads\/sites\/4\/2026\/09\/rentree-2026-2027-iut-sddv-3-768x578.jpg 768w, https:\/\/vosgesinfo.fr\/app\/uploads\/sites\/4\/2026\/09\/rentree-2026-2027-iut-sddv-3-1536x1157.jpg 1536w, https:\/\/vosgesinfo.fr\/app\/uploads\/sites\/4\/2026\/09\/rentree-2026-2027-iut-sddv-3.jpg 1920w\" sizes=\"(max-width: 1024px) 100vw, 1024px\" \/><\/a><\/h2>\n<h2>Pr\u00e8s de <strong>160 \u00e9tudiants de premi\u00e8re ann\u00e9e<\/strong> ont fait leur rentr\u00e9e hier mercredi matin \u00e0 <strong>l\u2019IUT de Saint-Di\u00e9-des-Vosges<\/strong>. Pour cette rentr\u00e9e 2026-2027, le directeur de l\u2019\u00e9tablissement d\u2019enseignement sup\u00e9rieur d\u00e9odatien, <strong>Fran\u00e7ois Devillard<\/strong>, \u00e9tait entour\u00e9 de <strong>Fabienne Picard<\/strong>, marraine des promotions 2026-2027, <strong>Mustafa Gullu<\/strong>, adjoint au maire d\u00e9l\u00e9gu\u00e9 au Centre-ville, \u00e0 la Transition num\u00e9rique et aux Sports, <strong>Dominique Humbert<\/strong>, conseill\u00e8re d\u00e9partementale des Vosges et pr\u00e9sidente de la commission Attractivit\u00e9, <strong>Jean-Marie Claudepierre<\/strong>, de la CCI R\u00e9gion Grand-Est, <strong>Jos\u00e9 Levices<\/strong>, pr\u00e9sident du Conseil de l\u2019IUT, et <strong>St\u00e9phane Leymarie<\/strong>, vice-pr\u00e9sident en charge de la strat\u00e9gie territoriale et de la vie institutionnelle \u00e0 l\u2019Universit\u00e9 de Lorraine.<\/h2>\n<p><!--more--><\/p>\n<h3><strong>Au moins 400 \u00e9tudiants attendus pour cette rentr\u00e9e<\/strong><\/h3>\n<p>L\u2019IUT d\u00e9odatien poursuit sa <strong>bonne dynamique<\/strong>, avec un effectif encore en l\u00e9g\u00e8re hausse par rapport \u00e0 la pr\u00e9c\u00e9dente rentr\u00e9e. <strong>Au moins 400 \u00e9tudiants sont attendus<\/strong> dans les trois d\u00e9partements : <strong>M\u00e9tiers du multim\u00e9dia et de l\u2019Internet \u2013 MMI, Informatique \u2013 INFO \u2013 et G\u00e9nie \u00e9lectrique et informatique industrielle \u2013 GEII<\/strong>. Ce dernier a re\u00e7u <strong>pas moins de 40 candidatures pour 28 places en premi\u00e8re ann\u00e9e<\/strong>, alors qu\u2019il manquait encore d\u2019attractivit\u00e9 il y a deux ans.<\/p>\n<p>Cette bonne dynamique se heurte toutefois \u00e0 une <strong>baisse des moyens d\u00e9l\u00e9gu\u00e9s \u00e0 l\u2019enseignement<\/strong>. Une diminution progressive que d\u00e9plore le directeur Fran\u00e7ois Devillard. \u00ab On <strong>perd des heures chaque ann\u00e9e<\/strong>, m\u00eame si c\u2019est le lot de tous les IUT de Lorraine. Mais le Coll\u00e9gium nous soutient bien. \u00bb En cons\u00e9quence de cette perte d\u2019heures, l\u2019\u00e9tablissement n\u2019a d\u2019autre choix que de <strong>puiser dans ses ressources propres<\/strong> pour boucler les programmes complets.<\/p>\n<p>Autre probl\u00e9matique : <strong>la restauration \u00e9tudiante<\/strong>. Saint-Di\u00e9-des-Vosges ne dispose pas de restaurant du <strong>CROUS<\/strong>, m\u00eame si des conventions existent avec un lyc\u00e9e et le <strong>Centre Hospitalier<\/strong>. Une r\u00e9flexion est actuellement men\u00e9e pour trouver une solution p\u00e9renne permettant de proposer des repas au tarif le plus bas possible aux <strong>quelque 1 000 \u00e9tudiants<\/strong> que compte actuellement la ville.<\/p>\n<h3><strong>24 salles d\u2019enseignement r\u00e9parties sur 7 534 m\u00b2<\/strong><\/h3>\n<p>En chiffres, l\u2019IUT de Saint-Di\u00e9-des-Vosges dispose de <strong>24 salles d\u00e9di\u00e9es aux cours, travaux dirig\u00e9s, travaux pratiques et projets<\/strong>, ainsi que de <strong>300 ordinateurs<\/strong>, sur une surface totale de <strong>7 534 m\u00b2<\/strong>. L\u2019\u00e9tablissement compte <strong>53 emplois<\/strong>, dont <strong>16 administratifs et techniques et 37 enseignants et enseignants-chercheurs<\/strong>, auxquels s\u2019ajoutent <strong>60 intervenants professionnels<\/strong>. Le tout en sachant que <strong>la Mission locale et Vosges TV<\/strong> sont \u00e9galement pr\u00e9sentes dans ses locaux.<\/p>\n<h3><strong>Les temps forts de l\u2019ann\u00e9e universitaire 2026-2027<\/strong><\/h3>\n<p>Plusieurs temps forts jalonneront cette ann\u00e9e universitaire. L\u2019ouverture officielle de <strong>l\u2019\u00e9picerie solidaire<\/strong>, men\u00e9e en partenariat avec le <strong>Lions Club<\/strong>, aura lieu le <strong>8 septembre<\/strong>. L\u2019IUT participera ensuite \u00e0 <strong>la journ\u00e9e d\u2019int\u00e9gration des \u00e9tudiants de la Communaut\u00e9 d\u2019Agglom\u00e9ration<\/strong> le <strong>24 septembre<\/strong>, avant d\u2019accueillir <strong>la F\u00eate de la Science<\/strong> le <strong>8 octobre<\/strong>. <strong>La c\u00e9r\u00e9monie de remise des dipl\u00f4mes<\/strong> se d\u00e9roulera le <strong>11 d\u00e9cembre<\/strong> \u00e0 <strong>l\u2019Espace Georges-Sadoul<\/strong>.<\/p>\n<p>L\u2019ann\u00e9e sera \u00e9galement marqu\u00e9e par <strong>les 15 ans du studio Alice-Guy en janvier, les traditionnelles journ\u00e9es portes ouvertes en f\u00e9vrier et le Job Dating alternance en mars<\/strong>, qui quittera \u00c9pinal pour Saint-Di\u00e9-des-Vosges. Elle se terminera notamment avec <strong>le Festival MMI, du 2 au 4 juin<\/strong>. L\u2019IUT de Saint-Di\u00e9-des-Vosges accueillera cette \u00e9dition apr\u00e8s avoir \u00e9t\u00e9 <a href=\"https:\/\/vosgesinfo.fr\/saintdieinfo\/2026\/06\/festival-mmi-2026-liut-de-saint-die-des-vosges-decroche-le-titre-national\/\" target=\"_blank\" rel=\"noopener\"><strong>laur\u00e9at 2026 de ce festival national<\/strong>.<\/a><\/p>\n\n\t\t<style type=\"text\/css\">\n\t\t\t#gallery-1 {\n\t\t\t\tmargin: auto;\n\t\t\t}\n\t\t\t#gallery-1 .gallery-item {\n\t\t\t\tfloat: left;\n\t\t\t\tmargin-top: 10px;\n\t\t\t\ttext-align: center;\n\t\t\t\twidth: 33%;\n\t\t\t}\n\t\t\t#gallery-1 img {\n\t\t\t\tborder: 2px solid #cfcfcf;\n\t\t\t}\n\t\t\t#gallery-1 .gallery-caption {\n\t\t\t\tmargin-left: 0;\n\t\t\t}\n\t\t\t\/* see gallery_shortcode() in wp-includes\/media.php *\/\n\t\t<\/style>\n\t\t<div id='gallery-1' class='gallery galleryid-95719 gallery-columns-3 gallery-size-thumbnail'><dl class='gallery-item'>\n\t\t\t<dt class='gallery-icon landscape'>\n\t\t\t\t<a href='https:\/\/vosgesinfo.fr\/app\/uploads\/sites\/4\/2026\/09\/rentree-2026-2027-iut-sddv-1.jpg'><img decoding=\"async\" width=\"150\" height=\"150\" src=\"https:\/\/vosgesinfo.fr\/app\/uploads\/sites\/4\/2026\/09\/rentree-2026-2027-iut-sddv-1-150x150.jpg\" class=\"attachment-thumbnail size-thumbnail\" alt=\"\" \/><\/a>\n\t\t\t<\/dt><\/dl><dl class='gallery-item'>\n\t\t\t<dt class='gallery-icon landscape'>\n\t\t\t\t<a href='https:\/\/vosgesinfo.fr\/app\/uploads\/sites\/4\/2026\/09\/rentree-2026-2027-iut-sddv-2.jpg'><img decoding=\"async\" width=\"150\" height=\"150\" src=\"https:\/\/vosgesinfo.fr\/app\/uploads\/sites\/4\/2026\/09\/rentree-2026-2027-iut-sddv-2-150x150.jpg\" class=\"attachment-thumbnail size-thumbnail\" alt=\"\" \/><\/a>\n\t\t\t<\/dt><\/dl><dl class='gallery-item'>\n\t\t\t<dt class='gallery-icon landscape'>\n\t\t\t\t<a href='https:\/\/vosgesinfo.fr\/app\/uploads\/sites\/4\/2026\/09\/rentree-2026-2027-iut-sddv-4.jpg'><img decoding=\"async\" width=\"150\" height=\"150\" src=\"https:\/\/vosgesinfo.fr\/app\/uploads\/sites\/4\/2026\/09\/rentree-2026-2027-iut-sddv-4-150x150.jpg\" class=\"attachment-thumbnail size-thumbnail\" alt=\"\" \/><\/a>\n\t\t\t<\/dt><\/dl><br style=\"clear: both\" \/><dl class='gallery-item'>\n\t\t\t<dt class='gallery-icon landscape'>\n\t\t\t\t<a href='https:\/\/vosgesinfo.fr\/app\/uploads\/sites\/4\/2026\/09\/rentree-2026-2027-iut-sddv-5.jpg'><img decoding=\"async\" width=\"150\" height=\"150\" src=\"https:\/\/vosgesinfo.fr\/app\/uploads\/sites\/4\/2026\/09\/rentree-2026-2027-iut-sddv-5-150x150.jpg\" class=\"attachment-thumbnail size-thumbnail\" alt=\"\" \/><\/a>\n\t\t\t<\/dt><\/dl><dl class='gallery-item'>\n\t\t\t<dt class='gallery-icon landscape'>\n\t\t\t\t<a href='https:\/\/vosgesinfo.fr\/app\/uploads\/sites\/4\/2026\/09\/rentree-2026-2027-iut-sddv-6.jpg'><img decoding=\"async\" width=\"150\" height=\"150\" src=\"https:\/\/vosgesinfo.fr\/app\/uploads\/sites\/4\/2026\/09\/rentree-2026-2027-iut-sddv-6-150x150.jpg\" class=\"attachment-thumbnail size-thumbnail\" alt=\"\" \/><\/a>\n\t\t\t<\/dt><\/dl><dl class='gallery-item'>\n\t\t\t<dt class='gallery-icon landscape'>\n\t\t\t\t<a href='https:\/\/vosgesinfo.fr\/app\/uploads\/sites\/4\/2026\/09\/rentree-2026-2027-iut-sddv-7.jpg'><img decoding=\"async\" width=\"150\" height=\"150\" src=\"https:\/\/vosgesinfo.fr\/app\/uploads\/sites\/4\/2026\/09\/rentree-2026-2027-iut-sddv-7-150x150.jpg\" class=\"attachment-thumbnail size-thumbnail\" alt=\"\" \/><\/a>\n\t\t\t<\/dt><\/dl><br style=\"clear: both\" \/>\n\t\t<\/div>\n\n","protected":false},"excerpt":{"rendered":"<p>Pr\u00e8s de 160 \u00e9tudiants de premi\u00e8re ann\u00e9e ont fait leur rentr\u00e9e hier mercredi matin \u00e0 l\u2019IUT de Saint-Di\u00e9-des-Vosges. Pour cette [&hellip;]<\/p>\n","protected":false},"author":46,"featured_media":95722,"comment_status":"open","ping_status":"open","sticky":false,"template":"","format":"standard","meta":{"footnotes":""},"categories":[460,6,167],"tags":[22852,3895,3205,22851,2879],"class_list":["post-95719","post","type-post","status-publish","format-standard","has-post-thumbnail","hentry","category-a-la-une","category-education","category-saint-die-des-vosges","tag-etudiants-de-liut-de-saint-die-des-vosges","tag-francois-devillard","tag-iut-de-saint-die-des-vosges","tag-rentree-2026-2027-de-liut-de-saint-die-des-vosges","tag-universite-de-lorraine"],"acf":[],"yoast_head":"<!-- This site is optimized with the Yoast SEO plugin v22.5 - https:\/\/yoast.com\/wordpress\/plugins\/seo\/ -->\n<title>L\u2019IUT de Saint-Di\u00e9-des-Vosges aborde la rentr\u00e9e 2026-2027 avec des effectifs en l\u00e9g\u00e8re hausse - Saint Die Info<\/title>\n<meta name=\"robots\" content=\"index, follow, max-snippet:-1, max-image-preview:large, max-video-preview:-1\" \/>\n<link rel=\"canonical\" href=\"https:\/\/vosgesinfo.fr\/saintdieinfo\/2026\/09\/liut-de-saint-die-des-vosges-aborde-la-rentree-2026-2027-avec-des-effectifs-en-legere-hausse\/\" \/>\n<meta name=\"twitter:card\" content=\"summary_large_image\" \/>\n<meta name=\"twitter:title\" content=\"L\u2019IUT de Saint-Di\u00e9-des-Vosges aborde la rentr\u00e9e 2026-2027 avec des effectifs en l\u00e9g\u00e8re hausse - Saint Die Info\" \/>\n<meta name=\"twitter:description\" content=\"Pr\u00e8s de 160 \u00e9tudiants de premi\u00e8re ann\u00e9e ont fait leur rentr\u00e9e hier mercredi matin \u00e0 l\u2019IUT de Saint-Di\u00e9-des-Vosges. Pour cette [&hellip;]\" \/>\n<meta name=\"twitter:image\" content=\"https:\/\/vosgesinfo.fr\/app\/uploads\/sites\/4\/2026\/09\/rentree-2026-2027-iut-sddv-3.jpg\" \/>\n<meta name=\"twitter:creator\" content=\"@VosgesInfo88\" \/>\n<meta name=\"twitter:site\" content=\"@VosgesInfo88\" \/>\n<meta name=\"twitter:label1\" content=\"\u00c9crit par\" \/>\n\t<meta name=\"twitter:data1\" content=\"J.J.\" \/>\n\t<meta name=\"twitter:label2\" content=\"Dur\u00e9e de lecture estim\u00e9e\" \/>\n\t<meta name=\"twitter:data2\" content=\"4 minutes\" \/>\n<script type=\"application\/ld+json\" class=\"yoast-schema-graph\">{\"@context\":\"https:\/\/schema.org\",\"@graph\":[{\"@type\":\"Article\",\"@id\":\"https:\/\/vosgesinfo.fr\/saintdieinfo\/2026\/09\/liut-de-saint-die-des-vosges-aborde-la-rentree-2026-2027-avec-des-effectifs-en-legere-hausse\/#article\",\"isPartOf\":{\"@id\":\"https:\/\/vosgesinfo.fr\/saintdieinfo\/2026\/09\/liut-de-saint-die-des-vosges-aborde-la-rentree-2026-2027-avec-des-effectifs-en-legere-hausse\/\"},\"author\":{\"name\":\"J.J.\",\"@id\":\"https:\/\/vosgesinfo.fr\/saintdieinfo\/#\/schema\/person\/fa73e9f726d67bb88f46d5b7943cb572\"},\"headline\":\"L\u2019IUT de Saint-Di\u00e9-des-Vosges aborde la rentr\u00e9e 2026-2027 avec des effectifs en l\u00e9g\u00e8re hausse\",\"datePublished\":\"2026-09-03T10:03:30+00:00\",\"dateModified\":\"2026-09-03T09:46:08+00:00\",\"mainEntityOfPage\":{\"@id\":\"https:\/\/vosgesinfo.fr\/saintdieinfo\/2026\/09\/liut-de-saint-die-des-vosges-aborde-la-rentree-2026-2027-avec-des-effectifs-en-legere-hausse\/\"},\"wordCount\":601,\"commentCount\":0,\"publisher\":{\"@id\":\"https:\/\/vosgesinfo.fr\/saintdieinfo\/#organization\"},\"image\":{\"@id\":\"https:\/\/vosgesinfo.fr\/saintdieinfo\/2026\/09\/liut-de-saint-die-des-vosges-aborde-la-rentree-2026-2027-avec-des-effectifs-en-legere-hausse\/#primaryimage\"},\"thumbnailUrl\":\"https:\/\/vosgesinfo.fr\/app\/uploads\/sites\/4\/2026\/09\/rentree-2026-2027-iut-sddv-3.jpg\",\"keywords\":[\"\u00e9tudiants de l\u2019IUT de Saint-Di\u00e9-des-Vosges\",\"Fran\u00e7ois Devillard\",\"IUT de Saint-Di\u00e9-des-Vosges\",\"rentr\u00e9e 2026-2027 de l\u2019IUT de Saint-Di\u00e9-des-Vosges\",\"Universit\u00e9 de Lorraine\"],\"articleSection\":[\"A la Une\",\"\u00c9ducation\",\"Saint-Di\u00e9-des-Vosges\"],\"inLanguage\":\"fr-FR\",\"potentialAction\":[{\"@type\":\"CommentAction\",\"name\":\"Comment\",\"target\":[\"https:\/\/vosgesinfo.fr\/saintdieinfo\/2026\/09\/liut-de-saint-die-des-vosges-aborde-la-rentree-2026-2027-avec-des-effectifs-en-legere-hausse\/#respond\"]}]},{\"@type\":\"WebPage\",\"@id\":\"https:\/\/vosgesinfo.fr\/saintdieinfo\/2026\/09\/liut-de-saint-die-des-vosges-aborde-la-rentree-2026-2027-avec-des-effectifs-en-legere-hausse\/\",\"url\":\"https:\/\/vosgesinfo.fr\/saintdieinfo\/2026\/09\/liut-de-saint-die-des-vosges-aborde-la-rentree-2026-2027-avec-des-effectifs-en-legere-hausse\/\",\"name\":\"L\u2019IUT de Saint-Di\u00e9-des-Vosges aborde la rentr\u00e9e 2026-2027 avec des effectifs en l\u00e9g\u00e8re hausse - Saint Die Info\",\"isPartOf\":{\"@id\":\"https:\/\/vosgesinfo.fr\/saintdieinfo\/#website\"},\"primaryImageOfPage\":{\"@id\":\"https:\/\/vosgesinfo.fr\/saintdieinfo\/2026\/09\/liut-de-saint-die-des-vosges-aborde-la-rentree-2026-2027-avec-des-effectifs-en-legere-hausse\/#primaryimage\"},\"image\":{\"@id\":\"https:\/\/vosgesinfo.fr\/saintdieinfo\/2026\/09\/liut-de-saint-die-des-vosges-aborde-la-rentree-2026-2027-avec-des-effectifs-en-legere-hausse\/#primaryimage\"},\"thumbnailUrl\":\"https:\/\/vosgesinfo.fr\/app\/uploads\/sites\/4\/2026\/09\/rentree-2026-2027-iut-sddv-3.jpg\",\"datePublished\":\"2026-09-03T10:03:30+00:00\",\"dateModified\":\"2026-09-03T09:46:08+00:00\",\"breadcrumb\":{\"@id\":\"https:\/\/vosgesinfo.fr\/saintdieinfo\/2026\/09\/liut-de-saint-die-des-vosges-aborde-la-rentree-2026-2027-avec-des-effectifs-en-legere-hausse\/#breadcrumb\"},\"inLanguage\":\"fr-FR\",\"potentialAction\":[{\"@type\":\"ReadAction\",\"target\":[\"https:\/\/vosgesinfo.fr\/saintdieinfo\/2026\/09\/liut-de-saint-die-des-vosges-aborde-la-rentree-2026-2027-avec-des-effectifs-en-legere-hausse\/\"]}]},{\"@type\":\"ImageObject\",\"inLanguage\":\"fr-FR\",\"@id\":\"https:\/\/vosgesinfo.fr\/saintdieinfo\/2026\/09\/liut-de-saint-die-des-vosges-aborde-la-rentree-2026-2027-avec-des-effectifs-en-legere-hausse\/#primaryimage\",\"url\":\"https:\/\/vosgesinfo.fr\/app\/uploads\/sites\/4\/2026\/09\/rentree-2026-2027-iut-sddv-3.jpg\",\"contentUrl\":\"https:\/\/vosgesinfo.fr\/app\/uploads\/sites\/4\/2026\/09\/rentree-2026-2027-iut-sddv-3.jpg\",\"width\":1920,\"height\":1446},{\"@type\":\"BreadcrumbList\",\"@id\":\"https:\/\/vosgesinfo.fr\/saintdieinfo\/2026\/09\/liut-de-saint-die-des-vosges-aborde-la-rentree-2026-2027-avec-des-effectifs-en-legere-hausse\/#breadcrumb\",\"itemListElement\":[{\"@type\":\"ListItem\",\"position\":1,\"name\":\"Home\",\"item\":\"https:\/\/vosgesinfo.fr\/saintdieinfo\/\"},{\"@type\":\"ListItem\",\"position\":2,\"name\":\"L\u2019IUT de Saint-Di\u00e9-des-Vosges aborde la rentr\u00e9e 2026-2027 avec des effectifs en l\u00e9g\u00e8re hausse\"}]},{\"@type\":\"WebSite\",\"@id\":\"https:\/\/vosgesinfo.fr\/saintdieinfo\/#website\",\"url\":\"https:\/\/vosgesinfo.fr\/saintdieinfo\/\",\"name\":\"Saint Die Info\",\"description\":\"Toute l&#039;actualit\u00e9 de Saint-Di\u00e9-Des-Vosges\",\"publisher\":{\"@id\":\"https:\/\/vosgesinfo.fr\/saintdieinfo\/#organization\"},\"alternateName\":\"Toute l'actualit\u00e9 de Saint-Di\u00e9-Des-Vosges\",\"potentialAction\":[{\"@type\":\"SearchAction\",\"target\":{\"@type\":\"EntryPoint\",\"urlTemplate\":\"https:\/\/vosgesinfo.fr\/saintdieinfo\/?s={search_term_string}\"},\"query-input\":\"required name=search_term_string\"}],\"inLanguage\":\"fr-FR\"},{\"@type\":\"Organization\",\"@id\":\"https:\/\/vosgesinfo.fr\/saintdieinfo\/#organization\",\"name\":\"Saint Die Info\",\"url\":\"https:\/\/vosgesinfo.fr\/saintdieinfo\/\",\"logo\":{\"@type\":\"ImageObject\",\"inLanguage\":\"fr-FR\",\"@id\":\"https:\/\/vosgesinfo.fr\/saintdieinfo\/#\/schema\/logo\/image\/\",\"url\":\"https:\/\/vosgesinfo.fr\/app\/uploads\/sites\/4\/2024\/02\/logo-sdi.jpg\",\"contentUrl\":\"https:\/\/vosgesinfo.fr\/app\/uploads\/sites\/4\/2024\/02\/logo-sdi.jpg\",\"width\":600,\"height\":600,\"caption\":\"Saint Die Info\"},\"image\":{\"@id\":\"https:\/\/vosgesinfo.fr\/saintdieinfo\/#\/schema\/logo\/image\/\"},\"sameAs\":[\"https:\/\/www.facebook.com\/Saintdieinfofr\",\"https:\/\/x.com\/VosgesInfo88\",\"https:\/\/www.youtube.com\/@vosgesinfo\"]},{\"@type\":\"Person\",\"@id\":\"https:\/\/vosgesinfo.fr\/saintdieinfo\/#\/schema\/person\/fa73e9f726d67bb88f46d5b7943cb572\",\"name\":\"J.J.\",\"image\":{\"@type\":\"ImageObject\",\"inLanguage\":\"fr-FR\",\"@id\":\"https:\/\/vosgesinfo.fr\/saintdieinfo\/#\/schema\/person\/image\/\",\"url\":\"https:\/\/secure.gravatar.com\/avatar\/219e749e47ffbcca018a360ae4add7d4cdf1cdaaf8bc7676b27efade3fe65615?s=96&d=mm&r=g\",\"contentUrl\":\"https:\/\/secure.gravatar.com\/avatar\/219e749e47ffbcca018a360ae4add7d4cdf1cdaaf8bc7676b27efade3fe65615?s=96&d=mm&r=g\",\"caption\":\"J.J.\"},\"url\":\"https:\/\/vosgesinfo.fr\/saintdieinfo\/author\/j-j\/\"}]}<\/script>\n<!-- \/ Yoast SEO plugin. -->","yoast_head_json":{"title":"L\u2019IUT de Saint-Di\u00e9-des-Vosges aborde la rentr\u00e9e 2026-2027 avec des effectifs en l\u00e9g\u00e8re hausse - Saint Die Info","robots":{"index":"index","follow":"follow","max-snippet":"max-snippet:-1","max-image-preview":"max-image-preview:large","max-video-preview":"max-video-preview:-1"},"canonical":"https:\/\/vosgesinfo.fr\/saintdieinfo\/2026\/09\/liut-de-saint-die-des-vosges-aborde-la-rentree-2026-2027-avec-des-effectifs-en-legere-hausse\/","twitter_card":"summary_large_image","twitter_title":"L\u2019IUT de Saint-Di\u00e9-des-Vosges aborde la rentr\u00e9e 2026-2027 avec des effectifs en l\u00e9g\u00e8re hausse - Saint Die Info","twitter_description":"Pr\u00e8s de 160 \u00e9tudiants de premi\u00e8re ann\u00e9e ont fait leur rentr\u00e9e hier mercredi matin \u00e0 l\u2019IUT de Saint-Di\u00e9-des-Vosges. Pour cette [&hellip;]","twitter_image":"https:\/\/vosgesinfo.fr\/app\/uploads\/sites\/4\/2026\/09\/rentree-2026-2027-iut-sddv-3.jpg","twitter_creator":"@VosgesInfo88","twitter_site":"@VosgesInfo88","twitter_misc":{"\u00c9crit par":"J.J.","Dur\u00e9e de lecture estim\u00e9e":"4 minutes"},"schema":{"@context":"https:\/\/schema.org","@graph":[{"@type":"Article","@id":"https:\/\/vosgesinfo.fr\/saintdieinfo\/2026\/09\/liut-de-saint-die-des-vosges-aborde-la-rentree-2026-2027-avec-des-effectifs-en-legere-hausse\/#article","isPartOf":{"@id":"https:\/\/vosgesinfo.fr\/saintdieinfo\/2026\/09\/liut-de-saint-die-des-vosges-aborde-la-rentree-2026-2027-avec-des-effectifs-en-legere-hausse\/"},"author":{"name":"J.J.","@id":"https:\/\/vosgesinfo.fr\/saintdieinfo\/#\/schema\/person\/fa73e9f726d67bb88f46d5b7943cb572"},"headline":"L\u2019IUT de Saint-Di\u00e9-des-Vosges aborde la rentr\u00e9e 2026-2027 avec des effectifs en l\u00e9g\u00e8re hausse","datePublished":"2026-09-03T10:03:30+00:00","dateModified":"2026-09-03T09:46:08+00:00","mainEntityOfPage":{"@id":"https:\/\/vosgesinfo.fr\/saintdieinfo\/2026\/09\/liut-de-saint-die-des-vosges-aborde-la-rentree-2026-2027-avec-des-effectifs-en-legere-hausse\/"},"wordCount":601,"commentCount":0,"publisher":{"@id":"https:\/\/vosgesinfo.fr\/saintdieinfo\/#organization"},"image":{"@id":"https:\/\/vosgesinfo.fr\/saintdieinfo\/2026\/09\/liut-de-saint-die-des-vosges-aborde-la-rentree-2026-2027-avec-des-effectifs-en-legere-hausse\/#primaryimage"},"thumbnailUrl":"https:\/\/vosgesinfo.fr\/app\/uploads\/sites\/4\/2026\/09\/rentree-2026-2027-iut-sddv-3.jpg","keywords":["\u00e9tudiants de l\u2019IUT de Saint-Di\u00e9-des-Vosges","Fran\u00e7ois Devillard","IUT de Saint-Di\u00e9-des-Vosges","rentr\u00e9e 2026-2027 de l\u2019IUT de Saint-Di\u00e9-des-Vosges","Universit\u00e9 de Lorraine"],"articleSection":["A la Une","\u00c9ducation","Saint-Di\u00e9-des-Vosges"],"inLanguage":"fr-FR","potentialAction":[{"@type":"CommentAction","name":"Comment","target":["https:\/\/vosgesinfo.fr\/saintdieinfo\/2026\/09\/liut-de-saint-die-des-vosges-aborde-la-rentree-2026-2027-avec-des-effectifs-en-legere-hausse\/#respond"]}]},{"@type":"WebPage","@id":"https:\/\/vosgesinfo.fr\/saintdieinfo\/2026\/09\/liut-de-saint-die-des-vosges-aborde-la-rentree-2026-2027-avec-des-effectifs-en-legere-hausse\/","url":"https:\/\/vosgesinfo.fr\/saintdieinfo\/2026\/09\/liut-de-saint-die-des-vosges-aborde-la-rentree-2026-2027-avec-des-effectifs-en-legere-hausse\/","name":"L\u2019IUT de Saint-Di\u00e9-des-Vosges aborde la rentr\u00e9e 2026-2027 avec des effectifs en l\u00e9g\u00e8re hausse - Saint Die Info","isPartOf":{"@id":"https:\/\/vosgesinfo.fr\/saintdieinfo\/#website"},"primaryImageOfPage":{"@id":"https:\/\/vosgesinfo.fr\/saintdieinfo\/2026\/09\/liut-de-saint-die-des-vosges-aborde-la-rentree-2026-2027-avec-des-effectifs-en-legere-hausse\/#primaryimage"},"image":{"@id":"https:\/\/vosgesinfo.fr\/saintdieinfo\/2026\/09\/liut-de-saint-die-des-vosges-aborde-la-rentree-2026-2027-avec-des-effectifs-en-legere-hausse\/#primaryimage"},"thumbnailUrl":"https:\/\/vosgesinfo.fr\/app\/uploads\/sites\/4\/2026\/09\/rentree-2026-2027-iut-sddv-3.jpg","datePublished":"2026-09-03T10:03:30+00:00","dateModified":"2026-09-03T09:46:08+00:00","breadcrumb":{"@id":"https:\/\/vosgesinfo.fr\/saintdieinfo\/2026\/09\/liut-de-saint-die-des-vosges-aborde-la-rentree-2026-2027-avec-des-effectifs-en-legere-hausse\/#breadcrumb"},"inLanguage":"fr-FR","potentialAction":[{"@type":"ReadAction","target":["https:\/\/vosgesinfo.fr\/saintdieinfo\/2026\/09\/liut-de-saint-die-des-vosges-aborde-la-rentree-2026-2027-avec-des-effectifs-en-legere-hausse\/"]}]},{"@type":"ImageObject","inLanguage":"fr-FR","@id":"https:\/\/vosgesinfo.fr\/saintdieinfo\/2026\/09\/liut-de-saint-die-des-vosges-aborde-la-rentree-2026-2027-avec-des-effectifs-en-legere-hausse\/#primaryimage","url":"https:\/\/vosgesinfo.fr\/app\/uploads\/sites\/4\/2026\/09\/rentree-2026-2027-iut-sddv-3.jpg","contentUrl":"https:\/\/vosgesinfo.fr\/app\/uploads\/sites\/4\/2026\/09\/rentree-2026-2027-iut-sddv-3.jpg","width":1920,"height":1446},{"@type":"BreadcrumbList","@id":"https:\/\/vosgesinfo.fr\/saintdieinfo\/2026\/09\/liut-de-saint-die-des-vosges-aborde-la-rentree-2026-2027-avec-des-effectifs-en-legere-hausse\/#breadcrumb","itemListElement":[{"@type":"ListItem","position":1,"name":"Home","item":"https:\/\/vosgesinfo.fr\/saintdieinfo\/"},{"@type":"ListItem","position":2,"name":"L\u2019IUT de Saint-Di\u00e9-des-Vosges aborde la rentr\u00e9e 2026-2027 avec des effectifs en l\u00e9g\u00e8re hausse"}]},{"@type":"WebSite","@id":"https:\/\/vosgesinfo.fr\/saintdieinfo\/#website","url":"https:\/\/vosgesinfo.fr\/saintdieinfo\/","name":"Saint Die Info","description":"Toute l&#039;actualit\u00e9 de Saint-Di\u00e9-Des-Vosges","publisher":{"@id":"https:\/\/vosgesinfo.fr\/saintdieinfo\/#organization"},"alternateName":"Toute l'actualit\u00e9 de Saint-Di\u00e9-Des-Vosges","potentialAction":[{"@type":"SearchAction","target":{"@type":"EntryPoint","urlTemplate":"https:\/\/vosgesinfo.fr\/saintdieinfo\/?s={search_term_string}"},"query-input":"required name=search_term_string"}],"inLanguage":"fr-FR"},{"@type":"Organization","@id":"https:\/\/vosgesinfo.fr\/saintdieinfo\/#organization","name":"Saint Die Info","url":"https:\/\/vosgesinfo.fr\/saintdieinfo\/","logo":{"@type":"ImageObject","inLanguage":"fr-FR","@id":"https:\/\/vosgesinfo.fr\/saintdieinfo\/#\/schema\/logo\/image\/","url":"https:\/\/vosgesinfo.fr\/app\/uploads\/sites\/4\/2024\/02\/logo-sdi.jpg","contentUrl":"https:\/\/vosgesinfo.fr\/app\/uploads\/sites\/4\/2024\/02\/logo-sdi.jpg","width":600,"height":600,"caption":"Saint Die Info"},"image":{"@id":"https:\/\/vosgesinfo.fr\/saintdieinfo\/#\/schema\/logo\/image\/"},"sameAs":["https:\/\/www.facebook.com\/Saintdieinfofr","https:\/\/x.com\/VosgesInfo88","https:\/\/www.youtube.com\/@vosgesinfo"]},{"@type":"Person","@id":"https:\/\/vosgesinfo.fr\/saintdieinfo\/#\/schema\/person\/fa73e9f726d67bb88f46d5b7943cb572","name":"J.J.","image":{"@type":"ImageObject","inLanguage":"fr-FR","@id":"https:\/\/vosgesinfo.fr\/saintdieinfo\/#\/schema\/person\/image\/","url":"https:\/\/secure.gravatar.com\/avatar\/219e749e47ffbcca018a360ae4add7d4cdf1cdaaf8bc7676b27efade3fe65615?s=96&d=mm&r=g","contentUrl":"https:\/\/secure.gravatar.com\/avatar\/219e749e47ffbcca018a360ae4add7d4cdf1cdaaf8bc7676b27efade3fe65615?s=96&d=mm&r=g","caption":"J.J."},"url":"https:\/\/vosgesinfo.fr\/saintdieinfo\/author\/j-j\/"}]}},"_links":{"self":[{"href":"https:\/\/vosgesinfo.fr\/saintdieinfo\/wp-json\/wp\/v2\/posts\/95719","targetHints":{"allow":["GET"]}}],"collection":[{"href":"https:\/\/vosgesinfo.fr\/saintdieinfo\/wp-json\/wp\/v2\/posts"}],"about":[{"href":"https:\/\/vosgesinfo.fr\/saintdieinfo\/wp-json\/wp\/v2\/types\/post"}],"author":[{"embeddable":true,"href":"https:\/\/vosgesinfo.fr\/saintdieinfo\/wp-json\/wp\/v2\/users\/46"}],"replies":[{"embeddable":true,"href":"https:\/\/vosgesinfo.fr\/saintdieinfo\/wp-json\/wp\/v2\/comments?post=95719"}],"version-history":[{"count":4,"href":"https:\/\/vosgesinfo.fr\/saintdieinfo\/wp-json\/wp\/v2\/posts\/95719\/revisions"}],"predecessor-version":[{"id":95735,"href":"https:\/\/vosgesinfo.fr\/saintdieinfo\/wp-json\/wp\/v2\/posts\/95719\/revisions\/95735"}],"wp:featuredmedia":[{"embeddable":true,"href":"https:\/\/vosgesinfo.fr\/saintdieinfo\/wp-json\/wp\/v2\/media\/95722"}],"wp:attachment":[{"href":"https:\/\/vosgesinfo.fr\/saintdieinfo\/wp-json\/wp\/v2\/media?parent=95719"}],"wp:term":[{"taxonomy":"category","embeddable":true,"href":"https:\/\/vosgesinfo.fr\/saintdieinfo\/wp-json\/wp\/v2\/categories?post=95719"},{"taxonomy":"post_tag","embeddable":true,"href":"https:\/\/vosgesinfo.fr\/saintdieinfo\/wp-json\/wp\/v2\/tags?post=95719"}],"curies":[{"name":"wp","href":"https:\/\/api.w.org\/{rel}","templated":true}]}}