{"id":95732,"date":"2026-09-03T12:33:07","date_gmt":"2026-09-03T10:33:07","guid":{"rendered":"https:\/\/vosgesinfo.fr\/saintdieinfo\/?p=95732"},"modified":"2026-09-03T11:55:49","modified_gmt":"2026-09-03T09:55:49","slug":"saint-roch-et-lorme-se-bougent-pour-un-week-end-de-fete","status":"publish","type":"post","link":"https:\/\/vosgesinfo.fr\/saintdieinfo\/2026\/09\/saint-roch-et-lorme-se-bougent-pour-un-week-end-de-fete\/","title":{"rendered":"Saint-Roch et L\u2019Orme se bougent pour un week-end de f\u00eate"},"content":{"rendered":"<h2><a href=\"https:\/\/vosgesinfo.fr\/app\/uploads\/sites\/4\/2026\/09\/presentation-saint-rochlorme-se-bougent-2026.jpg\"><img decoding=\"async\" class=\"alignnone size-large wp-image-95733\" src=\"https:\/\/vosgesinfo.fr\/app\/uploads\/sites\/4\/2026\/09\/presentation-saint-rochlorme-se-bougent-2026-1024x768.jpg\" alt=\"\" width=\"1024\" height=\"768\" srcset=\"https:\/\/vosgesinfo.fr\/app\/uploads\/sites\/4\/2026\/09\/presentation-saint-rochlorme-se-bougent-2026-1024x768.jpg 1024w, https:\/\/vosgesinfo.fr\/app\/uploads\/sites\/4\/2026\/09\/presentation-saint-rochlorme-se-bougent-2026-300x225.jpg 300w, https:\/\/vosgesinfo.fr\/app\/uploads\/sites\/4\/2026\/09\/presentation-saint-rochlorme-se-bougent-2026-768x576.jpg 768w, https:\/\/vosgesinfo.fr\/app\/uploads\/sites\/4\/2026\/09\/presentation-saint-rochlorme-se-bougent-2026-1536x1152.jpg 1536w, https:\/\/vosgesinfo.fr\/app\/uploads\/sites\/4\/2026\/09\/presentation-saint-rochlorme-se-bougent-2026.jpg 1920w\" sizes=\"(max-width: 1024px) 100vw, 1024px\" \/><\/a><\/h2>\n<h2>Les quartiers de <strong>Saint-Roch et de L\u2019Orme<\/strong> se transformeront en sc\u00e8nes \u00e0 ciel ouvert le <strong>week-end des 12 et 13 septembre<\/strong>, entre cirque, musique, spectacles, ateliers et jeux. Port\u00e9e par le <strong>Centre social Germaine-Tillion<\/strong> et l\u2019<strong>\u00c9cole des Nez Rouges<\/strong>, avec le soutien de la Ville, cette <strong>quatri\u00e8me \u00e9dition de \u00ab\u00a0Saint-Roch et l\u2019Orme se bougent\u00a0\u00bb<\/strong> sera, comme les pr\u00e9c\u00e9dentes, gratuite et ouverte \u00e0 tous. Au fil des ann\u00e9es, ce temps fort festif et convivial a attir\u00e9 des habitants venus d\u2019autres secteurs de <strong>Saint-Di\u00e9-des-Vosges<\/strong>, notamment du centre-ville.<\/h2>\n<p><!--more--><\/p>\n<h3><strong>Samedi \u00e0 Saint-Roch<\/strong><\/h3>\n<p>La f\u00eate d\u00e9butera samedi dans la <strong>cour de l\u2019\u00e9cole Jacques-Pr\u00e9vert<\/strong>, avec un <strong>vide-greniers de 7 h \u00e0 18 h<\/strong> organis\u00e9 par le collectif des mamans du Centre social Germaine-Tillion, sous r\u00e9serve d\u2019un nombre suffisant d\u2019inscriptions. La compagnie des <strong>F\u00e9es du Logis<\/strong> pr\u00e9sentera ensuite <strong>\u00ab\u00a0K-Tastrophi-k en d\u00e9ambul\u00a0\u00bb<\/strong> \u00e0 10 h 30, avant un ap\u00e9ro-concert du <strong>Jazz Club de Saint-Di\u00e9-des-Vosges<\/strong> de 12 h \u00e0 13 h 30. <strong>Buvette et restauration<\/strong> seront \u00e9galement \u00e0 retrouver sur place.<\/p>\n<p>De 13 h 30 \u00e0 17 h, <strong>jeux gonflables, d\u00e9fis, maquillage et ateliers cr\u00e9atifs<\/strong> seront propos\u00e9s au public. \u00c0 15 h, les \u00e9l\u00e8ves de l\u2019\u00c9cole des Nez Rouges pr\u00e9senteront <strong>\u00ab\u00a0Par o\u00f9 qu\u2019on va\u00a0\u00bb<\/strong>, apr\u00e8s leur <strong>tourn\u00e9e d\u2019\u00e9t\u00e9 itin\u00e9rante en Bretagne<\/strong>. Les F\u00e9es du Logis termineront la journ\u00e9e \u00e0 17 h avec <strong>\u00ab\u00a0K-Tastrophi-k en chansons\u00a0\u00bb<\/strong>.<\/p>\n<h3><strong>Dimanche \u00e0 L\u2019Orme<\/strong><\/h3>\n<p>Le lendemain dimanche, les festivit\u00e9s se d\u00e9placeront \u00e0 l\u2019<strong>espace Louise-Michel<\/strong>. \u00c0 11 h, les \u00e9l\u00e8ves de l\u2019\u00c9cole des Nez Rouges donneront un spectacle \u00e0 leur retour d\u2019une <strong>tourn\u00e9e d\u2019\u00e9t\u00e9 dans le Jura<\/strong>. Le groupe <strong>\u00ab\u00a0Last Time\u00a0\u00bb<\/strong> assurera l\u2019ap\u00e9ro-concert de 12 h \u00e0 14 h, tandis qu\u2019un <strong>ap\u00e9ritif sera offert par l\u2019association circassienne<\/strong>.<\/p>\n<p><strong>Cirque, d\u00e9monstrations, maquillage, ateliers cr\u00e9atifs avec l\u2019artiste-peintre Florent Meyer, jeu de coh\u00e9sion et autres animations<\/strong> se poursuivront au cours de l\u2019apr\u00e8s-midi. <strong>APF France handicap \u2013 anciennement Association des Paralys\u00e9s de France \u2013<\/strong>, <strong>le Don du Sang<\/strong> et <strong>l\u2019Amicale de d\u00e9fense des locataires<\/strong> seront notamment pr\u00e9sents, aux c\u00f4t\u00e9s d\u2019un atelier tricotin, d\u2019un concours de tricot et de jeux de soci\u00e9t\u00e9 avec des lots \u00e0 gagner.<\/p>\n<p>Le public pourra \u00e9galement d\u00e9couvrir l\u2019exposition <strong>\u00ab\u00a0Nos habitants ont du talent\u00a0\u00bb<\/strong>, fabriquer des bracelets br\u00e9siliens ou confectionner des fleurs en papier. \u00c0 15 h, les Nez Rouges pr\u00e9senteront <strong>\u00ab\u00a0All\u00f4 ?\u00a0\u00bb<\/strong>, un spectacle cr\u00e9\u00e9 lors de leur <strong>tourn\u00e9e d\u2019\u00e9t\u00e9 itin\u00e9rante \u00ab\u00a0Tour de France\u00a0\u00bb<\/strong>. La compagnie <strong>Acroballes<\/strong> cl\u00f4turera la f\u00eate \u00e0 17 h avec <strong>\u00ab\u00a0En voyage\u00a0\u00bb<\/strong>.<\/p>\n","protected":false},"excerpt":{"rendered":"<p>Les quartiers de Saint-Roch et de L\u2019Orme se transformeront en sc\u00e8nes \u00e0 ciel ouvert le week-end des 12 et 13 [&hellip;]<\/p>\n","protected":false},"author":46,"featured_media":95733,"comment_status":"open","ping_status":"open","sticky":false,"template":"","format":"standard","meta":{"footnotes":""},"categories":[460,20,167,17],"tags":[3118,2969,4180,3021,18211,3240],"class_list":["post-95732","post","type-post","status-publish","format-standard","has-post-thumbnail","hentry","category-a-la-une","category-loisirs","category-saint-die-des-vosges","category-vie-associative","tag-centre-social-germaine-tillion","tag-ecole-des-nez-rouges","tag-lorme","tag-saint-roch","tag-saint-roch-et-lorme-se-bougent","tag-ville-de-saint-die-des-vosges"],"acf":[],"yoast_head":"<!-- This site is optimized with the Yoast SEO plugin v22.5 - https:\/\/yoast.com\/wordpress\/plugins\/seo\/ -->\n<title>Saint-Roch et L\u2019Orme se bougent pour un week-end de f\u00eate - Saint Die Info<\/title>\n<meta name=\"robots\" content=\"index, follow, max-snippet:-1, max-image-preview:large, max-video-preview:-1\" \/>\n<link rel=\"canonical\" href=\"https:\/\/vosgesinfo.fr\/saintdieinfo\/2026\/09\/saint-roch-et-lorme-se-bougent-pour-un-week-end-de-fete\/\" \/>\n<meta name=\"twitter:card\" content=\"summary_large_image\" \/>\n<meta name=\"twitter:title\" content=\"Saint-Roch et L\u2019Orme se bougent pour un week-end de f\u00eate - Saint Die Info\" \/>\n<meta name=\"twitter:description\" content=\"Les quartiers de Saint-Roch et de L\u2019Orme se transformeront en sc\u00e8nes \u00e0 ciel ouvert le week-end des 12 et 13 [&hellip;]\" \/>\n<meta name=\"twitter:image\" content=\"https:\/\/vosgesinfo.fr\/app\/uploads\/sites\/4\/2026\/09\/presentation-saint-rochlorme-se-bougent-2026.jpg\" \/>\n<meta name=\"twitter:creator\" content=\"@VosgesInfo88\" \/>\n<meta name=\"twitter:site\" content=\"@VosgesInfo88\" \/>\n<meta name=\"twitter:label1\" content=\"\u00c9crit par\" \/>\n\t<meta name=\"twitter:data1\" content=\"J.J.\" \/>\n\t<meta name=\"twitter:label2\" content=\"Dur\u00e9e de lecture estim\u00e9e\" \/>\n\t<meta name=\"twitter:data2\" content=\"3 minutes\" \/>\n<script type=\"application\/ld+json\" class=\"yoast-schema-graph\">{\"@context\":\"https:\/\/schema.org\",\"@graph\":[{\"@type\":\"Article\",\"@id\":\"https:\/\/vosgesinfo.fr\/saintdieinfo\/2026\/09\/saint-roch-et-lorme-se-bougent-pour-un-week-end-de-fete\/#article\",\"isPartOf\":{\"@id\":\"https:\/\/vosgesinfo.fr\/saintdieinfo\/2026\/09\/saint-roch-et-lorme-se-bougent-pour-un-week-end-de-fete\/\"},\"author\":{\"name\":\"J.J.\",\"@id\":\"https:\/\/vosgesinfo.fr\/saintdieinfo\/#\/schema\/person\/fa73e9f726d67bb88f46d5b7943cb572\"},\"headline\":\"Saint-Roch et L\u2019Orme se bougent pour un week-end de f\u00eate\",\"datePublished\":\"2026-09-03T10:33:07+00:00\",\"dateModified\":\"2026-09-03T09:55:49+00:00\",\"mainEntityOfPage\":{\"@id\":\"https:\/\/vosgesinfo.fr\/saintdieinfo\/2026\/09\/saint-roch-et-lorme-se-bougent-pour-un-week-end-de-fete\/\"},\"wordCount\":435,\"commentCount\":0,\"publisher\":{\"@id\":\"https:\/\/vosgesinfo.fr\/saintdieinfo\/#organization\"},\"image\":{\"@id\":\"https:\/\/vosgesinfo.fr\/saintdieinfo\/2026\/09\/saint-roch-et-lorme-se-bougent-pour-un-week-end-de-fete\/#primaryimage\"},\"thumbnailUrl\":\"https:\/\/vosgesinfo.fr\/app\/uploads\/sites\/4\/2026\/09\/presentation-saint-rochlorme-se-bougent-2026.jpg\",\"keywords\":[\"Centre Social Germaine-Tillion\",\"Ecole des Nez Rouges\",\"L'Orme\",\"Saint-Roch\",\"Saint-Roch et l'Orme se bougent\",\"Ville de Saint-Di\u00e9-des-Vosges\"],\"articleSection\":[\"A la Une\",\"Loisirs\",\"Saint-Di\u00e9-des-Vosges\",\"Vie Associative\"],\"inLanguage\":\"fr-FR\",\"potentialAction\":[{\"@type\":\"CommentAction\",\"name\":\"Comment\",\"target\":[\"https:\/\/vosgesinfo.fr\/saintdieinfo\/2026\/09\/saint-roch-et-lorme-se-bougent-pour-un-week-end-de-fete\/#respond\"]}]},{\"@type\":\"WebPage\",\"@id\":\"https:\/\/vosgesinfo.fr\/saintdieinfo\/2026\/09\/saint-roch-et-lorme-se-bougent-pour-un-week-end-de-fete\/\",\"url\":\"https:\/\/vosgesinfo.fr\/saintdieinfo\/2026\/09\/saint-roch-et-lorme-se-bougent-pour-un-week-end-de-fete\/\",\"name\":\"Saint-Roch et L\u2019Orme se bougent pour un week-end de f\u00eate - Saint Die Info\",\"isPartOf\":{\"@id\":\"https:\/\/vosgesinfo.fr\/saintdieinfo\/#website\"},\"primaryImageOfPage\":{\"@id\":\"https:\/\/vosgesinfo.fr\/saintdieinfo\/2026\/09\/saint-roch-et-lorme-se-bougent-pour-un-week-end-de-fete\/#primaryimage\"},\"image\":{\"@id\":\"https:\/\/vosgesinfo.fr\/saintdieinfo\/2026\/09\/saint-roch-et-lorme-se-bougent-pour-un-week-end-de-fete\/#primaryimage\"},\"thumbnailUrl\":\"https:\/\/vosgesinfo.fr\/app\/uploads\/sites\/4\/2026\/09\/presentation-saint-rochlorme-se-bougent-2026.jpg\",\"datePublished\":\"2026-09-03T10:33:07+00:00\",\"dateModified\":\"2026-09-03T09:55:49+00:00\",\"breadcrumb\":{\"@id\":\"https:\/\/vosgesinfo.fr\/saintdieinfo\/2026\/09\/saint-roch-et-lorme-se-bougent-pour-un-week-end-de-fete\/#breadcrumb\"},\"inLanguage\":\"fr-FR\",\"potentialAction\":[{\"@type\":\"ReadAction\",\"target\":[\"https:\/\/vosgesinfo.fr\/saintdieinfo\/2026\/09\/saint-roch-et-lorme-se-bougent-pour-un-week-end-de-fete\/\"]}]},{\"@type\":\"ImageObject\",\"inLanguage\":\"fr-FR\",\"@id\":\"https:\/\/vosgesinfo.fr\/saintdieinfo\/2026\/09\/saint-roch-et-lorme-se-bougent-pour-un-week-end-de-fete\/#primaryimage\",\"url\":\"https:\/\/vosgesinfo.fr\/app\/uploads\/sites\/4\/2026\/09\/presentation-saint-rochlorme-se-bougent-2026.jpg\",\"contentUrl\":\"https:\/\/vosgesinfo.fr\/app\/uploads\/sites\/4\/2026\/09\/presentation-saint-rochlorme-se-bougent-2026.jpg\",\"width\":1920,\"height\":1440},{\"@type\":\"BreadcrumbList\",\"@id\":\"https:\/\/vosgesinfo.fr\/saintdieinfo\/2026\/09\/saint-roch-et-lorme-se-bougent-pour-un-week-end-de-fete\/#breadcrumb\",\"itemListElement\":[{\"@type\":\"ListItem\",\"position\":1,\"name\":\"Home\",\"item\":\"https:\/\/vosgesinfo.fr\/saintdieinfo\/\"},{\"@type\":\"ListItem\",\"position\":2,\"name\":\"Saint-Roch et L\u2019Orme se bougent pour un week-end de f\u00eate\"}]},{\"@type\":\"WebSite\",\"@id\":\"https:\/\/vosgesinfo.fr\/saintdieinfo\/#website\",\"url\":\"https:\/\/vosgesinfo.fr\/saintdieinfo\/\",\"name\":\"Saint Die Info\",\"description\":\"Toute l&#039;actualit\u00e9 de Saint-Di\u00e9-Des-Vosges\",\"publisher\":{\"@id\":\"https:\/\/vosgesinfo.fr\/saintdieinfo\/#organization\"},\"alternateName\":\"Toute l'actualit\u00e9 de Saint-Di\u00e9-Des-Vosges\",\"potentialAction\":[{\"@type\":\"SearchAction\",\"target\":{\"@type\":\"EntryPoint\",\"urlTemplate\":\"https:\/\/vosgesinfo.fr\/saintdieinfo\/?s={search_term_string}\"},\"query-input\":\"required name=search_term_string\"}],\"inLanguage\":\"fr-FR\"},{\"@type\":\"Organization\",\"@id\":\"https:\/\/vosgesinfo.fr\/saintdieinfo\/#organization\",\"name\":\"Saint Die Info\",\"url\":\"https:\/\/vosgesinfo.fr\/saintdieinfo\/\",\"logo\":{\"@type\":\"ImageObject\",\"inLanguage\":\"fr-FR\",\"@id\":\"https:\/\/vosgesinfo.fr\/saintdieinfo\/#\/schema\/logo\/image\/\",\"url\":\"https:\/\/vosgesinfo.fr\/app\/uploads\/sites\/4\/2024\/02\/logo-sdi.jpg\",\"contentUrl\":\"https:\/\/vosgesinfo.fr\/app\/uploads\/sites\/4\/2024\/02\/logo-sdi.jpg\",\"width\":600,\"height\":600,\"caption\":\"Saint Die Info\"},\"image\":{\"@id\":\"https:\/\/vosgesinfo.fr\/saintdieinfo\/#\/schema\/logo\/image\/\"},\"sameAs\":[\"https:\/\/www.facebook.com\/Saintdieinfofr\",\"https:\/\/x.com\/VosgesInfo88\",\"https:\/\/www.youtube.com\/@vosgesinfo\"]},{\"@type\":\"Person\",\"@id\":\"https:\/\/vosgesinfo.fr\/saintdieinfo\/#\/schema\/person\/fa73e9f726d67bb88f46d5b7943cb572\",\"name\":\"J.J.\",\"image\":{\"@type\":\"ImageObject\",\"inLanguage\":\"fr-FR\",\"@id\":\"https:\/\/vosgesinfo.fr\/saintdieinfo\/#\/schema\/person\/image\/\",\"url\":\"https:\/\/secure.gravatar.com\/avatar\/219e749e47ffbcca018a360ae4add7d4cdf1cdaaf8bc7676b27efade3fe65615?s=96&d=mm&r=g\",\"contentUrl\":\"https:\/\/secure.gravatar.com\/avatar\/219e749e47ffbcca018a360ae4add7d4cdf1cdaaf8bc7676b27efade3fe65615?s=96&d=mm&r=g\",\"caption\":\"J.J.\"},\"url\":\"https:\/\/vosgesinfo.fr\/saintdieinfo\/author\/j-j\/\"}]}<\/script>\n<!-- \/ Yoast SEO plugin. -->","yoast_head_json":{"title":"Saint-Roch et L\u2019Orme se bougent pour un week-end de f\u00eate - Saint Die Info","robots":{"index":"index","follow":"follow","max-snippet":"max-snippet:-1","max-image-preview":"max-image-preview:large","max-video-preview":"max-video-preview:-1"},"canonical":"https:\/\/vosgesinfo.fr\/saintdieinfo\/2026\/09\/saint-roch-et-lorme-se-bougent-pour-un-week-end-de-fete\/","twitter_card":"summary_large_image","twitter_title":"Saint-Roch et L\u2019Orme se bougent pour un week-end de f\u00eate - Saint Die Info","twitter_description":"Les quartiers de Saint-Roch et de L\u2019Orme se transformeront en sc\u00e8nes \u00e0 ciel ouvert le week-end des 12 et 13 [&hellip;]","twitter_image":"https:\/\/vosgesinfo.fr\/app\/uploads\/sites\/4\/2026\/09\/presentation-saint-rochlorme-se-bougent-2026.jpg","twitter_creator":"@VosgesInfo88","twitter_site":"@VosgesInfo88","twitter_misc":{"\u00c9crit par":"J.J.","Dur\u00e9e de lecture estim\u00e9e":"3 minutes"},"schema":{"@context":"https:\/\/schema.org","@graph":[{"@type":"Article","@id":"https:\/\/vosgesinfo.fr\/saintdieinfo\/2026\/09\/saint-roch-et-lorme-se-bougent-pour-un-week-end-de-fete\/#article","isPartOf":{"@id":"https:\/\/vosgesinfo.fr\/saintdieinfo\/2026\/09\/saint-roch-et-lorme-se-bougent-pour-un-week-end-de-fete\/"},"author":{"name":"J.J.","@id":"https:\/\/vosgesinfo.fr\/saintdieinfo\/#\/schema\/person\/fa73e9f726d67bb88f46d5b7943cb572"},"headline":"Saint-Roch et L\u2019Orme se bougent pour un week-end de f\u00eate","datePublished":"2026-09-03T10:33:07+00:00","dateModified":"2026-09-03T09:55:49+00:00","mainEntityOfPage":{"@id":"https:\/\/vosgesinfo.fr\/saintdieinfo\/2026\/09\/saint-roch-et-lorme-se-bougent-pour-un-week-end-de-fete\/"},"wordCount":435,"commentCount":0,"publisher":{"@id":"https:\/\/vosgesinfo.fr\/saintdieinfo\/#organization"},"image":{"@id":"https:\/\/vosgesinfo.fr\/saintdieinfo\/2026\/09\/saint-roch-et-lorme-se-bougent-pour-un-week-end-de-fete\/#primaryimage"},"thumbnailUrl":"https:\/\/vosgesinfo.fr\/app\/uploads\/sites\/4\/2026\/09\/presentation-saint-rochlorme-se-bougent-2026.jpg","keywords":["Centre Social Germaine-Tillion","Ecole des Nez Rouges","L'Orme","Saint-Roch","Saint-Roch et l'Orme se bougent","Ville de Saint-Di\u00e9-des-Vosges"],"articleSection":["A la Une","Loisirs","Saint-Di\u00e9-des-Vosges","Vie Associative"],"inLanguage":"fr-FR","potentialAction":[{"@type":"CommentAction","name":"Comment","target":["https:\/\/vosgesinfo.fr\/saintdieinfo\/2026\/09\/saint-roch-et-lorme-se-bougent-pour-un-week-end-de-fete\/#respond"]}]},{"@type":"WebPage","@id":"https:\/\/vosgesinfo.fr\/saintdieinfo\/2026\/09\/saint-roch-et-lorme-se-bougent-pour-un-week-end-de-fete\/","url":"https:\/\/vosgesinfo.fr\/saintdieinfo\/2026\/09\/saint-roch-et-lorme-se-bougent-pour-un-week-end-de-fete\/","name":"Saint-Roch et L\u2019Orme se bougent pour un week-end de f\u00eate - Saint Die Info","isPartOf":{"@id":"https:\/\/vosgesinfo.fr\/saintdieinfo\/#website"},"primaryImageOfPage":{"@id":"https:\/\/vosgesinfo.fr\/saintdieinfo\/2026\/09\/saint-roch-et-lorme-se-bougent-pour-un-week-end-de-fete\/#primaryimage"},"image":{"@id":"https:\/\/vosgesinfo.fr\/saintdieinfo\/2026\/09\/saint-roch-et-lorme-se-bougent-pour-un-week-end-de-fete\/#primaryimage"},"thumbnailUrl":"https:\/\/vosgesinfo.fr\/app\/uploads\/sites\/4\/2026\/09\/presentation-saint-rochlorme-se-bougent-2026.jpg","datePublished":"2026-09-03T10:33:07+00:00","dateModified":"2026-09-03T09:55:49+00:00","breadcrumb":{"@id":"https:\/\/vosgesinfo.fr\/saintdieinfo\/2026\/09\/saint-roch-et-lorme-se-bougent-pour-un-week-end-de-fete\/#breadcrumb"},"inLanguage":"fr-FR","potentialAction":[{"@type":"ReadAction","target":["https:\/\/vosgesinfo.fr\/saintdieinfo\/2026\/09\/saint-roch-et-lorme-se-bougent-pour-un-week-end-de-fete\/"]}]},{"@type":"ImageObject","inLanguage":"fr-FR","@id":"https:\/\/vosgesinfo.fr\/saintdieinfo\/2026\/09\/saint-roch-et-lorme-se-bougent-pour-un-week-end-de-fete\/#primaryimage","url":"https:\/\/vosgesinfo.fr\/app\/uploads\/sites\/4\/2026\/09\/presentation-saint-rochlorme-se-bougent-2026.jpg","contentUrl":"https:\/\/vosgesinfo.fr\/app\/uploads\/sites\/4\/2026\/09\/presentation-saint-rochlorme-se-bougent-2026.jpg","width":1920,"height":1440},{"@type":"BreadcrumbList","@id":"https:\/\/vosgesinfo.fr\/saintdieinfo\/2026\/09\/saint-roch-et-lorme-se-bougent-pour-un-week-end-de-fete\/#breadcrumb","itemListElement":[{"@type":"ListItem","position":1,"name":"Home","item":"https:\/\/vosgesinfo.fr\/saintdieinfo\/"},{"@type":"ListItem","position":2,"name":"Saint-Roch et L\u2019Orme se bougent pour un week-end de f\u00eate"}]},{"@type":"WebSite","@id":"https:\/\/vosgesinfo.fr\/saintdieinfo\/#website","url":"https:\/\/vosgesinfo.fr\/saintdieinfo\/","name":"Saint Die Info","description":"Toute l&#039;actualit\u00e9 de Saint-Di\u00e9-Des-Vosges","publisher":{"@id":"https:\/\/vosgesinfo.fr\/saintdieinfo\/#organization"},"alternateName":"Toute l'actualit\u00e9 de Saint-Di\u00e9-Des-Vosges","potentialAction":[{"@type":"SearchAction","target":{"@type":"EntryPoint","urlTemplate":"https:\/\/vosgesinfo.fr\/saintdieinfo\/?s={search_term_string}"},"query-input":"required name=search_term_string"}],"inLanguage":"fr-FR"},{"@type":"Organization","@id":"https:\/\/vosgesinfo.fr\/saintdieinfo\/#organization","name":"Saint Die Info","url":"https:\/\/vosgesinfo.fr\/saintdieinfo\/","logo":{"@type":"ImageObject","inLanguage":"fr-FR","@id":"https:\/\/vosgesinfo.fr\/saintdieinfo\/#\/schema\/logo\/image\/","url":"https:\/\/vosgesinfo.fr\/app\/uploads\/sites\/4\/2024\/02\/logo-sdi.jpg","contentUrl":"https:\/\/vosgesinfo.fr\/app\/uploads\/sites\/4\/2024\/02\/logo-sdi.jpg","width":600,"height":600,"caption":"Saint Die Info"},"image":{"@id":"https:\/\/vosgesinfo.fr\/saintdieinfo\/#\/schema\/logo\/image\/"},"sameAs":["https:\/\/www.facebook.com\/Saintdieinfofr","https:\/\/x.com\/VosgesInfo88","https:\/\/www.youtube.com\/@vosgesinfo"]},{"@type":"Person","@id":"https:\/\/vosgesinfo.fr\/saintdieinfo\/#\/schema\/person\/fa73e9f726d67bb88f46d5b7943cb572","name":"J.J.","image":{"@type":"ImageObject","inLanguage":"fr-FR","@id":"https:\/\/vosgesinfo.fr\/saintdieinfo\/#\/schema\/person\/image\/","url":"https:\/\/secure.gravatar.com\/avatar\/219e749e47ffbcca018a360ae4add7d4cdf1cdaaf8bc7676b27efade3fe65615?s=96&d=mm&r=g","contentUrl":"https:\/\/secure.gravatar.com\/avatar\/219e749e47ffbcca018a360ae4add7d4cdf1cdaaf8bc7676b27efade3fe65615?s=96&d=mm&r=g","caption":"J.J."},"url":"https:\/\/vosgesinfo.fr\/saintdieinfo\/author\/j-j\/"}]}},"_links":{"self":[{"href":"https:\/\/vosgesinfo.fr\/saintdieinfo\/wp-json\/wp\/v2\/posts\/95732","targetHints":{"allow":["GET"]}}],"collection":[{"href":"https:\/\/vosgesinfo.fr\/saintdieinfo\/wp-json\/wp\/v2\/posts"}],"about":[{"href":"https:\/\/vosgesinfo.fr\/saintdieinfo\/wp-json\/wp\/v2\/types\/post"}],"author":[{"embeddable":true,"href":"https:\/\/vosgesinfo.fr\/saintdieinfo\/wp-json\/wp\/v2\/users\/46"}],"replies":[{"embeddable":true,"href":"https:\/\/vosgesinfo.fr\/saintdieinfo\/wp-json\/wp\/v2\/comments?post=95732"}],"version-history":[{"count":3,"href":"https:\/\/vosgesinfo.fr\/saintdieinfo\/wp-json\/wp\/v2\/posts\/95732\/revisions"}],"predecessor-version":[{"id":95738,"href":"https:\/\/vosgesinfo.fr\/saintdieinfo\/wp-json\/wp\/v2\/posts\/95732\/revisions\/95738"}],"wp:featuredmedia":[{"embeddable":true,"href":"https:\/\/vosgesinfo.fr\/saintdieinfo\/wp-json\/wp\/v2\/media\/95733"}],"wp:attachment":[{"href":"https:\/\/vosgesinfo.fr\/saintdieinfo\/wp-json\/wp\/v2\/media?parent=95732"}],"wp:term":[{"taxonomy":"category","embeddable":true,"href":"https:\/\/vosgesinfo.fr\/saintdieinfo\/wp-json\/wp\/v2\/categories?post=95732"},{"taxonomy":"post_tag","embeddable":true,"href":"https:\/\/vosgesinfo.fr\/saintdieinfo\/wp-json\/wp\/v2\/tags?post=95732"}],"curies":[{"name":"wp","href":"https:\/\/api.w.org\/{rel}","templated":true}]}}