{"id":95752,"date":"2026-09-04T09:13:43","date_gmt":"2026-09-04T07:13:43","guid":{"rendered":"https:\/\/vosgesinfo.fr\/saintdieinfo\/?p=95752"},"modified":"2026-09-04T09:05:16","modified_gmt":"2026-09-04T07:05:16","slug":"a-saint-die-des-vosges-un-forum-pour-lever-les-freins-a-la-mobilite","status":"publish","type":"post","link":"https:\/\/vosgesinfo.fr\/saintdieinfo\/2026\/09\/a-saint-die-des-vosges-un-forum-pour-lever-les-freins-a-la-mobilite\/","title":{"rendered":"\u00c0 Saint-Di\u00e9-des-Vosges, un forum pour lever les freins \u00e0 la mobilit\u00e9"},"content":{"rendered":"<div id=\"attachment_95753\" style=\"width: 1034px\" class=\"wp-caption alignnone\"><a href=\"https:\/\/vosgesinfo.fr\/app\/uploads\/sites\/4\/2026\/09\/annonce-forum-mobilites-sddv.jpg\"><img decoding=\"async\" aria-describedby=\"caption-attachment-95753\" class=\"size-large wp-image-95753\" src=\"https:\/\/vosgesinfo.fr\/app\/uploads\/sites\/4\/2026\/09\/annonce-forum-mobilites-sddv-1024x683.jpg\" alt=\"\" width=\"1024\" height=\"683\" srcset=\"https:\/\/vosgesinfo.fr\/app\/uploads\/sites\/4\/2026\/09\/annonce-forum-mobilites-sddv-1024x683.jpg 1024w, https:\/\/vosgesinfo.fr\/app\/uploads\/sites\/4\/2026\/09\/annonce-forum-mobilites-sddv-300x200.jpg 300w, https:\/\/vosgesinfo.fr\/app\/uploads\/sites\/4\/2026\/09\/annonce-forum-mobilites-sddv-768x512.jpg 768w, https:\/\/vosgesinfo.fr\/app\/uploads\/sites\/4\/2026\/09\/annonce-forum-mobilites-sddv.jpg 1536w\" sizes=\"(max-width: 1024px) 100vw, 1024px\" \/><\/a><p id=\"caption-attachment-95753\" class=\"wp-caption-text\">(Visuel modifi\u00e9e IA pour le recadrage)<\/p><\/div>\n<h2>Permis de conduire, transports, v\u00e9lo, mobilit\u00e9 solidaire ou aides : plusieurs solutions pour se d\u00e9placer seront r\u00e9unies lors du <strong>Forum Mobilit\u00e9<\/strong> organis\u00e9 par la <strong>Mission Locale du Bassin de Saint-Di\u00e9 et des Hautes Vosges<\/strong> avec <strong>Wimoov, association sp\u00e9cialis\u00e9e dans la mobilit\u00e9 inclusive<\/strong>. Organis\u00e9 dans le cadre de la <strong>Semaine europ\u00e9enne de la mobilit\u00e9<\/strong>, il se tiendra <strong>jeudi 17 septembre<\/strong>, \u00e0 l\u2019<strong>Espace Fran\u00e7ois-Mitterrand<\/strong> (rue du 11-Novembre-1918), de 10 h \u00e0 12 h et de 13 h \u00e0 16 h. <strong>L\u2019acc\u00e8s sera gratuit et ouvert \u00e0 tous.<\/strong><\/h2>\n<p><!--more--><\/p>\n<h3><strong>Permis, transports, v\u00e9lo et accompagnement<\/strong><\/h3>\n<p><strong>De nombreux acteurs du territoire seront pr\u00e9sents<\/strong> pour faire d\u00e9couvrir les solutions existantes en mati\u00e8re de transport, de mobilit\u00e9 solidaire, de v\u00e9lo, d\u2019accompagnement, d\u2019aides et de dispositifs li\u00e9s notamment au permis de conduire. <strong>Des informations pratiques et des animations sont \u00e9galement pr\u00e9vues.<\/strong><\/p>\n<p>En sachant que la mobilit\u00e9 constitue encore <strong>un frein important pour de nombreux jeunes<\/strong>, notamment pour <strong>acc\u00e9der \u00e0 l\u2019emploi, \u00e0 la formation ou \u00e0 l\u2019apprentissage<\/strong>, mais aussi plus largement pour gagner en autonomie.<\/p>\n","protected":false},"excerpt":{"rendered":"<p>Permis de conduire, transports, v\u00e9lo, mobilit\u00e9 solidaire ou aides : plusieurs solutions pour se d\u00e9placer seront r\u00e9unies lors du Forum [&hellip;]<\/p>\n","protected":false},"author":46,"featured_media":95753,"comment_status":"open","ping_status":"open","sticky":false,"template":"","format":"standard","meta":{"footnotes":""},"categories":[460,167],"tags":[22855,22856,22858,22857],"class_list":["post-95752","post","type-post","status-publish","format-standard","has-post-thumbnail","hentry","category-a-la-une","category-saint-die-des-vosges","tag-forum-mobilite-en-deodatie","tag-mission-locale-du-bassin-de-saint-die-et-des-hautes-vosges","tag-semaine-europeenne-de-la-mobilite","tag-wimoov"],"acf":[],"yoast_head":"<!-- This site is optimized with the Yoast SEO plugin v22.5 - https:\/\/yoast.com\/wordpress\/plugins\/seo\/ -->\n<title>\u00c0 Saint-Di\u00e9-des-Vosges, un forum pour lever les freins \u00e0 la mobilit\u00e9 - Saint Die Info<\/title>\n<meta name=\"robots\" content=\"index, follow, max-snippet:-1, max-image-preview:large, max-video-preview:-1\" \/>\n<link rel=\"canonical\" href=\"https:\/\/vosgesinfo.fr\/saintdieinfo\/2026\/09\/a-saint-die-des-vosges-un-forum-pour-lever-les-freins-a-la-mobilite\/\" \/>\n<meta name=\"twitter:card\" content=\"summary_large_image\" \/>\n<meta name=\"twitter:title\" content=\"\u00c0 Saint-Di\u00e9-des-Vosges, un forum pour lever les freins \u00e0 la mobilit\u00e9 - Saint Die Info\" \/>\n<meta name=\"twitter:description\" content=\"Permis de conduire, transports, v\u00e9lo, mobilit\u00e9 solidaire ou aides : plusieurs solutions pour se d\u00e9placer seront r\u00e9unies lors du Forum [&hellip;]\" \/>\n<meta name=\"twitter:image\" content=\"https:\/\/vosgesinfo.fr\/app\/uploads\/sites\/4\/2026\/09\/annonce-forum-mobilites-sddv.jpg\" \/>\n<meta name=\"twitter:creator\" content=\"@VosgesInfo88\" \/>\n<meta name=\"twitter:site\" content=\"@VosgesInfo88\" \/>\n<meta name=\"twitter:label1\" content=\"\u00c9crit par\" \/>\n\t<meta name=\"twitter:data1\" content=\"J.J.\" \/>\n\t<meta name=\"twitter:label2\" content=\"Dur\u00e9e de lecture estim\u00e9e\" \/>\n\t<meta name=\"twitter:data2\" content=\"2 minutes\" \/>\n<script type=\"application\/ld+json\" class=\"yoast-schema-graph\">{\"@context\":\"https:\/\/schema.org\",\"@graph\":[{\"@type\":\"Article\",\"@id\":\"https:\/\/vosgesinfo.fr\/saintdieinfo\/2026\/09\/a-saint-die-des-vosges-un-forum-pour-lever-les-freins-a-la-mobilite\/#article\",\"isPartOf\":{\"@id\":\"https:\/\/vosgesinfo.fr\/saintdieinfo\/2026\/09\/a-saint-die-des-vosges-un-forum-pour-lever-les-freins-a-la-mobilite\/\"},\"author\":{\"name\":\"J.J.\",\"@id\":\"https:\/\/vosgesinfo.fr\/saintdieinfo\/#\/schema\/person\/fa73e9f726d67bb88f46d5b7943cb572\"},\"headline\":\"\u00c0 Saint-Di\u00e9-des-Vosges, un forum pour lever les freins \u00e0 la mobilit\u00e9\",\"datePublished\":\"2026-09-04T07:13:43+00:00\",\"dateModified\":\"2026-09-04T07:05:16+00:00\",\"mainEntityOfPage\":{\"@id\":\"https:\/\/vosgesinfo.fr\/saintdieinfo\/2026\/09\/a-saint-die-des-vosges-un-forum-pour-lever-les-freins-a-la-mobilite\/\"},\"wordCount\":198,\"commentCount\":0,\"publisher\":{\"@id\":\"https:\/\/vosgesinfo.fr\/saintdieinfo\/#organization\"},\"image\":{\"@id\":\"https:\/\/vosgesinfo.fr\/saintdieinfo\/2026\/09\/a-saint-die-des-vosges-un-forum-pour-lever-les-freins-a-la-mobilite\/#primaryimage\"},\"thumbnailUrl\":\"https:\/\/vosgesinfo.fr\/app\/uploads\/sites\/4\/2026\/09\/annonce-forum-mobilites-sddv.jpg\",\"keywords\":[\"Forum Mobilit\u00e9 en D\u00e9odatie\",\"Mission Locale du Bassin de Saint-Di\u00e9 et des Hautes Vosges\",\"Semaine europ\u00e9enne de la mobilit\u00e9\",\"Wimoov\"],\"articleSection\":[\"A la Une\",\"Saint-Di\u00e9-des-Vosges\"],\"inLanguage\":\"fr-FR\",\"potentialAction\":[{\"@type\":\"CommentAction\",\"name\":\"Comment\",\"target\":[\"https:\/\/vosgesinfo.fr\/saintdieinfo\/2026\/09\/a-saint-die-des-vosges-un-forum-pour-lever-les-freins-a-la-mobilite\/#respond\"]}]},{\"@type\":\"WebPage\",\"@id\":\"https:\/\/vosgesinfo.fr\/saintdieinfo\/2026\/09\/a-saint-die-des-vosges-un-forum-pour-lever-les-freins-a-la-mobilite\/\",\"url\":\"https:\/\/vosgesinfo.fr\/saintdieinfo\/2026\/09\/a-saint-die-des-vosges-un-forum-pour-lever-les-freins-a-la-mobilite\/\",\"name\":\"\u00c0 Saint-Di\u00e9-des-Vosges, un forum pour lever les freins \u00e0 la mobilit\u00e9 - Saint Die Info\",\"isPartOf\":{\"@id\":\"https:\/\/vosgesinfo.fr\/saintdieinfo\/#website\"},\"primaryImageOfPage\":{\"@id\":\"https:\/\/vosgesinfo.fr\/saintdieinfo\/2026\/09\/a-saint-die-des-vosges-un-forum-pour-lever-les-freins-a-la-mobilite\/#primaryimage\"},\"image\":{\"@id\":\"https:\/\/vosgesinfo.fr\/saintdieinfo\/2026\/09\/a-saint-die-des-vosges-un-forum-pour-lever-les-freins-a-la-mobilite\/#primaryimage\"},\"thumbnailUrl\":\"https:\/\/vosgesinfo.fr\/app\/uploads\/sites\/4\/2026\/09\/annonce-forum-mobilites-sddv.jpg\",\"datePublished\":\"2026-09-04T07:13:43+00:00\",\"dateModified\":\"2026-09-04T07:05:16+00:00\",\"breadcrumb\":{\"@id\":\"https:\/\/vosgesinfo.fr\/saintdieinfo\/2026\/09\/a-saint-die-des-vosges-un-forum-pour-lever-les-freins-a-la-mobilite\/#breadcrumb\"},\"inLanguage\":\"fr-FR\",\"potentialAction\":[{\"@type\":\"ReadAction\",\"target\":[\"https:\/\/vosgesinfo.fr\/saintdieinfo\/2026\/09\/a-saint-die-des-vosges-un-forum-pour-lever-les-freins-a-la-mobilite\/\"]}]},{\"@type\":\"ImageObject\",\"inLanguage\":\"fr-FR\",\"@id\":\"https:\/\/vosgesinfo.fr\/saintdieinfo\/2026\/09\/a-saint-die-des-vosges-un-forum-pour-lever-les-freins-a-la-mobilite\/#primaryimage\",\"url\":\"https:\/\/vosgesinfo.fr\/app\/uploads\/sites\/4\/2026\/09\/annonce-forum-mobilites-sddv.jpg\",\"contentUrl\":\"https:\/\/vosgesinfo.fr\/app\/uploads\/sites\/4\/2026\/09\/annonce-forum-mobilites-sddv.jpg\",\"width\":1536,\"height\":1024,\"caption\":\"(Visuel modifi\u00e9e IA pour le recadrage)\"},{\"@type\":\"BreadcrumbList\",\"@id\":\"https:\/\/vosgesinfo.fr\/saintdieinfo\/2026\/09\/a-saint-die-des-vosges-un-forum-pour-lever-les-freins-a-la-mobilite\/#breadcrumb\",\"itemListElement\":[{\"@type\":\"ListItem\",\"position\":1,\"name\":\"Home\",\"item\":\"https:\/\/vosgesinfo.fr\/saintdieinfo\/\"},{\"@type\":\"ListItem\",\"position\":2,\"name\":\"\u00c0 Saint-Di\u00e9-des-Vosges, un forum pour lever les freins \u00e0 la mobilit\u00e9\"}]},{\"@type\":\"WebSite\",\"@id\":\"https:\/\/vosgesinfo.fr\/saintdieinfo\/#website\",\"url\":\"https:\/\/vosgesinfo.fr\/saintdieinfo\/\",\"name\":\"Saint Die Info\",\"description\":\"Toute l&#039;actualit\u00e9 de Saint-Di\u00e9-Des-Vosges\",\"publisher\":{\"@id\":\"https:\/\/vosgesinfo.fr\/saintdieinfo\/#organization\"},\"alternateName\":\"Toute l'actualit\u00e9 de Saint-Di\u00e9-Des-Vosges\",\"potentialAction\":[{\"@type\":\"SearchAction\",\"target\":{\"@type\":\"EntryPoint\",\"urlTemplate\":\"https:\/\/vosgesinfo.fr\/saintdieinfo\/?s={search_term_string}\"},\"query-input\":\"required name=search_term_string\"}],\"inLanguage\":\"fr-FR\"},{\"@type\":\"Organization\",\"@id\":\"https:\/\/vosgesinfo.fr\/saintdieinfo\/#organization\",\"name\":\"Saint Die Info\",\"url\":\"https:\/\/vosgesinfo.fr\/saintdieinfo\/\",\"logo\":{\"@type\":\"ImageObject\",\"inLanguage\":\"fr-FR\",\"@id\":\"https:\/\/vosgesinfo.fr\/saintdieinfo\/#\/schema\/logo\/image\/\",\"url\":\"https:\/\/vosgesinfo.fr\/app\/uploads\/sites\/4\/2024\/02\/logo-sdi.jpg\",\"contentUrl\":\"https:\/\/vosgesinfo.fr\/app\/uploads\/sites\/4\/2024\/02\/logo-sdi.jpg\",\"width\":600,\"height\":600,\"caption\":\"Saint Die Info\"},\"image\":{\"@id\":\"https:\/\/vosgesinfo.fr\/saintdieinfo\/#\/schema\/logo\/image\/\"},\"sameAs\":[\"https:\/\/www.facebook.com\/Saintdieinfofr\",\"https:\/\/x.com\/VosgesInfo88\",\"https:\/\/www.youtube.com\/@vosgesinfo\"]},{\"@type\":\"Person\",\"@id\":\"https:\/\/vosgesinfo.fr\/saintdieinfo\/#\/schema\/person\/fa73e9f726d67bb88f46d5b7943cb572\",\"name\":\"J.J.\",\"image\":{\"@type\":\"ImageObject\",\"inLanguage\":\"fr-FR\",\"@id\":\"https:\/\/vosgesinfo.fr\/saintdieinfo\/#\/schema\/person\/image\/\",\"url\":\"https:\/\/secure.gravatar.com\/avatar\/219e749e47ffbcca018a360ae4add7d4cdf1cdaaf8bc7676b27efade3fe65615?s=96&d=mm&r=g\",\"contentUrl\":\"https:\/\/secure.gravatar.com\/avatar\/219e749e47ffbcca018a360ae4add7d4cdf1cdaaf8bc7676b27efade3fe65615?s=96&d=mm&r=g\",\"caption\":\"J.J.\"},\"url\":\"https:\/\/vosgesinfo.fr\/saintdieinfo\/author\/j-j\/\"}]}<\/script>\n<!-- \/ Yoast SEO plugin. -->","yoast_head_json":{"title":"\u00c0 Saint-Di\u00e9-des-Vosges, un forum pour lever les freins \u00e0 la mobilit\u00e9 - Saint Die Info","robots":{"index":"index","follow":"follow","max-snippet":"max-snippet:-1","max-image-preview":"max-image-preview:large","max-video-preview":"max-video-preview:-1"},"canonical":"https:\/\/vosgesinfo.fr\/saintdieinfo\/2026\/09\/a-saint-die-des-vosges-un-forum-pour-lever-les-freins-a-la-mobilite\/","twitter_card":"summary_large_image","twitter_title":"\u00c0 Saint-Di\u00e9-des-Vosges, un forum pour lever les freins \u00e0 la mobilit\u00e9 - Saint Die Info","twitter_description":"Permis de conduire, transports, v\u00e9lo, mobilit\u00e9 solidaire ou aides : plusieurs solutions pour se d\u00e9placer seront r\u00e9unies lors du Forum [&hellip;]","twitter_image":"https:\/\/vosgesinfo.fr\/app\/uploads\/sites\/4\/2026\/09\/annonce-forum-mobilites-sddv.jpg","twitter_creator":"@VosgesInfo88","twitter_site":"@VosgesInfo88","twitter_misc":{"\u00c9crit par":"J.J.","Dur\u00e9e de lecture estim\u00e9e":"2 minutes"},"schema":{"@context":"https:\/\/schema.org","@graph":[{"@type":"Article","@id":"https:\/\/vosgesinfo.fr\/saintdieinfo\/2026\/09\/a-saint-die-des-vosges-un-forum-pour-lever-les-freins-a-la-mobilite\/#article","isPartOf":{"@id":"https:\/\/vosgesinfo.fr\/saintdieinfo\/2026\/09\/a-saint-die-des-vosges-un-forum-pour-lever-les-freins-a-la-mobilite\/"},"author":{"name":"J.J.","@id":"https:\/\/vosgesinfo.fr\/saintdieinfo\/#\/schema\/person\/fa73e9f726d67bb88f46d5b7943cb572"},"headline":"\u00c0 Saint-Di\u00e9-des-Vosges, un forum pour lever les freins \u00e0 la mobilit\u00e9","datePublished":"2026-09-04T07:13:43+00:00","dateModified":"2026-09-04T07:05:16+00:00","mainEntityOfPage":{"@id":"https:\/\/vosgesinfo.fr\/saintdieinfo\/2026\/09\/a-saint-die-des-vosges-un-forum-pour-lever-les-freins-a-la-mobilite\/"},"wordCount":198,"commentCount":0,"publisher":{"@id":"https:\/\/vosgesinfo.fr\/saintdieinfo\/#organization"},"image":{"@id":"https:\/\/vosgesinfo.fr\/saintdieinfo\/2026\/09\/a-saint-die-des-vosges-un-forum-pour-lever-les-freins-a-la-mobilite\/#primaryimage"},"thumbnailUrl":"https:\/\/vosgesinfo.fr\/app\/uploads\/sites\/4\/2026\/09\/annonce-forum-mobilites-sddv.jpg","keywords":["Forum Mobilit\u00e9 en D\u00e9odatie","Mission Locale du Bassin de Saint-Di\u00e9 et des Hautes Vosges","Semaine europ\u00e9enne de la mobilit\u00e9","Wimoov"],"articleSection":["A la Une","Saint-Di\u00e9-des-Vosges"],"inLanguage":"fr-FR","potentialAction":[{"@type":"CommentAction","name":"Comment","target":["https:\/\/vosgesinfo.fr\/saintdieinfo\/2026\/09\/a-saint-die-des-vosges-un-forum-pour-lever-les-freins-a-la-mobilite\/#respond"]}]},{"@type":"WebPage","@id":"https:\/\/vosgesinfo.fr\/saintdieinfo\/2026\/09\/a-saint-die-des-vosges-un-forum-pour-lever-les-freins-a-la-mobilite\/","url":"https:\/\/vosgesinfo.fr\/saintdieinfo\/2026\/09\/a-saint-die-des-vosges-un-forum-pour-lever-les-freins-a-la-mobilite\/","name":"\u00c0 Saint-Di\u00e9-des-Vosges, un forum pour lever les freins \u00e0 la mobilit\u00e9 - Saint Die Info","isPartOf":{"@id":"https:\/\/vosgesinfo.fr\/saintdieinfo\/#website"},"primaryImageOfPage":{"@id":"https:\/\/vosgesinfo.fr\/saintdieinfo\/2026\/09\/a-saint-die-des-vosges-un-forum-pour-lever-les-freins-a-la-mobilite\/#primaryimage"},"image":{"@id":"https:\/\/vosgesinfo.fr\/saintdieinfo\/2026\/09\/a-saint-die-des-vosges-un-forum-pour-lever-les-freins-a-la-mobilite\/#primaryimage"},"thumbnailUrl":"https:\/\/vosgesinfo.fr\/app\/uploads\/sites\/4\/2026\/09\/annonce-forum-mobilites-sddv.jpg","datePublished":"2026-09-04T07:13:43+00:00","dateModified":"2026-09-04T07:05:16+00:00","breadcrumb":{"@id":"https:\/\/vosgesinfo.fr\/saintdieinfo\/2026\/09\/a-saint-die-des-vosges-un-forum-pour-lever-les-freins-a-la-mobilite\/#breadcrumb"},"inLanguage":"fr-FR","potentialAction":[{"@type":"ReadAction","target":["https:\/\/vosgesinfo.fr\/saintdieinfo\/2026\/09\/a-saint-die-des-vosges-un-forum-pour-lever-les-freins-a-la-mobilite\/"]}]},{"@type":"ImageObject","inLanguage":"fr-FR","@id":"https:\/\/vosgesinfo.fr\/saintdieinfo\/2026\/09\/a-saint-die-des-vosges-un-forum-pour-lever-les-freins-a-la-mobilite\/#primaryimage","url":"https:\/\/vosgesinfo.fr\/app\/uploads\/sites\/4\/2026\/09\/annonce-forum-mobilites-sddv.jpg","contentUrl":"https:\/\/vosgesinfo.fr\/app\/uploads\/sites\/4\/2026\/09\/annonce-forum-mobilites-sddv.jpg","width":1536,"height":1024,"caption":"(Visuel modifi\u00e9e IA pour le recadrage)"},{"@type":"BreadcrumbList","@id":"https:\/\/vosgesinfo.fr\/saintdieinfo\/2026\/09\/a-saint-die-des-vosges-un-forum-pour-lever-les-freins-a-la-mobilite\/#breadcrumb","itemListElement":[{"@type":"ListItem","position":1,"name":"Home","item":"https:\/\/vosgesinfo.fr\/saintdieinfo\/"},{"@type":"ListItem","position":2,"name":"\u00c0 Saint-Di\u00e9-des-Vosges, un forum pour lever les freins \u00e0 la mobilit\u00e9"}]},{"@type":"WebSite","@id":"https:\/\/vosgesinfo.fr\/saintdieinfo\/#website","url":"https:\/\/vosgesinfo.fr\/saintdieinfo\/","name":"Saint Die Info","description":"Toute l&#039;actualit\u00e9 de Saint-Di\u00e9-Des-Vosges","publisher":{"@id":"https:\/\/vosgesinfo.fr\/saintdieinfo\/#organization"},"alternateName":"Toute l'actualit\u00e9 de Saint-Di\u00e9-Des-Vosges","potentialAction":[{"@type":"SearchAction","target":{"@type":"EntryPoint","urlTemplate":"https:\/\/vosgesinfo.fr\/saintdieinfo\/?s={search_term_string}"},"query-input":"required name=search_term_string"}],"inLanguage":"fr-FR"},{"@type":"Organization","@id":"https:\/\/vosgesinfo.fr\/saintdieinfo\/#organization","name":"Saint Die Info","url":"https:\/\/vosgesinfo.fr\/saintdieinfo\/","logo":{"@type":"ImageObject","inLanguage":"fr-FR","@id":"https:\/\/vosgesinfo.fr\/saintdieinfo\/#\/schema\/logo\/image\/","url":"https:\/\/vosgesinfo.fr\/app\/uploads\/sites\/4\/2024\/02\/logo-sdi.jpg","contentUrl":"https:\/\/vosgesinfo.fr\/app\/uploads\/sites\/4\/2024\/02\/logo-sdi.jpg","width":600,"height":600,"caption":"Saint Die Info"},"image":{"@id":"https:\/\/vosgesinfo.fr\/saintdieinfo\/#\/schema\/logo\/image\/"},"sameAs":["https:\/\/www.facebook.com\/Saintdieinfofr","https:\/\/x.com\/VosgesInfo88","https:\/\/www.youtube.com\/@vosgesinfo"]},{"@type":"Person","@id":"https:\/\/vosgesinfo.fr\/saintdieinfo\/#\/schema\/person\/fa73e9f726d67bb88f46d5b7943cb572","name":"J.J.","image":{"@type":"ImageObject","inLanguage":"fr-FR","@id":"https:\/\/vosgesinfo.fr\/saintdieinfo\/#\/schema\/person\/image\/","url":"https:\/\/secure.gravatar.com\/avatar\/219e749e47ffbcca018a360ae4add7d4cdf1cdaaf8bc7676b27efade3fe65615?s=96&d=mm&r=g","contentUrl":"https:\/\/secure.gravatar.com\/avatar\/219e749e47ffbcca018a360ae4add7d4cdf1cdaaf8bc7676b27efade3fe65615?s=96&d=mm&r=g","caption":"J.J."},"url":"https:\/\/vosgesinfo.fr\/saintdieinfo\/author\/j-j\/"}]}},"_links":{"self":[{"href":"https:\/\/vosgesinfo.fr\/saintdieinfo\/wp-json\/wp\/v2\/posts\/95752","targetHints":{"allow":["GET"]}}],"collection":[{"href":"https:\/\/vosgesinfo.fr\/saintdieinfo\/wp-json\/wp\/v2\/posts"}],"about":[{"href":"https:\/\/vosgesinfo.fr\/saintdieinfo\/wp-json\/wp\/v2\/types\/post"}],"author":[{"embeddable":true,"href":"https:\/\/vosgesinfo.fr\/saintdieinfo\/wp-json\/wp\/v2\/users\/46"}],"replies":[{"embeddable":true,"href":"https:\/\/vosgesinfo.fr\/saintdieinfo\/wp-json\/wp\/v2\/comments?post=95752"}],"version-history":[{"count":1,"href":"https:\/\/vosgesinfo.fr\/saintdieinfo\/wp-json\/wp\/v2\/posts\/95752\/revisions"}],"predecessor-version":[{"id":95754,"href":"https:\/\/vosgesinfo.fr\/saintdieinfo\/wp-json\/wp\/v2\/posts\/95752\/revisions\/95754"}],"wp:featuredmedia":[{"embeddable":true,"href":"https:\/\/vosgesinfo.fr\/saintdieinfo\/wp-json\/wp\/v2\/media\/95753"}],"wp:attachment":[{"href":"https:\/\/vosgesinfo.fr\/saintdieinfo\/wp-json\/wp\/v2\/media?parent=95752"}],"wp:term":[{"taxonomy":"category","embeddable":true,"href":"https:\/\/vosgesinfo.fr\/saintdieinfo\/wp-json\/wp\/v2\/categories?post=95752"},{"taxonomy":"post_tag","embeddable":true,"href":"https:\/\/vosgesinfo.fr\/saintdieinfo\/wp-json\/wp\/v2\/tags?post=95752"}],"curies":[{"name":"wp","href":"https:\/\/api.w.org\/{rel}","templated":true}]}}