{"id":95755,"date":"2026-09-04T09:23:40","date_gmt":"2026-09-04T07:23:40","guid":{"rendered":"https:\/\/vosgesinfo.fr\/saintdieinfo\/?p=95755"},"modified":"2026-09-04T09:08:56","modified_gmt":"2026-09-04T07:08:56","slug":"fraispertuis-city-decroche-trois-nominations-aux-park-world-excellence-awards","status":"publish","type":"post","link":"https:\/\/vosgesinfo.fr\/saintdieinfo\/2026\/09\/fraispertuis-city-decroche-trois-nominations-aux-park-world-excellence-awards\/","title":{"rendered":"Fraispertuis-City d\u00e9croche trois nominations aux Park World Excellence Awards"},"content":{"rendered":"<h2><strong>Fraispertuis-City<\/strong> se distingue une nouvelle fois aux <strong>Park World Excellence Awards<\/strong>. Apr\u00e8s le <strong>doubl\u00e9 remport\u00e9 par les Draisines en 2022<\/strong> et une nouvelle nomination avec <strong>Sawmill en 2025<\/strong>, le parc vosgien figure cette ann\u00e9e dans <strong>trois cat\u00e9gories<\/strong>.<\/h2>\n<p><!--more--><\/p>\n<h3><strong>Trois nominations pour Fraispertuis-City<\/strong><\/h3>\n<p><strong>Fireline Redwood<\/strong> est en lice pour le prix du <strong>meilleur roller coaster \u00e0 budget limit\u00e9<\/strong>.<\/p>\n<p>L\u2019ensemble de la <strong>nouvelle zone<\/strong> concourt pour la <strong>meilleure utilisation de la th\u00e9matique<\/strong>.<\/p>\n<p>Fraispertuis-City est \u00e9galement nomm\u00e9 dans la cat\u00e9gorie du <strong>meilleur parc r\u00e9gional<\/strong>.<\/p>\n<h3><strong>Trois prix soumis \u00e0 un jury professionnel<\/strong><\/h3>\n<p>Ces trois nominations interviennent au cours de la saison du <strong>60e anniversaire de Fraispertuis-City<\/strong>, marqu\u00e9e par <strong>l\u2019ouverture de deux nouvelles attractions<\/strong>. Les diff\u00e9rents prix seront attribu\u00e9s par un <strong>jury professionnel du secteur du loisir<\/strong>. Les vainqueurs seront d\u00e9voil\u00e9s le <strong>23 septembre prochain<\/strong>.<\/p>\n<h3><strong>Les Park World Excellence Awards depuis 2018<\/strong><\/h3>\n<p>Cr\u00e9\u00e9s en <strong>2018<\/strong>, les Park World Excellence Awards r\u00e9compensent chaque ann\u00e9e des parcs, attractions, projets, produits et professionnels de <strong>l\u2019industrie des loisirs<\/strong> dans la zone <strong>Europe, Moyen-Orient et Afrique \u2013 EMEA<\/strong>. Les candidatures sont examin\u00e9es par un <strong>jury ind\u00e9pendant de professionnels du secteur<\/strong> selon diff\u00e9rents crit\u00e8res propres \u00e0 chaque cat\u00e9gorie. La c\u00e9r\u00e9monie 2026 se d\u00e9roulera le <strong>23 septembre \u00e0 Londres<\/strong>.<\/p>\n<div id=\"attachment_95756\" style=\"width: 829px\" class=\"wp-caption alignnone\"><a href=\"https:\/\/vosgesinfo.fr\/app\/uploads\/sites\/4\/2026\/09\/fraispertuis-city-nominations-park-world-excellence-awards.jpg\"><img decoding=\"async\" aria-describedby=\"caption-attachment-95756\" class=\"size-large wp-image-95756\" src=\"https:\/\/vosgesinfo.fr\/app\/uploads\/sites\/4\/2026\/09\/fraispertuis-city-nominations-park-world-excellence-awards-819x1024.jpg\" alt=\"\" width=\"819\" height=\"1024\" srcset=\"https:\/\/vosgesinfo.fr\/app\/uploads\/sites\/4\/2026\/09\/fraispertuis-city-nominations-park-world-excellence-awards-819x1024.jpg 819w, https:\/\/vosgesinfo.fr\/app\/uploads\/sites\/4\/2026\/09\/fraispertuis-city-nominations-park-world-excellence-awards-240x300.jpg 240w, https:\/\/vosgesinfo.fr\/app\/uploads\/sites\/4\/2026\/09\/fraispertuis-city-nominations-park-world-excellence-awards-768x960.jpg 768w, https:\/\/vosgesinfo.fr\/app\/uploads\/sites\/4\/2026\/09\/fraispertuis-city-nominations-park-world-excellence-awards.jpg 1080w\" sizes=\"(max-width: 819px) 100vw, 819px\" \/><\/a><p id=\"caption-attachment-95756\" class=\"wp-caption-text\">(Cr\u00e9dit image Fraispertuis-City)<\/p><\/div>\n","protected":false},"excerpt":{"rendered":"<p>Fraispertuis-City se distingue une nouvelle fois aux Park World Excellence Awards. Apr\u00e8s le doubl\u00e9 remport\u00e9 par les Draisines en 2022 [&hellip;]<\/p>\n","protected":false},"author":46,"featured_media":95756,"comment_status":"open","ping_status":"open","sticky":false,"template":"","format":"standard","meta":{"footnotes":""},"categories":[460,3903,5392,5391,5389,20,4099,18],"tags":[22860,2289,9852,22859,16151],"class_list":["post-95755","post","type-post","status-publish","format-standard","has-post-thumbnail","hentry","category-a-la-une","category-deodatie","category-epinal","category-gerardmer","category-la-plaine-des-vosges","category-loisirs","category-remiremont","category-vosges","tag-fireline-redwood","tag-fraispertuis-city","tag-les-draisines","tag-park-world-excellence-awards-2026","tag-sawmill"],"acf":[],"yoast_head":"<!-- This site is optimized with the Yoast SEO plugin v22.5 - https:\/\/yoast.com\/wordpress\/plugins\/seo\/ -->\n<title>Fraispertuis-City d\u00e9croche trois nominations aux Park World Excellence Awards - Saint Die Info<\/title>\n<meta name=\"robots\" content=\"index, follow, max-snippet:-1, max-image-preview:large, max-video-preview:-1\" \/>\n<link rel=\"canonical\" href=\"https:\/\/vosgesinfo.fr\/saintdieinfo\/2026\/09\/fraispertuis-city-decroche-trois-nominations-aux-park-world-excellence-awards\/\" \/>\n<meta name=\"twitter:card\" content=\"summary_large_image\" \/>\n<meta name=\"twitter:title\" content=\"Fraispertuis-City d\u00e9croche trois nominations aux Park World Excellence Awards - Saint Die Info\" \/>\n<meta name=\"twitter:description\" content=\"Fraispertuis-City se distingue une nouvelle fois aux Park World Excellence Awards. Apr\u00e8s le doubl\u00e9 remport\u00e9 par les Draisines en 2022 [&hellip;]\" \/>\n<meta name=\"twitter:image\" content=\"https:\/\/vosgesinfo.fr\/app\/uploads\/sites\/4\/2026\/09\/fraispertuis-city-nominations-park-world-excellence-awards.jpg\" \/>\n<meta name=\"twitter:creator\" content=\"@VosgesInfo88\" \/>\n<meta name=\"twitter:site\" content=\"@VosgesInfo88\" \/>\n<meta name=\"twitter:label1\" content=\"\u00c9crit par\" \/>\n\t<meta name=\"twitter:data1\" content=\"J.J.\" \/>\n\t<meta name=\"twitter:label2\" content=\"Dur\u00e9e de lecture estim\u00e9e\" \/>\n\t<meta name=\"twitter:data2\" content=\"2 minutes\" \/>\n<script type=\"application\/ld+json\" class=\"yoast-schema-graph\">{\"@context\":\"https:\/\/schema.org\",\"@graph\":[{\"@type\":\"Article\",\"@id\":\"https:\/\/vosgesinfo.fr\/saintdieinfo\/2026\/09\/fraispertuis-city-decroche-trois-nominations-aux-park-world-excellence-awards\/#article\",\"isPartOf\":{\"@id\":\"https:\/\/vosgesinfo.fr\/saintdieinfo\/2026\/09\/fraispertuis-city-decroche-trois-nominations-aux-park-world-excellence-awards\/\"},\"author\":{\"name\":\"J.J.\",\"@id\":\"https:\/\/vosgesinfo.fr\/saintdieinfo\/#\/schema\/person\/fa73e9f726d67bb88f46d5b7943cb572\"},\"headline\":\"Fraispertuis-City d\u00e9croche trois nominations aux Park World Excellence Awards\",\"datePublished\":\"2026-09-04T07:23:40+00:00\",\"dateModified\":\"2026-09-04T07:08:56+00:00\",\"mainEntityOfPage\":{\"@id\":\"https:\/\/vosgesinfo.fr\/saintdieinfo\/2026\/09\/fraispertuis-city-decroche-trois-nominations-aux-park-world-excellence-awards\/\"},\"wordCount\":230,\"commentCount\":0,\"publisher\":{\"@id\":\"https:\/\/vosgesinfo.fr\/saintdieinfo\/#organization\"},\"image\":{\"@id\":\"https:\/\/vosgesinfo.fr\/saintdieinfo\/2026\/09\/fraispertuis-city-decroche-trois-nominations-aux-park-world-excellence-awards\/#primaryimage\"},\"thumbnailUrl\":\"https:\/\/vosgesinfo.fr\/app\/uploads\/sites\/4\/2026\/09\/fraispertuis-city-nominations-park-world-excellence-awards.jpg\",\"keywords\":[\"Fireline Redwood\",\"Fraispertuis-City\",\"Les Draisines\",\"Park World Excellence Awards 2026\",\"Sawmill\"],\"articleSection\":[\"A la Une\",\"D\u00e9odatie\",\"Epinal\",\"Gerardmer\",\"La plaine des vosges\",\"Loisirs\",\"Remiremont\",\"Vosges\"],\"inLanguage\":\"fr-FR\",\"potentialAction\":[{\"@type\":\"CommentAction\",\"name\":\"Comment\",\"target\":[\"https:\/\/vosgesinfo.fr\/saintdieinfo\/2026\/09\/fraispertuis-city-decroche-trois-nominations-aux-park-world-excellence-awards\/#respond\"]}]},{\"@type\":\"WebPage\",\"@id\":\"https:\/\/vosgesinfo.fr\/saintdieinfo\/2026\/09\/fraispertuis-city-decroche-trois-nominations-aux-park-world-excellence-awards\/\",\"url\":\"https:\/\/vosgesinfo.fr\/saintdieinfo\/2026\/09\/fraispertuis-city-decroche-trois-nominations-aux-park-world-excellence-awards\/\",\"name\":\"Fraispertuis-City d\u00e9croche trois nominations aux Park World Excellence Awards - Saint Die Info\",\"isPartOf\":{\"@id\":\"https:\/\/vosgesinfo.fr\/saintdieinfo\/#website\"},\"primaryImageOfPage\":{\"@id\":\"https:\/\/vosgesinfo.fr\/saintdieinfo\/2026\/09\/fraispertuis-city-decroche-trois-nominations-aux-park-world-excellence-awards\/#primaryimage\"},\"image\":{\"@id\":\"https:\/\/vosgesinfo.fr\/saintdieinfo\/2026\/09\/fraispertuis-city-decroche-trois-nominations-aux-park-world-excellence-awards\/#primaryimage\"},\"thumbnailUrl\":\"https:\/\/vosgesinfo.fr\/app\/uploads\/sites\/4\/2026\/09\/fraispertuis-city-nominations-park-world-excellence-awards.jpg\",\"datePublished\":\"2026-09-04T07:23:40+00:00\",\"dateModified\":\"2026-09-04T07:08:56+00:00\",\"breadcrumb\":{\"@id\":\"https:\/\/vosgesinfo.fr\/saintdieinfo\/2026\/09\/fraispertuis-city-decroche-trois-nominations-aux-park-world-excellence-awards\/#breadcrumb\"},\"inLanguage\":\"fr-FR\",\"potentialAction\":[{\"@type\":\"ReadAction\",\"target\":[\"https:\/\/vosgesinfo.fr\/saintdieinfo\/2026\/09\/fraispertuis-city-decroche-trois-nominations-aux-park-world-excellence-awards\/\"]}]},{\"@type\":\"ImageObject\",\"inLanguage\":\"fr-FR\",\"@id\":\"https:\/\/vosgesinfo.fr\/saintdieinfo\/2026\/09\/fraispertuis-city-decroche-trois-nominations-aux-park-world-excellence-awards\/#primaryimage\",\"url\":\"https:\/\/vosgesinfo.fr\/app\/uploads\/sites\/4\/2026\/09\/fraispertuis-city-nominations-park-world-excellence-awards.jpg\",\"contentUrl\":\"https:\/\/vosgesinfo.fr\/app\/uploads\/sites\/4\/2026\/09\/fraispertuis-city-nominations-park-world-excellence-awards.jpg\",\"width\":1080,\"height\":1350,\"caption\":\"(Cr\u00e9dit image Fraispertuis-City)\"},{\"@type\":\"BreadcrumbList\",\"@id\":\"https:\/\/vosgesinfo.fr\/saintdieinfo\/2026\/09\/fraispertuis-city-decroche-trois-nominations-aux-park-world-excellence-awards\/#breadcrumb\",\"itemListElement\":[{\"@type\":\"ListItem\",\"position\":1,\"name\":\"Home\",\"item\":\"https:\/\/vosgesinfo.fr\/saintdieinfo\/\"},{\"@type\":\"ListItem\",\"position\":2,\"name\":\"Fraispertuis-City d\u00e9croche trois nominations aux Park World Excellence Awards\"}]},{\"@type\":\"WebSite\",\"@id\":\"https:\/\/vosgesinfo.fr\/saintdieinfo\/#website\",\"url\":\"https:\/\/vosgesinfo.fr\/saintdieinfo\/\",\"name\":\"Saint Die Info\",\"description\":\"Toute l&#039;actualit\u00e9 de Saint-Di\u00e9-Des-Vosges\",\"publisher\":{\"@id\":\"https:\/\/vosgesinfo.fr\/saintdieinfo\/#organization\"},\"alternateName\":\"Toute l'actualit\u00e9 de Saint-Di\u00e9-Des-Vosges\",\"potentialAction\":[{\"@type\":\"SearchAction\",\"target\":{\"@type\":\"EntryPoint\",\"urlTemplate\":\"https:\/\/vosgesinfo.fr\/saintdieinfo\/?s={search_term_string}\"},\"query-input\":\"required name=search_term_string\"}],\"inLanguage\":\"fr-FR\"},{\"@type\":\"Organization\",\"@id\":\"https:\/\/vosgesinfo.fr\/saintdieinfo\/#organization\",\"name\":\"Saint Die Info\",\"url\":\"https:\/\/vosgesinfo.fr\/saintdieinfo\/\",\"logo\":{\"@type\":\"ImageObject\",\"inLanguage\":\"fr-FR\",\"@id\":\"https:\/\/vosgesinfo.fr\/saintdieinfo\/#\/schema\/logo\/image\/\",\"url\":\"https:\/\/vosgesinfo.fr\/app\/uploads\/sites\/4\/2024\/02\/logo-sdi.jpg\",\"contentUrl\":\"https:\/\/vosgesinfo.fr\/app\/uploads\/sites\/4\/2024\/02\/logo-sdi.jpg\",\"width\":600,\"height\":600,\"caption\":\"Saint Die Info\"},\"image\":{\"@id\":\"https:\/\/vosgesinfo.fr\/saintdieinfo\/#\/schema\/logo\/image\/\"},\"sameAs\":[\"https:\/\/www.facebook.com\/Saintdieinfofr\",\"https:\/\/x.com\/VosgesInfo88\",\"https:\/\/www.youtube.com\/@vosgesinfo\"]},{\"@type\":\"Person\",\"@id\":\"https:\/\/vosgesinfo.fr\/saintdieinfo\/#\/schema\/person\/fa73e9f726d67bb88f46d5b7943cb572\",\"name\":\"J.J.\",\"image\":{\"@type\":\"ImageObject\",\"inLanguage\":\"fr-FR\",\"@id\":\"https:\/\/vosgesinfo.fr\/saintdieinfo\/#\/schema\/person\/image\/\",\"url\":\"https:\/\/secure.gravatar.com\/avatar\/219e749e47ffbcca018a360ae4add7d4cdf1cdaaf8bc7676b27efade3fe65615?s=96&d=mm&r=g\",\"contentUrl\":\"https:\/\/secure.gravatar.com\/avatar\/219e749e47ffbcca018a360ae4add7d4cdf1cdaaf8bc7676b27efade3fe65615?s=96&d=mm&r=g\",\"caption\":\"J.J.\"},\"url\":\"https:\/\/vosgesinfo.fr\/saintdieinfo\/author\/j-j\/\"}]}<\/script>\n<!-- \/ Yoast SEO plugin. -->","yoast_head_json":{"title":"Fraispertuis-City d\u00e9croche trois nominations aux Park World Excellence Awards - Saint Die Info","robots":{"index":"index","follow":"follow","max-snippet":"max-snippet:-1","max-image-preview":"max-image-preview:large","max-video-preview":"max-video-preview:-1"},"canonical":"https:\/\/vosgesinfo.fr\/saintdieinfo\/2026\/09\/fraispertuis-city-decroche-trois-nominations-aux-park-world-excellence-awards\/","twitter_card":"summary_large_image","twitter_title":"Fraispertuis-City d\u00e9croche trois nominations aux Park World Excellence Awards - Saint Die Info","twitter_description":"Fraispertuis-City se distingue une nouvelle fois aux Park World Excellence Awards. Apr\u00e8s le doubl\u00e9 remport\u00e9 par les Draisines en 2022 [&hellip;]","twitter_image":"https:\/\/vosgesinfo.fr\/app\/uploads\/sites\/4\/2026\/09\/fraispertuis-city-nominations-park-world-excellence-awards.jpg","twitter_creator":"@VosgesInfo88","twitter_site":"@VosgesInfo88","twitter_misc":{"\u00c9crit par":"J.J.","Dur\u00e9e de lecture estim\u00e9e":"2 minutes"},"schema":{"@context":"https:\/\/schema.org","@graph":[{"@type":"Article","@id":"https:\/\/vosgesinfo.fr\/saintdieinfo\/2026\/09\/fraispertuis-city-decroche-trois-nominations-aux-park-world-excellence-awards\/#article","isPartOf":{"@id":"https:\/\/vosgesinfo.fr\/saintdieinfo\/2026\/09\/fraispertuis-city-decroche-trois-nominations-aux-park-world-excellence-awards\/"},"author":{"name":"J.J.","@id":"https:\/\/vosgesinfo.fr\/saintdieinfo\/#\/schema\/person\/fa73e9f726d67bb88f46d5b7943cb572"},"headline":"Fraispertuis-City d\u00e9croche trois nominations aux Park World Excellence Awards","datePublished":"2026-09-04T07:23:40+00:00","dateModified":"2026-09-04T07:08:56+00:00","mainEntityOfPage":{"@id":"https:\/\/vosgesinfo.fr\/saintdieinfo\/2026\/09\/fraispertuis-city-decroche-trois-nominations-aux-park-world-excellence-awards\/"},"wordCount":230,"commentCount":0,"publisher":{"@id":"https:\/\/vosgesinfo.fr\/saintdieinfo\/#organization"},"image":{"@id":"https:\/\/vosgesinfo.fr\/saintdieinfo\/2026\/09\/fraispertuis-city-decroche-trois-nominations-aux-park-world-excellence-awards\/#primaryimage"},"thumbnailUrl":"https:\/\/vosgesinfo.fr\/app\/uploads\/sites\/4\/2026\/09\/fraispertuis-city-nominations-park-world-excellence-awards.jpg","keywords":["Fireline Redwood","Fraispertuis-City","Les Draisines","Park World Excellence Awards 2026","Sawmill"],"articleSection":["A la Une","D\u00e9odatie","Epinal","Gerardmer","La plaine des vosges","Loisirs","Remiremont","Vosges"],"inLanguage":"fr-FR","potentialAction":[{"@type":"CommentAction","name":"Comment","target":["https:\/\/vosgesinfo.fr\/saintdieinfo\/2026\/09\/fraispertuis-city-decroche-trois-nominations-aux-park-world-excellence-awards\/#respond"]}]},{"@type":"WebPage","@id":"https:\/\/vosgesinfo.fr\/saintdieinfo\/2026\/09\/fraispertuis-city-decroche-trois-nominations-aux-park-world-excellence-awards\/","url":"https:\/\/vosgesinfo.fr\/saintdieinfo\/2026\/09\/fraispertuis-city-decroche-trois-nominations-aux-park-world-excellence-awards\/","name":"Fraispertuis-City d\u00e9croche trois nominations aux Park World Excellence Awards - Saint Die Info","isPartOf":{"@id":"https:\/\/vosgesinfo.fr\/saintdieinfo\/#website"},"primaryImageOfPage":{"@id":"https:\/\/vosgesinfo.fr\/saintdieinfo\/2026\/09\/fraispertuis-city-decroche-trois-nominations-aux-park-world-excellence-awards\/#primaryimage"},"image":{"@id":"https:\/\/vosgesinfo.fr\/saintdieinfo\/2026\/09\/fraispertuis-city-decroche-trois-nominations-aux-park-world-excellence-awards\/#primaryimage"},"thumbnailUrl":"https:\/\/vosgesinfo.fr\/app\/uploads\/sites\/4\/2026\/09\/fraispertuis-city-nominations-park-world-excellence-awards.jpg","datePublished":"2026-09-04T07:23:40+00:00","dateModified":"2026-09-04T07:08:56+00:00","breadcrumb":{"@id":"https:\/\/vosgesinfo.fr\/saintdieinfo\/2026\/09\/fraispertuis-city-decroche-trois-nominations-aux-park-world-excellence-awards\/#breadcrumb"},"inLanguage":"fr-FR","potentialAction":[{"@type":"ReadAction","target":["https:\/\/vosgesinfo.fr\/saintdieinfo\/2026\/09\/fraispertuis-city-decroche-trois-nominations-aux-park-world-excellence-awards\/"]}]},{"@type":"ImageObject","inLanguage":"fr-FR","@id":"https:\/\/vosgesinfo.fr\/saintdieinfo\/2026\/09\/fraispertuis-city-decroche-trois-nominations-aux-park-world-excellence-awards\/#primaryimage","url":"https:\/\/vosgesinfo.fr\/app\/uploads\/sites\/4\/2026\/09\/fraispertuis-city-nominations-park-world-excellence-awards.jpg","contentUrl":"https:\/\/vosgesinfo.fr\/app\/uploads\/sites\/4\/2026\/09\/fraispertuis-city-nominations-park-world-excellence-awards.jpg","width":1080,"height":1350,"caption":"(Cr\u00e9dit image Fraispertuis-City)"},{"@type":"BreadcrumbList","@id":"https:\/\/vosgesinfo.fr\/saintdieinfo\/2026\/09\/fraispertuis-city-decroche-trois-nominations-aux-park-world-excellence-awards\/#breadcrumb","itemListElement":[{"@type":"ListItem","position":1,"name":"Home","item":"https:\/\/vosgesinfo.fr\/saintdieinfo\/"},{"@type":"ListItem","position":2,"name":"Fraispertuis-City d\u00e9croche trois nominations aux Park World Excellence Awards"}]},{"@type":"WebSite","@id":"https:\/\/vosgesinfo.fr\/saintdieinfo\/#website","url":"https:\/\/vosgesinfo.fr\/saintdieinfo\/","name":"Saint Die Info","description":"Toute l&#039;actualit\u00e9 de Saint-Di\u00e9-Des-Vosges","publisher":{"@id":"https:\/\/vosgesinfo.fr\/saintdieinfo\/#organization"},"alternateName":"Toute l'actualit\u00e9 de Saint-Di\u00e9-Des-Vosges","potentialAction":[{"@type":"SearchAction","target":{"@type":"EntryPoint","urlTemplate":"https:\/\/vosgesinfo.fr\/saintdieinfo\/?s={search_term_string}"},"query-input":"required name=search_term_string"}],"inLanguage":"fr-FR"},{"@type":"Organization","@id":"https:\/\/vosgesinfo.fr\/saintdieinfo\/#organization","name":"Saint Die Info","url":"https:\/\/vosgesinfo.fr\/saintdieinfo\/","logo":{"@type":"ImageObject","inLanguage":"fr-FR","@id":"https:\/\/vosgesinfo.fr\/saintdieinfo\/#\/schema\/logo\/image\/","url":"https:\/\/vosgesinfo.fr\/app\/uploads\/sites\/4\/2024\/02\/logo-sdi.jpg","contentUrl":"https:\/\/vosgesinfo.fr\/app\/uploads\/sites\/4\/2024\/02\/logo-sdi.jpg","width":600,"height":600,"caption":"Saint Die Info"},"image":{"@id":"https:\/\/vosgesinfo.fr\/saintdieinfo\/#\/schema\/logo\/image\/"},"sameAs":["https:\/\/www.facebook.com\/Saintdieinfofr","https:\/\/x.com\/VosgesInfo88","https:\/\/www.youtube.com\/@vosgesinfo"]},{"@type":"Person","@id":"https:\/\/vosgesinfo.fr\/saintdieinfo\/#\/schema\/person\/fa73e9f726d67bb88f46d5b7943cb572","name":"J.J.","image":{"@type":"ImageObject","inLanguage":"fr-FR","@id":"https:\/\/vosgesinfo.fr\/saintdieinfo\/#\/schema\/person\/image\/","url":"https:\/\/secure.gravatar.com\/avatar\/219e749e47ffbcca018a360ae4add7d4cdf1cdaaf8bc7676b27efade3fe65615?s=96&d=mm&r=g","contentUrl":"https:\/\/secure.gravatar.com\/avatar\/219e749e47ffbcca018a360ae4add7d4cdf1cdaaf8bc7676b27efade3fe65615?s=96&d=mm&r=g","caption":"J.J."},"url":"https:\/\/vosgesinfo.fr\/saintdieinfo\/author\/j-j\/"}]}},"_links":{"self":[{"href":"https:\/\/vosgesinfo.fr\/saintdieinfo\/wp-json\/wp\/v2\/posts\/95755","targetHints":{"allow":["GET"]}}],"collection":[{"href":"https:\/\/vosgesinfo.fr\/saintdieinfo\/wp-json\/wp\/v2\/posts"}],"about":[{"href":"https:\/\/vosgesinfo.fr\/saintdieinfo\/wp-json\/wp\/v2\/types\/post"}],"author":[{"embeddable":true,"href":"https:\/\/vosgesinfo.fr\/saintdieinfo\/wp-json\/wp\/v2\/users\/46"}],"replies":[{"embeddable":true,"href":"https:\/\/vosgesinfo.fr\/saintdieinfo\/wp-json\/wp\/v2\/comments?post=95755"}],"version-history":[{"count":1,"href":"https:\/\/vosgesinfo.fr\/saintdieinfo\/wp-json\/wp\/v2\/posts\/95755\/revisions"}],"predecessor-version":[{"id":95757,"href":"https:\/\/vosgesinfo.fr\/saintdieinfo\/wp-json\/wp\/v2\/posts\/95755\/revisions\/95757"}],"wp:featuredmedia":[{"embeddable":true,"href":"https:\/\/vosgesinfo.fr\/saintdieinfo\/wp-json\/wp\/v2\/media\/95756"}],"wp:attachment":[{"href":"https:\/\/vosgesinfo.fr\/saintdieinfo\/wp-json\/wp\/v2\/media?parent=95755"}],"wp:term":[{"taxonomy":"category","embeddable":true,"href":"https:\/\/vosgesinfo.fr\/saintdieinfo\/wp-json\/wp\/v2\/categories?post=95755"},{"taxonomy":"post_tag","embeddable":true,"href":"https:\/\/vosgesinfo.fr\/saintdieinfo\/wp-json\/wp\/v2\/tags?post=95755"}],"curies":[{"name":"wp","href":"https:\/\/api.w.org\/{rel}","templated":true}]}}