{"id":95758,"date":"2026-09-04T10:03:19","date_gmt":"2026-09-04T08:03:19","guid":{"rendered":"https:\/\/vosgesinfo.fr\/saintdieinfo\/?p=95758"},"modified":"2026-09-04T09:43:43","modified_gmt":"2026-09-04T07:43:43","slug":"tous-egaux-50-photographies-contre-le-racisme-a-la-residence-cap-jeunes-adali-habitat-de-saint-die-des-vosges","status":"publish","type":"post","link":"https:\/\/vosgesinfo.fr\/saintdieinfo\/2026\/09\/tous-egaux-50-photographies-contre-le-racisme-a-la-residence-cap-jeunes-adali-habitat-de-saint-die-des-vosges\/","title":{"rendered":"\u00ab Tous \u00e9gaux \u00bb : 50 photographies contre le racisme \u00e0 la r\u00e9sidence Cap Jeunes Adali-Habitat de Saint-Di\u00e9-des-Vosges"},"content":{"rendered":"<h2><a href=\"https:\/\/vosgesinfo.fr\/app\/uploads\/sites\/4\/2026\/09\/exposition-contre-racisme-herve-legrix-6.jpg\"><img decoding=\"async\" class=\"alignnone size-large wp-image-95764\" src=\"https:\/\/vosgesinfo.fr\/app\/uploads\/sites\/4\/2026\/09\/exposition-contre-racisme-herve-legrix-6-1024x771.jpg\" alt=\"\" width=\"1024\" height=\"771\" srcset=\"https:\/\/vosgesinfo.fr\/app\/uploads\/sites\/4\/2026\/09\/exposition-contre-racisme-herve-legrix-6-1024x771.jpg 1024w, https:\/\/vosgesinfo.fr\/app\/uploads\/sites\/4\/2026\/09\/exposition-contre-racisme-herve-legrix-6-300x226.jpg 300w, https:\/\/vosgesinfo.fr\/app\/uploads\/sites\/4\/2026\/09\/exposition-contre-racisme-herve-legrix-6-768x578.jpg 768w, https:\/\/vosgesinfo.fr\/app\/uploads\/sites\/4\/2026\/09\/exposition-contre-racisme-herve-legrix-6-1536x1157.jpg 1536w, https:\/\/vosgesinfo.fr\/app\/uploads\/sites\/4\/2026\/09\/exposition-contre-racisme-herve-legrix-6.jpg 1920w\" sizes=\"(max-width: 1024px) 100vw, 1024px\" \/><\/a><\/h2>\n<h2><strong>Herv\u00e9 Legrix<\/strong> pr\u00e9sente actuellement une <strong>nouvelle exposition contre le racisme,<\/strong> cette fois-ci \u00e0 la <strong>r\u00e9sidence Cap Jeunes Adali-Habitat de Kellermann<\/strong>. <a href=\"https:\/\/vosgesinfo.fr\/saintdieinfo\/2025\/01\/decouvrir-ou-redecouvrir-le-quartier-kellermann-a-travers-le-regard-photographique-de-herve-legrix\/\" target=\"_blank\" rel=\"noopener\">Apr\u00e8s y avoir montr\u00e9 l\u2019an dernier le quartier sous un autre angle<\/a>, le photographe amateur d\u00e9odatien revient cette fois avec <strong>50 clich\u00e9s<\/strong> r\u00e9unis autour d\u2019un m\u00eame message : \u00ab Tous \u00e9gaux \u00bb. L\u2019exposition est visible <strong>pendant un mois<\/strong> et accessible \u00e0 tous aux horaires d\u2019ouverture de l\u2019\u00e9tablissement.<\/h2>\n<p><!--more--><\/p>\n<h3><strong>Cinquante clich\u00e9s autour du message \u00ab Tous \u00e9gaux \u00bb<\/strong><\/h3>\n<p>Ces photographies ont \u00e9t\u00e9 r\u00e9alis\u00e9es <strong>en juillet et en ao\u00fbt<\/strong> avec des r\u00e9sidents de <strong>Cap Jeunes Adali-Habitat<\/strong>, mais aussi des adh\u00e9rents du <strong>Centre Social Lucie-Aubrac<\/strong> et des usagers de l\u2019antenne d\u00e9odatienne d\u2019<strong>Adoma<\/strong>, op\u00e9rateur du logement et de l\u2019h\u00e9bergement accompagn\u00e9s.<\/p>\n<p>Le vernissage s\u2019est tenu <strong>hier jeudi en fin de journ\u00e9e<\/strong>, en pr\u00e9sence d\u2019<strong>une trentaine de personnes<\/strong>, dont les conseill\u00e8res d\u00e9l\u00e9gu\u00e9es <strong>Otilia Parisot<\/strong> et <strong>Val\u00e9rie Richard<\/strong>.<\/p>\n<p>\u00ab Je voulais porter <strong>un message d\u2019\u00e9galit\u00e9<\/strong>, car cela me tient \u00e0 c\u0153ur. Et puis \u00e7a m\u2019a aussi permis de faire de belles rencontres \u00bb explique Herv\u00e9 Legrix, qui pr\u00e9pare d\u2019ores et d\u00e9j\u00e0 une <strong>nouvelle exposition pour Octobre Rose<\/strong> au <strong>Centre Hospitalier de Saint-Di\u00e9-des-Vosges<\/strong>. Affaire \u00e0 suivre tr\u00e8s prochainement\u2026<\/p>\n\n\t\t<style type=\"text\/css\">\n\t\t\t#gallery-1 {\n\t\t\t\tmargin: auto;\n\t\t\t}\n\t\t\t#gallery-1 .gallery-item {\n\t\t\t\tfloat: left;\n\t\t\t\tmargin-top: 10px;\n\t\t\t\ttext-align: center;\n\t\t\t\twidth: 33%;\n\t\t\t}\n\t\t\t#gallery-1 img {\n\t\t\t\tborder: 2px solid #cfcfcf;\n\t\t\t}\n\t\t\t#gallery-1 .gallery-caption {\n\t\t\t\tmargin-left: 0;\n\t\t\t}\n\t\t\t\/* see gallery_shortcode() in wp-includes\/media.php *\/\n\t\t<\/style>\n\t\t<div id='gallery-1' class='gallery galleryid-95758 gallery-columns-3 gallery-size-thumbnail'><dl class='gallery-item'>\n\t\t\t<dt class='gallery-icon landscape'>\n\t\t\t\t<a href='https:\/\/vosgesinfo.fr\/app\/uploads\/sites\/4\/2026\/09\/exposition-contre-racisme-herve-legrix-4.jpg'><img decoding=\"async\" width=\"150\" height=\"150\" src=\"https:\/\/vosgesinfo.fr\/app\/uploads\/sites\/4\/2026\/09\/exposition-contre-racisme-herve-legrix-4-150x150.jpg\" class=\"attachment-thumbnail size-thumbnail\" alt=\"\" \/><\/a>\n\t\t\t<\/dt><\/dl><dl class='gallery-item'>\n\t\t\t<dt class='gallery-icon landscape'>\n\t\t\t\t<a href='https:\/\/vosgesinfo.fr\/app\/uploads\/sites\/4\/2026\/09\/exposition-contre-racisme-herve-legrix-5.jpg'><img decoding=\"async\" width=\"150\" height=\"150\" src=\"https:\/\/vosgesinfo.fr\/app\/uploads\/sites\/4\/2026\/09\/exposition-contre-racisme-herve-legrix-5-150x150.jpg\" class=\"attachment-thumbnail size-thumbnail\" alt=\"\" \/><\/a>\n\t\t\t<\/dt><\/dl><dl class='gallery-item'>\n\t\t\t<dt class='gallery-icon landscape'>\n\t\t\t\t<a href='https:\/\/vosgesinfo.fr\/app\/uploads\/sites\/4\/2026\/09\/exposition-contre-racisme-herve-legrix-8.jpg'><img decoding=\"async\" width=\"150\" height=\"150\" src=\"https:\/\/vosgesinfo.fr\/app\/uploads\/sites\/4\/2026\/09\/exposition-contre-racisme-herve-legrix-8-150x150.jpg\" class=\"attachment-thumbnail size-thumbnail\" alt=\"\" \/><\/a>\n\t\t\t<\/dt><\/dl><br style=\"clear: both\" \/><dl class='gallery-item'>\n\t\t\t<dt class='gallery-icon landscape'>\n\t\t\t\t<a href='https:\/\/vosgesinfo.fr\/app\/uploads\/sites\/4\/2026\/09\/exposition-contre-racisme-herve-legrix-9.jpg'><img decoding=\"async\" width=\"150\" height=\"150\" src=\"https:\/\/vosgesinfo.fr\/app\/uploads\/sites\/4\/2026\/09\/exposition-contre-racisme-herve-legrix-9-150x150.jpg\" class=\"attachment-thumbnail size-thumbnail\" alt=\"\" \/><\/a>\n\t\t\t<\/dt><\/dl><dl class='gallery-item'>\n\t\t\t<dt class='gallery-icon portrait'>\n\t\t\t\t<a href='https:\/\/vosgesinfo.fr\/app\/uploads\/sites\/4\/2026\/09\/exposition-contre-racisme-herve-legrix-11.jpg'><img decoding=\"async\" width=\"150\" height=\"150\" src=\"https:\/\/vosgesinfo.fr\/app\/uploads\/sites\/4\/2026\/09\/exposition-contre-racisme-herve-legrix-11-150x150.jpg\" class=\"attachment-thumbnail size-thumbnail\" alt=\"\" \/><\/a>\n\t\t\t<\/dt><\/dl><dl class='gallery-item'>\n\t\t\t<dt class='gallery-icon landscape'>\n\t\t\t\t<a href='https:\/\/vosgesinfo.fr\/app\/uploads\/sites\/4\/2026\/09\/exposition-contre-racisme-herve-legrix-2.jpg'><img decoding=\"async\" width=\"150\" height=\"150\" src=\"https:\/\/vosgesinfo.fr\/app\/uploads\/sites\/4\/2026\/09\/exposition-contre-racisme-herve-legrix-2-150x150.jpg\" class=\"attachment-thumbnail size-thumbnail\" alt=\"\" \/><\/a>\n\t\t\t<\/dt><\/dl><br style=\"clear: both\" \/><dl class='gallery-item'>\n\t\t\t<dt class='gallery-icon landscape'>\n\t\t\t\t<a href='https:\/\/vosgesinfo.fr\/app\/uploads\/sites\/4\/2026\/09\/exposition-contre-racisme-herve-legrix-3.jpg'><img decoding=\"async\" width=\"150\" height=\"150\" src=\"https:\/\/vosgesinfo.fr\/app\/uploads\/sites\/4\/2026\/09\/exposition-contre-racisme-herve-legrix-3-150x150.jpg\" class=\"attachment-thumbnail size-thumbnail\" alt=\"\" \/><\/a>\n\t\t\t<\/dt><\/dl><dl class='gallery-item'>\n\t\t\t<dt class='gallery-icon portrait'>\n\t\t\t\t<a href='https:\/\/vosgesinfo.fr\/app\/uploads\/sites\/4\/2026\/09\/exposition-contre-racisme-herve-legrix-10.jpg'><img decoding=\"async\" width=\"150\" height=\"150\" src=\"https:\/\/vosgesinfo.fr\/app\/uploads\/sites\/4\/2026\/09\/exposition-contre-racisme-herve-legrix-10-150x150.jpg\" class=\"attachment-thumbnail size-thumbnail\" alt=\"\" \/><\/a>\n\t\t\t<\/dt><\/dl><dl class='gallery-item'>\n\t\t\t<dt class='gallery-icon landscape'>\n\t\t\t\t<a href='https:\/\/vosgesinfo.fr\/app\/uploads\/sites\/4\/2026\/09\/exposition-contre-racisme-herve-legrix-12.jpg'><img decoding=\"async\" width=\"150\" height=\"150\" src=\"https:\/\/vosgesinfo.fr\/app\/uploads\/sites\/4\/2026\/09\/exposition-contre-racisme-herve-legrix-12-150x150.jpg\" class=\"attachment-thumbnail size-thumbnail\" alt=\"\" \/><\/a>\n\t\t\t<\/dt><\/dl><br style=\"clear: both\" \/><dl class='gallery-item'>\n\t\t\t<dt class='gallery-icon landscape'>\n\t\t\t\t<a href='https:\/\/vosgesinfo.fr\/app\/uploads\/sites\/4\/2026\/09\/exposition-contre-racisme-herve-legrix-1.jpg'><img decoding=\"async\" width=\"150\" height=\"150\" src=\"https:\/\/vosgesinfo.fr\/app\/uploads\/sites\/4\/2026\/09\/exposition-contre-racisme-herve-legrix-1-150x150.jpg\" class=\"attachment-thumbnail size-thumbnail\" alt=\"\" \/><\/a>\n\t\t\t<\/dt><\/dl><dl class='gallery-item'>\n\t\t\t<dt class='gallery-icon landscape'>\n\t\t\t\t<a href='https:\/\/vosgesinfo.fr\/app\/uploads\/sites\/4\/2026\/09\/exposition-contre-racisme-herve-legrix-7.jpg'><img decoding=\"async\" width=\"150\" height=\"150\" src=\"https:\/\/vosgesinfo.fr\/app\/uploads\/sites\/4\/2026\/09\/exposition-contre-racisme-herve-legrix-7-150x150.jpg\" class=\"attachment-thumbnail size-thumbnail\" alt=\"\" \/><\/a>\n\t\t\t<\/dt><\/dl>\n\t\t\t<br style='clear: both' \/>\n\t\t<\/div>\n\n","protected":false},"excerpt":{"rendered":"<p>Herv\u00e9 Legrix pr\u00e9sente actuellement une nouvelle exposition contre le racisme, cette fois-ci \u00e0 la r\u00e9sidence Cap Jeunes Adali-Habitat de Kellermann. [&hellip;]<\/p>\n","protected":false},"author":46,"featured_media":95764,"comment_status":"open","ping_status":"open","sticky":false,"template":"","format":"standard","meta":{"footnotes":""},"categories":[460,8019,167,13],"tags":[22861,22597,4177,8020,8021],"class_list":["post-95758","post","type-post","status-publish","format-standard","has-post-thumbnail","hentry","category-a-la-une","category-vie-artistique-art-culture","category-saint-die-des-vosges","category-societe","tag-adoma","tag-cap-jeunes-adali-habitat","tag-centre-social-lucie-aubrac","tag-exposition-contre-le-racisme","tag-herve-legrix"],"acf":[],"yoast_head":"<!-- This site is optimized with the Yoast SEO plugin v22.5 - https:\/\/yoast.com\/wordpress\/plugins\/seo\/ -->\n<title>\u00ab Tous \u00e9gaux \u00bb : 50 photographies contre le racisme \u00e0 la r\u00e9sidence Cap Jeunes Adali-Habitat de Saint-Di\u00e9-des-Vosges - Saint Die Info<\/title>\n<meta name=\"robots\" content=\"index, follow, max-snippet:-1, max-image-preview:large, max-video-preview:-1\" \/>\n<link rel=\"canonical\" href=\"https:\/\/vosgesinfo.fr\/saintdieinfo\/2026\/09\/tous-egaux-50-photographies-contre-le-racisme-a-la-residence-cap-jeunes-adali-habitat-de-saint-die-des-vosges\/\" \/>\n<meta name=\"twitter:card\" content=\"summary_large_image\" \/>\n<meta name=\"twitter:title\" content=\"\u00ab Tous \u00e9gaux \u00bb : 50 photographies contre le racisme \u00e0 la r\u00e9sidence Cap Jeunes Adali-Habitat de Saint-Di\u00e9-des-Vosges - Saint Die Info\" \/>\n<meta name=\"twitter:description\" content=\"Herv\u00e9 Legrix pr\u00e9sente actuellement une nouvelle exposition contre le racisme, cette fois-ci \u00e0 la r\u00e9sidence Cap Jeunes Adali-Habitat de Kellermann. [&hellip;]\" \/>\n<meta name=\"twitter:image\" content=\"https:\/\/vosgesinfo.fr\/app\/uploads\/sites\/4\/2026\/09\/exposition-contre-racisme-herve-legrix-6.jpg\" \/>\n<meta name=\"twitter:creator\" content=\"@VosgesInfo88\" \/>\n<meta name=\"twitter:site\" content=\"@VosgesInfo88\" \/>\n<meta name=\"twitter:label1\" content=\"\u00c9crit par\" \/>\n\t<meta name=\"twitter:data1\" content=\"J.J.\" \/>\n\t<meta name=\"twitter:label2\" content=\"Dur\u00e9e de lecture estim\u00e9e\" \/>\n\t<meta name=\"twitter:data2\" content=\"2 minutes\" \/>\n<script type=\"application\/ld+json\" class=\"yoast-schema-graph\">{\"@context\":\"https:\/\/schema.org\",\"@graph\":[{\"@type\":\"Article\",\"@id\":\"https:\/\/vosgesinfo.fr\/saintdieinfo\/2026\/09\/tous-egaux-50-photographies-contre-le-racisme-a-la-residence-cap-jeunes-adali-habitat-de-saint-die-des-vosges\/#article\",\"isPartOf\":{\"@id\":\"https:\/\/vosgesinfo.fr\/saintdieinfo\/2026\/09\/tous-egaux-50-photographies-contre-le-racisme-a-la-residence-cap-jeunes-adali-habitat-de-saint-die-des-vosges\/\"},\"author\":{\"name\":\"J.J.\",\"@id\":\"https:\/\/vosgesinfo.fr\/saintdieinfo\/#\/schema\/person\/fa73e9f726d67bb88f46d5b7943cb572\"},\"headline\":\"\u00ab Tous \u00e9gaux \u00bb : 50 photographies contre le racisme \u00e0 la r\u00e9sidence Cap Jeunes Adali-Habitat de Saint-Di\u00e9-des-Vosges\",\"datePublished\":\"2026-09-04T08:03:19+00:00\",\"dateModified\":\"2026-09-04T07:43:43+00:00\",\"mainEntityOfPage\":{\"@id\":\"https:\/\/vosgesinfo.fr\/saintdieinfo\/2026\/09\/tous-egaux-50-photographies-contre-le-racisme-a-la-residence-cap-jeunes-adali-habitat-de-saint-die-des-vosges\/\"},\"wordCount\":238,\"commentCount\":0,\"publisher\":{\"@id\":\"https:\/\/vosgesinfo.fr\/saintdieinfo\/#organization\"},\"image\":{\"@id\":\"https:\/\/vosgesinfo.fr\/saintdieinfo\/2026\/09\/tous-egaux-50-photographies-contre-le-racisme-a-la-residence-cap-jeunes-adali-habitat-de-saint-die-des-vosges\/#primaryimage\"},\"thumbnailUrl\":\"https:\/\/vosgesinfo.fr\/app\/uploads\/sites\/4\/2026\/09\/exposition-contre-racisme-herve-legrix-6.jpg\",\"keywords\":[\"Adoma\",\"Cap Jeunes ADALI Habitat\",\"Centre-Social Lucie Aubrac\",\"Exposition contre le racisme\",\"Herv\u00e9 Legrix\"],\"articleSection\":[\"A la Une\",\"Art\",\"Saint-Di\u00e9-des-Vosges\",\"Soci\u00e9t\u00e9\"],\"inLanguage\":\"fr-FR\",\"potentialAction\":[{\"@type\":\"CommentAction\",\"name\":\"Comment\",\"target\":[\"https:\/\/vosgesinfo.fr\/saintdieinfo\/2026\/09\/tous-egaux-50-photographies-contre-le-racisme-a-la-residence-cap-jeunes-adali-habitat-de-saint-die-des-vosges\/#respond\"]}]},{\"@type\":\"WebPage\",\"@id\":\"https:\/\/vosgesinfo.fr\/saintdieinfo\/2026\/09\/tous-egaux-50-photographies-contre-le-racisme-a-la-residence-cap-jeunes-adali-habitat-de-saint-die-des-vosges\/\",\"url\":\"https:\/\/vosgesinfo.fr\/saintdieinfo\/2026\/09\/tous-egaux-50-photographies-contre-le-racisme-a-la-residence-cap-jeunes-adali-habitat-de-saint-die-des-vosges\/\",\"name\":\"\u00ab Tous \u00e9gaux \u00bb : 50 photographies contre le racisme \u00e0 la r\u00e9sidence Cap Jeunes Adali-Habitat de Saint-Di\u00e9-des-Vosges - Saint Die Info\",\"isPartOf\":{\"@id\":\"https:\/\/vosgesinfo.fr\/saintdieinfo\/#website\"},\"primaryImageOfPage\":{\"@id\":\"https:\/\/vosgesinfo.fr\/saintdieinfo\/2026\/09\/tous-egaux-50-photographies-contre-le-racisme-a-la-residence-cap-jeunes-adali-habitat-de-saint-die-des-vosges\/#primaryimage\"},\"image\":{\"@id\":\"https:\/\/vosgesinfo.fr\/saintdieinfo\/2026\/09\/tous-egaux-50-photographies-contre-le-racisme-a-la-residence-cap-jeunes-adali-habitat-de-saint-die-des-vosges\/#primaryimage\"},\"thumbnailUrl\":\"https:\/\/vosgesinfo.fr\/app\/uploads\/sites\/4\/2026\/09\/exposition-contre-racisme-herve-legrix-6.jpg\",\"datePublished\":\"2026-09-04T08:03:19+00:00\",\"dateModified\":\"2026-09-04T07:43:43+00:00\",\"breadcrumb\":{\"@id\":\"https:\/\/vosgesinfo.fr\/saintdieinfo\/2026\/09\/tous-egaux-50-photographies-contre-le-racisme-a-la-residence-cap-jeunes-adali-habitat-de-saint-die-des-vosges\/#breadcrumb\"},\"inLanguage\":\"fr-FR\",\"potentialAction\":[{\"@type\":\"ReadAction\",\"target\":[\"https:\/\/vosgesinfo.fr\/saintdieinfo\/2026\/09\/tous-egaux-50-photographies-contre-le-racisme-a-la-residence-cap-jeunes-adali-habitat-de-saint-die-des-vosges\/\"]}]},{\"@type\":\"ImageObject\",\"inLanguage\":\"fr-FR\",\"@id\":\"https:\/\/vosgesinfo.fr\/saintdieinfo\/2026\/09\/tous-egaux-50-photographies-contre-le-racisme-a-la-residence-cap-jeunes-adali-habitat-de-saint-die-des-vosges\/#primaryimage\",\"url\":\"https:\/\/vosgesinfo.fr\/app\/uploads\/sites\/4\/2026\/09\/exposition-contre-racisme-herve-legrix-6.jpg\",\"contentUrl\":\"https:\/\/vosgesinfo.fr\/app\/uploads\/sites\/4\/2026\/09\/exposition-contre-racisme-herve-legrix-6.jpg\",\"width\":1920,\"height\":1446},{\"@type\":\"BreadcrumbList\",\"@id\":\"https:\/\/vosgesinfo.fr\/saintdieinfo\/2026\/09\/tous-egaux-50-photographies-contre-le-racisme-a-la-residence-cap-jeunes-adali-habitat-de-saint-die-des-vosges\/#breadcrumb\",\"itemListElement\":[{\"@type\":\"ListItem\",\"position\":1,\"name\":\"Home\",\"item\":\"https:\/\/vosgesinfo.fr\/saintdieinfo\/\"},{\"@type\":\"ListItem\",\"position\":2,\"name\":\"\u00ab Tous \u00e9gaux \u00bb : 50 photographies contre le racisme \u00e0 la r\u00e9sidence Cap Jeunes Adali-Habitat de Saint-Di\u00e9-des-Vosges\"}]},{\"@type\":\"WebSite\",\"@id\":\"https:\/\/vosgesinfo.fr\/saintdieinfo\/#website\",\"url\":\"https:\/\/vosgesinfo.fr\/saintdieinfo\/\",\"name\":\"Saint Die Info\",\"description\":\"Toute l&#039;actualit\u00e9 de Saint-Di\u00e9-Des-Vosges\",\"publisher\":{\"@id\":\"https:\/\/vosgesinfo.fr\/saintdieinfo\/#organization\"},\"alternateName\":\"Toute l'actualit\u00e9 de Saint-Di\u00e9-Des-Vosges\",\"potentialAction\":[{\"@type\":\"SearchAction\",\"target\":{\"@type\":\"EntryPoint\",\"urlTemplate\":\"https:\/\/vosgesinfo.fr\/saintdieinfo\/?s={search_term_string}\"},\"query-input\":\"required name=search_term_string\"}],\"inLanguage\":\"fr-FR\"},{\"@type\":\"Organization\",\"@id\":\"https:\/\/vosgesinfo.fr\/saintdieinfo\/#organization\",\"name\":\"Saint Die Info\",\"url\":\"https:\/\/vosgesinfo.fr\/saintdieinfo\/\",\"logo\":{\"@type\":\"ImageObject\",\"inLanguage\":\"fr-FR\",\"@id\":\"https:\/\/vosgesinfo.fr\/saintdieinfo\/#\/schema\/logo\/image\/\",\"url\":\"https:\/\/vosgesinfo.fr\/app\/uploads\/sites\/4\/2024\/02\/logo-sdi.jpg\",\"contentUrl\":\"https:\/\/vosgesinfo.fr\/app\/uploads\/sites\/4\/2024\/02\/logo-sdi.jpg\",\"width\":600,\"height\":600,\"caption\":\"Saint Die Info\"},\"image\":{\"@id\":\"https:\/\/vosgesinfo.fr\/saintdieinfo\/#\/schema\/logo\/image\/\"},\"sameAs\":[\"https:\/\/www.facebook.com\/Saintdieinfofr\",\"https:\/\/x.com\/VosgesInfo88\",\"https:\/\/www.youtube.com\/@vosgesinfo\"]},{\"@type\":\"Person\",\"@id\":\"https:\/\/vosgesinfo.fr\/saintdieinfo\/#\/schema\/person\/fa73e9f726d67bb88f46d5b7943cb572\",\"name\":\"J.J.\",\"image\":{\"@type\":\"ImageObject\",\"inLanguage\":\"fr-FR\",\"@id\":\"https:\/\/vosgesinfo.fr\/saintdieinfo\/#\/schema\/person\/image\/\",\"url\":\"https:\/\/secure.gravatar.com\/avatar\/219e749e47ffbcca018a360ae4add7d4cdf1cdaaf8bc7676b27efade3fe65615?s=96&d=mm&r=g\",\"contentUrl\":\"https:\/\/secure.gravatar.com\/avatar\/219e749e47ffbcca018a360ae4add7d4cdf1cdaaf8bc7676b27efade3fe65615?s=96&d=mm&r=g\",\"caption\":\"J.J.\"},\"url\":\"https:\/\/vosgesinfo.fr\/saintdieinfo\/author\/j-j\/\"}]}<\/script>\n<!-- \/ Yoast SEO plugin. -->","yoast_head_json":{"title":"\u00ab Tous \u00e9gaux \u00bb : 50 photographies contre le racisme \u00e0 la r\u00e9sidence Cap Jeunes Adali-Habitat de Saint-Di\u00e9-des-Vosges - Saint Die Info","robots":{"index":"index","follow":"follow","max-snippet":"max-snippet:-1","max-image-preview":"max-image-preview:large","max-video-preview":"max-video-preview:-1"},"canonical":"https:\/\/vosgesinfo.fr\/saintdieinfo\/2026\/09\/tous-egaux-50-photographies-contre-le-racisme-a-la-residence-cap-jeunes-adali-habitat-de-saint-die-des-vosges\/","twitter_card":"summary_large_image","twitter_title":"\u00ab Tous \u00e9gaux \u00bb : 50 photographies contre le racisme \u00e0 la r\u00e9sidence Cap Jeunes Adali-Habitat de Saint-Di\u00e9-des-Vosges - Saint Die Info","twitter_description":"Herv\u00e9 Legrix pr\u00e9sente actuellement une nouvelle exposition contre le racisme, cette fois-ci \u00e0 la r\u00e9sidence Cap Jeunes Adali-Habitat de Kellermann. [&hellip;]","twitter_image":"https:\/\/vosgesinfo.fr\/app\/uploads\/sites\/4\/2026\/09\/exposition-contre-racisme-herve-legrix-6.jpg","twitter_creator":"@VosgesInfo88","twitter_site":"@VosgesInfo88","twitter_misc":{"\u00c9crit par":"J.J.","Dur\u00e9e de lecture estim\u00e9e":"2 minutes"},"schema":{"@context":"https:\/\/schema.org","@graph":[{"@type":"Article","@id":"https:\/\/vosgesinfo.fr\/saintdieinfo\/2026\/09\/tous-egaux-50-photographies-contre-le-racisme-a-la-residence-cap-jeunes-adali-habitat-de-saint-die-des-vosges\/#article","isPartOf":{"@id":"https:\/\/vosgesinfo.fr\/saintdieinfo\/2026\/09\/tous-egaux-50-photographies-contre-le-racisme-a-la-residence-cap-jeunes-adali-habitat-de-saint-die-des-vosges\/"},"author":{"name":"J.J.","@id":"https:\/\/vosgesinfo.fr\/saintdieinfo\/#\/schema\/person\/fa73e9f726d67bb88f46d5b7943cb572"},"headline":"\u00ab Tous \u00e9gaux \u00bb : 50 photographies contre le racisme \u00e0 la r\u00e9sidence Cap Jeunes Adali-Habitat de Saint-Di\u00e9-des-Vosges","datePublished":"2026-09-04T08:03:19+00:00","dateModified":"2026-09-04T07:43:43+00:00","mainEntityOfPage":{"@id":"https:\/\/vosgesinfo.fr\/saintdieinfo\/2026\/09\/tous-egaux-50-photographies-contre-le-racisme-a-la-residence-cap-jeunes-adali-habitat-de-saint-die-des-vosges\/"},"wordCount":238,"commentCount":0,"publisher":{"@id":"https:\/\/vosgesinfo.fr\/saintdieinfo\/#organization"},"image":{"@id":"https:\/\/vosgesinfo.fr\/saintdieinfo\/2026\/09\/tous-egaux-50-photographies-contre-le-racisme-a-la-residence-cap-jeunes-adali-habitat-de-saint-die-des-vosges\/#primaryimage"},"thumbnailUrl":"https:\/\/vosgesinfo.fr\/app\/uploads\/sites\/4\/2026\/09\/exposition-contre-racisme-herve-legrix-6.jpg","keywords":["Adoma","Cap Jeunes ADALI Habitat","Centre-Social Lucie Aubrac","Exposition contre le racisme","Herv\u00e9 Legrix"],"articleSection":["A la Une","Art","Saint-Di\u00e9-des-Vosges","Soci\u00e9t\u00e9"],"inLanguage":"fr-FR","potentialAction":[{"@type":"CommentAction","name":"Comment","target":["https:\/\/vosgesinfo.fr\/saintdieinfo\/2026\/09\/tous-egaux-50-photographies-contre-le-racisme-a-la-residence-cap-jeunes-adali-habitat-de-saint-die-des-vosges\/#respond"]}]},{"@type":"WebPage","@id":"https:\/\/vosgesinfo.fr\/saintdieinfo\/2026\/09\/tous-egaux-50-photographies-contre-le-racisme-a-la-residence-cap-jeunes-adali-habitat-de-saint-die-des-vosges\/","url":"https:\/\/vosgesinfo.fr\/saintdieinfo\/2026\/09\/tous-egaux-50-photographies-contre-le-racisme-a-la-residence-cap-jeunes-adali-habitat-de-saint-die-des-vosges\/","name":"\u00ab Tous \u00e9gaux \u00bb : 50 photographies contre le racisme \u00e0 la r\u00e9sidence Cap Jeunes Adali-Habitat de Saint-Di\u00e9-des-Vosges - Saint Die Info","isPartOf":{"@id":"https:\/\/vosgesinfo.fr\/saintdieinfo\/#website"},"primaryImageOfPage":{"@id":"https:\/\/vosgesinfo.fr\/saintdieinfo\/2026\/09\/tous-egaux-50-photographies-contre-le-racisme-a-la-residence-cap-jeunes-adali-habitat-de-saint-die-des-vosges\/#primaryimage"},"image":{"@id":"https:\/\/vosgesinfo.fr\/saintdieinfo\/2026\/09\/tous-egaux-50-photographies-contre-le-racisme-a-la-residence-cap-jeunes-adali-habitat-de-saint-die-des-vosges\/#primaryimage"},"thumbnailUrl":"https:\/\/vosgesinfo.fr\/app\/uploads\/sites\/4\/2026\/09\/exposition-contre-racisme-herve-legrix-6.jpg","datePublished":"2026-09-04T08:03:19+00:00","dateModified":"2026-09-04T07:43:43+00:00","breadcrumb":{"@id":"https:\/\/vosgesinfo.fr\/saintdieinfo\/2026\/09\/tous-egaux-50-photographies-contre-le-racisme-a-la-residence-cap-jeunes-adali-habitat-de-saint-die-des-vosges\/#breadcrumb"},"inLanguage":"fr-FR","potentialAction":[{"@type":"ReadAction","target":["https:\/\/vosgesinfo.fr\/saintdieinfo\/2026\/09\/tous-egaux-50-photographies-contre-le-racisme-a-la-residence-cap-jeunes-adali-habitat-de-saint-die-des-vosges\/"]}]},{"@type":"ImageObject","inLanguage":"fr-FR","@id":"https:\/\/vosgesinfo.fr\/saintdieinfo\/2026\/09\/tous-egaux-50-photographies-contre-le-racisme-a-la-residence-cap-jeunes-adali-habitat-de-saint-die-des-vosges\/#primaryimage","url":"https:\/\/vosgesinfo.fr\/app\/uploads\/sites\/4\/2026\/09\/exposition-contre-racisme-herve-legrix-6.jpg","contentUrl":"https:\/\/vosgesinfo.fr\/app\/uploads\/sites\/4\/2026\/09\/exposition-contre-racisme-herve-legrix-6.jpg","width":1920,"height":1446},{"@type":"BreadcrumbList","@id":"https:\/\/vosgesinfo.fr\/saintdieinfo\/2026\/09\/tous-egaux-50-photographies-contre-le-racisme-a-la-residence-cap-jeunes-adali-habitat-de-saint-die-des-vosges\/#breadcrumb","itemListElement":[{"@type":"ListItem","position":1,"name":"Home","item":"https:\/\/vosgesinfo.fr\/saintdieinfo\/"},{"@type":"ListItem","position":2,"name":"\u00ab Tous \u00e9gaux \u00bb : 50 photographies contre le racisme \u00e0 la r\u00e9sidence Cap Jeunes Adali-Habitat de Saint-Di\u00e9-des-Vosges"}]},{"@type":"WebSite","@id":"https:\/\/vosgesinfo.fr\/saintdieinfo\/#website","url":"https:\/\/vosgesinfo.fr\/saintdieinfo\/","name":"Saint Die Info","description":"Toute l&#039;actualit\u00e9 de Saint-Di\u00e9-Des-Vosges","publisher":{"@id":"https:\/\/vosgesinfo.fr\/saintdieinfo\/#organization"},"alternateName":"Toute l'actualit\u00e9 de Saint-Di\u00e9-Des-Vosges","potentialAction":[{"@type":"SearchAction","target":{"@type":"EntryPoint","urlTemplate":"https:\/\/vosgesinfo.fr\/saintdieinfo\/?s={search_term_string}"},"query-input":"required name=search_term_string"}],"inLanguage":"fr-FR"},{"@type":"Organization","@id":"https:\/\/vosgesinfo.fr\/saintdieinfo\/#organization","name":"Saint Die Info","url":"https:\/\/vosgesinfo.fr\/saintdieinfo\/","logo":{"@type":"ImageObject","inLanguage":"fr-FR","@id":"https:\/\/vosgesinfo.fr\/saintdieinfo\/#\/schema\/logo\/image\/","url":"https:\/\/vosgesinfo.fr\/app\/uploads\/sites\/4\/2024\/02\/logo-sdi.jpg","contentUrl":"https:\/\/vosgesinfo.fr\/app\/uploads\/sites\/4\/2024\/02\/logo-sdi.jpg","width":600,"height":600,"caption":"Saint Die Info"},"image":{"@id":"https:\/\/vosgesinfo.fr\/saintdieinfo\/#\/schema\/logo\/image\/"},"sameAs":["https:\/\/www.facebook.com\/Saintdieinfofr","https:\/\/x.com\/VosgesInfo88","https:\/\/www.youtube.com\/@vosgesinfo"]},{"@type":"Person","@id":"https:\/\/vosgesinfo.fr\/saintdieinfo\/#\/schema\/person\/fa73e9f726d67bb88f46d5b7943cb572","name":"J.J.","image":{"@type":"ImageObject","inLanguage":"fr-FR","@id":"https:\/\/vosgesinfo.fr\/saintdieinfo\/#\/schema\/person\/image\/","url":"https:\/\/secure.gravatar.com\/avatar\/219e749e47ffbcca018a360ae4add7d4cdf1cdaaf8bc7676b27efade3fe65615?s=96&d=mm&r=g","contentUrl":"https:\/\/secure.gravatar.com\/avatar\/219e749e47ffbcca018a360ae4add7d4cdf1cdaaf8bc7676b27efade3fe65615?s=96&d=mm&r=g","caption":"J.J."},"url":"https:\/\/vosgesinfo.fr\/saintdieinfo\/author\/j-j\/"}]}},"_links":{"self":[{"href":"https:\/\/vosgesinfo.fr\/saintdieinfo\/wp-json\/wp\/v2\/posts\/95758","targetHints":{"allow":["GET"]}}],"collection":[{"href":"https:\/\/vosgesinfo.fr\/saintdieinfo\/wp-json\/wp\/v2\/posts"}],"about":[{"href":"https:\/\/vosgesinfo.fr\/saintdieinfo\/wp-json\/wp\/v2\/types\/post"}],"author":[{"embeddable":true,"href":"https:\/\/vosgesinfo.fr\/saintdieinfo\/wp-json\/wp\/v2\/users\/46"}],"replies":[{"embeddable":true,"href":"https:\/\/vosgesinfo.fr\/saintdieinfo\/wp-json\/wp\/v2\/comments?post=95758"}],"version-history":[{"count":2,"href":"https:\/\/vosgesinfo.fr\/saintdieinfo\/wp-json\/wp\/v2\/posts\/95758\/revisions"}],"predecessor-version":[{"id":95772,"href":"https:\/\/vosgesinfo.fr\/saintdieinfo\/wp-json\/wp\/v2\/posts\/95758\/revisions\/95772"}],"wp:featuredmedia":[{"embeddable":true,"href":"https:\/\/vosgesinfo.fr\/saintdieinfo\/wp-json\/wp\/v2\/media\/95764"}],"wp:attachment":[{"href":"https:\/\/vosgesinfo.fr\/saintdieinfo\/wp-json\/wp\/v2\/media?parent=95758"}],"wp:term":[{"taxonomy":"category","embeddable":true,"href":"https:\/\/vosgesinfo.fr\/saintdieinfo\/wp-json\/wp\/v2\/categories?post=95758"},{"taxonomy":"post_tag","embeddable":true,"href":"https:\/\/vosgesinfo.fr\/saintdieinfo\/wp-json\/wp\/v2\/tags?post=95758"}],"curies":[{"name":"wp","href":"https:\/\/api.w.org\/{rel}","templated":true}]}}