{"id":95775,"date":"2026-09-04T11:03:42","date_gmt":"2026-09-04T09:03:42","guid":{"rendered":"https:\/\/vosgesinfo.fr\/saintdieinfo\/?p=95775"},"modified":"2026-09-04T10:42:01","modified_gmt":"2026-09-04T08:42:01","slug":"le-velo-au-coeur-de-ledition-deodatienne-de-la-semaine-europeenne-de-la-mobilite","status":"publish","type":"post","link":"https:\/\/vosgesinfo.fr\/saintdieinfo\/2026\/09\/le-velo-au-coeur-de-ledition-deodatienne-de-la-semaine-europeenne-de-la-mobilite\/","title":{"rendered":"Le v\u00e9lo au c\u0153ur de l\u2019\u00e9dition d\u00e9odatienne de la Semaine europ\u00e9enne de la mobilit\u00e9"},"content":{"rendered":"<h2><a href=\"https:\/\/vosgesinfo.fr\/app\/uploads\/sites\/4\/2026\/09\/semaine-europeenne-mobilite.png\"><img decoding=\"async\" class=\"alignnone size-full wp-image-95776\" src=\"https:\/\/vosgesinfo.fr\/app\/uploads\/sites\/4\/2026\/09\/semaine-europeenne-mobilite.png\" alt=\"\" width=\"542\" height=\"305\" srcset=\"https:\/\/vosgesinfo.fr\/app\/uploads\/sites\/4\/2026\/09\/semaine-europeenne-mobilite.png 542w, https:\/\/vosgesinfo.fr\/app\/uploads\/sites\/4\/2026\/09\/semaine-europeenne-mobilite-300x169.png 300w\" sizes=\"(max-width: 542px) 100vw, 542px\" \/><\/a><\/h2>\n<h2>Six clich\u00e9s s\u00e9lectionn\u00e9s par un jury et <strong>douze photographies du Centre d\u2019\u00e9tudes et d\u2019expertise sur les risques, l\u2019environnement, la mobilit\u00e9 et l\u2019am\u00e9nagement \u2013 CEREMA<\/strong> \u2013 investiront la <strong>m\u00e9diath\u00e8que La Boussole<\/strong> \u00e0 l\u2019occasion de la <strong>Semaine europ\u00e9enne de la mobilit\u00e9<\/strong>. L\u2019<strong>exposition photographique \u00ab\u00a0Re-Cyclons nos rues !\u00a0\u00bb<\/strong> sera visible du <strong>16 septembre au 4 octobre<\/strong>. Elle montrera, \u00e0 travers diff\u00e9rents regards, comment le v\u00e9lo peut transformer les d\u00e9placements, les rues et le quotidien.<\/h2>\n<p><!--more--><\/p>\n<h3><strong>Le v\u00e9lo \u00e0 l\u2019\u00e9cran avec \u00ab\u00a0La Reine Bicyclette\u00a0\u00bb<\/strong><\/h3>\n<p>En marge de l\u2019exposition, le <strong>documentaire \u00ab\u00a0La Reine Bicyclette\u00a0\u00bb<\/strong> sera projet\u00e9 <strong>mercredi 16 septembre<\/strong>, \u00e0 17 h 30 dans la <strong>salle Isabelle-Autissier de La Boussole<\/strong>. Le film retrace plus d\u2019un si\u00e8cle d\u2019histoire du v\u00e9lo en France, des premiers v\u00e9locip\u00e8des \u00e0 son essor comme symbole de libert\u00e9 et d\u2019\u00e9mancipation, puis de transition \u00e9cologique. <strong>L\u2019entr\u00e9e est gratuite.<\/strong><\/p>\n<h3><strong>Une animation mobilit\u00e9s sur le parvis de la gare<\/strong><\/h3>\n<p>Le lendemain, <strong>jeudi 17 septembre<\/strong>, une animation consacr\u00e9e aux mobilit\u00e9s se d\u00e9roulera de 12 h \u00e0 18 h sur le <strong>parvis de la gare de Saint-Di\u00e9-des-Vosges<\/strong>. Le public pourra notamment \u00e9changer autour des d\u00e9placements en trains et cars Fluo ainsi qu\u2019en bus du r\u00e9seau Sylvia. Plusieurs acteurs de la mobilit\u00e9 seront pr\u00e9sents sur place, dont l&rsquo;<strong>association \u00ab\u00a0Il est encore temps en D\u00e9odatie\u00a0\u00bb<\/strong>.<\/p>\n","protected":false},"excerpt":{"rendered":"<p>Six clich\u00e9s s\u00e9lectionn\u00e9s par un jury et douze photographies du Centre d\u2019\u00e9tudes et d\u2019expertise sur les risques, l\u2019environnement, la mobilit\u00e9 [&hellip;]<\/p>\n","protected":false},"author":46,"featured_media":95776,"comment_status":"open","ping_status":"open","sticky":false,"template":"","format":"standard","meta":{"footnotes":""},"categories":[460,167],"tags":[22866,22865,17524,4297,22864],"class_list":["post-95775","post","type-post","status-publish","format-standard","has-post-thumbnail","hentry","category-a-la-une","category-saint-die-des-vosges","tag-la-reine-bicyclette","tag-re-cyclons-nos-rues","tag-mediatheque-la-boussole","tag-reseau-sylvia","tag-semaine-europeenne-de-la-mobilite-a-la-boussole"],"acf":[],"yoast_head":"<!-- This site is optimized with the Yoast SEO plugin v22.5 - https:\/\/yoast.com\/wordpress\/plugins\/seo\/ -->\n<title>Le v\u00e9lo au c\u0153ur de l\u2019\u00e9dition d\u00e9odatienne de la Semaine europ\u00e9enne de la mobilit\u00e9 - Saint Die Info<\/title>\n<meta name=\"robots\" content=\"index, follow, max-snippet:-1, max-image-preview:large, max-video-preview:-1\" \/>\n<link rel=\"canonical\" href=\"https:\/\/vosgesinfo.fr\/saintdieinfo\/2026\/09\/le-velo-au-coeur-de-ledition-deodatienne-de-la-semaine-europeenne-de-la-mobilite\/\" \/>\n<meta name=\"twitter:card\" content=\"summary_large_image\" \/>\n<meta name=\"twitter:title\" content=\"Le v\u00e9lo au c\u0153ur de l\u2019\u00e9dition d\u00e9odatienne de la Semaine europ\u00e9enne de la mobilit\u00e9 - Saint Die Info\" \/>\n<meta name=\"twitter:description\" content=\"Six clich\u00e9s s\u00e9lectionn\u00e9s par un jury et douze photographies du Centre d\u2019\u00e9tudes et d\u2019expertise sur les risques, l\u2019environnement, la mobilit\u00e9 [&hellip;]\" \/>\n<meta name=\"twitter:image\" content=\"https:\/\/vosgesinfo.fr\/app\/uploads\/sites\/4\/2026\/09\/semaine-europeenne-mobilite.png\" \/>\n<meta name=\"twitter:creator\" content=\"@VosgesInfo88\" \/>\n<meta name=\"twitter:site\" content=\"@VosgesInfo88\" \/>\n<meta name=\"twitter:label1\" content=\"\u00c9crit par\" \/>\n\t<meta name=\"twitter:data1\" content=\"J.J.\" \/>\n\t<meta name=\"twitter:label2\" content=\"Dur\u00e9e de lecture estim\u00e9e\" \/>\n\t<meta name=\"twitter:data2\" content=\"2 minutes\" \/>\n<script type=\"application\/ld+json\" class=\"yoast-schema-graph\">{\"@context\":\"https:\/\/schema.org\",\"@graph\":[{\"@type\":\"Article\",\"@id\":\"https:\/\/vosgesinfo.fr\/saintdieinfo\/2026\/09\/le-velo-au-coeur-de-ledition-deodatienne-de-la-semaine-europeenne-de-la-mobilite\/#article\",\"isPartOf\":{\"@id\":\"https:\/\/vosgesinfo.fr\/saintdieinfo\/2026\/09\/le-velo-au-coeur-de-ledition-deodatienne-de-la-semaine-europeenne-de-la-mobilite\/\"},\"author\":{\"name\":\"J.J.\",\"@id\":\"https:\/\/vosgesinfo.fr\/saintdieinfo\/#\/schema\/person\/fa73e9f726d67bb88f46d5b7943cb572\"},\"headline\":\"Le v\u00e9lo au c\u0153ur de l\u2019\u00e9dition d\u00e9odatienne de la Semaine europ\u00e9enne de la mobilit\u00e9\",\"datePublished\":\"2026-09-04T09:03:42+00:00\",\"dateModified\":\"2026-09-04T08:42:01+00:00\",\"mainEntityOfPage\":{\"@id\":\"https:\/\/vosgesinfo.fr\/saintdieinfo\/2026\/09\/le-velo-au-coeur-de-ledition-deodatienne-de-la-semaine-europeenne-de-la-mobilite\/\"},\"wordCount\":246,\"commentCount\":0,\"publisher\":{\"@id\":\"https:\/\/vosgesinfo.fr\/saintdieinfo\/#organization\"},\"image\":{\"@id\":\"https:\/\/vosgesinfo.fr\/saintdieinfo\/2026\/09\/le-velo-au-coeur-de-ledition-deodatienne-de-la-semaine-europeenne-de-la-mobilite\/#primaryimage\"},\"thumbnailUrl\":\"https:\/\/vosgesinfo.fr\/app\/uploads\/sites\/4\/2026\/09\/semaine-europeenne-mobilite.png\",\"keywords\":[\"\\\"La Reine Bicyclette\\\"\",\"\\\"Re-Cyclons nos rues !\\\"\",\"M\u00e9diath\u00e8que La Boussole\",\"R\u00e9seau Sylvia\",\"Semaine europ\u00e9enne de la mobilit\u00e9 \u00e0 La Boussole\"],\"articleSection\":[\"A la Une\",\"Saint-Di\u00e9-des-Vosges\"],\"inLanguage\":\"fr-FR\",\"potentialAction\":[{\"@type\":\"CommentAction\",\"name\":\"Comment\",\"target\":[\"https:\/\/vosgesinfo.fr\/saintdieinfo\/2026\/09\/le-velo-au-coeur-de-ledition-deodatienne-de-la-semaine-europeenne-de-la-mobilite\/#respond\"]}]},{\"@type\":\"WebPage\",\"@id\":\"https:\/\/vosgesinfo.fr\/saintdieinfo\/2026\/09\/le-velo-au-coeur-de-ledition-deodatienne-de-la-semaine-europeenne-de-la-mobilite\/\",\"url\":\"https:\/\/vosgesinfo.fr\/saintdieinfo\/2026\/09\/le-velo-au-coeur-de-ledition-deodatienne-de-la-semaine-europeenne-de-la-mobilite\/\",\"name\":\"Le v\u00e9lo au c\u0153ur de l\u2019\u00e9dition d\u00e9odatienne de la Semaine europ\u00e9enne de la mobilit\u00e9 - Saint Die Info\",\"isPartOf\":{\"@id\":\"https:\/\/vosgesinfo.fr\/saintdieinfo\/#website\"},\"primaryImageOfPage\":{\"@id\":\"https:\/\/vosgesinfo.fr\/saintdieinfo\/2026\/09\/le-velo-au-coeur-de-ledition-deodatienne-de-la-semaine-europeenne-de-la-mobilite\/#primaryimage\"},\"image\":{\"@id\":\"https:\/\/vosgesinfo.fr\/saintdieinfo\/2026\/09\/le-velo-au-coeur-de-ledition-deodatienne-de-la-semaine-europeenne-de-la-mobilite\/#primaryimage\"},\"thumbnailUrl\":\"https:\/\/vosgesinfo.fr\/app\/uploads\/sites\/4\/2026\/09\/semaine-europeenne-mobilite.png\",\"datePublished\":\"2026-09-04T09:03:42+00:00\",\"dateModified\":\"2026-09-04T08:42:01+00:00\",\"breadcrumb\":{\"@id\":\"https:\/\/vosgesinfo.fr\/saintdieinfo\/2026\/09\/le-velo-au-coeur-de-ledition-deodatienne-de-la-semaine-europeenne-de-la-mobilite\/#breadcrumb\"},\"inLanguage\":\"fr-FR\",\"potentialAction\":[{\"@type\":\"ReadAction\",\"target\":[\"https:\/\/vosgesinfo.fr\/saintdieinfo\/2026\/09\/le-velo-au-coeur-de-ledition-deodatienne-de-la-semaine-europeenne-de-la-mobilite\/\"]}]},{\"@type\":\"ImageObject\",\"inLanguage\":\"fr-FR\",\"@id\":\"https:\/\/vosgesinfo.fr\/saintdieinfo\/2026\/09\/le-velo-au-coeur-de-ledition-deodatienne-de-la-semaine-europeenne-de-la-mobilite\/#primaryimage\",\"url\":\"https:\/\/vosgesinfo.fr\/app\/uploads\/sites\/4\/2026\/09\/semaine-europeenne-mobilite.png\",\"contentUrl\":\"https:\/\/vosgesinfo.fr\/app\/uploads\/sites\/4\/2026\/09\/semaine-europeenne-mobilite.png\",\"width\":542,\"height\":305},{\"@type\":\"BreadcrumbList\",\"@id\":\"https:\/\/vosgesinfo.fr\/saintdieinfo\/2026\/09\/le-velo-au-coeur-de-ledition-deodatienne-de-la-semaine-europeenne-de-la-mobilite\/#breadcrumb\",\"itemListElement\":[{\"@type\":\"ListItem\",\"position\":1,\"name\":\"Home\",\"item\":\"https:\/\/vosgesinfo.fr\/saintdieinfo\/\"},{\"@type\":\"ListItem\",\"position\":2,\"name\":\"Le v\u00e9lo au c\u0153ur de l\u2019\u00e9dition d\u00e9odatienne de la Semaine europ\u00e9enne de la mobilit\u00e9\"}]},{\"@type\":\"WebSite\",\"@id\":\"https:\/\/vosgesinfo.fr\/saintdieinfo\/#website\",\"url\":\"https:\/\/vosgesinfo.fr\/saintdieinfo\/\",\"name\":\"Saint Die Info\",\"description\":\"Toute l&#039;actualit\u00e9 de Saint-Di\u00e9-Des-Vosges\",\"publisher\":{\"@id\":\"https:\/\/vosgesinfo.fr\/saintdieinfo\/#organization\"},\"alternateName\":\"Toute l'actualit\u00e9 de Saint-Di\u00e9-Des-Vosges\",\"potentialAction\":[{\"@type\":\"SearchAction\",\"target\":{\"@type\":\"EntryPoint\",\"urlTemplate\":\"https:\/\/vosgesinfo.fr\/saintdieinfo\/?s={search_term_string}\"},\"query-input\":\"required name=search_term_string\"}],\"inLanguage\":\"fr-FR\"},{\"@type\":\"Organization\",\"@id\":\"https:\/\/vosgesinfo.fr\/saintdieinfo\/#organization\",\"name\":\"Saint Die Info\",\"url\":\"https:\/\/vosgesinfo.fr\/saintdieinfo\/\",\"logo\":{\"@type\":\"ImageObject\",\"inLanguage\":\"fr-FR\",\"@id\":\"https:\/\/vosgesinfo.fr\/saintdieinfo\/#\/schema\/logo\/image\/\",\"url\":\"https:\/\/vosgesinfo.fr\/app\/uploads\/sites\/4\/2024\/02\/logo-sdi.jpg\",\"contentUrl\":\"https:\/\/vosgesinfo.fr\/app\/uploads\/sites\/4\/2024\/02\/logo-sdi.jpg\",\"width\":600,\"height\":600,\"caption\":\"Saint Die Info\"},\"image\":{\"@id\":\"https:\/\/vosgesinfo.fr\/saintdieinfo\/#\/schema\/logo\/image\/\"},\"sameAs\":[\"https:\/\/www.facebook.com\/Saintdieinfofr\",\"https:\/\/x.com\/VosgesInfo88\",\"https:\/\/www.youtube.com\/@vosgesinfo\"]},{\"@type\":\"Person\",\"@id\":\"https:\/\/vosgesinfo.fr\/saintdieinfo\/#\/schema\/person\/fa73e9f726d67bb88f46d5b7943cb572\",\"name\":\"J.J.\",\"image\":{\"@type\":\"ImageObject\",\"inLanguage\":\"fr-FR\",\"@id\":\"https:\/\/vosgesinfo.fr\/saintdieinfo\/#\/schema\/person\/image\/\",\"url\":\"https:\/\/secure.gravatar.com\/avatar\/219e749e47ffbcca018a360ae4add7d4cdf1cdaaf8bc7676b27efade3fe65615?s=96&d=mm&r=g\",\"contentUrl\":\"https:\/\/secure.gravatar.com\/avatar\/219e749e47ffbcca018a360ae4add7d4cdf1cdaaf8bc7676b27efade3fe65615?s=96&d=mm&r=g\",\"caption\":\"J.J.\"},\"url\":\"https:\/\/vosgesinfo.fr\/saintdieinfo\/author\/j-j\/\"}]}<\/script>\n<!-- \/ Yoast SEO plugin. -->","yoast_head_json":{"title":"Le v\u00e9lo au c\u0153ur de l\u2019\u00e9dition d\u00e9odatienne de la Semaine europ\u00e9enne de la mobilit\u00e9 - Saint Die Info","robots":{"index":"index","follow":"follow","max-snippet":"max-snippet:-1","max-image-preview":"max-image-preview:large","max-video-preview":"max-video-preview:-1"},"canonical":"https:\/\/vosgesinfo.fr\/saintdieinfo\/2026\/09\/le-velo-au-coeur-de-ledition-deodatienne-de-la-semaine-europeenne-de-la-mobilite\/","twitter_card":"summary_large_image","twitter_title":"Le v\u00e9lo au c\u0153ur de l\u2019\u00e9dition d\u00e9odatienne de la Semaine europ\u00e9enne de la mobilit\u00e9 - Saint Die Info","twitter_description":"Six clich\u00e9s s\u00e9lectionn\u00e9s par un jury et douze photographies du Centre d\u2019\u00e9tudes et d\u2019expertise sur les risques, l\u2019environnement, la mobilit\u00e9 [&hellip;]","twitter_image":"https:\/\/vosgesinfo.fr\/app\/uploads\/sites\/4\/2026\/09\/semaine-europeenne-mobilite.png","twitter_creator":"@VosgesInfo88","twitter_site":"@VosgesInfo88","twitter_misc":{"\u00c9crit par":"J.J.","Dur\u00e9e de lecture estim\u00e9e":"2 minutes"},"schema":{"@context":"https:\/\/schema.org","@graph":[{"@type":"Article","@id":"https:\/\/vosgesinfo.fr\/saintdieinfo\/2026\/09\/le-velo-au-coeur-de-ledition-deodatienne-de-la-semaine-europeenne-de-la-mobilite\/#article","isPartOf":{"@id":"https:\/\/vosgesinfo.fr\/saintdieinfo\/2026\/09\/le-velo-au-coeur-de-ledition-deodatienne-de-la-semaine-europeenne-de-la-mobilite\/"},"author":{"name":"J.J.","@id":"https:\/\/vosgesinfo.fr\/saintdieinfo\/#\/schema\/person\/fa73e9f726d67bb88f46d5b7943cb572"},"headline":"Le v\u00e9lo au c\u0153ur de l\u2019\u00e9dition d\u00e9odatienne de la Semaine europ\u00e9enne de la mobilit\u00e9","datePublished":"2026-09-04T09:03:42+00:00","dateModified":"2026-09-04T08:42:01+00:00","mainEntityOfPage":{"@id":"https:\/\/vosgesinfo.fr\/saintdieinfo\/2026\/09\/le-velo-au-coeur-de-ledition-deodatienne-de-la-semaine-europeenne-de-la-mobilite\/"},"wordCount":246,"commentCount":0,"publisher":{"@id":"https:\/\/vosgesinfo.fr\/saintdieinfo\/#organization"},"image":{"@id":"https:\/\/vosgesinfo.fr\/saintdieinfo\/2026\/09\/le-velo-au-coeur-de-ledition-deodatienne-de-la-semaine-europeenne-de-la-mobilite\/#primaryimage"},"thumbnailUrl":"https:\/\/vosgesinfo.fr\/app\/uploads\/sites\/4\/2026\/09\/semaine-europeenne-mobilite.png","keywords":["\"La Reine Bicyclette\"","\"Re-Cyclons nos rues !\"","M\u00e9diath\u00e8que La Boussole","R\u00e9seau Sylvia","Semaine europ\u00e9enne de la mobilit\u00e9 \u00e0 La Boussole"],"articleSection":["A la Une","Saint-Di\u00e9-des-Vosges"],"inLanguage":"fr-FR","potentialAction":[{"@type":"CommentAction","name":"Comment","target":["https:\/\/vosgesinfo.fr\/saintdieinfo\/2026\/09\/le-velo-au-coeur-de-ledition-deodatienne-de-la-semaine-europeenne-de-la-mobilite\/#respond"]}]},{"@type":"WebPage","@id":"https:\/\/vosgesinfo.fr\/saintdieinfo\/2026\/09\/le-velo-au-coeur-de-ledition-deodatienne-de-la-semaine-europeenne-de-la-mobilite\/","url":"https:\/\/vosgesinfo.fr\/saintdieinfo\/2026\/09\/le-velo-au-coeur-de-ledition-deodatienne-de-la-semaine-europeenne-de-la-mobilite\/","name":"Le v\u00e9lo au c\u0153ur de l\u2019\u00e9dition d\u00e9odatienne de la Semaine europ\u00e9enne de la mobilit\u00e9 - Saint Die Info","isPartOf":{"@id":"https:\/\/vosgesinfo.fr\/saintdieinfo\/#website"},"primaryImageOfPage":{"@id":"https:\/\/vosgesinfo.fr\/saintdieinfo\/2026\/09\/le-velo-au-coeur-de-ledition-deodatienne-de-la-semaine-europeenne-de-la-mobilite\/#primaryimage"},"image":{"@id":"https:\/\/vosgesinfo.fr\/saintdieinfo\/2026\/09\/le-velo-au-coeur-de-ledition-deodatienne-de-la-semaine-europeenne-de-la-mobilite\/#primaryimage"},"thumbnailUrl":"https:\/\/vosgesinfo.fr\/app\/uploads\/sites\/4\/2026\/09\/semaine-europeenne-mobilite.png","datePublished":"2026-09-04T09:03:42+00:00","dateModified":"2026-09-04T08:42:01+00:00","breadcrumb":{"@id":"https:\/\/vosgesinfo.fr\/saintdieinfo\/2026\/09\/le-velo-au-coeur-de-ledition-deodatienne-de-la-semaine-europeenne-de-la-mobilite\/#breadcrumb"},"inLanguage":"fr-FR","potentialAction":[{"@type":"ReadAction","target":["https:\/\/vosgesinfo.fr\/saintdieinfo\/2026\/09\/le-velo-au-coeur-de-ledition-deodatienne-de-la-semaine-europeenne-de-la-mobilite\/"]}]},{"@type":"ImageObject","inLanguage":"fr-FR","@id":"https:\/\/vosgesinfo.fr\/saintdieinfo\/2026\/09\/le-velo-au-coeur-de-ledition-deodatienne-de-la-semaine-europeenne-de-la-mobilite\/#primaryimage","url":"https:\/\/vosgesinfo.fr\/app\/uploads\/sites\/4\/2026\/09\/semaine-europeenne-mobilite.png","contentUrl":"https:\/\/vosgesinfo.fr\/app\/uploads\/sites\/4\/2026\/09\/semaine-europeenne-mobilite.png","width":542,"height":305},{"@type":"BreadcrumbList","@id":"https:\/\/vosgesinfo.fr\/saintdieinfo\/2026\/09\/le-velo-au-coeur-de-ledition-deodatienne-de-la-semaine-europeenne-de-la-mobilite\/#breadcrumb","itemListElement":[{"@type":"ListItem","position":1,"name":"Home","item":"https:\/\/vosgesinfo.fr\/saintdieinfo\/"},{"@type":"ListItem","position":2,"name":"Le v\u00e9lo au c\u0153ur de l\u2019\u00e9dition d\u00e9odatienne de la Semaine europ\u00e9enne de la mobilit\u00e9"}]},{"@type":"WebSite","@id":"https:\/\/vosgesinfo.fr\/saintdieinfo\/#website","url":"https:\/\/vosgesinfo.fr\/saintdieinfo\/","name":"Saint Die Info","description":"Toute l&#039;actualit\u00e9 de Saint-Di\u00e9-Des-Vosges","publisher":{"@id":"https:\/\/vosgesinfo.fr\/saintdieinfo\/#organization"},"alternateName":"Toute l'actualit\u00e9 de Saint-Di\u00e9-Des-Vosges","potentialAction":[{"@type":"SearchAction","target":{"@type":"EntryPoint","urlTemplate":"https:\/\/vosgesinfo.fr\/saintdieinfo\/?s={search_term_string}"},"query-input":"required name=search_term_string"}],"inLanguage":"fr-FR"},{"@type":"Organization","@id":"https:\/\/vosgesinfo.fr\/saintdieinfo\/#organization","name":"Saint Die Info","url":"https:\/\/vosgesinfo.fr\/saintdieinfo\/","logo":{"@type":"ImageObject","inLanguage":"fr-FR","@id":"https:\/\/vosgesinfo.fr\/saintdieinfo\/#\/schema\/logo\/image\/","url":"https:\/\/vosgesinfo.fr\/app\/uploads\/sites\/4\/2024\/02\/logo-sdi.jpg","contentUrl":"https:\/\/vosgesinfo.fr\/app\/uploads\/sites\/4\/2024\/02\/logo-sdi.jpg","width":600,"height":600,"caption":"Saint Die Info"},"image":{"@id":"https:\/\/vosgesinfo.fr\/saintdieinfo\/#\/schema\/logo\/image\/"},"sameAs":["https:\/\/www.facebook.com\/Saintdieinfofr","https:\/\/x.com\/VosgesInfo88","https:\/\/www.youtube.com\/@vosgesinfo"]},{"@type":"Person","@id":"https:\/\/vosgesinfo.fr\/saintdieinfo\/#\/schema\/person\/fa73e9f726d67bb88f46d5b7943cb572","name":"J.J.","image":{"@type":"ImageObject","inLanguage":"fr-FR","@id":"https:\/\/vosgesinfo.fr\/saintdieinfo\/#\/schema\/person\/image\/","url":"https:\/\/secure.gravatar.com\/avatar\/219e749e47ffbcca018a360ae4add7d4cdf1cdaaf8bc7676b27efade3fe65615?s=96&d=mm&r=g","contentUrl":"https:\/\/secure.gravatar.com\/avatar\/219e749e47ffbcca018a360ae4add7d4cdf1cdaaf8bc7676b27efade3fe65615?s=96&d=mm&r=g","caption":"J.J."},"url":"https:\/\/vosgesinfo.fr\/saintdieinfo\/author\/j-j\/"}]}},"_links":{"self":[{"href":"https:\/\/vosgesinfo.fr\/saintdieinfo\/wp-json\/wp\/v2\/posts\/95775","targetHints":{"allow":["GET"]}}],"collection":[{"href":"https:\/\/vosgesinfo.fr\/saintdieinfo\/wp-json\/wp\/v2\/posts"}],"about":[{"href":"https:\/\/vosgesinfo.fr\/saintdieinfo\/wp-json\/wp\/v2\/types\/post"}],"author":[{"embeddable":true,"href":"https:\/\/vosgesinfo.fr\/saintdieinfo\/wp-json\/wp\/v2\/users\/46"}],"replies":[{"embeddable":true,"href":"https:\/\/vosgesinfo.fr\/saintdieinfo\/wp-json\/wp\/v2\/comments?post=95775"}],"version-history":[{"count":2,"href":"https:\/\/vosgesinfo.fr\/saintdieinfo\/wp-json\/wp\/v2\/posts\/95775\/revisions"}],"predecessor-version":[{"id":95778,"href":"https:\/\/vosgesinfo.fr\/saintdieinfo\/wp-json\/wp\/v2\/posts\/95775\/revisions\/95778"}],"wp:featuredmedia":[{"embeddable":true,"href":"https:\/\/vosgesinfo.fr\/saintdieinfo\/wp-json\/wp\/v2\/media\/95776"}],"wp:attachment":[{"href":"https:\/\/vosgesinfo.fr\/saintdieinfo\/wp-json\/wp\/v2\/media?parent=95775"}],"wp:term":[{"taxonomy":"category","embeddable":true,"href":"https:\/\/vosgesinfo.fr\/saintdieinfo\/wp-json\/wp\/v2\/categories?post=95775"},{"taxonomy":"post_tag","embeddable":true,"href":"https:\/\/vosgesinfo.fr\/saintdieinfo\/wp-json\/wp\/v2\/tags?post=95775"}],"curies":[{"name":"wp","href":"https:\/\/api.w.org\/{rel}","templated":true}]}}