{"id":95779,"date":"2026-09-04T12:03:10","date_gmt":"2026-09-04T10:03:10","guid":{"rendered":"https:\/\/vosgesinfo.fr\/saintdieinfo\/?p=95779"},"modified":"2026-09-04T10:56:56","modified_gmt":"2026-09-04T08:56:56","slug":"les-enfants-invites-a-imaginer-leur-paysage-lors-de-deux-ateliers-gratuits-au-musee-pierre-noel","status":"publish","type":"post","link":"https:\/\/vosgesinfo.fr\/saintdieinfo\/2026\/09\/les-enfants-invites-a-imaginer-leur-paysage-lors-de-deux-ateliers-gratuits-au-musee-pierre-noel\/","title":{"rendered":"Les enfants invit\u00e9s \u00e0 imaginer leur paysage lors de deux ateliers gratuits au mus\u00e9e Pierre-No\u00ebl"},"content":{"rendered":"<h2><a href=\"https:\/\/vosgesinfo.fr\/app\/uploads\/sites\/4\/2026\/09\/visuel-ateliers-fabrique-ton-paysage-mpn.jpg\"><img decoding=\"async\" class=\"alignnone size-large wp-image-95780\" src=\"https:\/\/vosgesinfo.fr\/app\/uploads\/sites\/4\/2026\/09\/visuel-ateliers-fabrique-ton-paysage-mpn-1024x768.jpg\" alt=\"\" width=\"1024\" height=\"768\" srcset=\"https:\/\/vosgesinfo.fr\/app\/uploads\/sites\/4\/2026\/09\/visuel-ateliers-fabrique-ton-paysage-mpn-1024x768.jpg 1024w, https:\/\/vosgesinfo.fr\/app\/uploads\/sites\/4\/2026\/09\/visuel-ateliers-fabrique-ton-paysage-mpn-300x225.jpg 300w, https:\/\/vosgesinfo.fr\/app\/uploads\/sites\/4\/2026\/09\/visuel-ateliers-fabrique-ton-paysage-mpn-768x576.jpg 768w, https:\/\/vosgesinfo.fr\/app\/uploads\/sites\/4\/2026\/09\/visuel-ateliers-fabrique-ton-paysage-mpn.jpg 1448w\" sizes=\"(max-width: 1024px) 100vw, 1024px\" \/><\/a><\/h2>\n<h2>L\u2019exposition <strong>\u00ab\u00a0Albums des jeunes architectes et paysagistes 2023\u00a0\u00bb \u2013 AJAP 2023 \u2013<\/strong> sera visible au <strong>mus\u00e9e Pierre-No\u00ebl<\/strong> pendant <strong>un mois, du vendredi 4 septembre au dimanche 4 octobre<\/strong>, jusqu\u2019au <strong>Festival international de g\u00e9ographie \u2013 FIG<\/strong>. Port\u00e9e par <strong>l\u2019Ordre des architectes Grand Est<\/strong> autour du th\u00e8me du paysage, elle est organis\u00e9e en partenariat avec la <strong>Cit\u00e9 de l\u2019architecture et du patrimoine<\/strong>, le FIG, la <strong>Maison de l\u2019architecture de Lorraine<\/strong> et la <strong>librairie Le Neuf<\/strong>. En marge de l\u2019exposition, <strong>deux ateliers autour du paysage seront organis\u00e9s pour les enfants<\/strong>, dont le premier se tiendra dimanche.<\/h2>\n<p><!--more--><\/p>\n<h3><strong>Deux ateliers pour fabriquer des paysages<\/strong><\/h3>\n<p>Le premier atelier, <strong>\u00ab\u00a0Paysage imaginaire\u00a0\u00bb<\/strong>, se d\u00e9roulera <strong>ce dimanche 6 septembre<\/strong> de 14 h \u00e0 16 h. \u00c0 partir d\u2019un texte commun d\u00e9crivant un paysage vallonn\u00e9, les enfants passeront par <strong>un temps de r\u00e9flexion et de dessin<\/strong> avant de r\u00e9aliser leur maquette en superposant diff\u00e9rents \u00e9l\u00e9ments pour <strong>faire appara\u00eetre le relief<\/strong>. Le vernissage de l\u2019exposition suivra \u00e0 16 h.<\/p>\n<p>Un second atelier, <strong>\u00ab\u00a0De l\u2019autre c\u00f4t\u00e9\u00a0\u00bb<\/strong>, aura lieu <strong>samedi 19 septembre<\/strong> de 14 h \u00e0 16 h. \u00c0 partir d\u2019une photographie, les participants devront <strong>imaginer ce qui se trouve devant, derri\u00e8re ou \u00e0 c\u00f4t\u00e9 de l\u2019image<\/strong>, par le dessin, le d\u00e9coupage ou la maquette.<\/p>\n<p>Des places sont encore disponibles pour ces <strong>deux ateliers gratuits<\/strong>, destin\u00e9s aux <strong>enfants de 6 \u00e0 10 ans<\/strong> et d\u2019une <strong>dur\u00e9e de deux heures<\/strong>. Les inscriptions s\u2019effectuent aupr\u00e8s du mus\u00e9e Pierre-No\u00ebl, par t\u00e9l\u00e9phone au <strong>03-29-51-60-35<\/strong>.<\/p>\n<h3><strong>L\u2019Ordre des architectes pr\u00e9sent au FIG<\/strong><\/h3>\n<p>Pour la <strong>troisi\u00e8me ann\u00e9e cons\u00e9cutive<\/strong>, l\u2019Ordre des architectes Grand Est participera au FIG. <strong>Vendredi 2 octobre<\/strong>, trois rendez-vous seront consacr\u00e9s au travail des Albums des jeunes architectes et paysagistes. Le film de <strong>Christian Barani<\/strong> \u00ab\u00a0Penser l\u2019incertitude\u00a0\u00bb sera projet\u00e9 \u00e0 10 h 45 \u00e0 <strong>l\u2019espace Sadoul<\/strong>, avant un \u00e9change anim\u00e9 par <strong>Caroline Leloup<\/strong>, pr\u00e9sidente de la Maison de l\u2019architecture de Lorraine. Le finissage de l\u2019exposition se d\u00e9roulera \u00e0 13 h au mus\u00e9e Pierre-No\u00ebl.<\/p>\n<p>\u00c0 17 h, toujours au mus\u00e9e Pierre-No\u00ebl, la conf\u00e9rence <strong>\u00ab\u00a0Quand les architectes r\u00e9parent les territoires\u00a0\u00bb<\/strong> r\u00e9unira <strong>Lucie Garzon<\/strong>, d\u2019<strong>EJO Coop\u00e9rative<\/strong>, <strong>Geoffrey Clamour<\/strong>, des <strong>Marneurs<\/strong>, et <strong>Bertrand Coquin<\/strong>, de <strong>ZB Paysages<\/strong>. <strong>Samedi 3 octobre<\/strong>, tous trois participeront \u00e9galement \u00e0 la visite architecturale <strong>\u00ab\u00a0Reconstruire hier, construire aujourd\u2019hui\u00a0\u00bb<\/strong> dans le c\u0153ur de <strong>Saint-Di\u00e9-des-Vosges<\/strong>, avec deux d\u00e9parts depuis le mus\u00e9e Pierre-No\u00ebl, \u00e0 10 h et 14 h.<\/p>\n","protected":false},"excerpt":{"rendered":"<p>L\u2019exposition \u00ab\u00a0Albums des jeunes architectes et paysagistes 2023\u00a0\u00bb \u2013 AJAP 2023 \u2013 sera visible au mus\u00e9e Pierre-No\u00ebl pendant un mois, [&hellip;]<\/p>\n","protected":false},"author":46,"featured_media":95780,"comment_status":"open","ping_status":"open","sticky":false,"template":"","format":"standard","meta":{"footnotes":""},"categories":[460,7847,3532,167],"tags":[22868,3081,7070,3333,22867],"class_list":["post-95779","post","type-post","status-publish","format-standard","has-post-thumbnail","hentry","category-a-la-une","category-art-culture","category-enfants","category-saint-die-des-vosges","tag-albums-des-jeunes-architectes-et-paysagistes-2023","tag-festival-international-de-geographie-de-saint-die-des-vosges","tag-maison-de-larchitecture-de-lorraine","tag-musee-pierre-noel","tag-ordre-des-architectes-grand-est"],"acf":[],"yoast_head":"<!-- This site is optimized with the Yoast SEO plugin v22.5 - https:\/\/yoast.com\/wordpress\/plugins\/seo\/ -->\n<title>Les enfants invit\u00e9s \u00e0 imaginer leur paysage lors de deux ateliers gratuits au mus\u00e9e Pierre-No\u00ebl - Saint Die Info<\/title>\n<meta name=\"robots\" content=\"index, follow, max-snippet:-1, max-image-preview:large, max-video-preview:-1\" \/>\n<link rel=\"canonical\" href=\"https:\/\/vosgesinfo.fr\/saintdieinfo\/2026\/09\/les-enfants-invites-a-imaginer-leur-paysage-lors-de-deux-ateliers-gratuits-au-musee-pierre-noel\/\" \/>\n<meta name=\"twitter:card\" content=\"summary_large_image\" \/>\n<meta name=\"twitter:title\" content=\"Les enfants invit\u00e9s \u00e0 imaginer leur paysage lors de deux ateliers gratuits au mus\u00e9e Pierre-No\u00ebl - Saint Die Info\" \/>\n<meta name=\"twitter:description\" content=\"L\u2019exposition \u00ab\u00a0Albums des jeunes architectes et paysagistes 2023\u00a0\u00bb \u2013 AJAP 2023 \u2013 sera visible au mus\u00e9e Pierre-No\u00ebl pendant un mois, [&hellip;]\" \/>\n<meta name=\"twitter:image\" content=\"https:\/\/vosgesinfo.fr\/app\/uploads\/sites\/4\/2026\/09\/visuel-ateliers-fabrique-ton-paysage-mpn.jpg\" \/>\n<meta name=\"twitter:creator\" content=\"@VosgesInfo88\" \/>\n<meta name=\"twitter:site\" content=\"@VosgesInfo88\" \/>\n<meta name=\"twitter:label1\" content=\"\u00c9crit par\" \/>\n\t<meta name=\"twitter:data1\" content=\"J.J.\" \/>\n\t<meta name=\"twitter:label2\" content=\"Dur\u00e9e de lecture estim\u00e9e\" \/>\n\t<meta name=\"twitter:data2\" content=\"3 minutes\" \/>\n<script type=\"application\/ld+json\" class=\"yoast-schema-graph\">{\"@context\":\"https:\/\/schema.org\",\"@graph\":[{\"@type\":\"Article\",\"@id\":\"https:\/\/vosgesinfo.fr\/saintdieinfo\/2026\/09\/les-enfants-invites-a-imaginer-leur-paysage-lors-de-deux-ateliers-gratuits-au-musee-pierre-noel\/#article\",\"isPartOf\":{\"@id\":\"https:\/\/vosgesinfo.fr\/saintdieinfo\/2026\/09\/les-enfants-invites-a-imaginer-leur-paysage-lors-de-deux-ateliers-gratuits-au-musee-pierre-noel\/\"},\"author\":{\"name\":\"J.J.\",\"@id\":\"https:\/\/vosgesinfo.fr\/saintdieinfo\/#\/schema\/person\/fa73e9f726d67bb88f46d5b7943cb572\"},\"headline\":\"Les enfants invit\u00e9s \u00e0 imaginer leur paysage lors de deux ateliers gratuits au mus\u00e9e Pierre-No\u00ebl\",\"datePublished\":\"2026-09-04T10:03:10+00:00\",\"dateModified\":\"2026-09-04T08:56:56+00:00\",\"mainEntityOfPage\":{\"@id\":\"https:\/\/vosgesinfo.fr\/saintdieinfo\/2026\/09\/les-enfants-invites-a-imaginer-leur-paysage-lors-de-deux-ateliers-gratuits-au-musee-pierre-noel\/\"},\"wordCount\":427,\"commentCount\":0,\"publisher\":{\"@id\":\"https:\/\/vosgesinfo.fr\/saintdieinfo\/#organization\"},\"image\":{\"@id\":\"https:\/\/vosgesinfo.fr\/saintdieinfo\/2026\/09\/les-enfants-invites-a-imaginer-leur-paysage-lors-de-deux-ateliers-gratuits-au-musee-pierre-noel\/#primaryimage\"},\"thumbnailUrl\":\"https:\/\/vosgesinfo.fr\/app\/uploads\/sites\/4\/2026\/09\/visuel-ateliers-fabrique-ton-paysage-mpn.jpg\",\"keywords\":[\"Albums des jeunes architectes et paysagistes 2023\",\"Festival International de G\u00e9ographie de Saint-Di\u00e9-des-Vosges\",\"Maison de l'Architecture de Lorraine\",\"Mus\u00e9e Pierre-No\u00ebl\",\"Ordre des architectes Grand Est\"],\"articleSection\":[\"A la Une\",\"Culture\",\"Enfants\",\"Saint-Di\u00e9-des-Vosges\"],\"inLanguage\":\"fr-FR\",\"potentialAction\":[{\"@type\":\"CommentAction\",\"name\":\"Comment\",\"target\":[\"https:\/\/vosgesinfo.fr\/saintdieinfo\/2026\/09\/les-enfants-invites-a-imaginer-leur-paysage-lors-de-deux-ateliers-gratuits-au-musee-pierre-noel\/#respond\"]}]},{\"@type\":\"WebPage\",\"@id\":\"https:\/\/vosgesinfo.fr\/saintdieinfo\/2026\/09\/les-enfants-invites-a-imaginer-leur-paysage-lors-de-deux-ateliers-gratuits-au-musee-pierre-noel\/\",\"url\":\"https:\/\/vosgesinfo.fr\/saintdieinfo\/2026\/09\/les-enfants-invites-a-imaginer-leur-paysage-lors-de-deux-ateliers-gratuits-au-musee-pierre-noel\/\",\"name\":\"Les enfants invit\u00e9s \u00e0 imaginer leur paysage lors de deux ateliers gratuits au mus\u00e9e Pierre-No\u00ebl - Saint Die Info\",\"isPartOf\":{\"@id\":\"https:\/\/vosgesinfo.fr\/saintdieinfo\/#website\"},\"primaryImageOfPage\":{\"@id\":\"https:\/\/vosgesinfo.fr\/saintdieinfo\/2026\/09\/les-enfants-invites-a-imaginer-leur-paysage-lors-de-deux-ateliers-gratuits-au-musee-pierre-noel\/#primaryimage\"},\"image\":{\"@id\":\"https:\/\/vosgesinfo.fr\/saintdieinfo\/2026\/09\/les-enfants-invites-a-imaginer-leur-paysage-lors-de-deux-ateliers-gratuits-au-musee-pierre-noel\/#primaryimage\"},\"thumbnailUrl\":\"https:\/\/vosgesinfo.fr\/app\/uploads\/sites\/4\/2026\/09\/visuel-ateliers-fabrique-ton-paysage-mpn.jpg\",\"datePublished\":\"2026-09-04T10:03:10+00:00\",\"dateModified\":\"2026-09-04T08:56:56+00:00\",\"breadcrumb\":{\"@id\":\"https:\/\/vosgesinfo.fr\/saintdieinfo\/2026\/09\/les-enfants-invites-a-imaginer-leur-paysage-lors-de-deux-ateliers-gratuits-au-musee-pierre-noel\/#breadcrumb\"},\"inLanguage\":\"fr-FR\",\"potentialAction\":[{\"@type\":\"ReadAction\",\"target\":[\"https:\/\/vosgesinfo.fr\/saintdieinfo\/2026\/09\/les-enfants-invites-a-imaginer-leur-paysage-lors-de-deux-ateliers-gratuits-au-musee-pierre-noel\/\"]}]},{\"@type\":\"ImageObject\",\"inLanguage\":\"fr-FR\",\"@id\":\"https:\/\/vosgesinfo.fr\/saintdieinfo\/2026\/09\/les-enfants-invites-a-imaginer-leur-paysage-lors-de-deux-ateliers-gratuits-au-musee-pierre-noel\/#primaryimage\",\"url\":\"https:\/\/vosgesinfo.fr\/app\/uploads\/sites\/4\/2026\/09\/visuel-ateliers-fabrique-ton-paysage-mpn.jpg\",\"contentUrl\":\"https:\/\/vosgesinfo.fr\/app\/uploads\/sites\/4\/2026\/09\/visuel-ateliers-fabrique-ton-paysage-mpn.jpg\",\"width\":1448,\"height\":1086},{\"@type\":\"BreadcrumbList\",\"@id\":\"https:\/\/vosgesinfo.fr\/saintdieinfo\/2026\/09\/les-enfants-invites-a-imaginer-leur-paysage-lors-de-deux-ateliers-gratuits-au-musee-pierre-noel\/#breadcrumb\",\"itemListElement\":[{\"@type\":\"ListItem\",\"position\":1,\"name\":\"Home\",\"item\":\"https:\/\/vosgesinfo.fr\/saintdieinfo\/\"},{\"@type\":\"ListItem\",\"position\":2,\"name\":\"Les enfants invit\u00e9s \u00e0 imaginer leur paysage lors de deux ateliers gratuits au mus\u00e9e Pierre-No\u00ebl\"}]},{\"@type\":\"WebSite\",\"@id\":\"https:\/\/vosgesinfo.fr\/saintdieinfo\/#website\",\"url\":\"https:\/\/vosgesinfo.fr\/saintdieinfo\/\",\"name\":\"Saint Die Info\",\"description\":\"Toute l&#039;actualit\u00e9 de Saint-Di\u00e9-Des-Vosges\",\"publisher\":{\"@id\":\"https:\/\/vosgesinfo.fr\/saintdieinfo\/#organization\"},\"alternateName\":\"Toute l'actualit\u00e9 de Saint-Di\u00e9-Des-Vosges\",\"potentialAction\":[{\"@type\":\"SearchAction\",\"target\":{\"@type\":\"EntryPoint\",\"urlTemplate\":\"https:\/\/vosgesinfo.fr\/saintdieinfo\/?s={search_term_string}\"},\"query-input\":\"required name=search_term_string\"}],\"inLanguage\":\"fr-FR\"},{\"@type\":\"Organization\",\"@id\":\"https:\/\/vosgesinfo.fr\/saintdieinfo\/#organization\",\"name\":\"Saint Die Info\",\"url\":\"https:\/\/vosgesinfo.fr\/saintdieinfo\/\",\"logo\":{\"@type\":\"ImageObject\",\"inLanguage\":\"fr-FR\",\"@id\":\"https:\/\/vosgesinfo.fr\/saintdieinfo\/#\/schema\/logo\/image\/\",\"url\":\"https:\/\/vosgesinfo.fr\/app\/uploads\/sites\/4\/2024\/02\/logo-sdi.jpg\",\"contentUrl\":\"https:\/\/vosgesinfo.fr\/app\/uploads\/sites\/4\/2024\/02\/logo-sdi.jpg\",\"width\":600,\"height\":600,\"caption\":\"Saint Die Info\"},\"image\":{\"@id\":\"https:\/\/vosgesinfo.fr\/saintdieinfo\/#\/schema\/logo\/image\/\"},\"sameAs\":[\"https:\/\/www.facebook.com\/Saintdieinfofr\",\"https:\/\/x.com\/VosgesInfo88\",\"https:\/\/www.youtube.com\/@vosgesinfo\"]},{\"@type\":\"Person\",\"@id\":\"https:\/\/vosgesinfo.fr\/saintdieinfo\/#\/schema\/person\/fa73e9f726d67bb88f46d5b7943cb572\",\"name\":\"J.J.\",\"image\":{\"@type\":\"ImageObject\",\"inLanguage\":\"fr-FR\",\"@id\":\"https:\/\/vosgesinfo.fr\/saintdieinfo\/#\/schema\/person\/image\/\",\"url\":\"https:\/\/secure.gravatar.com\/avatar\/219e749e47ffbcca018a360ae4add7d4cdf1cdaaf8bc7676b27efade3fe65615?s=96&d=mm&r=g\",\"contentUrl\":\"https:\/\/secure.gravatar.com\/avatar\/219e749e47ffbcca018a360ae4add7d4cdf1cdaaf8bc7676b27efade3fe65615?s=96&d=mm&r=g\",\"caption\":\"J.J.\"},\"url\":\"https:\/\/vosgesinfo.fr\/saintdieinfo\/author\/j-j\/\"}]}<\/script>\n<!-- \/ Yoast SEO plugin. -->","yoast_head_json":{"title":"Les enfants invit\u00e9s \u00e0 imaginer leur paysage lors de deux ateliers gratuits au mus\u00e9e Pierre-No\u00ebl - Saint Die Info","robots":{"index":"index","follow":"follow","max-snippet":"max-snippet:-1","max-image-preview":"max-image-preview:large","max-video-preview":"max-video-preview:-1"},"canonical":"https:\/\/vosgesinfo.fr\/saintdieinfo\/2026\/09\/les-enfants-invites-a-imaginer-leur-paysage-lors-de-deux-ateliers-gratuits-au-musee-pierre-noel\/","twitter_card":"summary_large_image","twitter_title":"Les enfants invit\u00e9s \u00e0 imaginer leur paysage lors de deux ateliers gratuits au mus\u00e9e Pierre-No\u00ebl - Saint Die Info","twitter_description":"L\u2019exposition \u00ab\u00a0Albums des jeunes architectes et paysagistes 2023\u00a0\u00bb \u2013 AJAP 2023 \u2013 sera visible au mus\u00e9e Pierre-No\u00ebl pendant un mois, [&hellip;]","twitter_image":"https:\/\/vosgesinfo.fr\/app\/uploads\/sites\/4\/2026\/09\/visuel-ateliers-fabrique-ton-paysage-mpn.jpg","twitter_creator":"@VosgesInfo88","twitter_site":"@VosgesInfo88","twitter_misc":{"\u00c9crit par":"J.J.","Dur\u00e9e de lecture estim\u00e9e":"3 minutes"},"schema":{"@context":"https:\/\/schema.org","@graph":[{"@type":"Article","@id":"https:\/\/vosgesinfo.fr\/saintdieinfo\/2026\/09\/les-enfants-invites-a-imaginer-leur-paysage-lors-de-deux-ateliers-gratuits-au-musee-pierre-noel\/#article","isPartOf":{"@id":"https:\/\/vosgesinfo.fr\/saintdieinfo\/2026\/09\/les-enfants-invites-a-imaginer-leur-paysage-lors-de-deux-ateliers-gratuits-au-musee-pierre-noel\/"},"author":{"name":"J.J.","@id":"https:\/\/vosgesinfo.fr\/saintdieinfo\/#\/schema\/person\/fa73e9f726d67bb88f46d5b7943cb572"},"headline":"Les enfants invit\u00e9s \u00e0 imaginer leur paysage lors de deux ateliers gratuits au mus\u00e9e Pierre-No\u00ebl","datePublished":"2026-09-04T10:03:10+00:00","dateModified":"2026-09-04T08:56:56+00:00","mainEntityOfPage":{"@id":"https:\/\/vosgesinfo.fr\/saintdieinfo\/2026\/09\/les-enfants-invites-a-imaginer-leur-paysage-lors-de-deux-ateliers-gratuits-au-musee-pierre-noel\/"},"wordCount":427,"commentCount":0,"publisher":{"@id":"https:\/\/vosgesinfo.fr\/saintdieinfo\/#organization"},"image":{"@id":"https:\/\/vosgesinfo.fr\/saintdieinfo\/2026\/09\/les-enfants-invites-a-imaginer-leur-paysage-lors-de-deux-ateliers-gratuits-au-musee-pierre-noel\/#primaryimage"},"thumbnailUrl":"https:\/\/vosgesinfo.fr\/app\/uploads\/sites\/4\/2026\/09\/visuel-ateliers-fabrique-ton-paysage-mpn.jpg","keywords":["Albums des jeunes architectes et paysagistes 2023","Festival International de G\u00e9ographie de Saint-Di\u00e9-des-Vosges","Maison de l'Architecture de Lorraine","Mus\u00e9e Pierre-No\u00ebl","Ordre des architectes Grand Est"],"articleSection":["A la Une","Culture","Enfants","Saint-Di\u00e9-des-Vosges"],"inLanguage":"fr-FR","potentialAction":[{"@type":"CommentAction","name":"Comment","target":["https:\/\/vosgesinfo.fr\/saintdieinfo\/2026\/09\/les-enfants-invites-a-imaginer-leur-paysage-lors-de-deux-ateliers-gratuits-au-musee-pierre-noel\/#respond"]}]},{"@type":"WebPage","@id":"https:\/\/vosgesinfo.fr\/saintdieinfo\/2026\/09\/les-enfants-invites-a-imaginer-leur-paysage-lors-de-deux-ateliers-gratuits-au-musee-pierre-noel\/","url":"https:\/\/vosgesinfo.fr\/saintdieinfo\/2026\/09\/les-enfants-invites-a-imaginer-leur-paysage-lors-de-deux-ateliers-gratuits-au-musee-pierre-noel\/","name":"Les enfants invit\u00e9s \u00e0 imaginer leur paysage lors de deux ateliers gratuits au mus\u00e9e Pierre-No\u00ebl - Saint Die Info","isPartOf":{"@id":"https:\/\/vosgesinfo.fr\/saintdieinfo\/#website"},"primaryImageOfPage":{"@id":"https:\/\/vosgesinfo.fr\/saintdieinfo\/2026\/09\/les-enfants-invites-a-imaginer-leur-paysage-lors-de-deux-ateliers-gratuits-au-musee-pierre-noel\/#primaryimage"},"image":{"@id":"https:\/\/vosgesinfo.fr\/saintdieinfo\/2026\/09\/les-enfants-invites-a-imaginer-leur-paysage-lors-de-deux-ateliers-gratuits-au-musee-pierre-noel\/#primaryimage"},"thumbnailUrl":"https:\/\/vosgesinfo.fr\/app\/uploads\/sites\/4\/2026\/09\/visuel-ateliers-fabrique-ton-paysage-mpn.jpg","datePublished":"2026-09-04T10:03:10+00:00","dateModified":"2026-09-04T08:56:56+00:00","breadcrumb":{"@id":"https:\/\/vosgesinfo.fr\/saintdieinfo\/2026\/09\/les-enfants-invites-a-imaginer-leur-paysage-lors-de-deux-ateliers-gratuits-au-musee-pierre-noel\/#breadcrumb"},"inLanguage":"fr-FR","potentialAction":[{"@type":"ReadAction","target":["https:\/\/vosgesinfo.fr\/saintdieinfo\/2026\/09\/les-enfants-invites-a-imaginer-leur-paysage-lors-de-deux-ateliers-gratuits-au-musee-pierre-noel\/"]}]},{"@type":"ImageObject","inLanguage":"fr-FR","@id":"https:\/\/vosgesinfo.fr\/saintdieinfo\/2026\/09\/les-enfants-invites-a-imaginer-leur-paysage-lors-de-deux-ateliers-gratuits-au-musee-pierre-noel\/#primaryimage","url":"https:\/\/vosgesinfo.fr\/app\/uploads\/sites\/4\/2026\/09\/visuel-ateliers-fabrique-ton-paysage-mpn.jpg","contentUrl":"https:\/\/vosgesinfo.fr\/app\/uploads\/sites\/4\/2026\/09\/visuel-ateliers-fabrique-ton-paysage-mpn.jpg","width":1448,"height":1086},{"@type":"BreadcrumbList","@id":"https:\/\/vosgesinfo.fr\/saintdieinfo\/2026\/09\/les-enfants-invites-a-imaginer-leur-paysage-lors-de-deux-ateliers-gratuits-au-musee-pierre-noel\/#breadcrumb","itemListElement":[{"@type":"ListItem","position":1,"name":"Home","item":"https:\/\/vosgesinfo.fr\/saintdieinfo\/"},{"@type":"ListItem","position":2,"name":"Les enfants invit\u00e9s \u00e0 imaginer leur paysage lors de deux ateliers gratuits au mus\u00e9e Pierre-No\u00ebl"}]},{"@type":"WebSite","@id":"https:\/\/vosgesinfo.fr\/saintdieinfo\/#website","url":"https:\/\/vosgesinfo.fr\/saintdieinfo\/","name":"Saint Die Info","description":"Toute l&#039;actualit\u00e9 de Saint-Di\u00e9-Des-Vosges","publisher":{"@id":"https:\/\/vosgesinfo.fr\/saintdieinfo\/#organization"},"alternateName":"Toute l'actualit\u00e9 de Saint-Di\u00e9-Des-Vosges","potentialAction":[{"@type":"SearchAction","target":{"@type":"EntryPoint","urlTemplate":"https:\/\/vosgesinfo.fr\/saintdieinfo\/?s={search_term_string}"},"query-input":"required name=search_term_string"}],"inLanguage":"fr-FR"},{"@type":"Organization","@id":"https:\/\/vosgesinfo.fr\/saintdieinfo\/#organization","name":"Saint Die Info","url":"https:\/\/vosgesinfo.fr\/saintdieinfo\/","logo":{"@type":"ImageObject","inLanguage":"fr-FR","@id":"https:\/\/vosgesinfo.fr\/saintdieinfo\/#\/schema\/logo\/image\/","url":"https:\/\/vosgesinfo.fr\/app\/uploads\/sites\/4\/2024\/02\/logo-sdi.jpg","contentUrl":"https:\/\/vosgesinfo.fr\/app\/uploads\/sites\/4\/2024\/02\/logo-sdi.jpg","width":600,"height":600,"caption":"Saint Die Info"},"image":{"@id":"https:\/\/vosgesinfo.fr\/saintdieinfo\/#\/schema\/logo\/image\/"},"sameAs":["https:\/\/www.facebook.com\/Saintdieinfofr","https:\/\/x.com\/VosgesInfo88","https:\/\/www.youtube.com\/@vosgesinfo"]},{"@type":"Person","@id":"https:\/\/vosgesinfo.fr\/saintdieinfo\/#\/schema\/person\/fa73e9f726d67bb88f46d5b7943cb572","name":"J.J.","image":{"@type":"ImageObject","inLanguage":"fr-FR","@id":"https:\/\/vosgesinfo.fr\/saintdieinfo\/#\/schema\/person\/image\/","url":"https:\/\/secure.gravatar.com\/avatar\/219e749e47ffbcca018a360ae4add7d4cdf1cdaaf8bc7676b27efade3fe65615?s=96&d=mm&r=g","contentUrl":"https:\/\/secure.gravatar.com\/avatar\/219e749e47ffbcca018a360ae4add7d4cdf1cdaaf8bc7676b27efade3fe65615?s=96&d=mm&r=g","caption":"J.J."},"url":"https:\/\/vosgesinfo.fr\/saintdieinfo\/author\/j-j\/"}]}},"_links":{"self":[{"href":"https:\/\/vosgesinfo.fr\/saintdieinfo\/wp-json\/wp\/v2\/posts\/95779","targetHints":{"allow":["GET"]}}],"collection":[{"href":"https:\/\/vosgesinfo.fr\/saintdieinfo\/wp-json\/wp\/v2\/posts"}],"about":[{"href":"https:\/\/vosgesinfo.fr\/saintdieinfo\/wp-json\/wp\/v2\/types\/post"}],"author":[{"embeddable":true,"href":"https:\/\/vosgesinfo.fr\/saintdieinfo\/wp-json\/wp\/v2\/users\/46"}],"replies":[{"embeddable":true,"href":"https:\/\/vosgesinfo.fr\/saintdieinfo\/wp-json\/wp\/v2\/comments?post=95779"}],"version-history":[{"count":1,"href":"https:\/\/vosgesinfo.fr\/saintdieinfo\/wp-json\/wp\/v2\/posts\/95779\/revisions"}],"predecessor-version":[{"id":95781,"href":"https:\/\/vosgesinfo.fr\/saintdieinfo\/wp-json\/wp\/v2\/posts\/95779\/revisions\/95781"}],"wp:featuredmedia":[{"embeddable":true,"href":"https:\/\/vosgesinfo.fr\/saintdieinfo\/wp-json\/wp\/v2\/media\/95780"}],"wp:attachment":[{"href":"https:\/\/vosgesinfo.fr\/saintdieinfo\/wp-json\/wp\/v2\/media?parent=95779"}],"wp:term":[{"taxonomy":"category","embeddable":true,"href":"https:\/\/vosgesinfo.fr\/saintdieinfo\/wp-json\/wp\/v2\/categories?post=95779"},{"taxonomy":"post_tag","embeddable":true,"href":"https:\/\/vosgesinfo.fr\/saintdieinfo\/wp-json\/wp\/v2\/tags?post=95779"}],"curies":[{"name":"wp","href":"https:\/\/api.w.org\/{rel}","templated":true}]}}