{"id":95791,"date":"2026-09-04T15:03:21","date_gmt":"2026-09-04T13:03:21","guid":{"rendered":"https:\/\/vosgesinfo.fr\/saintdieinfo\/?p=95791"},"modified":"2026-09-04T14:58:40","modified_gmt":"2026-09-04T12:58:40","slug":"le-departement-des-vosges-reste-place-au-niveau-de-crise-secheresse","status":"publish","type":"post","link":"https:\/\/vosgesinfo.fr\/saintdieinfo\/2026\/09\/le-departement-des-vosges-reste-place-au-niveau-de-crise-secheresse\/","title":{"rendered":"Le d\u00e9partement des Vosges reste plac\u00e9 au niveau de crise s\u00e9cheresse"},"content":{"rendered":"<div id=\"attachment_92921\" style=\"width: 970px\" class=\"wp-caption alignnone\"><a href=\"https:\/\/vosgesinfo.fr\/app\/uploads\/sites\/4\/2026\/06\/secheresse2.jpg\"><img decoding=\"async\" aria-describedby=\"caption-attachment-92921\" class=\"size-full wp-image-92921\" src=\"https:\/\/vosgesinfo.fr\/app\/uploads\/sites\/4\/2026\/06\/secheresse2.jpg\" alt=\"\" width=\"960\" height=\"720\" srcset=\"https:\/\/vosgesinfo.fr\/app\/uploads\/sites\/4\/2026\/06\/secheresse2.jpg 960w, https:\/\/vosgesinfo.fr\/app\/uploads\/sites\/4\/2026\/06\/secheresse2-300x225.jpg 300w, https:\/\/vosgesinfo.fr\/app\/uploads\/sites\/4\/2026\/06\/secheresse2-768x576.jpg 768w\" sizes=\"(max-width: 960px) 100vw, 960px\" \/><\/a><p id=\"caption-attachment-92921\" class=\"wp-caption-text\">(Illustration)<\/p><\/div>\n<h2><strong>Quatre communes vosgiennes<\/strong> sont toujours aliment\u00e9es par camion-citerne en raison des difficult\u00e9s d\u2019approvisionnement en eau potable. Une vingtaine de communes, repr\u00e9sentant <strong>environ 7 000 habitants<\/strong>, connaissent actuellement des tensions sur leur ressource et <strong>pr\u00e8s de 80 autres<\/strong> pr\u00e9sentent un risque de tension quantitative. Face \u00e0 cette situation hydrologique toujours tr\u00e8s d\u00e9grad\u00e9e, <strong>le pr\u00e9fet des Vosges Blaise Gourtay<\/strong> maintient l\u2019ensemble du d\u00e9partement au <strong>niveau de crise s\u00e9cheresse<\/strong>, en vigueur depuis le 17 juillet.<\/h2>\n<p><!--more--><\/p>\n<h3><strong>Des pr\u00e9cipitations toujours insuffisantes<\/strong><\/h3>\n<p>Les <strong>\u00e9pisodes caniculaires successifs<\/strong> et le manque de pr\u00e9cipitations ont entra\u00een\u00e9 une <strong>nouvelle baisse des d\u00e9bits des cours d\u2019eau et des niveaux des nappes souterraines<\/strong>. Malgr\u00e9 une relative stabilisation, les pluies enregistr\u00e9es ces derniers jours ne permettent pas une am\u00e9lioration durable de la situation. Les <strong>restrictions restent donc en vigueur<\/strong> afin de pr\u00e9server les ressources disponibles et de garantir en priorit\u00e9 l\u2019alimentation en eau potable, la sant\u00e9 et la salubrit\u00e9 publiques, la s\u00e9curit\u00e9 civile ainsi que l\u2019abreuvement des animaux.<\/p>\n<h3><strong>Les restrictions maintenues dans tout le d\u00e9partement<\/strong><\/h3>\n<p>Le remplissage et la remise \u00e0 niveau des piscines priv\u00e9es et des bains \u00e0 remous restent interdits, tout comme le lavage des v\u00e9hicules hors imp\u00e9ratifs sanitaires. L\u2019arrosage des potagers est interdit entre 9 h et 20 h, tandis que celui des pelouses, espaces verts et terrains de sport reste soumis aux dispositions de <strong>l\u2019arr\u00eat\u00e9 pr\u00e9fectoral<\/strong>. Le nettoyage des fa\u00e7ades, murs, toitures, trottoirs et autres surfaces imperm\u00e9abilis\u00e9es est \u00e9galement interdit sauf imp\u00e9ratif sanitaire, de m\u00eame que l\u2019irrigation des cultures par aspersion. Des limitations concernent aussi <strong>certains usages \u00e9conomiques et les travaux en cours d\u2019eau<\/strong>. <strong>Ces mesures s\u2019appliquent<\/strong> aux particuliers, collectivit\u00e9s, entreprises, administrations, exploitants agricoles et exploitants de centrales hydro\u00e9lectriques.<\/p>\n<h3><strong>Des mesures applicables jusqu\u2019au 30 septembre<\/strong><\/h3>\n<p>Les restrictions resteront applicables jusqu\u2019au <strong>mercredi 30 septembre<\/strong>. Elles pourront toutefois \u00eatre all\u00e9g\u00e9es ou lev\u00e9es avant cette date si la situation s\u2019am\u00e9liore, ou prolong\u00e9es au-del\u00e0 si les conditions l\u2019exigent. Leur non-respect peut entra\u00eener une amende pouvant atteindre <strong>1 500 euros<\/strong>, port\u00e9e \u00e0 <strong>3 000 euros en cas de r\u00e9cidive<\/strong>. <strong>Pr\u00e8s de 200 contr\u00f4les<\/strong> ont \u00e9t\u00e9 r\u00e9alis\u00e9s au cours de l\u2019\u00e9t\u00e9 et les services de l\u2019\u00c9tat poursuivront leurs op\u00e9rations tant que la situation l\u2019exigera.<\/p>\n","protected":false},"excerpt":{"rendered":"<p>Quatre communes vosgiennes sont toujours aliment\u00e9es par camion-citerne en raison des difficult\u00e9s d\u2019approvisionnement en eau potable. Une vingtaine de communes, [&hellip;]<\/p>\n","protected":false},"author":46,"featured_media":92921,"comment_status":"open","ping_status":"open","sticky":false,"template":"","format":"standard","meta":{"footnotes":""},"categories":[460,7,18],"tags":[19640,12394,550,22875,22448,11368],"class_list":["post-95791","post","type-post","status-publish","format-standard","has-post-thumbnail","hentry","category-a-la-une","category-environnement","category-vosges","tag-blaise-gourtay","tag-crise-secheresse","tag-prefecture-des-vosges","tag-ressources-en-eau","tag-restrictions-deau","tag-secheresse-dans-les-vosges"],"acf":[],"yoast_head":"<!-- This site is optimized with the Yoast SEO plugin v22.5 - https:\/\/yoast.com\/wordpress\/plugins\/seo\/ -->\n<title>Le d\u00e9partement des Vosges reste plac\u00e9 au niveau de crise s\u00e9cheresse - Saint Die Info<\/title>\n<meta name=\"robots\" content=\"index, follow, max-snippet:-1, max-image-preview:large, max-video-preview:-1\" \/>\n<link rel=\"canonical\" href=\"https:\/\/vosgesinfo.fr\/saintdieinfo\/2026\/09\/le-departement-des-vosges-reste-place-au-niveau-de-crise-secheresse\/\" \/>\n<meta name=\"twitter:card\" content=\"summary_large_image\" \/>\n<meta name=\"twitter:title\" content=\"Le d\u00e9partement des Vosges reste plac\u00e9 au niveau de crise s\u00e9cheresse - Saint Die Info\" \/>\n<meta name=\"twitter:description\" content=\"Quatre communes vosgiennes sont toujours aliment\u00e9es par camion-citerne en raison des difficult\u00e9s d\u2019approvisionnement en eau potable. Une vingtaine de communes, [&hellip;]\" \/>\n<meta name=\"twitter:image\" content=\"https:\/\/vosgesinfo.fr\/app\/uploads\/sites\/4\/2026\/06\/secheresse2.jpg\" \/>\n<meta name=\"twitter:creator\" content=\"@VosgesInfo88\" \/>\n<meta name=\"twitter:site\" content=\"@VosgesInfo88\" \/>\n<meta name=\"twitter:label1\" content=\"\u00c9crit par\" \/>\n\t<meta name=\"twitter:data1\" content=\"J.J.\" \/>\n\t<meta name=\"twitter:label2\" content=\"Dur\u00e9e de lecture estim\u00e9e\" \/>\n\t<meta name=\"twitter:data2\" content=\"3 minutes\" \/>\n<script type=\"application\/ld+json\" class=\"yoast-schema-graph\">{\"@context\":\"https:\/\/schema.org\",\"@graph\":[{\"@type\":\"Article\",\"@id\":\"https:\/\/vosgesinfo.fr\/saintdieinfo\/2026\/09\/le-departement-des-vosges-reste-place-au-niveau-de-crise-secheresse\/#article\",\"isPartOf\":{\"@id\":\"https:\/\/vosgesinfo.fr\/saintdieinfo\/2026\/09\/le-departement-des-vosges-reste-place-au-niveau-de-crise-secheresse\/\"},\"author\":{\"name\":\"J.J.\",\"@id\":\"https:\/\/vosgesinfo.fr\/saintdieinfo\/#\/schema\/person\/fa73e9f726d67bb88f46d5b7943cb572\"},\"headline\":\"Le d\u00e9partement des Vosges reste plac\u00e9 au niveau de crise s\u00e9cheresse\",\"datePublished\":\"2026-09-04T13:03:21+00:00\",\"dateModified\":\"2026-09-04T12:58:40+00:00\",\"mainEntityOfPage\":{\"@id\":\"https:\/\/vosgesinfo.fr\/saintdieinfo\/2026\/09\/le-departement-des-vosges-reste-place-au-niveau-de-crise-secheresse\/\"},\"wordCount\":415,\"commentCount\":1,\"publisher\":{\"@id\":\"https:\/\/vosgesinfo.fr\/saintdieinfo\/#organization\"},\"image\":{\"@id\":\"https:\/\/vosgesinfo.fr\/saintdieinfo\/2026\/09\/le-departement-des-vosges-reste-place-au-niveau-de-crise-secheresse\/#primaryimage\"},\"thumbnailUrl\":\"https:\/\/vosgesinfo.fr\/app\/uploads\/sites\/4\/2026\/06\/secheresse2.jpg\",\"keywords\":[\"Blaise Gourtay\",\"Crise s\u00e9cheresse\",\"pr\u00e9fecture des Vosges\",\"ressources en eau\",\"restrictions d\u2019eau\",\"S\u00e9cheresse dans les Vosges\"],\"articleSection\":[\"A la Une\",\"Environnement\",\"Vosges\"],\"inLanguage\":\"fr-FR\",\"potentialAction\":[{\"@type\":\"CommentAction\",\"name\":\"Comment\",\"target\":[\"https:\/\/vosgesinfo.fr\/saintdieinfo\/2026\/09\/le-departement-des-vosges-reste-place-au-niveau-de-crise-secheresse\/#respond\"]}]},{\"@type\":\"WebPage\",\"@id\":\"https:\/\/vosgesinfo.fr\/saintdieinfo\/2026\/09\/le-departement-des-vosges-reste-place-au-niveau-de-crise-secheresse\/\",\"url\":\"https:\/\/vosgesinfo.fr\/saintdieinfo\/2026\/09\/le-departement-des-vosges-reste-place-au-niveau-de-crise-secheresse\/\",\"name\":\"Le d\u00e9partement des Vosges reste plac\u00e9 au niveau de crise s\u00e9cheresse - Saint Die Info\",\"isPartOf\":{\"@id\":\"https:\/\/vosgesinfo.fr\/saintdieinfo\/#website\"},\"primaryImageOfPage\":{\"@id\":\"https:\/\/vosgesinfo.fr\/saintdieinfo\/2026\/09\/le-departement-des-vosges-reste-place-au-niveau-de-crise-secheresse\/#primaryimage\"},\"image\":{\"@id\":\"https:\/\/vosgesinfo.fr\/saintdieinfo\/2026\/09\/le-departement-des-vosges-reste-place-au-niveau-de-crise-secheresse\/#primaryimage\"},\"thumbnailUrl\":\"https:\/\/vosgesinfo.fr\/app\/uploads\/sites\/4\/2026\/06\/secheresse2.jpg\",\"datePublished\":\"2026-09-04T13:03:21+00:00\",\"dateModified\":\"2026-09-04T12:58:40+00:00\",\"breadcrumb\":{\"@id\":\"https:\/\/vosgesinfo.fr\/saintdieinfo\/2026\/09\/le-departement-des-vosges-reste-place-au-niveau-de-crise-secheresse\/#breadcrumb\"},\"inLanguage\":\"fr-FR\",\"potentialAction\":[{\"@type\":\"ReadAction\",\"target\":[\"https:\/\/vosgesinfo.fr\/saintdieinfo\/2026\/09\/le-departement-des-vosges-reste-place-au-niveau-de-crise-secheresse\/\"]}]},{\"@type\":\"ImageObject\",\"inLanguage\":\"fr-FR\",\"@id\":\"https:\/\/vosgesinfo.fr\/saintdieinfo\/2026\/09\/le-departement-des-vosges-reste-place-au-niveau-de-crise-secheresse\/#primaryimage\",\"url\":\"https:\/\/vosgesinfo.fr\/app\/uploads\/sites\/4\/2026\/06\/secheresse2.jpg\",\"contentUrl\":\"https:\/\/vosgesinfo.fr\/app\/uploads\/sites\/4\/2026\/06\/secheresse2.jpg\",\"width\":960,\"height\":720,\"caption\":\"(Illustration)\"},{\"@type\":\"BreadcrumbList\",\"@id\":\"https:\/\/vosgesinfo.fr\/saintdieinfo\/2026\/09\/le-departement-des-vosges-reste-place-au-niveau-de-crise-secheresse\/#breadcrumb\",\"itemListElement\":[{\"@type\":\"ListItem\",\"position\":1,\"name\":\"Home\",\"item\":\"https:\/\/vosgesinfo.fr\/saintdieinfo\/\"},{\"@type\":\"ListItem\",\"position\":2,\"name\":\"Le d\u00e9partement des Vosges reste plac\u00e9 au niveau de crise s\u00e9cheresse\"}]},{\"@type\":\"WebSite\",\"@id\":\"https:\/\/vosgesinfo.fr\/saintdieinfo\/#website\",\"url\":\"https:\/\/vosgesinfo.fr\/saintdieinfo\/\",\"name\":\"Saint Die Info\",\"description\":\"Toute l&#039;actualit\u00e9 de Saint-Di\u00e9-Des-Vosges\",\"publisher\":{\"@id\":\"https:\/\/vosgesinfo.fr\/saintdieinfo\/#organization\"},\"alternateName\":\"Toute l'actualit\u00e9 de Saint-Di\u00e9-Des-Vosges\",\"potentialAction\":[{\"@type\":\"SearchAction\",\"target\":{\"@type\":\"EntryPoint\",\"urlTemplate\":\"https:\/\/vosgesinfo.fr\/saintdieinfo\/?s={search_term_string}\"},\"query-input\":\"required name=search_term_string\"}],\"inLanguage\":\"fr-FR\"},{\"@type\":\"Organization\",\"@id\":\"https:\/\/vosgesinfo.fr\/saintdieinfo\/#organization\",\"name\":\"Saint Die Info\",\"url\":\"https:\/\/vosgesinfo.fr\/saintdieinfo\/\",\"logo\":{\"@type\":\"ImageObject\",\"inLanguage\":\"fr-FR\",\"@id\":\"https:\/\/vosgesinfo.fr\/saintdieinfo\/#\/schema\/logo\/image\/\",\"url\":\"https:\/\/vosgesinfo.fr\/app\/uploads\/sites\/4\/2024\/02\/logo-sdi.jpg\",\"contentUrl\":\"https:\/\/vosgesinfo.fr\/app\/uploads\/sites\/4\/2024\/02\/logo-sdi.jpg\",\"width\":600,\"height\":600,\"caption\":\"Saint Die Info\"},\"image\":{\"@id\":\"https:\/\/vosgesinfo.fr\/saintdieinfo\/#\/schema\/logo\/image\/\"},\"sameAs\":[\"https:\/\/www.facebook.com\/Saintdieinfofr\",\"https:\/\/x.com\/VosgesInfo88\",\"https:\/\/www.youtube.com\/@vosgesinfo\"]},{\"@type\":\"Person\",\"@id\":\"https:\/\/vosgesinfo.fr\/saintdieinfo\/#\/schema\/person\/fa73e9f726d67bb88f46d5b7943cb572\",\"name\":\"J.J.\",\"image\":{\"@type\":\"ImageObject\",\"inLanguage\":\"fr-FR\",\"@id\":\"https:\/\/vosgesinfo.fr\/saintdieinfo\/#\/schema\/person\/image\/\",\"url\":\"https:\/\/secure.gravatar.com\/avatar\/219e749e47ffbcca018a360ae4add7d4cdf1cdaaf8bc7676b27efade3fe65615?s=96&d=mm&r=g\",\"contentUrl\":\"https:\/\/secure.gravatar.com\/avatar\/219e749e47ffbcca018a360ae4add7d4cdf1cdaaf8bc7676b27efade3fe65615?s=96&d=mm&r=g\",\"caption\":\"J.J.\"},\"url\":\"https:\/\/vosgesinfo.fr\/saintdieinfo\/author\/j-j\/\"}]}<\/script>\n<!-- \/ Yoast SEO plugin. -->","yoast_head_json":{"title":"Le d\u00e9partement des Vosges reste plac\u00e9 au niveau de crise s\u00e9cheresse - Saint Die Info","robots":{"index":"index","follow":"follow","max-snippet":"max-snippet:-1","max-image-preview":"max-image-preview:large","max-video-preview":"max-video-preview:-1"},"canonical":"https:\/\/vosgesinfo.fr\/saintdieinfo\/2026\/09\/le-departement-des-vosges-reste-place-au-niveau-de-crise-secheresse\/","twitter_card":"summary_large_image","twitter_title":"Le d\u00e9partement des Vosges reste plac\u00e9 au niveau de crise s\u00e9cheresse - Saint Die Info","twitter_description":"Quatre communes vosgiennes sont toujours aliment\u00e9es par camion-citerne en raison des difficult\u00e9s d\u2019approvisionnement en eau potable. Une vingtaine de communes, [&hellip;]","twitter_image":"https:\/\/vosgesinfo.fr\/app\/uploads\/sites\/4\/2026\/06\/secheresse2.jpg","twitter_creator":"@VosgesInfo88","twitter_site":"@VosgesInfo88","twitter_misc":{"\u00c9crit par":"J.J.","Dur\u00e9e de lecture estim\u00e9e":"3 minutes"},"schema":{"@context":"https:\/\/schema.org","@graph":[{"@type":"Article","@id":"https:\/\/vosgesinfo.fr\/saintdieinfo\/2026\/09\/le-departement-des-vosges-reste-place-au-niveau-de-crise-secheresse\/#article","isPartOf":{"@id":"https:\/\/vosgesinfo.fr\/saintdieinfo\/2026\/09\/le-departement-des-vosges-reste-place-au-niveau-de-crise-secheresse\/"},"author":{"name":"J.J.","@id":"https:\/\/vosgesinfo.fr\/saintdieinfo\/#\/schema\/person\/fa73e9f726d67bb88f46d5b7943cb572"},"headline":"Le d\u00e9partement des Vosges reste plac\u00e9 au niveau de crise s\u00e9cheresse","datePublished":"2026-09-04T13:03:21+00:00","dateModified":"2026-09-04T12:58:40+00:00","mainEntityOfPage":{"@id":"https:\/\/vosgesinfo.fr\/saintdieinfo\/2026\/09\/le-departement-des-vosges-reste-place-au-niveau-de-crise-secheresse\/"},"wordCount":415,"commentCount":1,"publisher":{"@id":"https:\/\/vosgesinfo.fr\/saintdieinfo\/#organization"},"image":{"@id":"https:\/\/vosgesinfo.fr\/saintdieinfo\/2026\/09\/le-departement-des-vosges-reste-place-au-niveau-de-crise-secheresse\/#primaryimage"},"thumbnailUrl":"https:\/\/vosgesinfo.fr\/app\/uploads\/sites\/4\/2026\/06\/secheresse2.jpg","keywords":["Blaise Gourtay","Crise s\u00e9cheresse","pr\u00e9fecture des Vosges","ressources en eau","restrictions d\u2019eau","S\u00e9cheresse dans les Vosges"],"articleSection":["A la Une","Environnement","Vosges"],"inLanguage":"fr-FR","potentialAction":[{"@type":"CommentAction","name":"Comment","target":["https:\/\/vosgesinfo.fr\/saintdieinfo\/2026\/09\/le-departement-des-vosges-reste-place-au-niveau-de-crise-secheresse\/#respond"]}]},{"@type":"WebPage","@id":"https:\/\/vosgesinfo.fr\/saintdieinfo\/2026\/09\/le-departement-des-vosges-reste-place-au-niveau-de-crise-secheresse\/","url":"https:\/\/vosgesinfo.fr\/saintdieinfo\/2026\/09\/le-departement-des-vosges-reste-place-au-niveau-de-crise-secheresse\/","name":"Le d\u00e9partement des Vosges reste plac\u00e9 au niveau de crise s\u00e9cheresse - Saint Die Info","isPartOf":{"@id":"https:\/\/vosgesinfo.fr\/saintdieinfo\/#website"},"primaryImageOfPage":{"@id":"https:\/\/vosgesinfo.fr\/saintdieinfo\/2026\/09\/le-departement-des-vosges-reste-place-au-niveau-de-crise-secheresse\/#primaryimage"},"image":{"@id":"https:\/\/vosgesinfo.fr\/saintdieinfo\/2026\/09\/le-departement-des-vosges-reste-place-au-niveau-de-crise-secheresse\/#primaryimage"},"thumbnailUrl":"https:\/\/vosgesinfo.fr\/app\/uploads\/sites\/4\/2026\/06\/secheresse2.jpg","datePublished":"2026-09-04T13:03:21+00:00","dateModified":"2026-09-04T12:58:40+00:00","breadcrumb":{"@id":"https:\/\/vosgesinfo.fr\/saintdieinfo\/2026\/09\/le-departement-des-vosges-reste-place-au-niveau-de-crise-secheresse\/#breadcrumb"},"inLanguage":"fr-FR","potentialAction":[{"@type":"ReadAction","target":["https:\/\/vosgesinfo.fr\/saintdieinfo\/2026\/09\/le-departement-des-vosges-reste-place-au-niveau-de-crise-secheresse\/"]}]},{"@type":"ImageObject","inLanguage":"fr-FR","@id":"https:\/\/vosgesinfo.fr\/saintdieinfo\/2026\/09\/le-departement-des-vosges-reste-place-au-niveau-de-crise-secheresse\/#primaryimage","url":"https:\/\/vosgesinfo.fr\/app\/uploads\/sites\/4\/2026\/06\/secheresse2.jpg","contentUrl":"https:\/\/vosgesinfo.fr\/app\/uploads\/sites\/4\/2026\/06\/secheresse2.jpg","width":960,"height":720,"caption":"(Illustration)"},{"@type":"BreadcrumbList","@id":"https:\/\/vosgesinfo.fr\/saintdieinfo\/2026\/09\/le-departement-des-vosges-reste-place-au-niveau-de-crise-secheresse\/#breadcrumb","itemListElement":[{"@type":"ListItem","position":1,"name":"Home","item":"https:\/\/vosgesinfo.fr\/saintdieinfo\/"},{"@type":"ListItem","position":2,"name":"Le d\u00e9partement des Vosges reste plac\u00e9 au niveau de crise s\u00e9cheresse"}]},{"@type":"WebSite","@id":"https:\/\/vosgesinfo.fr\/saintdieinfo\/#website","url":"https:\/\/vosgesinfo.fr\/saintdieinfo\/","name":"Saint Die Info","description":"Toute l&#039;actualit\u00e9 de Saint-Di\u00e9-Des-Vosges","publisher":{"@id":"https:\/\/vosgesinfo.fr\/saintdieinfo\/#organization"},"alternateName":"Toute l'actualit\u00e9 de Saint-Di\u00e9-Des-Vosges","potentialAction":[{"@type":"SearchAction","target":{"@type":"EntryPoint","urlTemplate":"https:\/\/vosgesinfo.fr\/saintdieinfo\/?s={search_term_string}"},"query-input":"required name=search_term_string"}],"inLanguage":"fr-FR"},{"@type":"Organization","@id":"https:\/\/vosgesinfo.fr\/saintdieinfo\/#organization","name":"Saint Die Info","url":"https:\/\/vosgesinfo.fr\/saintdieinfo\/","logo":{"@type":"ImageObject","inLanguage":"fr-FR","@id":"https:\/\/vosgesinfo.fr\/saintdieinfo\/#\/schema\/logo\/image\/","url":"https:\/\/vosgesinfo.fr\/app\/uploads\/sites\/4\/2024\/02\/logo-sdi.jpg","contentUrl":"https:\/\/vosgesinfo.fr\/app\/uploads\/sites\/4\/2024\/02\/logo-sdi.jpg","width":600,"height":600,"caption":"Saint Die Info"},"image":{"@id":"https:\/\/vosgesinfo.fr\/saintdieinfo\/#\/schema\/logo\/image\/"},"sameAs":["https:\/\/www.facebook.com\/Saintdieinfofr","https:\/\/x.com\/VosgesInfo88","https:\/\/www.youtube.com\/@vosgesinfo"]},{"@type":"Person","@id":"https:\/\/vosgesinfo.fr\/saintdieinfo\/#\/schema\/person\/fa73e9f726d67bb88f46d5b7943cb572","name":"J.J.","image":{"@type":"ImageObject","inLanguage":"fr-FR","@id":"https:\/\/vosgesinfo.fr\/saintdieinfo\/#\/schema\/person\/image\/","url":"https:\/\/secure.gravatar.com\/avatar\/219e749e47ffbcca018a360ae4add7d4cdf1cdaaf8bc7676b27efade3fe65615?s=96&d=mm&r=g","contentUrl":"https:\/\/secure.gravatar.com\/avatar\/219e749e47ffbcca018a360ae4add7d4cdf1cdaaf8bc7676b27efade3fe65615?s=96&d=mm&r=g","caption":"J.J."},"url":"https:\/\/vosgesinfo.fr\/saintdieinfo\/author\/j-j\/"}]}},"_links":{"self":[{"href":"https:\/\/vosgesinfo.fr\/saintdieinfo\/wp-json\/wp\/v2\/posts\/95791","targetHints":{"allow":["GET"]}}],"collection":[{"href":"https:\/\/vosgesinfo.fr\/saintdieinfo\/wp-json\/wp\/v2\/posts"}],"about":[{"href":"https:\/\/vosgesinfo.fr\/saintdieinfo\/wp-json\/wp\/v2\/types\/post"}],"author":[{"embeddable":true,"href":"https:\/\/vosgesinfo.fr\/saintdieinfo\/wp-json\/wp\/v2\/users\/46"}],"replies":[{"embeddable":true,"href":"https:\/\/vosgesinfo.fr\/saintdieinfo\/wp-json\/wp\/v2\/comments?post=95791"}],"version-history":[{"count":2,"href":"https:\/\/vosgesinfo.fr\/saintdieinfo\/wp-json\/wp\/v2\/posts\/95791\/revisions"}],"predecessor-version":[{"id":95793,"href":"https:\/\/vosgesinfo.fr\/saintdieinfo\/wp-json\/wp\/v2\/posts\/95791\/revisions\/95793"}],"wp:featuredmedia":[{"embeddable":true,"href":"https:\/\/vosgesinfo.fr\/saintdieinfo\/wp-json\/wp\/v2\/media\/92921"}],"wp:attachment":[{"href":"https:\/\/vosgesinfo.fr\/saintdieinfo\/wp-json\/wp\/v2\/media?parent=95791"}],"wp:term":[{"taxonomy":"category","embeddable":true,"href":"https:\/\/vosgesinfo.fr\/saintdieinfo\/wp-json\/wp\/v2\/categories?post=95791"},{"taxonomy":"post_tag","embeddable":true,"href":"https:\/\/vosgesinfo.fr\/saintdieinfo\/wp-json\/wp\/v2\/tags?post=95791"}],"curies":[{"name":"wp","href":"https:\/\/api.w.org\/{rel}","templated":true}]}}