{"id":95798,"date":"2026-09-04T15:33:40","date_gmt":"2026-09-04T13:33:40","guid":{"rendered":"https:\/\/vosgesinfo.fr\/saintdieinfo\/?p=95798"},"modified":"2026-09-04T15:32:21","modified_gmt":"2026-09-04T13:32:21","slug":"anne-vinciane-doucet-demissionne-du-conseil-municipal-de-saint-die-des-vosges","status":"publish","type":"post","link":"https:\/\/vosgesinfo.fr\/saintdieinfo\/2026\/09\/anne-vinciane-doucet-demissionne-du-conseil-municipal-de-saint-die-des-vosges\/","title":{"rendered":"Anne-Vinciane Doucet d\u00e9missionne du Conseil Municipal de Saint-Di\u00e9-des-Vosges"},"content":{"rendered":"<div id=\"attachment_95799\" style=\"width: 691px\" class=\"wp-caption alignnone\"><a href=\"https:\/\/vosgesinfo.fr\/app\/uploads\/sites\/4\/2026\/09\/anne-vinciane-doucet.jpg\"><img decoding=\"async\" aria-describedby=\"caption-attachment-95799\" class=\"size-large wp-image-95799\" src=\"https:\/\/vosgesinfo.fr\/app\/uploads\/sites\/4\/2026\/09\/anne-vinciane-doucet-681x1024.jpg\" alt=\"\" width=\"681\" height=\"1024\" srcset=\"https:\/\/vosgesinfo.fr\/app\/uploads\/sites\/4\/2026\/09\/anne-vinciane-doucet-681x1024.jpg 681w, https:\/\/vosgesinfo.fr\/app\/uploads\/sites\/4\/2026\/09\/anne-vinciane-doucet-200x300.jpg 200w, https:\/\/vosgesinfo.fr\/app\/uploads\/sites\/4\/2026\/09\/anne-vinciane-doucet-768x1154.jpg 768w, https:\/\/vosgesinfo.fr\/app\/uploads\/sites\/4\/2026\/09\/anne-vinciane-doucet.jpg 998w\" sizes=\"(max-width: 681px) 100vw, 681px\" \/><\/a><p id=\"caption-attachment-95799\" class=\"wp-caption-text\">(Cr\u00e9dit photographie Ville de Saint-Di\u00e9-des-Vosges)<\/p><\/div>\n<h2>Dans un communiqu\u00e9 qui nous est parvenu <strong>ce vendredi apr\u00e8s-midi<\/strong>, la <strong>Municipalit\u00e9 de Saint-Di\u00e9-des-Vosges<\/strong> annonce que la <strong>conseill\u00e8re municipale d\u00e9l\u00e9gu\u00e9e \u00e0 la culture Anne-Vinciane Doucet<\/strong> a officiellement <strong>d\u00e9missionn\u00e9 de son mandat<\/strong> ce lundi 31 ao\u00fbt. En raison d\u2019une <strong>opportunit\u00e9 professionnelle<\/strong>, elle va s\u2019installer hors du d\u00e9partement des Vosges.<\/h2>\n<p><!--more--><\/p>\n<h3><strong>Edite Augusto de Sa lui succ\u00e9dera<\/strong><\/h3>\n<p>Lors de la prochaine s\u00e9ance du <strong>Conseil Municipal<\/strong>, <strong>jeudi 24 septembre<\/strong>, Anne-Vinciane Doucet sera remplac\u00e9e par <strong>Edite Augusto de Sa<\/strong>, suivante sur la liste de la <strong>Majorit\u00e9<\/strong>.<\/p>\n<p>Le maire <strong>Bruno Toussaint<\/strong> et son \u00e9quipe municipale saluent <strong>le travail accompli par la conseill\u00e8re municipale depuis le d\u00e9but du mandat<\/strong> et la remercient \u00ab pour son <strong>investissement au service des D\u00e9odatiennes et des D\u00e9odatiens<\/strong> \u00bb.<\/p>\n<p>Dans sa lettre de d\u00e9mission, Anne-Vinciane Doucet a fait part de sa conviction quant \u00e0 <strong>la r\u00e9ussite des projets en cours<\/strong>. Elle a \u00e9galement affirm\u00e9 qu\u2019elle continuerait \u00e0 <strong>suivre avec attention et \u00e0 soutenir pleinement l\u2019action de la majorit\u00e9<\/strong>.<\/p>\n<p>L&rsquo;occasion pour Bruno Toussaint de r\u00e9affirmer <strong>une position qu\u2019il avait d\u00e9fendue lors de la campagne des municipales<\/strong> : il estime inconcevable qu\u2019un <strong>conseiller municipal ne r\u00e9side pas dans la commune<\/strong>.<\/p>\n<p>La <strong>Municipalit\u00e9<\/strong> adresse ses <strong>v\u0153ux de pleine r\u00e9ussite \u00e0 Anne-Vinciane Doucet<\/strong> pour cette nouvelle \u00e9tape de sa carri\u00e8re professionnelle.<\/p>\n","protected":false},"excerpt":{"rendered":"<p>Dans un communiqu\u00e9 qui nous est parvenu ce vendredi apr\u00e8s-midi, la Municipalit\u00e9 de Saint-Di\u00e9-des-Vosges annonce que la conseill\u00e8re municipale d\u00e9l\u00e9gu\u00e9e [&hellip;]<\/p>\n","protected":false},"author":46,"featured_media":95800,"comment_status":"open","ping_status":"open","sticky":false,"template":"","format":"standard","meta":{"footnotes":""},"categories":[460,10,167],"tags":[4463,3415,3317,22876,22877],"class_list":["post-95798","post","type-post","status-publish","format-standard","has-post-thumbnail","hentry","category-a-la-une","category-politique","category-saint-die-des-vosges","tag-anne-vinciane-doucet","tag-bruno-toussaint","tag-conseil-municipal-de-saint-die-des-vosges","tag-edite-augusto-de-sa","tag-majorite-municipale-de-saint-die-des-vosges"],"acf":[],"yoast_head":"<!-- This site is optimized with the Yoast SEO plugin v22.5 - https:\/\/yoast.com\/wordpress\/plugins\/seo\/ -->\n<title>Anne-Vinciane Doucet d\u00e9missionne du Conseil Municipal de Saint-Di\u00e9-des-Vosges - Saint Die Info<\/title>\n<meta name=\"robots\" content=\"index, follow, max-snippet:-1, max-image-preview:large, max-video-preview:-1\" \/>\n<link rel=\"canonical\" href=\"https:\/\/vosgesinfo.fr\/saintdieinfo\/2026\/09\/anne-vinciane-doucet-demissionne-du-conseil-municipal-de-saint-die-des-vosges\/\" \/>\n<meta name=\"twitter:card\" content=\"summary_large_image\" \/>\n<meta name=\"twitter:title\" content=\"Anne-Vinciane Doucet d\u00e9missionne du Conseil Municipal de Saint-Di\u00e9-des-Vosges - Saint Die Info\" \/>\n<meta name=\"twitter:description\" content=\"Dans un communiqu\u00e9 qui nous est parvenu ce vendredi apr\u00e8s-midi, la Municipalit\u00e9 de Saint-Di\u00e9-des-Vosges annonce que la conseill\u00e8re municipale d\u00e9l\u00e9gu\u00e9e [&hellip;]\" \/>\n<meta name=\"twitter:image\" content=\"https:\/\/vosgesinfo.fr\/app\/uploads\/sites\/4\/2026\/09\/anne-vinciane-doucet-1.jpg\" \/>\n<meta name=\"twitter:creator\" content=\"@VosgesInfo88\" \/>\n<meta name=\"twitter:site\" content=\"@VosgesInfo88\" \/>\n<meta name=\"twitter:label1\" content=\"\u00c9crit par\" \/>\n\t<meta name=\"twitter:data1\" content=\"J.J.\" \/>\n\t<meta name=\"twitter:label2\" content=\"Dur\u00e9e de lecture estim\u00e9e\" \/>\n\t<meta name=\"twitter:data2\" content=\"2 minutes\" \/>\n<script type=\"application\/ld+json\" class=\"yoast-schema-graph\">{\"@context\":\"https:\/\/schema.org\",\"@graph\":[{\"@type\":\"Article\",\"@id\":\"https:\/\/vosgesinfo.fr\/saintdieinfo\/2026\/09\/anne-vinciane-doucet-demissionne-du-conseil-municipal-de-saint-die-des-vosges\/#article\",\"isPartOf\":{\"@id\":\"https:\/\/vosgesinfo.fr\/saintdieinfo\/2026\/09\/anne-vinciane-doucet-demissionne-du-conseil-municipal-de-saint-die-des-vosges\/\"},\"author\":{\"name\":\"J.J.\",\"@id\":\"https:\/\/vosgesinfo.fr\/saintdieinfo\/#\/schema\/person\/fa73e9f726d67bb88f46d5b7943cb572\"},\"headline\":\"Anne-Vinciane Doucet d\u00e9missionne du Conseil Municipal de Saint-Di\u00e9-des-Vosges\",\"datePublished\":\"2026-09-04T13:33:40+00:00\",\"dateModified\":\"2026-09-04T13:32:21+00:00\",\"mainEntityOfPage\":{\"@id\":\"https:\/\/vosgesinfo.fr\/saintdieinfo\/2026\/09\/anne-vinciane-doucet-demissionne-du-conseil-municipal-de-saint-die-des-vosges\/\"},\"wordCount\":250,\"commentCount\":0,\"publisher\":{\"@id\":\"https:\/\/vosgesinfo.fr\/saintdieinfo\/#organization\"},\"image\":{\"@id\":\"https:\/\/vosgesinfo.fr\/saintdieinfo\/2026\/09\/anne-vinciane-doucet-demissionne-du-conseil-municipal-de-saint-die-des-vosges\/#primaryimage\"},\"thumbnailUrl\":\"https:\/\/vosgesinfo.fr\/app\/uploads\/sites\/4\/2026\/09\/anne-vinciane-doucet-1.jpg\",\"keywords\":[\"Anne-Vinciane Doucet\",\"Bruno Toussaint\",\"Conseil Municipal de Saint-Di\u00e9-des-Vosges\",\"Edite Augusto de Sa\",\"Majorit\u00e9 municipale de Saint-Di\u00e9-des-Vosges\"],\"articleSection\":[\"A la Une\",\"Politique\",\"Saint-Di\u00e9-des-Vosges\"],\"inLanguage\":\"fr-FR\",\"potentialAction\":[{\"@type\":\"CommentAction\",\"name\":\"Comment\",\"target\":[\"https:\/\/vosgesinfo.fr\/saintdieinfo\/2026\/09\/anne-vinciane-doucet-demissionne-du-conseil-municipal-de-saint-die-des-vosges\/#respond\"]}]},{\"@type\":\"WebPage\",\"@id\":\"https:\/\/vosgesinfo.fr\/saintdieinfo\/2026\/09\/anne-vinciane-doucet-demissionne-du-conseil-municipal-de-saint-die-des-vosges\/\",\"url\":\"https:\/\/vosgesinfo.fr\/saintdieinfo\/2026\/09\/anne-vinciane-doucet-demissionne-du-conseil-municipal-de-saint-die-des-vosges\/\",\"name\":\"Anne-Vinciane Doucet d\u00e9missionne du Conseil Municipal de Saint-Di\u00e9-des-Vosges - Saint Die Info\",\"isPartOf\":{\"@id\":\"https:\/\/vosgesinfo.fr\/saintdieinfo\/#website\"},\"primaryImageOfPage\":{\"@id\":\"https:\/\/vosgesinfo.fr\/saintdieinfo\/2026\/09\/anne-vinciane-doucet-demissionne-du-conseil-municipal-de-saint-die-des-vosges\/#primaryimage\"},\"image\":{\"@id\":\"https:\/\/vosgesinfo.fr\/saintdieinfo\/2026\/09\/anne-vinciane-doucet-demissionne-du-conseil-municipal-de-saint-die-des-vosges\/#primaryimage\"},\"thumbnailUrl\":\"https:\/\/vosgesinfo.fr\/app\/uploads\/sites\/4\/2026\/09\/anne-vinciane-doucet-1.jpg\",\"datePublished\":\"2026-09-04T13:33:40+00:00\",\"dateModified\":\"2026-09-04T13:32:21+00:00\",\"breadcrumb\":{\"@id\":\"https:\/\/vosgesinfo.fr\/saintdieinfo\/2026\/09\/anne-vinciane-doucet-demissionne-du-conseil-municipal-de-saint-die-des-vosges\/#breadcrumb\"},\"inLanguage\":\"fr-FR\",\"potentialAction\":[{\"@type\":\"ReadAction\",\"target\":[\"https:\/\/vosgesinfo.fr\/saintdieinfo\/2026\/09\/anne-vinciane-doucet-demissionne-du-conseil-municipal-de-saint-die-des-vosges\/\"]}]},{\"@type\":\"ImageObject\",\"inLanguage\":\"fr-FR\",\"@id\":\"https:\/\/vosgesinfo.fr\/saintdieinfo\/2026\/09\/anne-vinciane-doucet-demissionne-du-conseil-municipal-de-saint-die-des-vosges\/#primaryimage\",\"url\":\"https:\/\/vosgesinfo.fr\/app\/uploads\/sites\/4\/2026\/09\/anne-vinciane-doucet-1.jpg\",\"contentUrl\":\"https:\/\/vosgesinfo.fr\/app\/uploads\/sites\/4\/2026\/09\/anne-vinciane-doucet-1.jpg\",\"width\":1282,\"height\":1000},{\"@type\":\"BreadcrumbList\",\"@id\":\"https:\/\/vosgesinfo.fr\/saintdieinfo\/2026\/09\/anne-vinciane-doucet-demissionne-du-conseil-municipal-de-saint-die-des-vosges\/#breadcrumb\",\"itemListElement\":[{\"@type\":\"ListItem\",\"position\":1,\"name\":\"Home\",\"item\":\"https:\/\/vosgesinfo.fr\/saintdieinfo\/\"},{\"@type\":\"ListItem\",\"position\":2,\"name\":\"Anne-Vinciane Doucet d\u00e9missionne du Conseil Municipal de Saint-Di\u00e9-des-Vosges\"}]},{\"@type\":\"WebSite\",\"@id\":\"https:\/\/vosgesinfo.fr\/saintdieinfo\/#website\",\"url\":\"https:\/\/vosgesinfo.fr\/saintdieinfo\/\",\"name\":\"Saint Die Info\",\"description\":\"Toute l&#039;actualit\u00e9 de Saint-Di\u00e9-Des-Vosges\",\"publisher\":{\"@id\":\"https:\/\/vosgesinfo.fr\/saintdieinfo\/#organization\"},\"alternateName\":\"Toute l'actualit\u00e9 de Saint-Di\u00e9-Des-Vosges\",\"potentialAction\":[{\"@type\":\"SearchAction\",\"target\":{\"@type\":\"EntryPoint\",\"urlTemplate\":\"https:\/\/vosgesinfo.fr\/saintdieinfo\/?s={search_term_string}\"},\"query-input\":\"required name=search_term_string\"}],\"inLanguage\":\"fr-FR\"},{\"@type\":\"Organization\",\"@id\":\"https:\/\/vosgesinfo.fr\/saintdieinfo\/#organization\",\"name\":\"Saint Die Info\",\"url\":\"https:\/\/vosgesinfo.fr\/saintdieinfo\/\",\"logo\":{\"@type\":\"ImageObject\",\"inLanguage\":\"fr-FR\",\"@id\":\"https:\/\/vosgesinfo.fr\/saintdieinfo\/#\/schema\/logo\/image\/\",\"url\":\"https:\/\/vosgesinfo.fr\/app\/uploads\/sites\/4\/2024\/02\/logo-sdi.jpg\",\"contentUrl\":\"https:\/\/vosgesinfo.fr\/app\/uploads\/sites\/4\/2024\/02\/logo-sdi.jpg\",\"width\":600,\"height\":600,\"caption\":\"Saint Die Info\"},\"image\":{\"@id\":\"https:\/\/vosgesinfo.fr\/saintdieinfo\/#\/schema\/logo\/image\/\"},\"sameAs\":[\"https:\/\/www.facebook.com\/Saintdieinfofr\",\"https:\/\/x.com\/VosgesInfo88\",\"https:\/\/www.youtube.com\/@vosgesinfo\"]},{\"@type\":\"Person\",\"@id\":\"https:\/\/vosgesinfo.fr\/saintdieinfo\/#\/schema\/person\/fa73e9f726d67bb88f46d5b7943cb572\",\"name\":\"J.J.\",\"image\":{\"@type\":\"ImageObject\",\"inLanguage\":\"fr-FR\",\"@id\":\"https:\/\/vosgesinfo.fr\/saintdieinfo\/#\/schema\/person\/image\/\",\"url\":\"https:\/\/secure.gravatar.com\/avatar\/219e749e47ffbcca018a360ae4add7d4cdf1cdaaf8bc7676b27efade3fe65615?s=96&d=mm&r=g\",\"contentUrl\":\"https:\/\/secure.gravatar.com\/avatar\/219e749e47ffbcca018a360ae4add7d4cdf1cdaaf8bc7676b27efade3fe65615?s=96&d=mm&r=g\",\"caption\":\"J.J.\"},\"url\":\"https:\/\/vosgesinfo.fr\/saintdieinfo\/author\/j-j\/\"}]}<\/script>\n<!-- \/ Yoast SEO plugin. -->","yoast_head_json":{"title":"Anne-Vinciane Doucet d\u00e9missionne du Conseil Municipal de Saint-Di\u00e9-des-Vosges - Saint Die Info","robots":{"index":"index","follow":"follow","max-snippet":"max-snippet:-1","max-image-preview":"max-image-preview:large","max-video-preview":"max-video-preview:-1"},"canonical":"https:\/\/vosgesinfo.fr\/saintdieinfo\/2026\/09\/anne-vinciane-doucet-demissionne-du-conseil-municipal-de-saint-die-des-vosges\/","twitter_card":"summary_large_image","twitter_title":"Anne-Vinciane Doucet d\u00e9missionne du Conseil Municipal de Saint-Di\u00e9-des-Vosges - Saint Die Info","twitter_description":"Dans un communiqu\u00e9 qui nous est parvenu ce vendredi apr\u00e8s-midi, la Municipalit\u00e9 de Saint-Di\u00e9-des-Vosges annonce que la conseill\u00e8re municipale d\u00e9l\u00e9gu\u00e9e [&hellip;]","twitter_image":"https:\/\/vosgesinfo.fr\/app\/uploads\/sites\/4\/2026\/09\/anne-vinciane-doucet-1.jpg","twitter_creator":"@VosgesInfo88","twitter_site":"@VosgesInfo88","twitter_misc":{"\u00c9crit par":"J.J.","Dur\u00e9e de lecture estim\u00e9e":"2 minutes"},"schema":{"@context":"https:\/\/schema.org","@graph":[{"@type":"Article","@id":"https:\/\/vosgesinfo.fr\/saintdieinfo\/2026\/09\/anne-vinciane-doucet-demissionne-du-conseil-municipal-de-saint-die-des-vosges\/#article","isPartOf":{"@id":"https:\/\/vosgesinfo.fr\/saintdieinfo\/2026\/09\/anne-vinciane-doucet-demissionne-du-conseil-municipal-de-saint-die-des-vosges\/"},"author":{"name":"J.J.","@id":"https:\/\/vosgesinfo.fr\/saintdieinfo\/#\/schema\/person\/fa73e9f726d67bb88f46d5b7943cb572"},"headline":"Anne-Vinciane Doucet d\u00e9missionne du Conseil Municipal de Saint-Di\u00e9-des-Vosges","datePublished":"2026-09-04T13:33:40+00:00","dateModified":"2026-09-04T13:32:21+00:00","mainEntityOfPage":{"@id":"https:\/\/vosgesinfo.fr\/saintdieinfo\/2026\/09\/anne-vinciane-doucet-demissionne-du-conseil-municipal-de-saint-die-des-vosges\/"},"wordCount":250,"commentCount":0,"publisher":{"@id":"https:\/\/vosgesinfo.fr\/saintdieinfo\/#organization"},"image":{"@id":"https:\/\/vosgesinfo.fr\/saintdieinfo\/2026\/09\/anne-vinciane-doucet-demissionne-du-conseil-municipal-de-saint-die-des-vosges\/#primaryimage"},"thumbnailUrl":"https:\/\/vosgesinfo.fr\/app\/uploads\/sites\/4\/2026\/09\/anne-vinciane-doucet-1.jpg","keywords":["Anne-Vinciane Doucet","Bruno Toussaint","Conseil Municipal de Saint-Di\u00e9-des-Vosges","Edite Augusto de Sa","Majorit\u00e9 municipale de Saint-Di\u00e9-des-Vosges"],"articleSection":["A la Une","Politique","Saint-Di\u00e9-des-Vosges"],"inLanguage":"fr-FR","potentialAction":[{"@type":"CommentAction","name":"Comment","target":["https:\/\/vosgesinfo.fr\/saintdieinfo\/2026\/09\/anne-vinciane-doucet-demissionne-du-conseil-municipal-de-saint-die-des-vosges\/#respond"]}]},{"@type":"WebPage","@id":"https:\/\/vosgesinfo.fr\/saintdieinfo\/2026\/09\/anne-vinciane-doucet-demissionne-du-conseil-municipal-de-saint-die-des-vosges\/","url":"https:\/\/vosgesinfo.fr\/saintdieinfo\/2026\/09\/anne-vinciane-doucet-demissionne-du-conseil-municipal-de-saint-die-des-vosges\/","name":"Anne-Vinciane Doucet d\u00e9missionne du Conseil Municipal de Saint-Di\u00e9-des-Vosges - Saint Die Info","isPartOf":{"@id":"https:\/\/vosgesinfo.fr\/saintdieinfo\/#website"},"primaryImageOfPage":{"@id":"https:\/\/vosgesinfo.fr\/saintdieinfo\/2026\/09\/anne-vinciane-doucet-demissionne-du-conseil-municipal-de-saint-die-des-vosges\/#primaryimage"},"image":{"@id":"https:\/\/vosgesinfo.fr\/saintdieinfo\/2026\/09\/anne-vinciane-doucet-demissionne-du-conseil-municipal-de-saint-die-des-vosges\/#primaryimage"},"thumbnailUrl":"https:\/\/vosgesinfo.fr\/app\/uploads\/sites\/4\/2026\/09\/anne-vinciane-doucet-1.jpg","datePublished":"2026-09-04T13:33:40+00:00","dateModified":"2026-09-04T13:32:21+00:00","breadcrumb":{"@id":"https:\/\/vosgesinfo.fr\/saintdieinfo\/2026\/09\/anne-vinciane-doucet-demissionne-du-conseil-municipal-de-saint-die-des-vosges\/#breadcrumb"},"inLanguage":"fr-FR","potentialAction":[{"@type":"ReadAction","target":["https:\/\/vosgesinfo.fr\/saintdieinfo\/2026\/09\/anne-vinciane-doucet-demissionne-du-conseil-municipal-de-saint-die-des-vosges\/"]}]},{"@type":"ImageObject","inLanguage":"fr-FR","@id":"https:\/\/vosgesinfo.fr\/saintdieinfo\/2026\/09\/anne-vinciane-doucet-demissionne-du-conseil-municipal-de-saint-die-des-vosges\/#primaryimage","url":"https:\/\/vosgesinfo.fr\/app\/uploads\/sites\/4\/2026\/09\/anne-vinciane-doucet-1.jpg","contentUrl":"https:\/\/vosgesinfo.fr\/app\/uploads\/sites\/4\/2026\/09\/anne-vinciane-doucet-1.jpg","width":1282,"height":1000},{"@type":"BreadcrumbList","@id":"https:\/\/vosgesinfo.fr\/saintdieinfo\/2026\/09\/anne-vinciane-doucet-demissionne-du-conseil-municipal-de-saint-die-des-vosges\/#breadcrumb","itemListElement":[{"@type":"ListItem","position":1,"name":"Home","item":"https:\/\/vosgesinfo.fr\/saintdieinfo\/"},{"@type":"ListItem","position":2,"name":"Anne-Vinciane Doucet d\u00e9missionne du Conseil Municipal de Saint-Di\u00e9-des-Vosges"}]},{"@type":"WebSite","@id":"https:\/\/vosgesinfo.fr\/saintdieinfo\/#website","url":"https:\/\/vosgesinfo.fr\/saintdieinfo\/","name":"Saint Die Info","description":"Toute l&#039;actualit\u00e9 de Saint-Di\u00e9-Des-Vosges","publisher":{"@id":"https:\/\/vosgesinfo.fr\/saintdieinfo\/#organization"},"alternateName":"Toute l'actualit\u00e9 de Saint-Di\u00e9-Des-Vosges","potentialAction":[{"@type":"SearchAction","target":{"@type":"EntryPoint","urlTemplate":"https:\/\/vosgesinfo.fr\/saintdieinfo\/?s={search_term_string}"},"query-input":"required name=search_term_string"}],"inLanguage":"fr-FR"},{"@type":"Organization","@id":"https:\/\/vosgesinfo.fr\/saintdieinfo\/#organization","name":"Saint Die Info","url":"https:\/\/vosgesinfo.fr\/saintdieinfo\/","logo":{"@type":"ImageObject","inLanguage":"fr-FR","@id":"https:\/\/vosgesinfo.fr\/saintdieinfo\/#\/schema\/logo\/image\/","url":"https:\/\/vosgesinfo.fr\/app\/uploads\/sites\/4\/2024\/02\/logo-sdi.jpg","contentUrl":"https:\/\/vosgesinfo.fr\/app\/uploads\/sites\/4\/2024\/02\/logo-sdi.jpg","width":600,"height":600,"caption":"Saint Die Info"},"image":{"@id":"https:\/\/vosgesinfo.fr\/saintdieinfo\/#\/schema\/logo\/image\/"},"sameAs":["https:\/\/www.facebook.com\/Saintdieinfofr","https:\/\/x.com\/VosgesInfo88","https:\/\/www.youtube.com\/@vosgesinfo"]},{"@type":"Person","@id":"https:\/\/vosgesinfo.fr\/saintdieinfo\/#\/schema\/person\/fa73e9f726d67bb88f46d5b7943cb572","name":"J.J.","image":{"@type":"ImageObject","inLanguage":"fr-FR","@id":"https:\/\/vosgesinfo.fr\/saintdieinfo\/#\/schema\/person\/image\/","url":"https:\/\/secure.gravatar.com\/avatar\/219e749e47ffbcca018a360ae4add7d4cdf1cdaaf8bc7676b27efade3fe65615?s=96&d=mm&r=g","contentUrl":"https:\/\/secure.gravatar.com\/avatar\/219e749e47ffbcca018a360ae4add7d4cdf1cdaaf8bc7676b27efade3fe65615?s=96&d=mm&r=g","caption":"J.J."},"url":"https:\/\/vosgesinfo.fr\/saintdieinfo\/author\/j-j\/"}]}},"_links":{"self":[{"href":"https:\/\/vosgesinfo.fr\/saintdieinfo\/wp-json\/wp\/v2\/posts\/95798","targetHints":{"allow":["GET"]}}],"collection":[{"href":"https:\/\/vosgesinfo.fr\/saintdieinfo\/wp-json\/wp\/v2\/posts"}],"about":[{"href":"https:\/\/vosgesinfo.fr\/saintdieinfo\/wp-json\/wp\/v2\/types\/post"}],"author":[{"embeddable":true,"href":"https:\/\/vosgesinfo.fr\/saintdieinfo\/wp-json\/wp\/v2\/users\/46"}],"replies":[{"embeddable":true,"href":"https:\/\/vosgesinfo.fr\/saintdieinfo\/wp-json\/wp\/v2\/comments?post=95798"}],"version-history":[{"count":2,"href":"https:\/\/vosgesinfo.fr\/saintdieinfo\/wp-json\/wp\/v2\/posts\/95798\/revisions"}],"predecessor-version":[{"id":95802,"href":"https:\/\/vosgesinfo.fr\/saintdieinfo\/wp-json\/wp\/v2\/posts\/95798\/revisions\/95802"}],"wp:featuredmedia":[{"embeddable":true,"href":"https:\/\/vosgesinfo.fr\/saintdieinfo\/wp-json\/wp\/v2\/media\/95800"}],"wp:attachment":[{"href":"https:\/\/vosgesinfo.fr\/saintdieinfo\/wp-json\/wp\/v2\/media?parent=95798"}],"wp:term":[{"taxonomy":"category","embeddable":true,"href":"https:\/\/vosgesinfo.fr\/saintdieinfo\/wp-json\/wp\/v2\/categories?post=95798"},{"taxonomy":"post_tag","embeddable":true,"href":"https:\/\/vosgesinfo.fr\/saintdieinfo\/wp-json\/wp\/v2\/tags?post=95798"}],"curies":[{"name":"wp","href":"https:\/\/api.w.org\/{rel}","templated":true}]}}