{"id":95811,"date":"2026-09-05T06:33:27","date_gmt":"2026-09-05T04:33:27","guid":{"rendered":"https:\/\/vosgesinfo.fr\/saintdieinfo\/?p=95811"},"modified":"2026-09-04T18:07:44","modified_gmt":"2026-09-04T16:07:44","slug":"en-septembre-les-hopitaux-du-massif-des-vosges-sensibilisent-le-public-a-la-securite-des-patients","status":"publish","type":"post","link":"https:\/\/vosgesinfo.fr\/saintdieinfo\/2026\/09\/en-septembre-les-hopitaux-du-massif-des-vosges-sensibilisent-le-public-a-la-securite-des-patients\/","title":{"rendered":"En septembre, les H\u00f4pitaux du Massif des Vosges sensibilisent le public \u00e0 la s\u00e9curit\u00e9 des patients"},"content":{"rendered":"<div id=\"attachment_95656\" style=\"width: 1034px\" class=\"wp-caption alignnone\"><a href=\"https:\/\/vosgesinfo.fr\/app\/uploads\/sites\/4\/2026\/09\/ch-sddv-hmv.jpg\"><img decoding=\"async\" aria-describedby=\"caption-attachment-95656\" class=\"size-large wp-image-95656\" src=\"https:\/\/vosgesinfo.fr\/app\/uploads\/sites\/4\/2026\/09\/ch-sddv-hmv-1024x771.jpg\" alt=\"\" width=\"1024\" height=\"771\" srcset=\"https:\/\/vosgesinfo.fr\/app\/uploads\/sites\/4\/2026\/09\/ch-sddv-hmv-1024x771.jpg 1024w, https:\/\/vosgesinfo.fr\/app\/uploads\/sites\/4\/2026\/09\/ch-sddv-hmv-300x226.jpg 300w, https:\/\/vosgesinfo.fr\/app\/uploads\/sites\/4\/2026\/09\/ch-sddv-hmv-768x578.jpg 768w, https:\/\/vosgesinfo.fr\/app\/uploads\/sites\/4\/2026\/09\/ch-sddv-hmv-1536x1157.jpg 1536w, https:\/\/vosgesinfo.fr\/app\/uploads\/sites\/4\/2026\/09\/ch-sddv-hmv.jpg 1920w\" sizes=\"(max-width: 1024px) 100vw, 1024px\" \/><\/a><p id=\"caption-attachment-95656\" class=\"wp-caption-text\">(Illustration)<\/p><\/div>\n<h2>Les professionnels de sant\u00e9 et les associations partenaires des <strong>H\u00f4pitaux du Massif des Vosges \u2013 HMV<\/strong> \u2013 iront \u00e0 la rencontre du public sur trois sites \u00e0 l\u2019occasion de la <strong>Semaine de la s\u00e9curit\u00e9 des patients<\/strong>. Des stands d\u2019information et de sensibilisation seront install\u00e9s <strong>les mardi 15 et jeudi 17 septembre<\/strong> \u00e0 <strong>G\u00e9rardmer, Saint-Di\u00e9-des-Vosges et Moyenmoutier<\/strong>, autour de plusieurs pathologies, de l\u2019hygi\u00e8ne et des droits des patients.<\/h2>\n<p><!--more--><\/p>\n<h3><strong>Des stands sur trois sites<\/strong><\/h3>\n<p><strong>Mardi 15 septembre<\/strong>, de 9 h \u00e0 12 h, le <strong>b\u00e2timent EHPAD L\u00e9a-Andr\u00e9 du site de G\u00e9rardmer<\/strong> accueillera des stands consacr\u00e9s \u00e0 l\u2019addictologie, aux pathologies canc\u00e9reuses, \u00e0 l\u2019hygi\u00e8ne et aux droits des patients.<\/p>\n<p>Le m\u00eame jour, de 14 h \u00e0 17 h, la <strong>Rue Publique du Centre Hospitalier de Saint-Di\u00e9-des-Vosges<\/strong> r\u00e9unira des professionnels et associations autour du diab\u00e8te, de l\u2019addictologie, des pathologies canc\u00e9reuses, du cancer p\u00e9diatrique, des pathologies respiratoires et cardiaques, de la d\u00e9nutrition, de l\u2019hygi\u00e8ne et des droits des patients. La <strong>CPAM \u2013 Espace Sant\u00e9<\/strong> sera \u00e9galement pr\u00e9sente.<\/p>\n<p><strong>Jeudi 17 septembre<\/strong>, de 14 h \u00e0 17 h, le <strong>Centre Hospitalier Intercommunal des 5 Vall\u00e9es de Moyenmoutier<\/strong> proposera des informations sur <strong>l\u2019hygi\u00e8ne et les droits des patients<\/strong>.<\/p>\n<h3><strong>La s\u00e9curit\u00e9 des soins face aux pathologies chroniques<\/strong><\/h3>\n<p>Organis\u00e9e au niveau national <strong>du 14 au 18 septembre<\/strong>, la Semaine de la s\u00e9curit\u00e9 des patients aura cette ann\u00e9e pour th\u00e8me \u00ab La s\u00e9curit\u00e9 des soins pour les personnes atteintes de <strong>pathologies chroniques<\/strong> \u00bb. Depuis <strong>2011<\/strong>, cette op\u00e9ration vise \u00e0 favoriser le dialogue entre les soignants et les usagers \u2013 patients, r\u00e9sidents et proches \u2013 afin de renforcer la s\u00e9curit\u00e9 des soins. Les HMV souhaitent sensibiliser le plus grand nombre \u00e0 ces sujets du quotidien et <strong>rendre le patient acteur de sa s\u00e9curit\u00e9<\/strong>.<\/p>\n","protected":false},"excerpt":{"rendered":"<p>Les professionnels de sant\u00e9 et les associations partenaires des H\u00f4pitaux du Massif des Vosges \u2013 HMV \u2013 iront \u00e0 la [&hellip;]<\/p>\n","protected":false},"author":46,"featured_media":95656,"comment_status":"open","ping_status":"open","sticky":false,"template":"","format":"standard","meta":{"footnotes":""},"categories":[460,3903,5391,167,4152],"tags":[22882,3146,22881,22880,22879],"class_list":["post-95811","post","type-post","status-publish","format-standard","has-post-thumbnail","hentry","category-a-la-une","category-deodatie","category-gerardmer","category-saint-die-des-vosges","category-sante","tag-cpam-espace-sante","tag-hopitaux-du-massif-des-vosges","tag-pathologies-chroniques","tag-securite-des-soins","tag-semaine-de-la-securite-des-patients-des-hmv"],"acf":[],"yoast_head":"<!-- This site is optimized with the Yoast SEO plugin v22.5 - https:\/\/yoast.com\/wordpress\/plugins\/seo\/ -->\n<title>En septembre, les H\u00f4pitaux du Massif des Vosges sensibilisent le public \u00e0 la s\u00e9curit\u00e9 des patients - Saint Die Info<\/title>\n<meta name=\"robots\" content=\"index, follow, max-snippet:-1, max-image-preview:large, max-video-preview:-1\" \/>\n<link rel=\"canonical\" href=\"https:\/\/vosgesinfo.fr\/saintdieinfo\/2026\/09\/en-septembre-les-hopitaux-du-massif-des-vosges-sensibilisent-le-public-a-la-securite-des-patients\/\" \/>\n<meta name=\"twitter:card\" content=\"summary_large_image\" \/>\n<meta name=\"twitter:title\" content=\"En septembre, les H\u00f4pitaux du Massif des Vosges sensibilisent le public \u00e0 la s\u00e9curit\u00e9 des patients - Saint Die Info\" \/>\n<meta name=\"twitter:description\" content=\"Les professionnels de sant\u00e9 et les associations partenaires des H\u00f4pitaux du Massif des Vosges \u2013 HMV \u2013 iront \u00e0 la [&hellip;]\" \/>\n<meta name=\"twitter:image\" content=\"https:\/\/vosgesinfo.fr\/app\/uploads\/sites\/4\/2026\/09\/ch-sddv-hmv.jpg\" \/>\n<meta name=\"twitter:creator\" content=\"@VosgesInfo88\" \/>\n<meta name=\"twitter:site\" content=\"@VosgesInfo88\" \/>\n<meta name=\"twitter:label1\" content=\"\u00c9crit par\" \/>\n\t<meta name=\"twitter:data1\" content=\"J.J.\" \/>\n\t<meta name=\"twitter:label2\" content=\"Dur\u00e9e de lecture estim\u00e9e\" \/>\n\t<meta name=\"twitter:data2\" content=\"2 minutes\" \/>\n<script type=\"application\/ld+json\" class=\"yoast-schema-graph\">{\"@context\":\"https:\/\/schema.org\",\"@graph\":[{\"@type\":\"Article\",\"@id\":\"https:\/\/vosgesinfo.fr\/saintdieinfo\/2026\/09\/en-septembre-les-hopitaux-du-massif-des-vosges-sensibilisent-le-public-a-la-securite-des-patients\/#article\",\"isPartOf\":{\"@id\":\"https:\/\/vosgesinfo.fr\/saintdieinfo\/2026\/09\/en-septembre-les-hopitaux-du-massif-des-vosges-sensibilisent-le-public-a-la-securite-des-patients\/\"},\"author\":{\"name\":\"J.J.\",\"@id\":\"https:\/\/vosgesinfo.fr\/saintdieinfo\/#\/schema\/person\/fa73e9f726d67bb88f46d5b7943cb572\"},\"headline\":\"En septembre, les H\u00f4pitaux du Massif des Vosges sensibilisent le public \u00e0 la s\u00e9curit\u00e9 des patients\",\"datePublished\":\"2026-09-05T04:33:27+00:00\",\"dateModified\":\"2026-09-04T16:07:44+00:00\",\"mainEntityOfPage\":{\"@id\":\"https:\/\/vosgesinfo.fr\/saintdieinfo\/2026\/09\/en-septembre-les-hopitaux-du-massif-des-vosges-sensibilisent-le-public-a-la-securite-des-patients\/\"},\"wordCount\":315,\"commentCount\":0,\"publisher\":{\"@id\":\"https:\/\/vosgesinfo.fr\/saintdieinfo\/#organization\"},\"image\":{\"@id\":\"https:\/\/vosgesinfo.fr\/saintdieinfo\/2026\/09\/en-septembre-les-hopitaux-du-massif-des-vosges-sensibilisent-le-public-a-la-securite-des-patients\/#primaryimage\"},\"thumbnailUrl\":\"https:\/\/vosgesinfo.fr\/app\/uploads\/sites\/4\/2026\/09\/ch-sddv-hmv.jpg\",\"keywords\":[\"CPAM \u2013 Espace Sant\u00e9\",\"H\u00f4pitaux du Massif des Vosges\",\"pathologies chroniques\",\"s\u00e9curit\u00e9 des soins\",\"Semaine de la s\u00e9curit\u00e9 des patients des HMV\"],\"articleSection\":[\"A la Une\",\"D\u00e9odatie\",\"Gerardmer\",\"Saint-Di\u00e9-des-Vosges\",\"Sant\u00e9\"],\"inLanguage\":\"fr-FR\",\"potentialAction\":[{\"@type\":\"CommentAction\",\"name\":\"Comment\",\"target\":[\"https:\/\/vosgesinfo.fr\/saintdieinfo\/2026\/09\/en-septembre-les-hopitaux-du-massif-des-vosges-sensibilisent-le-public-a-la-securite-des-patients\/#respond\"]}]},{\"@type\":\"WebPage\",\"@id\":\"https:\/\/vosgesinfo.fr\/saintdieinfo\/2026\/09\/en-septembre-les-hopitaux-du-massif-des-vosges-sensibilisent-le-public-a-la-securite-des-patients\/\",\"url\":\"https:\/\/vosgesinfo.fr\/saintdieinfo\/2026\/09\/en-septembre-les-hopitaux-du-massif-des-vosges-sensibilisent-le-public-a-la-securite-des-patients\/\",\"name\":\"En septembre, les H\u00f4pitaux du Massif des Vosges sensibilisent le public \u00e0 la s\u00e9curit\u00e9 des patients - Saint Die Info\",\"isPartOf\":{\"@id\":\"https:\/\/vosgesinfo.fr\/saintdieinfo\/#website\"},\"primaryImageOfPage\":{\"@id\":\"https:\/\/vosgesinfo.fr\/saintdieinfo\/2026\/09\/en-septembre-les-hopitaux-du-massif-des-vosges-sensibilisent-le-public-a-la-securite-des-patients\/#primaryimage\"},\"image\":{\"@id\":\"https:\/\/vosgesinfo.fr\/saintdieinfo\/2026\/09\/en-septembre-les-hopitaux-du-massif-des-vosges-sensibilisent-le-public-a-la-securite-des-patients\/#primaryimage\"},\"thumbnailUrl\":\"https:\/\/vosgesinfo.fr\/app\/uploads\/sites\/4\/2026\/09\/ch-sddv-hmv.jpg\",\"datePublished\":\"2026-09-05T04:33:27+00:00\",\"dateModified\":\"2026-09-04T16:07:44+00:00\",\"breadcrumb\":{\"@id\":\"https:\/\/vosgesinfo.fr\/saintdieinfo\/2026\/09\/en-septembre-les-hopitaux-du-massif-des-vosges-sensibilisent-le-public-a-la-securite-des-patients\/#breadcrumb\"},\"inLanguage\":\"fr-FR\",\"potentialAction\":[{\"@type\":\"ReadAction\",\"target\":[\"https:\/\/vosgesinfo.fr\/saintdieinfo\/2026\/09\/en-septembre-les-hopitaux-du-massif-des-vosges-sensibilisent-le-public-a-la-securite-des-patients\/\"]}]},{\"@type\":\"ImageObject\",\"inLanguage\":\"fr-FR\",\"@id\":\"https:\/\/vosgesinfo.fr\/saintdieinfo\/2026\/09\/en-septembre-les-hopitaux-du-massif-des-vosges-sensibilisent-le-public-a-la-securite-des-patients\/#primaryimage\",\"url\":\"https:\/\/vosgesinfo.fr\/app\/uploads\/sites\/4\/2026\/09\/ch-sddv-hmv.jpg\",\"contentUrl\":\"https:\/\/vosgesinfo.fr\/app\/uploads\/sites\/4\/2026\/09\/ch-sddv-hmv.jpg\",\"width\":1920,\"height\":1446,\"caption\":\"(Illustration)\"},{\"@type\":\"BreadcrumbList\",\"@id\":\"https:\/\/vosgesinfo.fr\/saintdieinfo\/2026\/09\/en-septembre-les-hopitaux-du-massif-des-vosges-sensibilisent-le-public-a-la-securite-des-patients\/#breadcrumb\",\"itemListElement\":[{\"@type\":\"ListItem\",\"position\":1,\"name\":\"Home\",\"item\":\"https:\/\/vosgesinfo.fr\/saintdieinfo\/\"},{\"@type\":\"ListItem\",\"position\":2,\"name\":\"En septembre, les H\u00f4pitaux du Massif des Vosges sensibilisent le public \u00e0 la s\u00e9curit\u00e9 des patients\"}]},{\"@type\":\"WebSite\",\"@id\":\"https:\/\/vosgesinfo.fr\/saintdieinfo\/#website\",\"url\":\"https:\/\/vosgesinfo.fr\/saintdieinfo\/\",\"name\":\"Saint Die Info\",\"description\":\"Toute l&#039;actualit\u00e9 de Saint-Di\u00e9-Des-Vosges\",\"publisher\":{\"@id\":\"https:\/\/vosgesinfo.fr\/saintdieinfo\/#organization\"},\"alternateName\":\"Toute l'actualit\u00e9 de Saint-Di\u00e9-Des-Vosges\",\"potentialAction\":[{\"@type\":\"SearchAction\",\"target\":{\"@type\":\"EntryPoint\",\"urlTemplate\":\"https:\/\/vosgesinfo.fr\/saintdieinfo\/?s={search_term_string}\"},\"query-input\":\"required name=search_term_string\"}],\"inLanguage\":\"fr-FR\"},{\"@type\":\"Organization\",\"@id\":\"https:\/\/vosgesinfo.fr\/saintdieinfo\/#organization\",\"name\":\"Saint Die Info\",\"url\":\"https:\/\/vosgesinfo.fr\/saintdieinfo\/\",\"logo\":{\"@type\":\"ImageObject\",\"inLanguage\":\"fr-FR\",\"@id\":\"https:\/\/vosgesinfo.fr\/saintdieinfo\/#\/schema\/logo\/image\/\",\"url\":\"https:\/\/vosgesinfo.fr\/app\/uploads\/sites\/4\/2024\/02\/logo-sdi.jpg\",\"contentUrl\":\"https:\/\/vosgesinfo.fr\/app\/uploads\/sites\/4\/2024\/02\/logo-sdi.jpg\",\"width\":600,\"height\":600,\"caption\":\"Saint Die Info\"},\"image\":{\"@id\":\"https:\/\/vosgesinfo.fr\/saintdieinfo\/#\/schema\/logo\/image\/\"},\"sameAs\":[\"https:\/\/www.facebook.com\/Saintdieinfofr\",\"https:\/\/x.com\/VosgesInfo88\",\"https:\/\/www.youtube.com\/@vosgesinfo\"]},{\"@type\":\"Person\",\"@id\":\"https:\/\/vosgesinfo.fr\/saintdieinfo\/#\/schema\/person\/fa73e9f726d67bb88f46d5b7943cb572\",\"name\":\"J.J.\",\"image\":{\"@type\":\"ImageObject\",\"inLanguage\":\"fr-FR\",\"@id\":\"https:\/\/vosgesinfo.fr\/saintdieinfo\/#\/schema\/person\/image\/\",\"url\":\"https:\/\/secure.gravatar.com\/avatar\/219e749e47ffbcca018a360ae4add7d4cdf1cdaaf8bc7676b27efade3fe65615?s=96&d=mm&r=g\",\"contentUrl\":\"https:\/\/secure.gravatar.com\/avatar\/219e749e47ffbcca018a360ae4add7d4cdf1cdaaf8bc7676b27efade3fe65615?s=96&d=mm&r=g\",\"caption\":\"J.J.\"},\"url\":\"https:\/\/vosgesinfo.fr\/saintdieinfo\/author\/j-j\/\"}]}<\/script>\n<!-- \/ Yoast SEO plugin. -->","yoast_head_json":{"title":"En septembre, les H\u00f4pitaux du Massif des Vosges sensibilisent le public \u00e0 la s\u00e9curit\u00e9 des patients - Saint Die Info","robots":{"index":"index","follow":"follow","max-snippet":"max-snippet:-1","max-image-preview":"max-image-preview:large","max-video-preview":"max-video-preview:-1"},"canonical":"https:\/\/vosgesinfo.fr\/saintdieinfo\/2026\/09\/en-septembre-les-hopitaux-du-massif-des-vosges-sensibilisent-le-public-a-la-securite-des-patients\/","twitter_card":"summary_large_image","twitter_title":"En septembre, les H\u00f4pitaux du Massif des Vosges sensibilisent le public \u00e0 la s\u00e9curit\u00e9 des patients - Saint Die Info","twitter_description":"Les professionnels de sant\u00e9 et les associations partenaires des H\u00f4pitaux du Massif des Vosges \u2013 HMV \u2013 iront \u00e0 la [&hellip;]","twitter_image":"https:\/\/vosgesinfo.fr\/app\/uploads\/sites\/4\/2026\/09\/ch-sddv-hmv.jpg","twitter_creator":"@VosgesInfo88","twitter_site":"@VosgesInfo88","twitter_misc":{"\u00c9crit par":"J.J.","Dur\u00e9e de lecture estim\u00e9e":"2 minutes"},"schema":{"@context":"https:\/\/schema.org","@graph":[{"@type":"Article","@id":"https:\/\/vosgesinfo.fr\/saintdieinfo\/2026\/09\/en-septembre-les-hopitaux-du-massif-des-vosges-sensibilisent-le-public-a-la-securite-des-patients\/#article","isPartOf":{"@id":"https:\/\/vosgesinfo.fr\/saintdieinfo\/2026\/09\/en-septembre-les-hopitaux-du-massif-des-vosges-sensibilisent-le-public-a-la-securite-des-patients\/"},"author":{"name":"J.J.","@id":"https:\/\/vosgesinfo.fr\/saintdieinfo\/#\/schema\/person\/fa73e9f726d67bb88f46d5b7943cb572"},"headline":"En septembre, les H\u00f4pitaux du Massif des Vosges sensibilisent le public \u00e0 la s\u00e9curit\u00e9 des patients","datePublished":"2026-09-05T04:33:27+00:00","dateModified":"2026-09-04T16:07:44+00:00","mainEntityOfPage":{"@id":"https:\/\/vosgesinfo.fr\/saintdieinfo\/2026\/09\/en-septembre-les-hopitaux-du-massif-des-vosges-sensibilisent-le-public-a-la-securite-des-patients\/"},"wordCount":315,"commentCount":0,"publisher":{"@id":"https:\/\/vosgesinfo.fr\/saintdieinfo\/#organization"},"image":{"@id":"https:\/\/vosgesinfo.fr\/saintdieinfo\/2026\/09\/en-septembre-les-hopitaux-du-massif-des-vosges-sensibilisent-le-public-a-la-securite-des-patients\/#primaryimage"},"thumbnailUrl":"https:\/\/vosgesinfo.fr\/app\/uploads\/sites\/4\/2026\/09\/ch-sddv-hmv.jpg","keywords":["CPAM \u2013 Espace Sant\u00e9","H\u00f4pitaux du Massif des Vosges","pathologies chroniques","s\u00e9curit\u00e9 des soins","Semaine de la s\u00e9curit\u00e9 des patients des HMV"],"articleSection":["A la Une","D\u00e9odatie","Gerardmer","Saint-Di\u00e9-des-Vosges","Sant\u00e9"],"inLanguage":"fr-FR","potentialAction":[{"@type":"CommentAction","name":"Comment","target":["https:\/\/vosgesinfo.fr\/saintdieinfo\/2026\/09\/en-septembre-les-hopitaux-du-massif-des-vosges-sensibilisent-le-public-a-la-securite-des-patients\/#respond"]}]},{"@type":"WebPage","@id":"https:\/\/vosgesinfo.fr\/saintdieinfo\/2026\/09\/en-septembre-les-hopitaux-du-massif-des-vosges-sensibilisent-le-public-a-la-securite-des-patients\/","url":"https:\/\/vosgesinfo.fr\/saintdieinfo\/2026\/09\/en-septembre-les-hopitaux-du-massif-des-vosges-sensibilisent-le-public-a-la-securite-des-patients\/","name":"En septembre, les H\u00f4pitaux du Massif des Vosges sensibilisent le public \u00e0 la s\u00e9curit\u00e9 des patients - Saint Die Info","isPartOf":{"@id":"https:\/\/vosgesinfo.fr\/saintdieinfo\/#website"},"primaryImageOfPage":{"@id":"https:\/\/vosgesinfo.fr\/saintdieinfo\/2026\/09\/en-septembre-les-hopitaux-du-massif-des-vosges-sensibilisent-le-public-a-la-securite-des-patients\/#primaryimage"},"image":{"@id":"https:\/\/vosgesinfo.fr\/saintdieinfo\/2026\/09\/en-septembre-les-hopitaux-du-massif-des-vosges-sensibilisent-le-public-a-la-securite-des-patients\/#primaryimage"},"thumbnailUrl":"https:\/\/vosgesinfo.fr\/app\/uploads\/sites\/4\/2026\/09\/ch-sddv-hmv.jpg","datePublished":"2026-09-05T04:33:27+00:00","dateModified":"2026-09-04T16:07:44+00:00","breadcrumb":{"@id":"https:\/\/vosgesinfo.fr\/saintdieinfo\/2026\/09\/en-septembre-les-hopitaux-du-massif-des-vosges-sensibilisent-le-public-a-la-securite-des-patients\/#breadcrumb"},"inLanguage":"fr-FR","potentialAction":[{"@type":"ReadAction","target":["https:\/\/vosgesinfo.fr\/saintdieinfo\/2026\/09\/en-septembre-les-hopitaux-du-massif-des-vosges-sensibilisent-le-public-a-la-securite-des-patients\/"]}]},{"@type":"ImageObject","inLanguage":"fr-FR","@id":"https:\/\/vosgesinfo.fr\/saintdieinfo\/2026\/09\/en-septembre-les-hopitaux-du-massif-des-vosges-sensibilisent-le-public-a-la-securite-des-patients\/#primaryimage","url":"https:\/\/vosgesinfo.fr\/app\/uploads\/sites\/4\/2026\/09\/ch-sddv-hmv.jpg","contentUrl":"https:\/\/vosgesinfo.fr\/app\/uploads\/sites\/4\/2026\/09\/ch-sddv-hmv.jpg","width":1920,"height":1446,"caption":"(Illustration)"},{"@type":"BreadcrumbList","@id":"https:\/\/vosgesinfo.fr\/saintdieinfo\/2026\/09\/en-septembre-les-hopitaux-du-massif-des-vosges-sensibilisent-le-public-a-la-securite-des-patients\/#breadcrumb","itemListElement":[{"@type":"ListItem","position":1,"name":"Home","item":"https:\/\/vosgesinfo.fr\/saintdieinfo\/"},{"@type":"ListItem","position":2,"name":"En septembre, les H\u00f4pitaux du Massif des Vosges sensibilisent le public \u00e0 la s\u00e9curit\u00e9 des patients"}]},{"@type":"WebSite","@id":"https:\/\/vosgesinfo.fr\/saintdieinfo\/#website","url":"https:\/\/vosgesinfo.fr\/saintdieinfo\/","name":"Saint Die Info","description":"Toute l&#039;actualit\u00e9 de Saint-Di\u00e9-Des-Vosges","publisher":{"@id":"https:\/\/vosgesinfo.fr\/saintdieinfo\/#organization"},"alternateName":"Toute l'actualit\u00e9 de Saint-Di\u00e9-Des-Vosges","potentialAction":[{"@type":"SearchAction","target":{"@type":"EntryPoint","urlTemplate":"https:\/\/vosgesinfo.fr\/saintdieinfo\/?s={search_term_string}"},"query-input":"required name=search_term_string"}],"inLanguage":"fr-FR"},{"@type":"Organization","@id":"https:\/\/vosgesinfo.fr\/saintdieinfo\/#organization","name":"Saint Die Info","url":"https:\/\/vosgesinfo.fr\/saintdieinfo\/","logo":{"@type":"ImageObject","inLanguage":"fr-FR","@id":"https:\/\/vosgesinfo.fr\/saintdieinfo\/#\/schema\/logo\/image\/","url":"https:\/\/vosgesinfo.fr\/app\/uploads\/sites\/4\/2024\/02\/logo-sdi.jpg","contentUrl":"https:\/\/vosgesinfo.fr\/app\/uploads\/sites\/4\/2024\/02\/logo-sdi.jpg","width":600,"height":600,"caption":"Saint Die Info"},"image":{"@id":"https:\/\/vosgesinfo.fr\/saintdieinfo\/#\/schema\/logo\/image\/"},"sameAs":["https:\/\/www.facebook.com\/Saintdieinfofr","https:\/\/x.com\/VosgesInfo88","https:\/\/www.youtube.com\/@vosgesinfo"]},{"@type":"Person","@id":"https:\/\/vosgesinfo.fr\/saintdieinfo\/#\/schema\/person\/fa73e9f726d67bb88f46d5b7943cb572","name":"J.J.","image":{"@type":"ImageObject","inLanguage":"fr-FR","@id":"https:\/\/vosgesinfo.fr\/saintdieinfo\/#\/schema\/person\/image\/","url":"https:\/\/secure.gravatar.com\/avatar\/219e749e47ffbcca018a360ae4add7d4cdf1cdaaf8bc7676b27efade3fe65615?s=96&d=mm&r=g","contentUrl":"https:\/\/secure.gravatar.com\/avatar\/219e749e47ffbcca018a360ae4add7d4cdf1cdaaf8bc7676b27efade3fe65615?s=96&d=mm&r=g","caption":"J.J."},"url":"https:\/\/vosgesinfo.fr\/saintdieinfo\/author\/j-j\/"}]}},"_links":{"self":[{"href":"https:\/\/vosgesinfo.fr\/saintdieinfo\/wp-json\/wp\/v2\/posts\/95811","targetHints":{"allow":["GET"]}}],"collection":[{"href":"https:\/\/vosgesinfo.fr\/saintdieinfo\/wp-json\/wp\/v2\/posts"}],"about":[{"href":"https:\/\/vosgesinfo.fr\/saintdieinfo\/wp-json\/wp\/v2\/types\/post"}],"author":[{"embeddable":true,"href":"https:\/\/vosgesinfo.fr\/saintdieinfo\/wp-json\/wp\/v2\/users\/46"}],"replies":[{"embeddable":true,"href":"https:\/\/vosgesinfo.fr\/saintdieinfo\/wp-json\/wp\/v2\/comments?post=95811"}],"version-history":[{"count":5,"href":"https:\/\/vosgesinfo.fr\/saintdieinfo\/wp-json\/wp\/v2\/posts\/95811\/revisions"}],"predecessor-version":[{"id":95814,"href":"https:\/\/vosgesinfo.fr\/saintdieinfo\/wp-json\/wp\/v2\/posts\/95811\/revisions\/95814"}],"wp:featuredmedia":[{"embeddable":true,"href":"https:\/\/vosgesinfo.fr\/saintdieinfo\/wp-json\/wp\/v2\/media\/95656"}],"wp:attachment":[{"href":"https:\/\/vosgesinfo.fr\/saintdieinfo\/wp-json\/wp\/v2\/media?parent=95811"}],"wp:term":[{"taxonomy":"category","embeddable":true,"href":"https:\/\/vosgesinfo.fr\/saintdieinfo\/wp-json\/wp\/v2\/categories?post=95811"},{"taxonomy":"post_tag","embeddable":true,"href":"https:\/\/vosgesinfo.fr\/saintdieinfo\/wp-json\/wp\/v2\/tags?post=95811"}],"curies":[{"name":"wp","href":"https:\/\/api.w.org\/{rel}","templated":true}]}}