{"id":95827,"date":"2026-09-04T18:30:24","date_gmt":"2026-09-04T16:30:24","guid":{"rendered":"https:\/\/vosgesinfo.fr\/saintdieinfo\/2026\/09\/debut-des-festivites-a-gerardmer-pour-la-38eme-edition-du-triathlon\/"},"modified":"2026-09-04T18:30:24","modified_gmt":"2026-09-04T16:30:24","slug":"debut-des-festivites-a-gerardmer-pour-la-38eme-edition-du-triathlon","status":"publish","type":"post","link":"https:\/\/vosgesinfo.fr\/saintdieinfo\/2026\/09\/debut-des-festivites-a-gerardmer-pour-la-38eme-edition-du-triathlon\/","title":{"rendered":"D\u00e9but des festivit\u00e9s \u00e0 G\u00e9rardmer pour la 38\u00e8me \u00e9dition du Triathlon."},"content":{"rendered":"<h1><a href=\"https:\/\/vosgesinfo.fr\/app\/uploads\/sites\/6\/2024\/09\/accueille-dossards-espace-lac-triathlon-gerardmer-3.jpg\"><img decoding=\"async\" class=\"aligncenter size-medium wp-image-68481\" src=\"https:\/\/vosgesinfo.fr\/app\/uploads\/sites\/6\/2024\/09\/accueille-dossards-espace-lac-triathlon-gerardmer-3-300x226.jpg\" alt=\"\" width=\"300\" height=\"226\" \/><\/a><\/h1>\n<p><strong>L&rsquo;ouverture du village et le retrait des dossards sont d\u00e9j\u00e0 en cours \u00e0 G\u00e9rardmer, le public au rendez-vous sous un soleil radieux pour un week-end qui s\u2019annonce sportif et festif !<\/strong><\/p>\n<table role=\"presentation\" border=\"0\" width=\"100%\" cellspacing=\"0\" cellpadding=\"0\">\n<tbody>\n<tr>\n<td id=\"m_367374461600018957gutterContainerId-22\" valign=\"top\">\n<table role=\"presentation\" border=\"0\" width=\"100%\" cellspacing=\"0\" cellpadding=\"0\">\n<tbody>\n<tr>\n<td id=\"m_367374461600018957b22\" valign=\"top\">\n<table width=\"100%\">\n<tbody>\n<tr>\n<td class=\"m_367374461600018957mceTextBlockContainer\">\n<div id=\"m_367374461600018957d22\" class=\"m_367374461600018957mceText\">\n<p>Ca y est, le Triathlon de G\u00e9rardmer 2026 est officiellement lanc\u00e9 !<\/p>\n<p>Depuis jeudi 14h00 le village Expo accueille les triathl\u00e8tes pour retirer leur dossard et prendre go\u00fbt \u00e0 l\u2019ambiance du triathlon.<\/p>\n<p>Quelques <strong>2 300 athl\u00e8tes<\/strong> s\u2019\u00e9lanceront d\u00e8s demain matin sur le format star de ce week end, le <strong>triathlon XL<\/strong> proposant un parcours de <strong>1,9km de natation, 90km de v\u00e9lo et 21km de course \u00e0 pied<\/strong>. Temp\u00e9rature optimale dans l\u2019eau, avec 21\u00b0 annonc\u00e9s ce qui laisse aux triathl\u00e8tes le choix de nager en combinaison, un parcours v\u00e9lo avec 3 boucles de 31 km au coeur du parc naturel du Ballon des Vosges incluant pas moins de 9 bosses sur l\u2019ensemble du parcours dont la c\u00e9l\u00e8bre mont\u00e9e du Poli et une course \u00e0 pied autour du lac de G\u00e9rardmer pour une arriv\u00e9e en bord de lac, au coeur des montagnes vosgiennes. Et les spectateurs seront \u00e9videmment au rendez-vous, pr\u00eats \u00e0 encourager les triathl\u00e8tes jusqu\u2019au dernier pour une exp\u00e9rience unique digne du Tour de France.<\/p>\n<p>Demain sera \u00e9galement le jour des touts petits avec, en fin d\u2019apr\u00e8s-midi, le d\u00e9part de l\u2019<strong>\u00e9preuve SuperKids<\/strong> d\u00e9di\u00e9e aux enfants de 3 \u00e0 7 ans &#8211; de quoi encourager les plus jeunes puis profiter d\u2019un ap\u00e9ro, bien m\u00e9rit\u00e9, au bord du somptueux lac de G\u00e9rardmer.<\/p>\n<\/div>\n<\/td>\n<\/tr>\n<\/tbody>\n<\/table>\n<\/td>\n<\/tr>\n<\/tbody>\n<\/table>\n<\/td>\n<\/tr>\n<tr>\n<td id=\"m_367374461600018957b38\" align=\"center\" valign=\"top\">\n<div><\/div>\n<table role=\"presentation\" border=\"0\" width=\"100%\" cellspacing=\"0\" cellpadding=\"0\" align=\"center\">\n<tbody>\n<tr>\n<td valign=\"top\"><img decoding=\"async\" class=\"m_367374461600018957mceImage CToWUd\" src=\"https:\/\/ci3.googleusercontent.com\/meips\/ADKq_NbBuX6D3hJ7fkCwjTCoPyeYoBSxRkh1VsW_d2bJNseS1oF4F2uw3OkvR4gVcN7sfUWOClAW3PKhbcxpwFBrNjA-9KfWz_ruhPaXkh5jd3fQpfg4U2HE7nVYo_dWaLlTdFMx0Lzo4EQtotwyurPujvluunXs63Z-RVw=s0-d-e1-ft#https:\/\/mcusercontent.com\/4242a8ffc4f41dabf030c7f1e\/images\/e65920c3-d2b6-088a-6c67-4eaf096936a4.jpg\" alt=\"\" width=\"660\" height=\"auto\" data-bit=\"iit\" \/><\/td>\n<\/tr>\n<\/tbody>\n<\/table>\n<div><\/div>\n<div><\/div>\n<\/td>\n<\/tr>\n<tr>\n<td id=\"m_367374461600018957b28\" valign=\"top\">\n<table class=\"m_367374461600018957mceDividerContainer\" role=\"presentation\" border=\"0\" width=\"100%\" cellspacing=\"0\" cellpadding=\"0\" align=\"center\">\n<tbody>\n<tr>\n<td class=\"m_367374461600018957mceDividerBlock\" valign=\"top\"><\/td>\n<\/tr>\n<\/tbody>\n<\/table>\n<\/td>\n<\/tr>\n<tr>\n<td id=\"m_367374461600018957gutterContainerId-25\" valign=\"top\">\n<table role=\"presentation\" border=\"0\" width=\"100%\" cellspacing=\"0\" cellpadding=\"0\">\n<tbody>\n<tr>\n<td id=\"m_367374461600018957b25\" valign=\"top\">\n<table width=\"100%\">\n<tbody>\n<tr>\n<td class=\"m_367374461600018957mceTextBlockContainer\">\n<div id=\"m_367374461600018957d25\" class=\"m_367374461600018957mceText\">\n<p><strong>LE PROGRAMME <\/strong><\/p>\n<p><strong>Jeudi 3 et vendredi 4 septembre :<\/strong><\/p>\n<p>Retrait des dossards et village Triathlon Expo<\/p>\n<p><strong>Samedi 5 septembre :<\/strong><\/p>\n<p>08h00 \u2013 19h00 : Triathlon Expo<\/p>\n<p><strong>08h45 \u2013 D\u00e9part du Triathlon XL Je Vois la Vie en Vosges<\/strong><\/p>\n<p>13h30 \u2013 Arriv\u00e9e des premiers du Triathlon XL Je Vois la Vie en Vosges<\/p>\n<p>16h30 \u2013 Remise des prix du Triathlon XL<\/p>\n<p>17h15 \u2013 Cl\u00f4ture de l\u2019\u00e9preuve Triathlon XL<\/p>\n<p>17h30 \u2013 D\u00e9part du SuperKids<\/p>\n<p><strong>Dimanche 6 septembre : <\/strong><\/p>\n<p>08h00 \u2013 19h00 : Triathlon Expo<\/p>\n<p><strong>08h00 : D\u00e9part du Triathlon D\u00e9couverte Linvosges<\/strong><\/p>\n<p>10h30 : D\u00e9part du Triathlon TriKids<\/p>\n<p>11h15 \u00a0: D\u00e9part du Triathlon Mini-TriKids<\/p>\n<p>12h00 : Remise des prix du Triathlon Kids et Triathlon D\u00e9couverte<\/p>\n<p><strong>13h30 : D\u00e9part du Triathlon Distance Olympique<\/strong><\/p>\n<p>17h30 : Remise des prix du Triathlon Distance Olympique<\/p>\n<p>&nbsp;<\/p>\n<\/div>\n<\/td>\n<\/tr>\n<\/tbody>\n<\/table>\n<\/td>\n<\/tr>\n<\/tbody>\n<\/table>\n<\/td>\n<\/tr>\n<\/tbody>\n<\/table>\n","protected":false},"excerpt":{"rendered":"<p>L&rsquo;ouverture du village et le retrait des dossards sont d\u00e9j\u00e0 en cours \u00e0 G\u00e9rardmer, le public au rendez-vous sous un [&hellip;]<\/p>\n","protected":false},"author":391,"featured_media":95828,"comment_status":"open","ping_status":"open","sticky":false,"template":"","format":"standard","meta":{"footnotes":""},"categories":[460,5392,5391,5389,4099,4100,14],"tags":[2972],"class_list":["post-95827","post","type-post","status-publish","format-standard","has-post-thumbnail","hentry","category-a-la-une","category-epinal","category-gerardmer","category-la-plaine-des-vosges","category-remiremont","category-saint-die","category-sport","tag-triathlon-de-gerardmer"],"acf":[],"yoast_head":"<!-- This site is optimized with the Yoast SEO plugin v22.5 - https:\/\/yoast.com\/wordpress\/plugins\/seo\/ -->\n<title>D\u00e9but des festivit\u00e9s \u00e0 G\u00e9rardmer pour la 38\u00e8me \u00e9dition du Triathlon. - Saint Die Info<\/title>\n<meta name=\"robots\" content=\"index, follow, max-snippet:-1, max-image-preview:large, max-video-preview:-1\" \/>\n<link rel=\"canonical\" href=\"https:\/\/vosgesinfo.fr\/saintdieinfo\/2026\/09\/debut-des-festivites-a-gerardmer-pour-la-38eme-edition-du-triathlon\/\" \/>\n<meta name=\"twitter:card\" content=\"summary_large_image\" \/>\n<meta name=\"twitter:title\" content=\"D\u00e9but des festivit\u00e9s \u00e0 G\u00e9rardmer pour la 38\u00e8me \u00e9dition du Triathlon. - Saint Die Info\" \/>\n<meta name=\"twitter:description\" content=\"L&rsquo;ouverture du village et le retrait des dossards sont d\u00e9j\u00e0 en cours \u00e0 G\u00e9rardmer, le public au rendez-vous sous un [&hellip;]\" \/>\n<meta name=\"twitter:image\" content=\"https:\/\/vosgesinfo.fr\/app\/uploads\/sites\/4\/2026\/09\/depart-du-triathlon-distance-olympique-de-gerardmer-3-scaled-1.jpg\" \/>\n<meta name=\"twitter:creator\" content=\"@VosgesInfo88\" \/>\n<meta name=\"twitter:site\" content=\"@VosgesInfo88\" \/>\n<meta name=\"twitter:label1\" content=\"\u00c9crit par\" \/>\n\t<meta name=\"twitter:data1\" content=\"La redaction\" \/>\n\t<meta name=\"twitter:label2\" content=\"Dur\u00e9e de lecture estim\u00e9e\" \/>\n\t<meta name=\"twitter:data2\" content=\"2 minutes\" \/>\n<script type=\"application\/ld+json\" class=\"yoast-schema-graph\">{\"@context\":\"https:\/\/schema.org\",\"@graph\":[{\"@type\":\"Article\",\"@id\":\"https:\/\/vosgesinfo.fr\/saintdieinfo\/2026\/09\/debut-des-festivites-a-gerardmer-pour-la-38eme-edition-du-triathlon\/#article\",\"isPartOf\":{\"@id\":\"https:\/\/vosgesinfo.fr\/saintdieinfo\/2026\/09\/debut-des-festivites-a-gerardmer-pour-la-38eme-edition-du-triathlon\/\"},\"author\":{\"name\":\"La redaction\",\"@id\":\"https:\/\/vosgesinfo.fr\/saintdieinfo\/#\/schema\/person\/27a3695b06db98895b354c0765cdfc31\"},\"headline\":\"D\u00e9but des festivit\u00e9s \u00e0 G\u00e9rardmer pour la 38\u00e8me \u00e9dition du Triathlon.\",\"datePublished\":\"2026-09-04T16:30:24+00:00\",\"dateModified\":\"2026-09-04T16:30:24+00:00\",\"mainEntityOfPage\":{\"@id\":\"https:\/\/vosgesinfo.fr\/saintdieinfo\/2026\/09\/debut-des-festivites-a-gerardmer-pour-la-38eme-edition-du-triathlon\/\"},\"wordCount\":391,\"commentCount\":0,\"publisher\":{\"@id\":\"https:\/\/vosgesinfo.fr\/saintdieinfo\/#organization\"},\"image\":{\"@id\":\"https:\/\/vosgesinfo.fr\/saintdieinfo\/2026\/09\/debut-des-festivites-a-gerardmer-pour-la-38eme-edition-du-triathlon\/#primaryimage\"},\"thumbnailUrl\":\"https:\/\/vosgesinfo.fr\/app\/uploads\/sites\/4\/2026\/09\/depart-du-triathlon-distance-olympique-de-gerardmer-3-scaled-1.jpg\",\"keywords\":[\"Triathlon de G\u00e9rardmer\"],\"articleSection\":[\"A la Une\",\"Epinal\",\"Gerardmer\",\"La plaine des vosges\",\"Remiremont\",\"Saint-di\u00e9\",\"Sport\"],\"inLanguage\":\"fr-FR\",\"potentialAction\":[{\"@type\":\"CommentAction\",\"name\":\"Comment\",\"target\":[\"https:\/\/vosgesinfo.fr\/saintdieinfo\/2026\/09\/debut-des-festivites-a-gerardmer-pour-la-38eme-edition-du-triathlon\/#respond\"]}]},{\"@type\":\"WebPage\",\"@id\":\"https:\/\/vosgesinfo.fr\/saintdieinfo\/2026\/09\/debut-des-festivites-a-gerardmer-pour-la-38eme-edition-du-triathlon\/\",\"url\":\"https:\/\/vosgesinfo.fr\/saintdieinfo\/2026\/09\/debut-des-festivites-a-gerardmer-pour-la-38eme-edition-du-triathlon\/\",\"name\":\"D\u00e9but des festivit\u00e9s \u00e0 G\u00e9rardmer pour la 38\u00e8me \u00e9dition du Triathlon. - Saint Die Info\",\"isPartOf\":{\"@id\":\"https:\/\/vosgesinfo.fr\/saintdieinfo\/#website\"},\"primaryImageOfPage\":{\"@id\":\"https:\/\/vosgesinfo.fr\/saintdieinfo\/2026\/09\/debut-des-festivites-a-gerardmer-pour-la-38eme-edition-du-triathlon\/#primaryimage\"},\"image\":{\"@id\":\"https:\/\/vosgesinfo.fr\/saintdieinfo\/2026\/09\/debut-des-festivites-a-gerardmer-pour-la-38eme-edition-du-triathlon\/#primaryimage\"},\"thumbnailUrl\":\"https:\/\/vosgesinfo.fr\/app\/uploads\/sites\/4\/2026\/09\/depart-du-triathlon-distance-olympique-de-gerardmer-3-scaled-1.jpg\",\"datePublished\":\"2026-09-04T16:30:24+00:00\",\"dateModified\":\"2026-09-04T16:30:24+00:00\",\"breadcrumb\":{\"@id\":\"https:\/\/vosgesinfo.fr\/saintdieinfo\/2026\/09\/debut-des-festivites-a-gerardmer-pour-la-38eme-edition-du-triathlon\/#breadcrumb\"},\"inLanguage\":\"fr-FR\",\"potentialAction\":[{\"@type\":\"ReadAction\",\"target\":[\"https:\/\/vosgesinfo.fr\/saintdieinfo\/2026\/09\/debut-des-festivites-a-gerardmer-pour-la-38eme-edition-du-triathlon\/\"]}]},{\"@type\":\"ImageObject\",\"inLanguage\":\"fr-FR\",\"@id\":\"https:\/\/vosgesinfo.fr\/saintdieinfo\/2026\/09\/debut-des-festivites-a-gerardmer-pour-la-38eme-edition-du-triathlon\/#primaryimage\",\"url\":\"https:\/\/vosgesinfo.fr\/app\/uploads\/sites\/4\/2026\/09\/depart-du-triathlon-distance-olympique-de-gerardmer-3-scaled-1.jpg\",\"contentUrl\":\"https:\/\/vosgesinfo.fr\/app\/uploads\/sites\/4\/2026\/09\/depart-du-triathlon-distance-olympique-de-gerardmer-3-scaled-1.jpg\",\"width\":1920,\"height\":1446},{\"@type\":\"BreadcrumbList\",\"@id\":\"https:\/\/vosgesinfo.fr\/saintdieinfo\/2026\/09\/debut-des-festivites-a-gerardmer-pour-la-38eme-edition-du-triathlon\/#breadcrumb\",\"itemListElement\":[{\"@type\":\"ListItem\",\"position\":1,\"name\":\"Home\",\"item\":\"https:\/\/vosgesinfo.fr\/saintdieinfo\/\"},{\"@type\":\"ListItem\",\"position\":2,\"name\":\"D\u00e9but des festivit\u00e9s \u00e0 G\u00e9rardmer pour la 38\u00e8me \u00e9dition du Triathlon.\"}]},{\"@type\":\"WebSite\",\"@id\":\"https:\/\/vosgesinfo.fr\/saintdieinfo\/#website\",\"url\":\"https:\/\/vosgesinfo.fr\/saintdieinfo\/\",\"name\":\"Saint Die Info\",\"description\":\"Toute l&#039;actualit\u00e9 de Saint-Di\u00e9-Des-Vosges\",\"publisher\":{\"@id\":\"https:\/\/vosgesinfo.fr\/saintdieinfo\/#organization\"},\"alternateName\":\"Toute l'actualit\u00e9 de Saint-Di\u00e9-Des-Vosges\",\"potentialAction\":[{\"@type\":\"SearchAction\",\"target\":{\"@type\":\"EntryPoint\",\"urlTemplate\":\"https:\/\/vosgesinfo.fr\/saintdieinfo\/?s={search_term_string}\"},\"query-input\":\"required name=search_term_string\"}],\"inLanguage\":\"fr-FR\"},{\"@type\":\"Organization\",\"@id\":\"https:\/\/vosgesinfo.fr\/saintdieinfo\/#organization\",\"name\":\"Saint Die Info\",\"url\":\"https:\/\/vosgesinfo.fr\/saintdieinfo\/\",\"logo\":{\"@type\":\"ImageObject\",\"inLanguage\":\"fr-FR\",\"@id\":\"https:\/\/vosgesinfo.fr\/saintdieinfo\/#\/schema\/logo\/image\/\",\"url\":\"https:\/\/vosgesinfo.fr\/app\/uploads\/sites\/4\/2024\/02\/logo-sdi.jpg\",\"contentUrl\":\"https:\/\/vosgesinfo.fr\/app\/uploads\/sites\/4\/2024\/02\/logo-sdi.jpg\",\"width\":600,\"height\":600,\"caption\":\"Saint Die Info\"},\"image\":{\"@id\":\"https:\/\/vosgesinfo.fr\/saintdieinfo\/#\/schema\/logo\/image\/\"},\"sameAs\":[\"https:\/\/www.facebook.com\/Saintdieinfofr\",\"https:\/\/x.com\/VosgesInfo88\",\"https:\/\/www.youtube.com\/@vosgesinfo\"]},{\"@type\":\"Person\",\"@id\":\"https:\/\/vosgesinfo.fr\/saintdieinfo\/#\/schema\/person\/27a3695b06db98895b354c0765cdfc31\",\"name\":\"La redaction\",\"image\":{\"@type\":\"ImageObject\",\"inLanguage\":\"fr-FR\",\"@id\":\"https:\/\/vosgesinfo.fr\/saintdieinfo\/#\/schema\/person\/image\/\",\"url\":\"https:\/\/secure.gravatar.com\/avatar\/64c76a78e501cedee55736f43f332df901e1896ae9cd8fad269ae2236dd0e8b6?s=96&d=mm&r=g\",\"contentUrl\":\"https:\/\/secure.gravatar.com\/avatar\/64c76a78e501cedee55736f43f332df901e1896ae9cd8fad269ae2236dd0e8b6?s=96&d=mm&r=g\",\"caption\":\"La redaction\"},\"url\":\"https:\/\/vosgesinfo.fr\/saintdieinfo\/author\/la-redaction\/\"}]}<\/script>\n<!-- \/ Yoast SEO plugin. -->","yoast_head_json":{"title":"D\u00e9but des festivit\u00e9s \u00e0 G\u00e9rardmer pour la 38\u00e8me \u00e9dition du Triathlon. - Saint Die Info","robots":{"index":"index","follow":"follow","max-snippet":"max-snippet:-1","max-image-preview":"max-image-preview:large","max-video-preview":"max-video-preview:-1"},"canonical":"https:\/\/vosgesinfo.fr\/saintdieinfo\/2026\/09\/debut-des-festivites-a-gerardmer-pour-la-38eme-edition-du-triathlon\/","twitter_card":"summary_large_image","twitter_title":"D\u00e9but des festivit\u00e9s \u00e0 G\u00e9rardmer pour la 38\u00e8me \u00e9dition du Triathlon. - Saint Die Info","twitter_description":"L&rsquo;ouverture du village et le retrait des dossards sont d\u00e9j\u00e0 en cours \u00e0 G\u00e9rardmer, le public au rendez-vous sous un [&hellip;]","twitter_image":"https:\/\/vosgesinfo.fr\/app\/uploads\/sites\/4\/2026\/09\/depart-du-triathlon-distance-olympique-de-gerardmer-3-scaled-1.jpg","twitter_creator":"@VosgesInfo88","twitter_site":"@VosgesInfo88","twitter_misc":{"\u00c9crit par":"La redaction","Dur\u00e9e de lecture estim\u00e9e":"2 minutes"},"schema":{"@context":"https:\/\/schema.org","@graph":[{"@type":"Article","@id":"https:\/\/vosgesinfo.fr\/saintdieinfo\/2026\/09\/debut-des-festivites-a-gerardmer-pour-la-38eme-edition-du-triathlon\/#article","isPartOf":{"@id":"https:\/\/vosgesinfo.fr\/saintdieinfo\/2026\/09\/debut-des-festivites-a-gerardmer-pour-la-38eme-edition-du-triathlon\/"},"author":{"name":"La redaction","@id":"https:\/\/vosgesinfo.fr\/saintdieinfo\/#\/schema\/person\/27a3695b06db98895b354c0765cdfc31"},"headline":"D\u00e9but des festivit\u00e9s \u00e0 G\u00e9rardmer pour la 38\u00e8me \u00e9dition du Triathlon.","datePublished":"2026-09-04T16:30:24+00:00","dateModified":"2026-09-04T16:30:24+00:00","mainEntityOfPage":{"@id":"https:\/\/vosgesinfo.fr\/saintdieinfo\/2026\/09\/debut-des-festivites-a-gerardmer-pour-la-38eme-edition-du-triathlon\/"},"wordCount":391,"commentCount":0,"publisher":{"@id":"https:\/\/vosgesinfo.fr\/saintdieinfo\/#organization"},"image":{"@id":"https:\/\/vosgesinfo.fr\/saintdieinfo\/2026\/09\/debut-des-festivites-a-gerardmer-pour-la-38eme-edition-du-triathlon\/#primaryimage"},"thumbnailUrl":"https:\/\/vosgesinfo.fr\/app\/uploads\/sites\/4\/2026\/09\/depart-du-triathlon-distance-olympique-de-gerardmer-3-scaled-1.jpg","keywords":["Triathlon de G\u00e9rardmer"],"articleSection":["A la Une","Epinal","Gerardmer","La plaine des vosges","Remiremont","Saint-di\u00e9","Sport"],"inLanguage":"fr-FR","potentialAction":[{"@type":"CommentAction","name":"Comment","target":["https:\/\/vosgesinfo.fr\/saintdieinfo\/2026\/09\/debut-des-festivites-a-gerardmer-pour-la-38eme-edition-du-triathlon\/#respond"]}]},{"@type":"WebPage","@id":"https:\/\/vosgesinfo.fr\/saintdieinfo\/2026\/09\/debut-des-festivites-a-gerardmer-pour-la-38eme-edition-du-triathlon\/","url":"https:\/\/vosgesinfo.fr\/saintdieinfo\/2026\/09\/debut-des-festivites-a-gerardmer-pour-la-38eme-edition-du-triathlon\/","name":"D\u00e9but des festivit\u00e9s \u00e0 G\u00e9rardmer pour la 38\u00e8me \u00e9dition du Triathlon. - Saint Die Info","isPartOf":{"@id":"https:\/\/vosgesinfo.fr\/saintdieinfo\/#website"},"primaryImageOfPage":{"@id":"https:\/\/vosgesinfo.fr\/saintdieinfo\/2026\/09\/debut-des-festivites-a-gerardmer-pour-la-38eme-edition-du-triathlon\/#primaryimage"},"image":{"@id":"https:\/\/vosgesinfo.fr\/saintdieinfo\/2026\/09\/debut-des-festivites-a-gerardmer-pour-la-38eme-edition-du-triathlon\/#primaryimage"},"thumbnailUrl":"https:\/\/vosgesinfo.fr\/app\/uploads\/sites\/4\/2026\/09\/depart-du-triathlon-distance-olympique-de-gerardmer-3-scaled-1.jpg","datePublished":"2026-09-04T16:30:24+00:00","dateModified":"2026-09-04T16:30:24+00:00","breadcrumb":{"@id":"https:\/\/vosgesinfo.fr\/saintdieinfo\/2026\/09\/debut-des-festivites-a-gerardmer-pour-la-38eme-edition-du-triathlon\/#breadcrumb"},"inLanguage":"fr-FR","potentialAction":[{"@type":"ReadAction","target":["https:\/\/vosgesinfo.fr\/saintdieinfo\/2026\/09\/debut-des-festivites-a-gerardmer-pour-la-38eme-edition-du-triathlon\/"]}]},{"@type":"ImageObject","inLanguage":"fr-FR","@id":"https:\/\/vosgesinfo.fr\/saintdieinfo\/2026\/09\/debut-des-festivites-a-gerardmer-pour-la-38eme-edition-du-triathlon\/#primaryimage","url":"https:\/\/vosgesinfo.fr\/app\/uploads\/sites\/4\/2026\/09\/depart-du-triathlon-distance-olympique-de-gerardmer-3-scaled-1.jpg","contentUrl":"https:\/\/vosgesinfo.fr\/app\/uploads\/sites\/4\/2026\/09\/depart-du-triathlon-distance-olympique-de-gerardmer-3-scaled-1.jpg","width":1920,"height":1446},{"@type":"BreadcrumbList","@id":"https:\/\/vosgesinfo.fr\/saintdieinfo\/2026\/09\/debut-des-festivites-a-gerardmer-pour-la-38eme-edition-du-triathlon\/#breadcrumb","itemListElement":[{"@type":"ListItem","position":1,"name":"Home","item":"https:\/\/vosgesinfo.fr\/saintdieinfo\/"},{"@type":"ListItem","position":2,"name":"D\u00e9but des festivit\u00e9s \u00e0 G\u00e9rardmer pour la 38\u00e8me \u00e9dition du Triathlon."}]},{"@type":"WebSite","@id":"https:\/\/vosgesinfo.fr\/saintdieinfo\/#website","url":"https:\/\/vosgesinfo.fr\/saintdieinfo\/","name":"Saint Die Info","description":"Toute l&#039;actualit\u00e9 de Saint-Di\u00e9-Des-Vosges","publisher":{"@id":"https:\/\/vosgesinfo.fr\/saintdieinfo\/#organization"},"alternateName":"Toute l'actualit\u00e9 de Saint-Di\u00e9-Des-Vosges","potentialAction":[{"@type":"SearchAction","target":{"@type":"EntryPoint","urlTemplate":"https:\/\/vosgesinfo.fr\/saintdieinfo\/?s={search_term_string}"},"query-input":"required name=search_term_string"}],"inLanguage":"fr-FR"},{"@type":"Organization","@id":"https:\/\/vosgesinfo.fr\/saintdieinfo\/#organization","name":"Saint Die Info","url":"https:\/\/vosgesinfo.fr\/saintdieinfo\/","logo":{"@type":"ImageObject","inLanguage":"fr-FR","@id":"https:\/\/vosgesinfo.fr\/saintdieinfo\/#\/schema\/logo\/image\/","url":"https:\/\/vosgesinfo.fr\/app\/uploads\/sites\/4\/2024\/02\/logo-sdi.jpg","contentUrl":"https:\/\/vosgesinfo.fr\/app\/uploads\/sites\/4\/2024\/02\/logo-sdi.jpg","width":600,"height":600,"caption":"Saint Die Info"},"image":{"@id":"https:\/\/vosgesinfo.fr\/saintdieinfo\/#\/schema\/logo\/image\/"},"sameAs":["https:\/\/www.facebook.com\/Saintdieinfofr","https:\/\/x.com\/VosgesInfo88","https:\/\/www.youtube.com\/@vosgesinfo"]},{"@type":"Person","@id":"https:\/\/vosgesinfo.fr\/saintdieinfo\/#\/schema\/person\/27a3695b06db98895b354c0765cdfc31","name":"La redaction","image":{"@type":"ImageObject","inLanguage":"fr-FR","@id":"https:\/\/vosgesinfo.fr\/saintdieinfo\/#\/schema\/person\/image\/","url":"https:\/\/secure.gravatar.com\/avatar\/64c76a78e501cedee55736f43f332df901e1896ae9cd8fad269ae2236dd0e8b6?s=96&d=mm&r=g","contentUrl":"https:\/\/secure.gravatar.com\/avatar\/64c76a78e501cedee55736f43f332df901e1896ae9cd8fad269ae2236dd0e8b6?s=96&d=mm&r=g","caption":"La redaction"},"url":"https:\/\/vosgesinfo.fr\/saintdieinfo\/author\/la-redaction\/"}]}},"_links":{"self":[{"href":"https:\/\/vosgesinfo.fr\/saintdieinfo\/wp-json\/wp\/v2\/posts\/95827","targetHints":{"allow":["GET"]}}],"collection":[{"href":"https:\/\/vosgesinfo.fr\/saintdieinfo\/wp-json\/wp\/v2\/posts"}],"about":[{"href":"https:\/\/vosgesinfo.fr\/saintdieinfo\/wp-json\/wp\/v2\/types\/post"}],"author":[{"embeddable":true,"href":"https:\/\/vosgesinfo.fr\/saintdieinfo\/wp-json\/wp\/v2\/users\/391"}],"replies":[{"embeddable":true,"href":"https:\/\/vosgesinfo.fr\/saintdieinfo\/wp-json\/wp\/v2\/comments?post=95827"}],"version-history":[{"count":0,"href":"https:\/\/vosgesinfo.fr\/saintdieinfo\/wp-json\/wp\/v2\/posts\/95827\/revisions"}],"wp:featuredmedia":[{"embeddable":true,"href":"https:\/\/vosgesinfo.fr\/saintdieinfo\/wp-json\/wp\/v2\/media\/95828"}],"wp:attachment":[{"href":"https:\/\/vosgesinfo.fr\/saintdieinfo\/wp-json\/wp\/v2\/media?parent=95827"}],"wp:term":[{"taxonomy":"category","embeddable":true,"href":"https:\/\/vosgesinfo.fr\/saintdieinfo\/wp-json\/wp\/v2\/categories?post=95827"},{"taxonomy":"post_tag","embeddable":true,"href":"https:\/\/vosgesinfo.fr\/saintdieinfo\/wp-json\/wp\/v2\/tags?post=95827"}],"curies":[{"name":"wp","href":"https:\/\/api.w.org\/{rel}","templated":true}]}}