{"id":95829,"date":"2026-09-05T07:03:16","date_gmt":"2026-09-05T05:03:16","guid":{"rendered":"https:\/\/vosgesinfo.fr\/saintdieinfo\/?p=95829"},"modified":"2026-09-04T21:50:29","modified_gmt":"2026-09-04T19:50:29","slug":"qui-sont-les-laureats-du-77e-concours-floral-de-saint-die-des-vosges","status":"publish","type":"post","link":"https:\/\/vosgesinfo.fr\/saintdieinfo\/2026\/09\/qui-sont-les-laureats-du-77e-concours-floral-de-saint-die-des-vosges\/","title":{"rendered":"Qui sont les laur\u00e9ats du 77e concours floral de Saint-Di\u00e9-des-Vosges ?"},"content":{"rendered":"<div id=\"attachment_95832\" style=\"width: 1034px\" class=\"wp-caption alignnone\"><a href=\"https:\/\/vosgesinfo.fr\/app\/uploads\/sites\/4\/2026\/09\/remise-prix-77e-concours-floral-communal-sddv-3.jpg\"><img decoding=\"async\" aria-describedby=\"caption-attachment-95832\" class=\"size-large wp-image-95832\" src=\"https:\/\/vosgesinfo.fr\/app\/uploads\/sites\/4\/2026\/09\/remise-prix-77e-concours-floral-communal-sddv-3-1024x683.jpg\" alt=\"\" width=\"1024\" height=\"683\" srcset=\"https:\/\/vosgesinfo.fr\/app\/uploads\/sites\/4\/2026\/09\/remise-prix-77e-concours-floral-communal-sddv-3-1024x683.jpg 1024w, https:\/\/vosgesinfo.fr\/app\/uploads\/sites\/4\/2026\/09\/remise-prix-77e-concours-floral-communal-sddv-3-300x200.jpg 300w, https:\/\/vosgesinfo.fr\/app\/uploads\/sites\/4\/2026\/09\/remise-prix-77e-concours-floral-communal-sddv-3-768x512.jpg 768w, https:\/\/vosgesinfo.fr\/app\/uploads\/sites\/4\/2026\/09\/remise-prix-77e-concours-floral-communal-sddv-3.jpg 1200w\" sizes=\"(max-width: 1024px) 100vw, 1024px\" \/><\/a><p id=\"caption-attachment-95832\" class=\"wp-caption-text\">(Cr\u00e9dits photographiques Marc Fourniquet)<\/p><\/div>\n<h2><a href=\"https:\/\/vosgesinfo.fr\/saintdieinfo\/2026\/07\/en-images-maisons-et-balcons-fleuris-sous-loeil-du-jury-du-concours-floral-de-saint-die-des-vosges\/\" target=\"_blank\" rel=\"noopener\">Sept semaines apr\u00e8s la tourn\u00e9e d\u2019\u00e9valuation du jury<\/a>, le <strong>77e concours floral communal de Saint-Di\u00e9-des-Vosges<\/strong> a livr\u00e9 son palmar\u00e8s <strong>ce vendredi soir<\/strong> au <strong>Grand Salon de l\u2019H\u00f4tel de Ville<\/strong>. Une quarantaine de personnes ont assist\u00e9 \u00e0 la remise des prix. Qui sont les laur\u00e9ats de cette \u00e9dition 2026, parmi la vingtaine de participants ? Verdict ci-dessous.<\/h2>\n<p><!--more--><\/p>\n<h3><strong>Les trois laur\u00e9ats de chaque cat\u00e9gorie<\/strong><\/h3>\n<p><strong>Evelyne Fleurentdidier<\/strong> remporte la cat\u00e9gorie \u00ab Balcon \u00bb et re\u00e7oit par la m\u00eame occasion un ch\u00e8que Cad&rsquo;Udac de 150 euros. <strong>Jean-Michel Ancel<\/strong> se classe deuxi\u00e8me avec 100 euros, tandis que <strong>Jos\u00e9 Petit<\/strong> compl\u00e8te le podium avec 70 euros.<\/p>\n<p>Dans la cat\u00e9gorie \u00ab Maison \u00bb, <strong>Jean-Luc et Florence Holzmann-Rieb<\/strong> d\u00e9crochent le premier prix, \u00e9galement dot\u00e9 de 150 euros. <strong>Gilbert et No\u00eblla Thay<\/strong> terminent deuxi\u00e8mes avec 120 euros et <strong>Fr\u00e9d\u00e9ric R\u00e9my<\/strong> troisi\u00e8me avec 100 euros. <strong>Jean-Bernard Kopp<\/strong>, prim\u00e9 en 2025, participait cette ann\u00e9e hors concours.<\/p>\n<p>A noter qu&rsquo;<strong>aucune inscription n\u2019a \u00e9t\u00e9 enregistr\u00e9e dans la cat\u00e9gorie \u00ab Commerce \u00bb<\/strong>, ouverte cette ann\u00e9e, mais aussi que <strong>H\u00e9l\u00e8ne Riant<\/strong> et <strong>Sylvie Durand<\/strong> s\u2019\u00e9taient inscrites dans la cat\u00e9gorie \u00ab Balcon \u00bb, mais n\u2019ont pas pu concourir en raison de la canicule.<\/p>\n\n\t\t<style type=\"text\/css\">\n\t\t\t#gallery-1 {\n\t\t\t\tmargin: auto;\n\t\t\t}\n\t\t\t#gallery-1 .gallery-item {\n\t\t\t\tfloat: left;\n\t\t\t\tmargin-top: 10px;\n\t\t\t\ttext-align: center;\n\t\t\t\twidth: 50%;\n\t\t\t}\n\t\t\t#gallery-1 img {\n\t\t\t\tborder: 2px solid #cfcfcf;\n\t\t\t}\n\t\t\t#gallery-1 .gallery-caption {\n\t\t\t\tmargin-left: 0;\n\t\t\t}\n\t\t\t\/* see gallery_shortcode() in wp-includes\/media.php *\/\n\t\t<\/style>\n\t\t<div id='gallery-1' class='gallery galleryid-95829 gallery-columns-2 gallery-size-thumbnail'><dl class='gallery-item'>\n\t\t\t<dt class='gallery-icon landscape'>\n\t\t\t\t<a href='https:\/\/vosgesinfo.fr\/app\/uploads\/sites\/4\/2026\/09\/remise-prix-77e-concours-floral-communal-sddv-2.jpg'><img decoding=\"async\" width=\"150\" height=\"150\" src=\"https:\/\/vosgesinfo.fr\/app\/uploads\/sites\/4\/2026\/09\/remise-prix-77e-concours-floral-communal-sddv-2-150x150.jpg\" class=\"attachment-thumbnail size-thumbnail\" alt=\"\" \/><\/a>\n\t\t\t<\/dt><\/dl><dl class='gallery-item'>\n\t\t\t<dt class='gallery-icon landscape'>\n\t\t\t\t<a href='https:\/\/vosgesinfo.fr\/app\/uploads\/sites\/4\/2026\/09\/remise-prix-77e-concours-floral-communal-sddv-1.jpg'><img decoding=\"async\" width=\"150\" height=\"150\" src=\"https:\/\/vosgesinfo.fr\/app\/uploads\/sites\/4\/2026\/09\/remise-prix-77e-concours-floral-communal-sddv-1-150x150.jpg\" class=\"attachment-thumbnail size-thumbnail\" alt=\"\" \/><\/a>\n\t\t\t<\/dt><\/dl><br style=\"clear: both\" \/>\n\t\t<\/div>\n\n<h3><strong>Les premiers prix deviennent ambassadeurs du concours<\/strong><\/h3>\n<p>Le premier de chacune des deux cat\u00e9gories re\u00e7oit \u00e9galement le <strong>troph\u00e9e de la Ville<\/strong>, qui sera transmis d\u2019ann\u00e9e en ann\u00e9e. Pendant un an, les deux laur\u00e9ats deviennent <strong>ambassadeurs du concours floral<\/strong>. Ils seront invit\u00e9s \u00e0 diff\u00e9rentes c\u00e9r\u00e9monies et \u00e9v\u00e9nements municipaux et pourront int\u00e9grer le jury lors de la <strong>prochaine \u00e9dition<\/strong>.<\/p>\n<p>Les <strong>fortes chaleurs successives de cet \u00e9t\u00e9<\/strong> ont compliqu\u00e9 le fleurissement des maisons et des balcons. L\u2019organisation du concours sera donc <strong>revue pour 2027<\/strong>. Des pistes sont en cours de r\u00e9flexion et seront <strong>pr\u00e9sent\u00e9es au printemps<\/strong>.<\/p>\n<div id=\"attachment_95833\" style=\"width: 1034px\" class=\"wp-caption alignnone\"><a href=\"https:\/\/vosgesinfo.fr\/app\/uploads\/sites\/4\/2026\/09\/remise-prix-77e-concours-floral-communal-sddv-4.jpg\"><img decoding=\"async\" aria-describedby=\"caption-attachment-95833\" class=\"size-large wp-image-95833\" src=\"https:\/\/vosgesinfo.fr\/app\/uploads\/sites\/4\/2026\/09\/remise-prix-77e-concours-floral-communal-sddv-4-1024x683.jpg\" alt=\"\" width=\"1024\" height=\"683\" srcset=\"https:\/\/vosgesinfo.fr\/app\/uploads\/sites\/4\/2026\/09\/remise-prix-77e-concours-floral-communal-sddv-4-1024x683.jpg 1024w, https:\/\/vosgesinfo.fr\/app\/uploads\/sites\/4\/2026\/09\/remise-prix-77e-concours-floral-communal-sddv-4-300x200.jpg 300w, https:\/\/vosgesinfo.fr\/app\/uploads\/sites\/4\/2026\/09\/remise-prix-77e-concours-floral-communal-sddv-4-768x512.jpg 768w, https:\/\/vosgesinfo.fr\/app\/uploads\/sites\/4\/2026\/09\/remise-prix-77e-concours-floral-communal-sddv-4.jpg 1200w\" sizes=\"(max-width: 1024px) 100vw, 1024px\" \/><\/a><p id=\"caption-attachment-95833\" class=\"wp-caption-text\">Evelyne Fleurentdidier remporte cette ann\u00e9e la cat\u00e9gorie \u00ab\u00a0Balcons\u00a0\u00bb.<\/p><\/div>\n<div id=\"attachment_95834\" style=\"width: 1034px\" class=\"wp-caption alignnone\"><a href=\"https:\/\/vosgesinfo.fr\/app\/uploads\/sites\/4\/2026\/09\/remise-prix-77e-concours-floral-communal-sddv-5.jpg\"><img decoding=\"async\" aria-describedby=\"caption-attachment-95834\" class=\"wp-image-95834 size-large\" src=\"https:\/\/vosgesinfo.fr\/app\/uploads\/sites\/4\/2026\/09\/remise-prix-77e-concours-floral-communal-sddv-5-1024x683.jpg\" alt=\"\" width=\"1024\" height=\"683\" srcset=\"https:\/\/vosgesinfo.fr\/app\/uploads\/sites\/4\/2026\/09\/remise-prix-77e-concours-floral-communal-sddv-5-1024x683.jpg 1024w, https:\/\/vosgesinfo.fr\/app\/uploads\/sites\/4\/2026\/09\/remise-prix-77e-concours-floral-communal-sddv-5-300x200.jpg 300w, https:\/\/vosgesinfo.fr\/app\/uploads\/sites\/4\/2026\/09\/remise-prix-77e-concours-floral-communal-sddv-5-768x512.jpg 768w, https:\/\/vosgesinfo.fr\/app\/uploads\/sites\/4\/2026\/09\/remise-prix-77e-concours-floral-communal-sddv-5.jpg 1200w\" sizes=\"(max-width: 1024px) 100vw, 1024px\" \/><\/a><p id=\"caption-attachment-95834\" class=\"wp-caption-text\">Jean-Luc et Florence Holzmann-Rieb d\u00e9crochent quant \u00e0 eux le premier prix de la cat\u00e9gorie \u00ab\u00a0Maisons\u00a0\u00bb.<\/p><\/div>\n","protected":false},"excerpt":{"rendered":"<p>Sept semaines apr\u00e8s la tourn\u00e9e d\u2019\u00e9valuation du jury, le 77e concours floral communal de Saint-Di\u00e9-des-Vosges a livr\u00e9 son palmar\u00e8s ce [&hellip;]<\/p>\n","protected":false},"author":46,"featured_media":95833,"comment_status":"open","ping_status":"open","sticky":false,"template":"","format":"standard","meta":{"footnotes":""},"categories":[460,20,167],"tags":[22888,22043,5563,22889,135],"class_list":["post-95829","post","type-post","status-publish","format-standard","has-post-thumbnail","hentry","category-a-la-une","category-loisirs","category-saint-die-des-vosges","tag-77e-concours-floral-communal-de-saint-die-des-vosges","tag-balcons-fleuris","tag-evelyne-fleurentdidier","tag-jean-luc-et-florence-holzmann-rieb","tag-maisons-fleuries"],"acf":[],"yoast_head":"<!-- This site is optimized with the Yoast SEO plugin v22.5 - https:\/\/yoast.com\/wordpress\/plugins\/seo\/ -->\n<title>Qui sont les laur\u00e9ats du 77e concours floral de Saint-Di\u00e9-des-Vosges ? - Saint Die Info<\/title>\n<meta name=\"robots\" content=\"index, follow, max-snippet:-1, max-image-preview:large, max-video-preview:-1\" \/>\n<link rel=\"canonical\" href=\"https:\/\/vosgesinfo.fr\/saintdieinfo\/2026\/09\/qui-sont-les-laureats-du-77e-concours-floral-de-saint-die-des-vosges\/\" \/>\n<meta name=\"twitter:card\" content=\"summary_large_image\" \/>\n<meta name=\"twitter:title\" content=\"Qui sont les laur\u00e9ats du 77e concours floral de Saint-Di\u00e9-des-Vosges ? - Saint Die Info\" \/>\n<meta name=\"twitter:description\" content=\"Sept semaines apr\u00e8s la tourn\u00e9e d\u2019\u00e9valuation du jury, le 77e concours floral communal de Saint-Di\u00e9-des-Vosges a livr\u00e9 son palmar\u00e8s ce [&hellip;]\" \/>\n<meta name=\"twitter:image\" content=\"https:\/\/vosgesinfo.fr\/app\/uploads\/sites\/4\/2026\/09\/remise-prix-77e-concours-floral-communal-sddv-4.jpg\" \/>\n<meta name=\"twitter:creator\" content=\"@VosgesInfo88\" \/>\n<meta name=\"twitter:site\" content=\"@VosgesInfo88\" \/>\n<meta name=\"twitter:label1\" content=\"\u00c9crit par\" \/>\n\t<meta name=\"twitter:data1\" content=\"J.J.\" \/>\n\t<meta name=\"twitter:label2\" content=\"Dur\u00e9e de lecture estim\u00e9e\" \/>\n\t<meta name=\"twitter:data2\" content=\"3 minutes\" \/>\n<script type=\"application\/ld+json\" class=\"yoast-schema-graph\">{\"@context\":\"https:\/\/schema.org\",\"@graph\":[{\"@type\":\"Article\",\"@id\":\"https:\/\/vosgesinfo.fr\/saintdieinfo\/2026\/09\/qui-sont-les-laureats-du-77e-concours-floral-de-saint-die-des-vosges\/#article\",\"isPartOf\":{\"@id\":\"https:\/\/vosgesinfo.fr\/saintdieinfo\/2026\/09\/qui-sont-les-laureats-du-77e-concours-floral-de-saint-die-des-vosges\/\"},\"author\":{\"name\":\"J.J.\",\"@id\":\"https:\/\/vosgesinfo.fr\/saintdieinfo\/#\/schema\/person\/fa73e9f726d67bb88f46d5b7943cb572\"},\"headline\":\"Qui sont les laur\u00e9ats du 77e concours floral de Saint-Di\u00e9-des-Vosges ?\",\"datePublished\":\"2026-09-05T05:03:16+00:00\",\"dateModified\":\"2026-09-04T19:50:29+00:00\",\"mainEntityOfPage\":{\"@id\":\"https:\/\/vosgesinfo.fr\/saintdieinfo\/2026\/09\/qui-sont-les-laureats-du-77e-concours-floral-de-saint-die-des-vosges\/\"},\"wordCount\":382,\"commentCount\":0,\"publisher\":{\"@id\":\"https:\/\/vosgesinfo.fr\/saintdieinfo\/#organization\"},\"image\":{\"@id\":\"https:\/\/vosgesinfo.fr\/saintdieinfo\/2026\/09\/qui-sont-les-laureats-du-77e-concours-floral-de-saint-die-des-vosges\/#primaryimage\"},\"thumbnailUrl\":\"https:\/\/vosgesinfo.fr\/app\/uploads\/sites\/4\/2026\/09\/remise-prix-77e-concours-floral-communal-sddv-4.jpg\",\"keywords\":[\"77e concours floral communal de Saint-Di\u00e9-des-Vosges\",\"balcons fleuris\",\"Evelyne Fleurentdidier\",\"Jean-Luc et Florence Holzmann-Rieb\",\"maisons fleuries\"],\"articleSection\":[\"A la Une\",\"Loisirs\",\"Saint-Di\u00e9-des-Vosges\"],\"inLanguage\":\"fr-FR\",\"potentialAction\":[{\"@type\":\"CommentAction\",\"name\":\"Comment\",\"target\":[\"https:\/\/vosgesinfo.fr\/saintdieinfo\/2026\/09\/qui-sont-les-laureats-du-77e-concours-floral-de-saint-die-des-vosges\/#respond\"]}]},{\"@type\":\"WebPage\",\"@id\":\"https:\/\/vosgesinfo.fr\/saintdieinfo\/2026\/09\/qui-sont-les-laureats-du-77e-concours-floral-de-saint-die-des-vosges\/\",\"url\":\"https:\/\/vosgesinfo.fr\/saintdieinfo\/2026\/09\/qui-sont-les-laureats-du-77e-concours-floral-de-saint-die-des-vosges\/\",\"name\":\"Qui sont les laur\u00e9ats du 77e concours floral de Saint-Di\u00e9-des-Vosges ? - Saint Die Info\",\"isPartOf\":{\"@id\":\"https:\/\/vosgesinfo.fr\/saintdieinfo\/#website\"},\"primaryImageOfPage\":{\"@id\":\"https:\/\/vosgesinfo.fr\/saintdieinfo\/2026\/09\/qui-sont-les-laureats-du-77e-concours-floral-de-saint-die-des-vosges\/#primaryimage\"},\"image\":{\"@id\":\"https:\/\/vosgesinfo.fr\/saintdieinfo\/2026\/09\/qui-sont-les-laureats-du-77e-concours-floral-de-saint-die-des-vosges\/#primaryimage\"},\"thumbnailUrl\":\"https:\/\/vosgesinfo.fr\/app\/uploads\/sites\/4\/2026\/09\/remise-prix-77e-concours-floral-communal-sddv-4.jpg\",\"datePublished\":\"2026-09-05T05:03:16+00:00\",\"dateModified\":\"2026-09-04T19:50:29+00:00\",\"breadcrumb\":{\"@id\":\"https:\/\/vosgesinfo.fr\/saintdieinfo\/2026\/09\/qui-sont-les-laureats-du-77e-concours-floral-de-saint-die-des-vosges\/#breadcrumb\"},\"inLanguage\":\"fr-FR\",\"potentialAction\":[{\"@type\":\"ReadAction\",\"target\":[\"https:\/\/vosgesinfo.fr\/saintdieinfo\/2026\/09\/qui-sont-les-laureats-du-77e-concours-floral-de-saint-die-des-vosges\/\"]}]},{\"@type\":\"ImageObject\",\"inLanguage\":\"fr-FR\",\"@id\":\"https:\/\/vosgesinfo.fr\/saintdieinfo\/2026\/09\/qui-sont-les-laureats-du-77e-concours-floral-de-saint-die-des-vosges\/#primaryimage\",\"url\":\"https:\/\/vosgesinfo.fr\/app\/uploads\/sites\/4\/2026\/09\/remise-prix-77e-concours-floral-communal-sddv-4.jpg\",\"contentUrl\":\"https:\/\/vosgesinfo.fr\/app\/uploads\/sites\/4\/2026\/09\/remise-prix-77e-concours-floral-communal-sddv-4.jpg\",\"width\":1200,\"height\":800,\"caption\":\"Evelyne Fleurentdidier remporte cette ann\u00e9e la cat\u00e9gorie \\\"Balcons\\\".\"},{\"@type\":\"BreadcrumbList\",\"@id\":\"https:\/\/vosgesinfo.fr\/saintdieinfo\/2026\/09\/qui-sont-les-laureats-du-77e-concours-floral-de-saint-die-des-vosges\/#breadcrumb\",\"itemListElement\":[{\"@type\":\"ListItem\",\"position\":1,\"name\":\"Home\",\"item\":\"https:\/\/vosgesinfo.fr\/saintdieinfo\/\"},{\"@type\":\"ListItem\",\"position\":2,\"name\":\"Qui sont les laur\u00e9ats du 77e concours floral de Saint-Di\u00e9-des-Vosges ?\"}]},{\"@type\":\"WebSite\",\"@id\":\"https:\/\/vosgesinfo.fr\/saintdieinfo\/#website\",\"url\":\"https:\/\/vosgesinfo.fr\/saintdieinfo\/\",\"name\":\"Saint Die Info\",\"description\":\"Toute l&#039;actualit\u00e9 de Saint-Di\u00e9-Des-Vosges\",\"publisher\":{\"@id\":\"https:\/\/vosgesinfo.fr\/saintdieinfo\/#organization\"},\"alternateName\":\"Toute l'actualit\u00e9 de Saint-Di\u00e9-Des-Vosges\",\"potentialAction\":[{\"@type\":\"SearchAction\",\"target\":{\"@type\":\"EntryPoint\",\"urlTemplate\":\"https:\/\/vosgesinfo.fr\/saintdieinfo\/?s={search_term_string}\"},\"query-input\":\"required name=search_term_string\"}],\"inLanguage\":\"fr-FR\"},{\"@type\":\"Organization\",\"@id\":\"https:\/\/vosgesinfo.fr\/saintdieinfo\/#organization\",\"name\":\"Saint Die Info\",\"url\":\"https:\/\/vosgesinfo.fr\/saintdieinfo\/\",\"logo\":{\"@type\":\"ImageObject\",\"inLanguage\":\"fr-FR\",\"@id\":\"https:\/\/vosgesinfo.fr\/saintdieinfo\/#\/schema\/logo\/image\/\",\"url\":\"https:\/\/vosgesinfo.fr\/app\/uploads\/sites\/4\/2024\/02\/logo-sdi.jpg\",\"contentUrl\":\"https:\/\/vosgesinfo.fr\/app\/uploads\/sites\/4\/2024\/02\/logo-sdi.jpg\",\"width\":600,\"height\":600,\"caption\":\"Saint Die Info\"},\"image\":{\"@id\":\"https:\/\/vosgesinfo.fr\/saintdieinfo\/#\/schema\/logo\/image\/\"},\"sameAs\":[\"https:\/\/www.facebook.com\/Saintdieinfofr\",\"https:\/\/x.com\/VosgesInfo88\",\"https:\/\/www.youtube.com\/@vosgesinfo\"]},{\"@type\":\"Person\",\"@id\":\"https:\/\/vosgesinfo.fr\/saintdieinfo\/#\/schema\/person\/fa73e9f726d67bb88f46d5b7943cb572\",\"name\":\"J.J.\",\"image\":{\"@type\":\"ImageObject\",\"inLanguage\":\"fr-FR\",\"@id\":\"https:\/\/vosgesinfo.fr\/saintdieinfo\/#\/schema\/person\/image\/\",\"url\":\"https:\/\/secure.gravatar.com\/avatar\/219e749e47ffbcca018a360ae4add7d4cdf1cdaaf8bc7676b27efade3fe65615?s=96&d=mm&r=g\",\"contentUrl\":\"https:\/\/secure.gravatar.com\/avatar\/219e749e47ffbcca018a360ae4add7d4cdf1cdaaf8bc7676b27efade3fe65615?s=96&d=mm&r=g\",\"caption\":\"J.J.\"},\"url\":\"https:\/\/vosgesinfo.fr\/saintdieinfo\/author\/j-j\/\"}]}<\/script>\n<!-- \/ Yoast SEO plugin. -->","yoast_head_json":{"title":"Qui sont les laur\u00e9ats du 77e concours floral de Saint-Di\u00e9-des-Vosges ? - Saint Die Info","robots":{"index":"index","follow":"follow","max-snippet":"max-snippet:-1","max-image-preview":"max-image-preview:large","max-video-preview":"max-video-preview:-1"},"canonical":"https:\/\/vosgesinfo.fr\/saintdieinfo\/2026\/09\/qui-sont-les-laureats-du-77e-concours-floral-de-saint-die-des-vosges\/","twitter_card":"summary_large_image","twitter_title":"Qui sont les laur\u00e9ats du 77e concours floral de Saint-Di\u00e9-des-Vosges ? - Saint Die Info","twitter_description":"Sept semaines apr\u00e8s la tourn\u00e9e d\u2019\u00e9valuation du jury, le 77e concours floral communal de Saint-Di\u00e9-des-Vosges a livr\u00e9 son palmar\u00e8s ce [&hellip;]","twitter_image":"https:\/\/vosgesinfo.fr\/app\/uploads\/sites\/4\/2026\/09\/remise-prix-77e-concours-floral-communal-sddv-4.jpg","twitter_creator":"@VosgesInfo88","twitter_site":"@VosgesInfo88","twitter_misc":{"\u00c9crit par":"J.J.","Dur\u00e9e de lecture estim\u00e9e":"3 minutes"},"schema":{"@context":"https:\/\/schema.org","@graph":[{"@type":"Article","@id":"https:\/\/vosgesinfo.fr\/saintdieinfo\/2026\/09\/qui-sont-les-laureats-du-77e-concours-floral-de-saint-die-des-vosges\/#article","isPartOf":{"@id":"https:\/\/vosgesinfo.fr\/saintdieinfo\/2026\/09\/qui-sont-les-laureats-du-77e-concours-floral-de-saint-die-des-vosges\/"},"author":{"name":"J.J.","@id":"https:\/\/vosgesinfo.fr\/saintdieinfo\/#\/schema\/person\/fa73e9f726d67bb88f46d5b7943cb572"},"headline":"Qui sont les laur\u00e9ats du 77e concours floral de Saint-Di\u00e9-des-Vosges ?","datePublished":"2026-09-05T05:03:16+00:00","dateModified":"2026-09-04T19:50:29+00:00","mainEntityOfPage":{"@id":"https:\/\/vosgesinfo.fr\/saintdieinfo\/2026\/09\/qui-sont-les-laureats-du-77e-concours-floral-de-saint-die-des-vosges\/"},"wordCount":382,"commentCount":0,"publisher":{"@id":"https:\/\/vosgesinfo.fr\/saintdieinfo\/#organization"},"image":{"@id":"https:\/\/vosgesinfo.fr\/saintdieinfo\/2026\/09\/qui-sont-les-laureats-du-77e-concours-floral-de-saint-die-des-vosges\/#primaryimage"},"thumbnailUrl":"https:\/\/vosgesinfo.fr\/app\/uploads\/sites\/4\/2026\/09\/remise-prix-77e-concours-floral-communal-sddv-4.jpg","keywords":["77e concours floral communal de Saint-Di\u00e9-des-Vosges","balcons fleuris","Evelyne Fleurentdidier","Jean-Luc et Florence Holzmann-Rieb","maisons fleuries"],"articleSection":["A la Une","Loisirs","Saint-Di\u00e9-des-Vosges"],"inLanguage":"fr-FR","potentialAction":[{"@type":"CommentAction","name":"Comment","target":["https:\/\/vosgesinfo.fr\/saintdieinfo\/2026\/09\/qui-sont-les-laureats-du-77e-concours-floral-de-saint-die-des-vosges\/#respond"]}]},{"@type":"WebPage","@id":"https:\/\/vosgesinfo.fr\/saintdieinfo\/2026\/09\/qui-sont-les-laureats-du-77e-concours-floral-de-saint-die-des-vosges\/","url":"https:\/\/vosgesinfo.fr\/saintdieinfo\/2026\/09\/qui-sont-les-laureats-du-77e-concours-floral-de-saint-die-des-vosges\/","name":"Qui sont les laur\u00e9ats du 77e concours floral de Saint-Di\u00e9-des-Vosges ? - Saint Die Info","isPartOf":{"@id":"https:\/\/vosgesinfo.fr\/saintdieinfo\/#website"},"primaryImageOfPage":{"@id":"https:\/\/vosgesinfo.fr\/saintdieinfo\/2026\/09\/qui-sont-les-laureats-du-77e-concours-floral-de-saint-die-des-vosges\/#primaryimage"},"image":{"@id":"https:\/\/vosgesinfo.fr\/saintdieinfo\/2026\/09\/qui-sont-les-laureats-du-77e-concours-floral-de-saint-die-des-vosges\/#primaryimage"},"thumbnailUrl":"https:\/\/vosgesinfo.fr\/app\/uploads\/sites\/4\/2026\/09\/remise-prix-77e-concours-floral-communal-sddv-4.jpg","datePublished":"2026-09-05T05:03:16+00:00","dateModified":"2026-09-04T19:50:29+00:00","breadcrumb":{"@id":"https:\/\/vosgesinfo.fr\/saintdieinfo\/2026\/09\/qui-sont-les-laureats-du-77e-concours-floral-de-saint-die-des-vosges\/#breadcrumb"},"inLanguage":"fr-FR","potentialAction":[{"@type":"ReadAction","target":["https:\/\/vosgesinfo.fr\/saintdieinfo\/2026\/09\/qui-sont-les-laureats-du-77e-concours-floral-de-saint-die-des-vosges\/"]}]},{"@type":"ImageObject","inLanguage":"fr-FR","@id":"https:\/\/vosgesinfo.fr\/saintdieinfo\/2026\/09\/qui-sont-les-laureats-du-77e-concours-floral-de-saint-die-des-vosges\/#primaryimage","url":"https:\/\/vosgesinfo.fr\/app\/uploads\/sites\/4\/2026\/09\/remise-prix-77e-concours-floral-communal-sddv-4.jpg","contentUrl":"https:\/\/vosgesinfo.fr\/app\/uploads\/sites\/4\/2026\/09\/remise-prix-77e-concours-floral-communal-sddv-4.jpg","width":1200,"height":800,"caption":"Evelyne Fleurentdidier remporte cette ann\u00e9e la cat\u00e9gorie \"Balcons\"."},{"@type":"BreadcrumbList","@id":"https:\/\/vosgesinfo.fr\/saintdieinfo\/2026\/09\/qui-sont-les-laureats-du-77e-concours-floral-de-saint-die-des-vosges\/#breadcrumb","itemListElement":[{"@type":"ListItem","position":1,"name":"Home","item":"https:\/\/vosgesinfo.fr\/saintdieinfo\/"},{"@type":"ListItem","position":2,"name":"Qui sont les laur\u00e9ats du 77e concours floral de Saint-Di\u00e9-des-Vosges ?"}]},{"@type":"WebSite","@id":"https:\/\/vosgesinfo.fr\/saintdieinfo\/#website","url":"https:\/\/vosgesinfo.fr\/saintdieinfo\/","name":"Saint Die Info","description":"Toute l&#039;actualit\u00e9 de Saint-Di\u00e9-Des-Vosges","publisher":{"@id":"https:\/\/vosgesinfo.fr\/saintdieinfo\/#organization"},"alternateName":"Toute l'actualit\u00e9 de Saint-Di\u00e9-Des-Vosges","potentialAction":[{"@type":"SearchAction","target":{"@type":"EntryPoint","urlTemplate":"https:\/\/vosgesinfo.fr\/saintdieinfo\/?s={search_term_string}"},"query-input":"required name=search_term_string"}],"inLanguage":"fr-FR"},{"@type":"Organization","@id":"https:\/\/vosgesinfo.fr\/saintdieinfo\/#organization","name":"Saint Die Info","url":"https:\/\/vosgesinfo.fr\/saintdieinfo\/","logo":{"@type":"ImageObject","inLanguage":"fr-FR","@id":"https:\/\/vosgesinfo.fr\/saintdieinfo\/#\/schema\/logo\/image\/","url":"https:\/\/vosgesinfo.fr\/app\/uploads\/sites\/4\/2024\/02\/logo-sdi.jpg","contentUrl":"https:\/\/vosgesinfo.fr\/app\/uploads\/sites\/4\/2024\/02\/logo-sdi.jpg","width":600,"height":600,"caption":"Saint Die Info"},"image":{"@id":"https:\/\/vosgesinfo.fr\/saintdieinfo\/#\/schema\/logo\/image\/"},"sameAs":["https:\/\/www.facebook.com\/Saintdieinfofr","https:\/\/x.com\/VosgesInfo88","https:\/\/www.youtube.com\/@vosgesinfo"]},{"@type":"Person","@id":"https:\/\/vosgesinfo.fr\/saintdieinfo\/#\/schema\/person\/fa73e9f726d67bb88f46d5b7943cb572","name":"J.J.","image":{"@type":"ImageObject","inLanguage":"fr-FR","@id":"https:\/\/vosgesinfo.fr\/saintdieinfo\/#\/schema\/person\/image\/","url":"https:\/\/secure.gravatar.com\/avatar\/219e749e47ffbcca018a360ae4add7d4cdf1cdaaf8bc7676b27efade3fe65615?s=96&d=mm&r=g","contentUrl":"https:\/\/secure.gravatar.com\/avatar\/219e749e47ffbcca018a360ae4add7d4cdf1cdaaf8bc7676b27efade3fe65615?s=96&d=mm&r=g","caption":"J.J."},"url":"https:\/\/vosgesinfo.fr\/saintdieinfo\/author\/j-j\/"}]}},"_links":{"self":[{"href":"https:\/\/vosgesinfo.fr\/saintdieinfo\/wp-json\/wp\/v2\/posts\/95829","targetHints":{"allow":["GET"]}}],"collection":[{"href":"https:\/\/vosgesinfo.fr\/saintdieinfo\/wp-json\/wp\/v2\/posts"}],"about":[{"href":"https:\/\/vosgesinfo.fr\/saintdieinfo\/wp-json\/wp\/v2\/types\/post"}],"author":[{"embeddable":true,"href":"https:\/\/vosgesinfo.fr\/saintdieinfo\/wp-json\/wp\/v2\/users\/46"}],"replies":[{"embeddable":true,"href":"https:\/\/vosgesinfo.fr\/saintdieinfo\/wp-json\/wp\/v2\/comments?post=95829"}],"version-history":[{"count":3,"href":"https:\/\/vosgesinfo.fr\/saintdieinfo\/wp-json\/wp\/v2\/posts\/95829\/revisions"}],"predecessor-version":[{"id":95837,"href":"https:\/\/vosgesinfo.fr\/saintdieinfo\/wp-json\/wp\/v2\/posts\/95829\/revisions\/95837"}],"wp:featuredmedia":[{"embeddable":true,"href":"https:\/\/vosgesinfo.fr\/saintdieinfo\/wp-json\/wp\/v2\/media\/95833"}],"wp:attachment":[{"href":"https:\/\/vosgesinfo.fr\/saintdieinfo\/wp-json\/wp\/v2\/media?parent=95829"}],"wp:term":[{"taxonomy":"category","embeddable":true,"href":"https:\/\/vosgesinfo.fr\/saintdieinfo\/wp-json\/wp\/v2\/categories?post=95829"},{"taxonomy":"post_tag","embeddable":true,"href":"https:\/\/vosgesinfo.fr\/saintdieinfo\/wp-json\/wp\/v2\/tags?post=95829"}],"curies":[{"name":"wp","href":"https:\/\/api.w.org\/{rel}","templated":true}]}}