{"id":95857,"date":"2026-09-05T14:51:39","date_gmt":"2026-09-05T12:51:39","guid":{"rendered":"https:\/\/vosgesinfo.fr\/saintdieinfo\/2026\/09\/triathlon-de-gerardmer-pierre-dupuy-et-darleen-pfister-simposent-sur-le-xl\/"},"modified":"2026-09-05T14:51:39","modified_gmt":"2026-09-05T12:51:39","slug":"triathlon-de-gerardmer-pierre-dupuy-et-darleen-pfister-simposent-sur-le-xl","status":"publish","type":"post","link":"https:\/\/vosgesinfo.fr\/saintdieinfo\/2026\/09\/triathlon-de-gerardmer-pierre-dupuy-et-darleen-pfister-simposent-sur-le-xl\/","title":{"rendered":"Triathlon de G\u00e9rardmer : Pierre Dupuy et Darleen Pfister s&rsquo;imposent sur le XL"},"content":{"rendered":"<div id=\"attachment_95480\" style=\"width: 778px\" class=\"wp-caption aligncenter\"><a href=\"https:\/\/vosgesinfo.fr\/app\/uploads\/sites\/6\/2026\/09\/pierre-le-corre-pierre-dupuy-et-thomas-seger.-triathlon-gerardmer.jpg\"><img decoding=\"async\" aria-describedby=\"caption-attachment-95480\" class=\"size-large wp-image-95480\" src=\"https:\/\/vosgesinfo.fr\/app\/uploads\/sites\/6\/2026\/09\/pierre-le-corre-pierre-dupuy-et-thomas-seger.-triathlon-gerardmer-768x1024.jpg\" alt=\"\" width=\"768\" height=\"1024\" \/><\/a><p id=\"caption-attachment-95480\" class=\"wp-caption-text\">Pierre Le Corre, Pierre Dupuy et Thomas Seger.<\/p><\/div>\n\n\t\t<style type=\"text\/css\">\n\t\t\t#gallery-1 {\n\t\t\t\tmargin: auto;\n\t\t\t}\n\t\t\t#gallery-1 .gallery-item {\n\t\t\t\tfloat: left;\n\t\t\t\tmargin-top: 10px;\n\t\t\t\ttext-align: center;\n\t\t\t\twidth: 33%;\n\t\t\t}\n\t\t\t#gallery-1 img {\n\t\t\t\tborder: 2px solid #cfcfcf;\n\t\t\t}\n\t\t\t#gallery-1 .gallery-caption {\n\t\t\t\tmargin-left: 0;\n\t\t\t}\n\t\t\t\/* see gallery_shortcode() in wp-includes\/media.php *\/\n\t\t<\/style>\n\t\t<div id='gallery-1' class='gallery galleryid-95857 gallery-columns-3 gallery-size-thumbnail'><dl class='gallery-item'>\n\t\t\t<dt class='gallery-icon landscape'>\n\t\t\t\t<a href='https:\/\/vosgesinfo.fr\/app\/uploads\/sites\/4\/2026\/09\/img-20260905-131857.jpg'><img decoding=\"async\" width=\"150\" height=\"150\" src=\"https:\/\/vosgesinfo.fr\/app\/uploads\/sites\/4\/2026\/09\/img-20260905-131857-150x150.jpg\" class=\"attachment-thumbnail size-thumbnail\" alt=\"\" \/><\/a>\n\t\t\t<\/dt><\/dl><dl class='gallery-item'>\n\t\t\t<dt class='gallery-icon landscape'>\n\t\t\t\t<a href='https:\/\/vosgesinfo.fr\/app\/uploads\/sites\/4\/2026\/09\/img-20260905-131150.jpg'><img decoding=\"async\" width=\"150\" height=\"150\" src=\"https:\/\/vosgesinfo.fr\/app\/uploads\/sites\/4\/2026\/09\/img-20260905-131150-150x150.jpg\" class=\"attachment-thumbnail size-thumbnail\" alt=\"\" \/><\/a>\n\t\t\t<\/dt><\/dl><dl class='gallery-item'>\n\t\t\t<dt class='gallery-icon portrait'>\n\t\t\t\t<a href='https:\/\/vosgesinfo.fr\/app\/uploads\/sites\/4\/2026\/09\/img-20260905-130725.jpg'><img decoding=\"async\" width=\"150\" height=\"150\" src=\"https:\/\/vosgesinfo.fr\/app\/uploads\/sites\/4\/2026\/09\/img-20260905-130725-150x150.jpg\" class=\"attachment-thumbnail size-thumbnail\" alt=\"\" \/><\/a>\n\t\t\t<\/dt><\/dl><br style=\"clear: both\" \/><dl class='gallery-item'>\n\t\t\t<dt class='gallery-icon landscape'>\n\t\t\t\t<a href='https:\/\/vosgesinfo.fr\/app\/uploads\/sites\/4\/2026\/09\/img-20260905-130859.jpg'><img decoding=\"async\" width=\"150\" height=\"150\" src=\"https:\/\/vosgesinfo.fr\/app\/uploads\/sites\/4\/2026\/09\/img-20260905-130859-150x150.jpg\" class=\"attachment-thumbnail size-thumbnail\" alt=\"\" \/><\/a>\n\t\t\t<\/dt><\/dl><dl class='gallery-item'>\n\t\t\t<dt class='gallery-icon landscape'>\n\t\t\t\t<a href='https:\/\/vosgesinfo.fr\/app\/uploads\/sites\/4\/2026\/09\/img-20260905-103059.jpg'><img decoding=\"async\" width=\"150\" height=\"150\" src=\"https:\/\/vosgesinfo.fr\/app\/uploads\/sites\/4\/2026\/09\/img-20260905-103059-150x150.jpg\" class=\"attachment-thumbnail size-thumbnail\" alt=\"\" \/><\/a>\n\t\t\t<\/dt><\/dl><dl class='gallery-item'>\n\t\t\t<dt class='gallery-icon landscape'>\n\t\t\t\t<a href='https:\/\/vosgesinfo.fr\/app\/uploads\/sites\/4\/2026\/09\/johann-mathis-finit-lepreuve-a-la-48e-place-avec-un-temps-de-4h54-1.jpg'><img decoding=\"async\" width=\"150\" height=\"150\" src=\"https:\/\/vosgesinfo.fr\/app\/uploads\/sites\/4\/2026\/09\/johann-mathis-finit-lepreuve-a-la-48e-place-avec-un-temps-de-4h54-1-150x150.jpg\" class=\"attachment-thumbnail size-thumbnail\" alt=\"\" \/><\/a>\n\t\t\t<\/dt><\/dl><br style=\"clear: both\" \/><dl class='gallery-item'>\n\t\t\t<dt class='gallery-icon landscape'>\n\t\t\t\t<a href='https:\/\/vosgesinfo.fr\/app\/uploads\/sites\/4\/2026\/09\/deux-triathletes-de-troyes-a-gerardmer.jpg'><img decoding=\"async\" width=\"150\" height=\"150\" src=\"https:\/\/vosgesinfo.fr\/app\/uploads\/sites\/4\/2026\/09\/deux-triathletes-de-troyes-a-gerardmer-150x150.jpg\" class=\"attachment-thumbnail size-thumbnail\" alt=\"\" \/><\/a>\n\t\t\t<\/dt><\/dl><dl class='gallery-item'>\n\t\t\t<dt class='gallery-icon landscape'>\n\t\t\t\t<a href='https:\/\/vosgesinfo.fr\/app\/uploads\/sites\/4\/2026\/09\/darleen-pfister-remporte-le-triathlon-xl-gerardmer.jpg'><img decoding=\"async\" width=\"150\" height=\"150\" src=\"https:\/\/vosgesinfo.fr\/app\/uploads\/sites\/4\/2026\/09\/darleen-pfister-remporte-le-triathlon-xl-gerardmer-150x150.jpg\" class=\"attachment-thumbnail size-thumbnail\" alt=\"\" \/><\/a>\n\t\t\t<\/dt><\/dl><dl class='gallery-item'>\n\t\t\t<dt class='gallery-icon portrait'>\n\t\t\t\t<a href='https:\/\/vosgesinfo.fr\/app\/uploads\/sites\/4\/2026\/09\/anja-koller-termine-deuxieme.jpg'><img decoding=\"async\" width=\"150\" height=\"150\" src=\"https:\/\/vosgesinfo.fr\/app\/uploads\/sites\/4\/2026\/09\/anja-koller-termine-deuxieme-150x150.jpg\" class=\"attachment-thumbnail size-thumbnail\" alt=\"\" \/><\/a>\n\t\t\t<\/dt><\/dl><br style=\"clear: both\" \/><dl class='gallery-item'>\n\t\t\t<dt class='gallery-icon portrait'>\n\t\t\t\t<a href='https:\/\/vosgesinfo.fr\/app\/uploads\/sites\/4\/2026\/09\/podium-feminin-triathlon-xl-gerardmer-2026.jpg'><img decoding=\"async\" width=\"150\" height=\"150\" src=\"https:\/\/vosgesinfo.fr\/app\/uploads\/sites\/4\/2026\/09\/podium-feminin-triathlon-xl-gerardmer-2026-150x150.jpg\" class=\"attachment-thumbnail size-thumbnail\" alt=\"\" \/><\/a>\n\t\t\t<\/dt><\/dl>\n\t\t\t<br style='clear: both' \/>\n\t\t<\/div>\n\n<p>Le triathlon XL de G\u00e9rardmer a tenu toutes ses promesses avec plus de 1 800 triathl\u00e8tes \u00e9lites et amateurs qui ont pris le d\u00e9part ce matin depuis l&rsquo;Union Nautique. Il aura fallu attendre a peine plus de 4 heures et 19 minutes pour voir arriver le vainqueur de l&rsquo;\u00e9preuve. cerise sur le g\u00e2teau, c&rsquo;est un Fran\u00e7ais, en la personne de Pierre Dupuy qui r\u00e9alise un beau parcours v\u00e9lo et tient le choc lors de l&rsquo;\u00e9preuve de course \u00e0 pied pour franchir la ligne d&rsquo;arriv\u00e9e en solo !<\/p>\n<div id=\"attachment_95467\" style=\"width: 310px\" class=\"wp-caption alignright\"><a href=\"https:\/\/vosgesinfo.fr\/app\/uploads\/sites\/6\/2026\/09\/darleen-pfister-remporte-le-triathlon-xl-gerardmer.jpg\"><img decoding=\"async\" aria-describedby=\"caption-attachment-95467\" class=\"size-medium wp-image-95467\" src=\"https:\/\/vosgesinfo.fr\/app\/uploads\/sites\/6\/2026\/09\/darleen-pfister-remporte-le-triathlon-xl-gerardmer-300x225.jpg\" alt=\"\" width=\"300\" height=\"225\" \/><\/a><p id=\"caption-attachment-95467\" class=\"wp-caption-text\">Darleen Pfister remporte le triathlon XL Gerardmer<\/p><\/div>\n<p>A la sortie de l\u2019eau, c\u2019est le Fran\u00e7ais Jules Bideaux, 5\u00e8re du format Olympique l\u2019an dernier, qui prend la t\u00eate et lance les hostilit\u00e9s \u00e0 v\u00e9lo, avant d\u2019\u00eatre rattrap\u00e9 par Pierre Dupuy qui signe un chrono v\u00e9lo en 2h34\u201932 et part seul en t\u00eate sur la parcours de course \u00e0 pied. Il avale les 21km de course \u00e0 pied et s\u2019impose finalement en 4h19\u201d48 suivi de pr\u00e8s par Pierre Le Corre, 4\u00e8me aux JO de Paris en 2024, qui signait aujourd\u2019hui sa premi\u00e8re participation \u00e0 G\u00e9rardmer (4h21\u201944). L&rsquo;autrichien Thomas Steger compl\u00e8te le podium.<\/p>\n<p>Chez les femmes, la Fran\u00e7aise Justine Gu\u00e9rard domine tout le d\u00e9but de course avec un chrono de 26\u201901 pour la natation avant de d\u00e9crocher sur la fin du parcours v\u00e9lo et de laisser les Suissesses Darleen PFISTER et Anja KOLLER (qui signe le meilleur temps \u00e0 v\u00e9lo chez les femmes en 2h58\u201938) prendre respectivement la premi\u00e8re et la seconde place devant l\u2019Italienne Sara SANDRINI.<\/p>\n<p style=\"text-align: center;\"><strong>Le classement :<\/strong><\/p>\n<p>&nbsp;<\/p>\n<div id=\"attachment_95473\" style=\"width: 310px\" class=\"wp-caption alignright\"><a href=\"https:\/\/vosgesinfo.fr\/app\/uploads\/sites\/6\/2026\/09\/pierre-dupuy-vinqueur-du-triathlon-xl-van-rysel.jpg\"><img decoding=\"async\" aria-describedby=\"caption-attachment-95473\" class=\"size-medium wp-image-95473\" src=\"https:\/\/vosgesinfo.fr\/app\/uploads\/sites\/6\/2026\/09\/pierre-dupuy-vinqueur-du-triathlon-xl-van-rysel-300x225.jpg\" alt=\"\" width=\"300\" height=\"225\" \/><\/a><p id=\"caption-attachment-95473\" class=\"wp-caption-text\">Pierre Dupuy, vinqueur du Triathlon XL Van Rysel<\/p><\/div>\n<p>TOP 5 Hommes<\/p>\n<p>Pierre DUPUY, FR, 4h19\u201948<\/p>\n<p>Pierre LE CORRE, FR, 4h21\u201944<\/p>\n<p>Thomas STEGER, AUT, 4h23\u201948<\/p>\n<p>Tom VAELEN, BEL, 4h24\u201906<\/p>\n<p>Louis RICHARD, FR, 4h26\u201946<\/p>\n<p>TOP 3 Femmes<\/p>\n<div id=\"attachment_95466\" style=\"width: 235px\" class=\"wp-caption alignright\"><a href=\"https:\/\/vosgesinfo.fr\/app\/uploads\/sites\/6\/2026\/09\/podium-feminin-triathlon-xl-gerardmer-2026.jpg\"><img decoding=\"async\" aria-describedby=\"caption-attachment-95466\" class=\"wp-image-95466 size-medium\" src=\"https:\/\/vosgesinfo.fr\/app\/uploads\/sites\/6\/2026\/09\/podium-feminin-triathlon-xl-gerardmer-2026-225x300.jpg\" alt=\"\" width=\"225\" height=\"300\" \/><\/a><p id=\"caption-attachment-95466\" class=\"wp-caption-text\">Le trio de t\u00eate f\u00e9minin du triathlon XL de G\u00e9rardmer.<\/p><\/div>\n<p>Darleen PFISTER, SUI, 5h00\u201956<\/p>\n<p>Anja KOLLER, SUI, 5h02\u201952<\/p>\n<p>Sara SANDRINI, ITA, 5h06\u201914<\/p>\n<p>Skye WALLACE, AUS, 5h07\u201914<\/p>\n<p>Giorgia PRIARONE, ITA, 5h08\u201916<\/p>\n","protected":false},"excerpt":{"rendered":"<p>Le triathlon XL de G\u00e9rardmer a tenu toutes ses promesses avec plus de 1 800 triathl\u00e8tes \u00e9lites et amateurs qui [&hellip;]<\/p>\n","protected":false},"author":42,"featured_media":95858,"comment_status":"open","ping_status":"open","sticky":false,"template":"","format":"standard","meta":{"footnotes":""},"categories":[460,5392,5391,5389,4099,4100,14],"tags":[22890,22891,22892,22893],"class_list":["post-95857","post","type-post","status-publish","format-standard","has-post-thumbnail","hentry","category-a-la-une","category-epinal","category-gerardmer","category-la-plaine-des-vosges","category-remiremont","category-saint-die","category-sport","tag-anja-koller","tag-darleen-pfister","tag-pierre-dupuy","tag-pierre-le-corre"],"acf":[],"yoast_head":"<!-- This site is optimized with the Yoast SEO plugin v22.5 - https:\/\/yoast.com\/wordpress\/plugins\/seo\/ -->\n<title>Triathlon de G\u00e9rardmer : Pierre Dupuy et Darleen Pfister s&#039;imposent sur le XL - Saint Die Info<\/title>\n<meta name=\"robots\" content=\"index, follow, max-snippet:-1, max-image-preview:large, max-video-preview:-1\" \/>\n<link rel=\"canonical\" href=\"https:\/\/vosgesinfo.fr\/saintdieinfo\/2026\/09\/triathlon-de-gerardmer-pierre-dupuy-et-darleen-pfister-simposent-sur-le-xl\/\" \/>\n<meta name=\"twitter:card\" content=\"summary_large_image\" \/>\n<meta name=\"twitter:title\" content=\"Triathlon de G\u00e9rardmer : Pierre Dupuy et Darleen Pfister s&#039;imposent sur le XL - Saint Die Info\" \/>\n<meta name=\"twitter:description\" content=\"Le triathlon XL de G\u00e9rardmer a tenu toutes ses promesses avec plus de 1 800 triathl\u00e8tes \u00e9lites et amateurs qui [&hellip;]\" \/>\n<meta name=\"twitter:image\" content=\"https:\/\/vosgesinfo.fr\/app\/uploads\/sites\/4\/2026\/09\/pierre-le-corre-pierre-dupuy-et-thomas-seger.-triathlon-gerardmer.jpg\" \/>\n<meta name=\"twitter:creator\" content=\"@VosgesInfo88\" \/>\n<meta name=\"twitter:site\" content=\"@VosgesInfo88\" \/>\n<meta name=\"twitter:label1\" content=\"\u00c9crit par\" \/>\n\t<meta name=\"twitter:data1\" content=\"QG\" \/>\n\t<meta name=\"twitter:label2\" content=\"Dur\u00e9e de lecture estim\u00e9e\" \/>\n\t<meta name=\"twitter:data2\" content=\"2 minutes\" \/>\n<script type=\"application\/ld+json\" class=\"yoast-schema-graph\">{\"@context\":\"https:\/\/schema.org\",\"@graph\":[{\"@type\":\"Article\",\"@id\":\"https:\/\/vosgesinfo.fr\/saintdieinfo\/2026\/09\/triathlon-de-gerardmer-pierre-dupuy-et-darleen-pfister-simposent-sur-le-xl\/#article\",\"isPartOf\":{\"@id\":\"https:\/\/vosgesinfo.fr\/saintdieinfo\/2026\/09\/triathlon-de-gerardmer-pierre-dupuy-et-darleen-pfister-simposent-sur-le-xl\/\"},\"author\":{\"name\":\"QG\",\"@id\":\"https:\/\/vosgesinfo.fr\/saintdieinfo\/#\/schema\/person\/db5605779a843dad16b5368f3e7613a5\"},\"headline\":\"Triathlon de G\u00e9rardmer : Pierre Dupuy et Darleen Pfister s&rsquo;imposent sur le XL\",\"datePublished\":\"2026-09-05T12:51:39+00:00\",\"dateModified\":\"2026-09-05T12:51:39+00:00\",\"mainEntityOfPage\":{\"@id\":\"https:\/\/vosgesinfo.fr\/saintdieinfo\/2026\/09\/triathlon-de-gerardmer-pierre-dupuy-et-darleen-pfister-simposent-sur-le-xl\/\"},\"wordCount\":399,\"commentCount\":0,\"publisher\":{\"@id\":\"https:\/\/vosgesinfo.fr\/saintdieinfo\/#organization\"},\"image\":{\"@id\":\"https:\/\/vosgesinfo.fr\/saintdieinfo\/2026\/09\/triathlon-de-gerardmer-pierre-dupuy-et-darleen-pfister-simposent-sur-le-xl\/#primaryimage\"},\"thumbnailUrl\":\"https:\/\/vosgesinfo.fr\/app\/uploads\/sites\/4\/2026\/09\/pierre-le-corre-pierre-dupuy-et-thomas-seger.-triathlon-gerardmer.jpg\",\"keywords\":[\"Anja KOLLER\",\"Darleen PFISTER\",\"Pierre DUPUY\",\"Pierre LE CORRE\"],\"articleSection\":[\"A la Une\",\"Epinal\",\"Gerardmer\",\"La plaine des vosges\",\"Remiremont\",\"Saint-di\u00e9\",\"Sport\"],\"inLanguage\":\"fr-FR\",\"potentialAction\":[{\"@type\":\"CommentAction\",\"name\":\"Comment\",\"target\":[\"https:\/\/vosgesinfo.fr\/saintdieinfo\/2026\/09\/triathlon-de-gerardmer-pierre-dupuy-et-darleen-pfister-simposent-sur-le-xl\/#respond\"]}]},{\"@type\":\"WebPage\",\"@id\":\"https:\/\/vosgesinfo.fr\/saintdieinfo\/2026\/09\/triathlon-de-gerardmer-pierre-dupuy-et-darleen-pfister-simposent-sur-le-xl\/\",\"url\":\"https:\/\/vosgesinfo.fr\/saintdieinfo\/2026\/09\/triathlon-de-gerardmer-pierre-dupuy-et-darleen-pfister-simposent-sur-le-xl\/\",\"name\":\"Triathlon de G\u00e9rardmer : Pierre Dupuy et Darleen Pfister s'imposent sur le XL - Saint Die Info\",\"isPartOf\":{\"@id\":\"https:\/\/vosgesinfo.fr\/saintdieinfo\/#website\"},\"primaryImageOfPage\":{\"@id\":\"https:\/\/vosgesinfo.fr\/saintdieinfo\/2026\/09\/triathlon-de-gerardmer-pierre-dupuy-et-darleen-pfister-simposent-sur-le-xl\/#primaryimage\"},\"image\":{\"@id\":\"https:\/\/vosgesinfo.fr\/saintdieinfo\/2026\/09\/triathlon-de-gerardmer-pierre-dupuy-et-darleen-pfister-simposent-sur-le-xl\/#primaryimage\"},\"thumbnailUrl\":\"https:\/\/vosgesinfo.fr\/app\/uploads\/sites\/4\/2026\/09\/pierre-le-corre-pierre-dupuy-et-thomas-seger.-triathlon-gerardmer.jpg\",\"datePublished\":\"2026-09-05T12:51:39+00:00\",\"dateModified\":\"2026-09-05T12:51:39+00:00\",\"breadcrumb\":{\"@id\":\"https:\/\/vosgesinfo.fr\/saintdieinfo\/2026\/09\/triathlon-de-gerardmer-pierre-dupuy-et-darleen-pfister-simposent-sur-le-xl\/#breadcrumb\"},\"inLanguage\":\"fr-FR\",\"potentialAction\":[{\"@type\":\"ReadAction\",\"target\":[\"https:\/\/vosgesinfo.fr\/saintdieinfo\/2026\/09\/triathlon-de-gerardmer-pierre-dupuy-et-darleen-pfister-simposent-sur-le-xl\/\"]}]},{\"@type\":\"ImageObject\",\"inLanguage\":\"fr-FR\",\"@id\":\"https:\/\/vosgesinfo.fr\/saintdieinfo\/2026\/09\/triathlon-de-gerardmer-pierre-dupuy-et-darleen-pfister-simposent-sur-le-xl\/#primaryimage\",\"url\":\"https:\/\/vosgesinfo.fr\/app\/uploads\/sites\/4\/2026\/09\/pierre-le-corre-pierre-dupuy-et-thomas-seger.-triathlon-gerardmer.jpg\",\"contentUrl\":\"https:\/\/vosgesinfo.fr\/app\/uploads\/sites\/4\/2026\/09\/pierre-le-corre-pierre-dupuy-et-thomas-seger.-triathlon-gerardmer.jpg\",\"width\":1440,\"height\":1920},{\"@type\":\"BreadcrumbList\",\"@id\":\"https:\/\/vosgesinfo.fr\/saintdieinfo\/2026\/09\/triathlon-de-gerardmer-pierre-dupuy-et-darleen-pfister-simposent-sur-le-xl\/#breadcrumb\",\"itemListElement\":[{\"@type\":\"ListItem\",\"position\":1,\"name\":\"Home\",\"item\":\"https:\/\/vosgesinfo.fr\/saintdieinfo\/\"},{\"@type\":\"ListItem\",\"position\":2,\"name\":\"Triathlon de G\u00e9rardmer : Pierre Dupuy et Darleen Pfister s&rsquo;imposent sur le XL\"}]},{\"@type\":\"WebSite\",\"@id\":\"https:\/\/vosgesinfo.fr\/saintdieinfo\/#website\",\"url\":\"https:\/\/vosgesinfo.fr\/saintdieinfo\/\",\"name\":\"Saint Die Info\",\"description\":\"Toute l&#039;actualit\u00e9 de Saint-Di\u00e9-Des-Vosges\",\"publisher\":{\"@id\":\"https:\/\/vosgesinfo.fr\/saintdieinfo\/#organization\"},\"alternateName\":\"Toute l'actualit\u00e9 de Saint-Di\u00e9-Des-Vosges\",\"potentialAction\":[{\"@type\":\"SearchAction\",\"target\":{\"@type\":\"EntryPoint\",\"urlTemplate\":\"https:\/\/vosgesinfo.fr\/saintdieinfo\/?s={search_term_string}\"},\"query-input\":\"required name=search_term_string\"}],\"inLanguage\":\"fr-FR\"},{\"@type\":\"Organization\",\"@id\":\"https:\/\/vosgesinfo.fr\/saintdieinfo\/#organization\",\"name\":\"Saint Die Info\",\"url\":\"https:\/\/vosgesinfo.fr\/saintdieinfo\/\",\"logo\":{\"@type\":\"ImageObject\",\"inLanguage\":\"fr-FR\",\"@id\":\"https:\/\/vosgesinfo.fr\/saintdieinfo\/#\/schema\/logo\/image\/\",\"url\":\"https:\/\/vosgesinfo.fr\/app\/uploads\/sites\/4\/2024\/02\/logo-sdi.jpg\",\"contentUrl\":\"https:\/\/vosgesinfo.fr\/app\/uploads\/sites\/4\/2024\/02\/logo-sdi.jpg\",\"width\":600,\"height\":600,\"caption\":\"Saint Die Info\"},\"image\":{\"@id\":\"https:\/\/vosgesinfo.fr\/saintdieinfo\/#\/schema\/logo\/image\/\"},\"sameAs\":[\"https:\/\/www.facebook.com\/Saintdieinfofr\",\"https:\/\/x.com\/VosgesInfo88\",\"https:\/\/www.youtube.com\/@vosgesinfo\"]},{\"@type\":\"Person\",\"@id\":\"https:\/\/vosgesinfo.fr\/saintdieinfo\/#\/schema\/person\/db5605779a843dad16b5368f3e7613a5\",\"name\":\"QG\",\"image\":{\"@type\":\"ImageObject\",\"inLanguage\":\"fr-FR\",\"@id\":\"https:\/\/vosgesinfo.fr\/saintdieinfo\/#\/schema\/person\/image\/\",\"url\":\"https:\/\/secure.gravatar.com\/avatar\/ea80c42c204b534408512832fde52504ecabb9706bcb6151cf6175e5b64e6793?s=96&d=mm&r=g\",\"contentUrl\":\"https:\/\/secure.gravatar.com\/avatar\/ea80c42c204b534408512832fde52504ecabb9706bcb6151cf6175e5b64e6793?s=96&d=mm&r=g\",\"caption\":\"QG\"},\"url\":\"https:\/\/vosgesinfo.fr\/saintdieinfo\/author\/quentin88\/\"}]}<\/script>\n<!-- \/ Yoast SEO plugin. -->","yoast_head_json":{"title":"Triathlon de G\u00e9rardmer : Pierre Dupuy et Darleen Pfister s'imposent sur le XL - Saint Die Info","robots":{"index":"index","follow":"follow","max-snippet":"max-snippet:-1","max-image-preview":"max-image-preview:large","max-video-preview":"max-video-preview:-1"},"canonical":"https:\/\/vosgesinfo.fr\/saintdieinfo\/2026\/09\/triathlon-de-gerardmer-pierre-dupuy-et-darleen-pfister-simposent-sur-le-xl\/","twitter_card":"summary_large_image","twitter_title":"Triathlon de G\u00e9rardmer : Pierre Dupuy et Darleen Pfister s'imposent sur le XL - Saint Die Info","twitter_description":"Le triathlon XL de G\u00e9rardmer a tenu toutes ses promesses avec plus de 1 800 triathl\u00e8tes \u00e9lites et amateurs qui [&hellip;]","twitter_image":"https:\/\/vosgesinfo.fr\/app\/uploads\/sites\/4\/2026\/09\/pierre-le-corre-pierre-dupuy-et-thomas-seger.-triathlon-gerardmer.jpg","twitter_creator":"@VosgesInfo88","twitter_site":"@VosgesInfo88","twitter_misc":{"\u00c9crit par":"QG","Dur\u00e9e de lecture estim\u00e9e":"2 minutes"},"schema":{"@context":"https:\/\/schema.org","@graph":[{"@type":"Article","@id":"https:\/\/vosgesinfo.fr\/saintdieinfo\/2026\/09\/triathlon-de-gerardmer-pierre-dupuy-et-darleen-pfister-simposent-sur-le-xl\/#article","isPartOf":{"@id":"https:\/\/vosgesinfo.fr\/saintdieinfo\/2026\/09\/triathlon-de-gerardmer-pierre-dupuy-et-darleen-pfister-simposent-sur-le-xl\/"},"author":{"name":"QG","@id":"https:\/\/vosgesinfo.fr\/saintdieinfo\/#\/schema\/person\/db5605779a843dad16b5368f3e7613a5"},"headline":"Triathlon de G\u00e9rardmer : Pierre Dupuy et Darleen Pfister s&rsquo;imposent sur le XL","datePublished":"2026-09-05T12:51:39+00:00","dateModified":"2026-09-05T12:51:39+00:00","mainEntityOfPage":{"@id":"https:\/\/vosgesinfo.fr\/saintdieinfo\/2026\/09\/triathlon-de-gerardmer-pierre-dupuy-et-darleen-pfister-simposent-sur-le-xl\/"},"wordCount":399,"commentCount":0,"publisher":{"@id":"https:\/\/vosgesinfo.fr\/saintdieinfo\/#organization"},"image":{"@id":"https:\/\/vosgesinfo.fr\/saintdieinfo\/2026\/09\/triathlon-de-gerardmer-pierre-dupuy-et-darleen-pfister-simposent-sur-le-xl\/#primaryimage"},"thumbnailUrl":"https:\/\/vosgesinfo.fr\/app\/uploads\/sites\/4\/2026\/09\/pierre-le-corre-pierre-dupuy-et-thomas-seger.-triathlon-gerardmer.jpg","keywords":["Anja KOLLER","Darleen PFISTER","Pierre DUPUY","Pierre LE CORRE"],"articleSection":["A la Une","Epinal","Gerardmer","La plaine des vosges","Remiremont","Saint-di\u00e9","Sport"],"inLanguage":"fr-FR","potentialAction":[{"@type":"CommentAction","name":"Comment","target":["https:\/\/vosgesinfo.fr\/saintdieinfo\/2026\/09\/triathlon-de-gerardmer-pierre-dupuy-et-darleen-pfister-simposent-sur-le-xl\/#respond"]}]},{"@type":"WebPage","@id":"https:\/\/vosgesinfo.fr\/saintdieinfo\/2026\/09\/triathlon-de-gerardmer-pierre-dupuy-et-darleen-pfister-simposent-sur-le-xl\/","url":"https:\/\/vosgesinfo.fr\/saintdieinfo\/2026\/09\/triathlon-de-gerardmer-pierre-dupuy-et-darleen-pfister-simposent-sur-le-xl\/","name":"Triathlon de G\u00e9rardmer : Pierre Dupuy et Darleen Pfister s'imposent sur le XL - Saint Die Info","isPartOf":{"@id":"https:\/\/vosgesinfo.fr\/saintdieinfo\/#website"},"primaryImageOfPage":{"@id":"https:\/\/vosgesinfo.fr\/saintdieinfo\/2026\/09\/triathlon-de-gerardmer-pierre-dupuy-et-darleen-pfister-simposent-sur-le-xl\/#primaryimage"},"image":{"@id":"https:\/\/vosgesinfo.fr\/saintdieinfo\/2026\/09\/triathlon-de-gerardmer-pierre-dupuy-et-darleen-pfister-simposent-sur-le-xl\/#primaryimage"},"thumbnailUrl":"https:\/\/vosgesinfo.fr\/app\/uploads\/sites\/4\/2026\/09\/pierre-le-corre-pierre-dupuy-et-thomas-seger.-triathlon-gerardmer.jpg","datePublished":"2026-09-05T12:51:39+00:00","dateModified":"2026-09-05T12:51:39+00:00","breadcrumb":{"@id":"https:\/\/vosgesinfo.fr\/saintdieinfo\/2026\/09\/triathlon-de-gerardmer-pierre-dupuy-et-darleen-pfister-simposent-sur-le-xl\/#breadcrumb"},"inLanguage":"fr-FR","potentialAction":[{"@type":"ReadAction","target":["https:\/\/vosgesinfo.fr\/saintdieinfo\/2026\/09\/triathlon-de-gerardmer-pierre-dupuy-et-darleen-pfister-simposent-sur-le-xl\/"]}]},{"@type":"ImageObject","inLanguage":"fr-FR","@id":"https:\/\/vosgesinfo.fr\/saintdieinfo\/2026\/09\/triathlon-de-gerardmer-pierre-dupuy-et-darleen-pfister-simposent-sur-le-xl\/#primaryimage","url":"https:\/\/vosgesinfo.fr\/app\/uploads\/sites\/4\/2026\/09\/pierre-le-corre-pierre-dupuy-et-thomas-seger.-triathlon-gerardmer.jpg","contentUrl":"https:\/\/vosgesinfo.fr\/app\/uploads\/sites\/4\/2026\/09\/pierre-le-corre-pierre-dupuy-et-thomas-seger.-triathlon-gerardmer.jpg","width":1440,"height":1920},{"@type":"BreadcrumbList","@id":"https:\/\/vosgesinfo.fr\/saintdieinfo\/2026\/09\/triathlon-de-gerardmer-pierre-dupuy-et-darleen-pfister-simposent-sur-le-xl\/#breadcrumb","itemListElement":[{"@type":"ListItem","position":1,"name":"Home","item":"https:\/\/vosgesinfo.fr\/saintdieinfo\/"},{"@type":"ListItem","position":2,"name":"Triathlon de G\u00e9rardmer : Pierre Dupuy et Darleen Pfister s&rsquo;imposent sur le XL"}]},{"@type":"WebSite","@id":"https:\/\/vosgesinfo.fr\/saintdieinfo\/#website","url":"https:\/\/vosgesinfo.fr\/saintdieinfo\/","name":"Saint Die Info","description":"Toute l&#039;actualit\u00e9 de Saint-Di\u00e9-Des-Vosges","publisher":{"@id":"https:\/\/vosgesinfo.fr\/saintdieinfo\/#organization"},"alternateName":"Toute l'actualit\u00e9 de Saint-Di\u00e9-Des-Vosges","potentialAction":[{"@type":"SearchAction","target":{"@type":"EntryPoint","urlTemplate":"https:\/\/vosgesinfo.fr\/saintdieinfo\/?s={search_term_string}"},"query-input":"required name=search_term_string"}],"inLanguage":"fr-FR"},{"@type":"Organization","@id":"https:\/\/vosgesinfo.fr\/saintdieinfo\/#organization","name":"Saint Die Info","url":"https:\/\/vosgesinfo.fr\/saintdieinfo\/","logo":{"@type":"ImageObject","inLanguage":"fr-FR","@id":"https:\/\/vosgesinfo.fr\/saintdieinfo\/#\/schema\/logo\/image\/","url":"https:\/\/vosgesinfo.fr\/app\/uploads\/sites\/4\/2024\/02\/logo-sdi.jpg","contentUrl":"https:\/\/vosgesinfo.fr\/app\/uploads\/sites\/4\/2024\/02\/logo-sdi.jpg","width":600,"height":600,"caption":"Saint Die Info"},"image":{"@id":"https:\/\/vosgesinfo.fr\/saintdieinfo\/#\/schema\/logo\/image\/"},"sameAs":["https:\/\/www.facebook.com\/Saintdieinfofr","https:\/\/x.com\/VosgesInfo88","https:\/\/www.youtube.com\/@vosgesinfo"]},{"@type":"Person","@id":"https:\/\/vosgesinfo.fr\/saintdieinfo\/#\/schema\/person\/db5605779a843dad16b5368f3e7613a5","name":"QG","image":{"@type":"ImageObject","inLanguage":"fr-FR","@id":"https:\/\/vosgesinfo.fr\/saintdieinfo\/#\/schema\/person\/image\/","url":"https:\/\/secure.gravatar.com\/avatar\/ea80c42c204b534408512832fde52504ecabb9706bcb6151cf6175e5b64e6793?s=96&d=mm&r=g","contentUrl":"https:\/\/secure.gravatar.com\/avatar\/ea80c42c204b534408512832fde52504ecabb9706bcb6151cf6175e5b64e6793?s=96&d=mm&r=g","caption":"QG"},"url":"https:\/\/vosgesinfo.fr\/saintdieinfo\/author\/quentin88\/"}]}},"_links":{"self":[{"href":"https:\/\/vosgesinfo.fr\/saintdieinfo\/wp-json\/wp\/v2\/posts\/95857","targetHints":{"allow":["GET"]}}],"collection":[{"href":"https:\/\/vosgesinfo.fr\/saintdieinfo\/wp-json\/wp\/v2\/posts"}],"about":[{"href":"https:\/\/vosgesinfo.fr\/saintdieinfo\/wp-json\/wp\/v2\/types\/post"}],"author":[{"embeddable":true,"href":"https:\/\/vosgesinfo.fr\/saintdieinfo\/wp-json\/wp\/v2\/users\/42"}],"replies":[{"embeddable":true,"href":"https:\/\/vosgesinfo.fr\/saintdieinfo\/wp-json\/wp\/v2\/comments?post=95857"}],"version-history":[{"count":0,"href":"https:\/\/vosgesinfo.fr\/saintdieinfo\/wp-json\/wp\/v2\/posts\/95857\/revisions"}],"wp:featuredmedia":[{"embeddable":true,"href":"https:\/\/vosgesinfo.fr\/saintdieinfo\/wp-json\/wp\/v2\/media\/95858"}],"wp:attachment":[{"href":"https:\/\/vosgesinfo.fr\/saintdieinfo\/wp-json\/wp\/v2\/media?parent=95857"}],"wp:term":[{"taxonomy":"category","embeddable":true,"href":"https:\/\/vosgesinfo.fr\/saintdieinfo\/wp-json\/wp\/v2\/categories?post=95857"},{"taxonomy":"post_tag","embeddable":true,"href":"https:\/\/vosgesinfo.fr\/saintdieinfo\/wp-json\/wp\/v2\/tags?post=95857"}],"curies":[{"name":"wp","href":"https:\/\/api.w.org\/{rel}","templated":true}]}}