{"id":95868,"date":"2026-09-06T18:49:46","date_gmt":"2026-09-06T16:49:46","guid":{"rendered":"https:\/\/vosgesinfo.fr\/saintdieinfo\/2026\/09\/une-ambiance-de-fou-pour-le-38e-triathlon-de-gerardmer\/"},"modified":"2026-09-06T18:49:46","modified_gmt":"2026-09-06T16:49:46","slug":"une-ambiance-de-fou-pour-le-38e-triathlon-de-gerardmer","status":"publish","type":"post","link":"https:\/\/vosgesinfo.fr\/saintdieinfo\/2026\/09\/une-ambiance-de-fou-pour-le-38e-triathlon-de-gerardmer\/","title":{"rendered":"Une ambiance de fou pour le 38e Triathlon de G\u00e9rardmer"},"content":{"rendered":"<p><a href=\"https:\/\/vosgesinfo.fr\/app\/uploads\/sites\/6\/2026\/09\/triathlon-de-gerardmer-2026-dimanche-d.o-6.jpg\"><img decoding=\"async\" class=\"aligncenter size-full wp-image-95500\" src=\"https:\/\/vosgesinfo.fr\/app\/uploads\/sites\/6\/2026\/09\/triathlon-de-gerardmer-2026-dimanche-d.o-6.jpg\" alt=\"\" width=\"1440\" height=\"1920\" \/><\/a><\/p>\n\n\t\t<style type=\"text\/css\">\n\t\t\t#gallery-1 {\n\t\t\t\tmargin: auto;\n\t\t\t}\n\t\t\t#gallery-1 .gallery-item {\n\t\t\t\tfloat: left;\n\t\t\t\tmargin-top: 10px;\n\t\t\t\ttext-align: center;\n\t\t\t\twidth: 33%;\n\t\t\t}\n\t\t\t#gallery-1 img {\n\t\t\t\tborder: 2px solid #cfcfcf;\n\t\t\t}\n\t\t\t#gallery-1 .gallery-caption {\n\t\t\t\tmargin-left: 0;\n\t\t\t}\n\t\t\t\/* see gallery_shortcode() in wp-includes\/media.php *\/\n\t\t<\/style>\n\t\t<div id='gallery-1' class='gallery galleryid-95868 gallery-columns-3 gallery-size-thumbnail'><dl class='gallery-item'>\n\t\t\t<dt class='gallery-icon landscape'>\n\t\t\t\t<a href='https:\/\/vosgesinfo.fr\/app\/uploads\/sites\/4\/2026\/09\/triathlon-de-gerardmer-2026-dimanche-d.o-8.jpg'><img decoding=\"async\" width=\"150\" height=\"150\" src=\"https:\/\/vosgesinfo.fr\/app\/uploads\/sites\/4\/2026\/09\/triathlon-de-gerardmer-2026-dimanche-d.o-8-150x150.jpg\" class=\"attachment-thumbnail size-thumbnail\" alt=\"\" \/><\/a>\n\t\t\t<\/dt><\/dl><dl class='gallery-item'>\n\t\t\t<dt class='gallery-icon landscape'>\n\t\t\t\t<a href='https:\/\/vosgesinfo.fr\/app\/uploads\/sites\/4\/2026\/09\/triathlon-de-gerardmer-2026-dimanche-d.o-7.jpg'><img decoding=\"async\" width=\"150\" height=\"150\" src=\"https:\/\/vosgesinfo.fr\/app\/uploads\/sites\/4\/2026\/09\/triathlon-de-gerardmer-2026-dimanche-d.o-7-150x150.jpg\" class=\"attachment-thumbnail size-thumbnail\" alt=\"\" \/><\/a>\n\t\t\t<\/dt><\/dl><dl class='gallery-item'>\n\t\t\t<dt class='gallery-icon landscape'>\n\t\t\t\t<a href='https:\/\/vosgesinfo.fr\/app\/uploads\/sites\/4\/2026\/09\/triathlon-de-gerardmer-2026-dimanche-d.o-3.jpg'><img decoding=\"async\" width=\"150\" height=\"150\" src=\"https:\/\/vosgesinfo.fr\/app\/uploads\/sites\/4\/2026\/09\/triathlon-de-gerardmer-2026-dimanche-d.o-3-150x150.jpg\" class=\"attachment-thumbnail size-thumbnail\" alt=\"\" \/><\/a>\n\t\t\t<\/dt><\/dl><br style=\"clear: both\" \/><dl class='gallery-item'>\n\t\t\t<dt class='gallery-icon landscape'>\n\t\t\t\t<a href='https:\/\/vosgesinfo.fr\/app\/uploads\/sites\/4\/2026\/09\/triathlon-de-gerardmer-2026-dimanche-d.o-2.jpg'><img decoding=\"async\" width=\"150\" height=\"150\" src=\"https:\/\/vosgesinfo.fr\/app\/uploads\/sites\/4\/2026\/09\/triathlon-de-gerardmer-2026-dimanche-d.o-2-150x150.jpg\" class=\"attachment-thumbnail size-thumbnail\" alt=\"\" \/><\/a>\n\t\t\t<\/dt><\/dl>\n\t\t\t<br style='clear: both' \/>\n\t\t<\/div>\n\n<p>&nbsp;<\/p>\n<p><strong>C&rsquo;est sans doute l&rsquo;une des choses \u00e0 retenir de cette 38e \u00e9dition : l&rsquo;ambiance qu&rsquo;il y a eu tout au long du week-end, sans doute avec une mention sp\u00e9ciale pour le dimanche apr\u00e8s-midi avec le Distance Olympique qui s&rsquo;est d\u00e9roul\u00e9 sous un soleil radieux du d\u00e9part \u00e0 l&rsquo;arriv\u00e9e, avec un public chaud comme la braise&#8230;<\/strong><\/p>\n<p><a href=\"https:\/\/vosgesinfo.fr\/app\/uploads\/sites\/6\/2026\/09\/triathlon-de-gerardmer-2026-dimanche-d.o-1.jpg\"><img decoding=\"async\" class=\"alignright size-medium wp-image-95498\" src=\"https:\/\/vosgesinfo.fr\/app\/uploads\/sites\/6\/2026\/09\/triathlon-de-gerardmer-2026-dimanche-d.o-1-225x300.jpg\" alt=\"\" width=\"225\" height=\"300\" \/><\/a>\u201cUne ambiance de fou, un public de dingue, dans toutes les mont\u00e9es \u00e0 v\u00e9lo, et m\u00eame partout, en termes d\u2019ambiance c\u2019est juste incroyable comme course.\u201d C\u2019est ainsi que Pierre Dupuy, vainqueur du format XL pour sa premi\u00e8re participation ce samedi, d\u00e9crit sa course. Une belle f\u00eate du sport et une marque de fabrique pour cette \u00e9preuve g\u00e9r\u00f4moise qui n&rsquo;a donc pas fini de surprendre. Certains osent m\u00eame la comparaison avec le Tour de France en mati\u00e8re d&rsquo;engouement, c&rsquo;est dire !<\/p>\n<p>Ce dimanche, c\u2019est \u00e0 8h00 qu\u2019il fallait \u00eatre au bord de l\u2019eau pour assister au d\u00e9part du format D\u00e9couverte, un parcours de 500m de natation, 20km de v\u00e9lo et 5km de course \u00e0 pied sur lequel le Mulhousien No\u00e9 WEBER s\u2019est impos\u00e9 chez les hommes en 56\u201958 devant les deux Belges licenci\u00e9s au PMX Basile DEOM et Jules CLEMENT. Chez les femmes aussi la Belgique \u00e9tait \u00e0 l\u2019honneur, avec la victoire de Lia DEPRET en 1h03\u201917 devant les Fran\u00e7aises In\u00e8s OESTERLE et L\u00e9a RICHARD.<\/p>\n<div id=\"attachment_95497\" style=\"width: 235px\" class=\"wp-caption alignright\"><a href=\"https:\/\/vosgesinfo.fr\/app\/uploads\/sites\/6\/2026\/09\/triathlon-de-gerardmer-2026-dimanche-d.o-4.jpg\"><img decoding=\"async\" aria-describedby=\"caption-attachment-95497\" class=\"size-medium wp-image-95497\" src=\"https:\/\/vosgesinfo.fr\/app\/uploads\/sites\/6\/2026\/09\/triathlon-de-gerardmer-2026-dimanche-d.o-4-225x300.jpg\" alt=\"\" width=\"225\" height=\"300\" \/><\/a><p id=\"caption-attachment-95497\" class=\"wp-caption-text\">Merci au capitaine pour la balade qui nous aura permis de vous fournir ces photos !<\/p><\/div>\n<p>A 13h30, 1 233 triathl\u00e8tes s\u2019\u00e9lan\u00e7aient pour la Distance Olympique avec, apr\u00e8s 1,5km de natation, l\u2019ascension, \u00e0 deux reprises, de la c\u00e9l\u00e8bre mont\u00e9e de la Ray\u00e9e (et des portions \u00e0 15%) o\u00f9 les spectateurs ont su mettre le feu pour encourager chaque participant. Apr\u00e8s 2h02\u201926 de course, Keran GALLOU s\u2019impose pour sa 1<sup>\u00e8re<\/sup> venue \u00e0 G\u00e9rardmer. Il est suivi de pr\u00e8s par le Fran\u00e7ais Antonin LAGARDE, 3<sup>\u00e8me<\/sup> l\u2019an dernier et apr\u00e8s avoir couru le format XL la veille, et Igor DUPUIS pour compl\u00e9ter ce podium.<\/p>\n<p>Les femmes ont brill\u00e9 sur cette derni\u00e8re \u00e9preuve du week-end avec une course serr\u00e9e du d\u00e9but jusqu\u2019\u00e0 la fin et la victoire de C\u00e9lia MERLE, en 2h22\u201903 devant No\u00e9mie OESTERLE et Manon REMY, vainqueure l\u2019an dernier sur cette distance.<\/p>\n<p>Tous les r\u00e9sultats du week-end \u00e0 retrouver \u00e0 <a href=\"https:\/\/us.list-manage.com\/DHyXDWlNzIv?e=77c76fef51&amp;c2id=00fe0e967f1e261f9acc5664875d17ea\" target=\"_blank\" rel=\"noopener\" data-saferedirecturl=\"https:\/\/www.google.com\/url?q=https:\/\/us.list-manage.com\/DHyXDWlNzIv?e%3D77c76fef51%26c2id%3D00fe0e967f1e261f9acc5664875d17ea&amp;source=gmail&amp;ust=1788798469335000&amp;usg=AOvVaw1yLM6M2oon1oczDvcEDiyJ\">ce lien<\/a>.<\/p>\n<p><strong>A retenir :<\/strong><\/p>\n<p>&#8211; 4 440 participants sur les 3 courses adultes et plus de 500 jeunes au d\u00e9part des courses enfants<\/p>\n<p>&#8211; 32 nationalit\u00e9s repr\u00e9sent\u00e9es<\/p>\n<p>&#8211; 5 enfants atteints de malformation cardiaque sauv\u00e9s gr\u00e2ce aux Coureurs du C\u0153ur &amp; M\u00e9c\u00e9nat Chirurgie Cardiaque<\/p>\n<p>&#8211; 700 b\u00e9n\u00e9voles mobilis\u00e9s tout le week-end :<\/p>\n<p><a href=\"https:\/\/vosgesinfo.fr\/app\/uploads\/sites\/6\/2026\/09\/triathlon-de-gerardmer-2026-dimanche-d.o-5.jpg\"><img decoding=\"async\" class=\"aligncenter size-large wp-image-95499\" src=\"https:\/\/vosgesinfo.fr\/app\/uploads\/sites\/6\/2026\/09\/triathlon-de-gerardmer-2026-dimanche-d.o-5-1024x768.jpg\" alt=\"\" width=\"1024\" height=\"768\" \/><\/a><\/p>\n","protected":false},"excerpt":{"rendered":"<p>&nbsp; C&rsquo;est sans doute l&rsquo;une des choses \u00e0 retenir de cette 38e \u00e9dition : l&rsquo;ambiance qu&rsquo;il y a eu tout [&hellip;]<\/p>\n","protected":false},"author":42,"featured_media":95869,"comment_status":"open","ping_status":"open","sticky":false,"template":"","format":"standard","meta":{"footnotes":""},"categories":[460,5392,5391,5389,4099,4100,14],"tags":[22894,22895,14726],"class_list":["post-95868","post","type-post","status-publish","format-standard","has-post-thumbnail","hentry","category-a-la-une","category-epinal","category-gerardmer","category-la-plaine-des-vosges","category-remiremont","category-saint-die","category-sport","tag-celia-merle","tag-noe-weber","tag-triathlon-de-gerardmer-distance-olympique"],"acf":[],"yoast_head":"<!-- This site is optimized with the Yoast SEO plugin v22.5 - https:\/\/yoast.com\/wordpress\/plugins\/seo\/ -->\n<title>Une ambiance de fou pour le 38e Triathlon de G\u00e9rardmer - Saint Die Info<\/title>\n<meta name=\"robots\" content=\"index, follow, max-snippet:-1, max-image-preview:large, max-video-preview:-1\" \/>\n<link rel=\"canonical\" href=\"https:\/\/vosgesinfo.fr\/saintdieinfo\/2026\/09\/une-ambiance-de-fou-pour-le-38e-triathlon-de-gerardmer\/\" \/>\n<meta name=\"twitter:card\" content=\"summary_large_image\" \/>\n<meta name=\"twitter:title\" content=\"Une ambiance de fou pour le 38e Triathlon de G\u00e9rardmer - Saint Die Info\" \/>\n<meta name=\"twitter:description\" content=\"&nbsp; C&rsquo;est sans doute l&rsquo;une des choses \u00e0 retenir de cette 38e \u00e9dition : l&rsquo;ambiance qu&rsquo;il y a eu tout [&hellip;]\" \/>\n<meta name=\"twitter:image\" content=\"https:\/\/vosgesinfo.fr\/app\/uploads\/sites\/4\/2026\/09\/triathlon-de-gerardmer-2026-dimanche-d.o-7-1.jpg\" \/>\n<meta name=\"twitter:creator\" content=\"@VosgesInfo88\" \/>\n<meta name=\"twitter:site\" content=\"@VosgesInfo88\" \/>\n<meta name=\"twitter:label1\" content=\"\u00c9crit par\" \/>\n\t<meta name=\"twitter:data1\" content=\"QG\" \/>\n\t<meta name=\"twitter:label2\" content=\"Dur\u00e9e de lecture estim\u00e9e\" \/>\n\t<meta name=\"twitter:data2\" content=\"2 minutes\" \/>\n<script type=\"application\/ld+json\" class=\"yoast-schema-graph\">{\"@context\":\"https:\/\/schema.org\",\"@graph\":[{\"@type\":\"Article\",\"@id\":\"https:\/\/vosgesinfo.fr\/saintdieinfo\/2026\/09\/une-ambiance-de-fou-pour-le-38e-triathlon-de-gerardmer\/#article\",\"isPartOf\":{\"@id\":\"https:\/\/vosgesinfo.fr\/saintdieinfo\/2026\/09\/une-ambiance-de-fou-pour-le-38e-triathlon-de-gerardmer\/\"},\"author\":{\"name\":\"QG\",\"@id\":\"https:\/\/vosgesinfo.fr\/saintdieinfo\/#\/schema\/person\/db5605779a843dad16b5368f3e7613a5\"},\"headline\":\"Une ambiance de fou pour le 38e Triathlon de G\u00e9rardmer\",\"datePublished\":\"2026-09-06T16:49:46+00:00\",\"dateModified\":\"2026-09-06T16:49:46+00:00\",\"mainEntityOfPage\":{\"@id\":\"https:\/\/vosgesinfo.fr\/saintdieinfo\/2026\/09\/une-ambiance-de-fou-pour-le-38e-triathlon-de-gerardmer\/\"},\"wordCount\":491,\"commentCount\":0,\"publisher\":{\"@id\":\"https:\/\/vosgesinfo.fr\/saintdieinfo\/#organization\"},\"image\":{\"@id\":\"https:\/\/vosgesinfo.fr\/saintdieinfo\/2026\/09\/une-ambiance-de-fou-pour-le-38e-triathlon-de-gerardmer\/#primaryimage\"},\"thumbnailUrl\":\"https:\/\/vosgesinfo.fr\/app\/uploads\/sites\/4\/2026\/09\/triathlon-de-gerardmer-2026-dimanche-d.o-7-1.jpg\",\"keywords\":[\"C\u00e9lia MERLE\",\"No\u00e9 WEBER\",\"triathlon de G\u00e9rardmer distance olympique\"],\"articleSection\":[\"A la Une\",\"Epinal\",\"Gerardmer\",\"La plaine des vosges\",\"Remiremont\",\"Saint-di\u00e9\",\"Sport\"],\"inLanguage\":\"fr-FR\",\"potentialAction\":[{\"@type\":\"CommentAction\",\"name\":\"Comment\",\"target\":[\"https:\/\/vosgesinfo.fr\/saintdieinfo\/2026\/09\/une-ambiance-de-fou-pour-le-38e-triathlon-de-gerardmer\/#respond\"]}]},{\"@type\":\"WebPage\",\"@id\":\"https:\/\/vosgesinfo.fr\/saintdieinfo\/2026\/09\/une-ambiance-de-fou-pour-le-38e-triathlon-de-gerardmer\/\",\"url\":\"https:\/\/vosgesinfo.fr\/saintdieinfo\/2026\/09\/une-ambiance-de-fou-pour-le-38e-triathlon-de-gerardmer\/\",\"name\":\"Une ambiance de fou pour le 38e Triathlon de G\u00e9rardmer - Saint Die Info\",\"isPartOf\":{\"@id\":\"https:\/\/vosgesinfo.fr\/saintdieinfo\/#website\"},\"primaryImageOfPage\":{\"@id\":\"https:\/\/vosgesinfo.fr\/saintdieinfo\/2026\/09\/une-ambiance-de-fou-pour-le-38e-triathlon-de-gerardmer\/#primaryimage\"},\"image\":{\"@id\":\"https:\/\/vosgesinfo.fr\/saintdieinfo\/2026\/09\/une-ambiance-de-fou-pour-le-38e-triathlon-de-gerardmer\/#primaryimage\"},\"thumbnailUrl\":\"https:\/\/vosgesinfo.fr\/app\/uploads\/sites\/4\/2026\/09\/triathlon-de-gerardmer-2026-dimanche-d.o-7-1.jpg\",\"datePublished\":\"2026-09-06T16:49:46+00:00\",\"dateModified\":\"2026-09-06T16:49:46+00:00\",\"breadcrumb\":{\"@id\":\"https:\/\/vosgesinfo.fr\/saintdieinfo\/2026\/09\/une-ambiance-de-fou-pour-le-38e-triathlon-de-gerardmer\/#breadcrumb\"},\"inLanguage\":\"fr-FR\",\"potentialAction\":[{\"@type\":\"ReadAction\",\"target\":[\"https:\/\/vosgesinfo.fr\/saintdieinfo\/2026\/09\/une-ambiance-de-fou-pour-le-38e-triathlon-de-gerardmer\/\"]}]},{\"@type\":\"ImageObject\",\"inLanguage\":\"fr-FR\",\"@id\":\"https:\/\/vosgesinfo.fr\/saintdieinfo\/2026\/09\/une-ambiance-de-fou-pour-le-38e-triathlon-de-gerardmer\/#primaryimage\",\"url\":\"https:\/\/vosgesinfo.fr\/app\/uploads\/sites\/4\/2026\/09\/triathlon-de-gerardmer-2026-dimanche-d.o-7-1.jpg\",\"contentUrl\":\"https:\/\/vosgesinfo.fr\/app\/uploads\/sites\/4\/2026\/09\/triathlon-de-gerardmer-2026-dimanche-d.o-7-1.jpg\",\"width\":1920,\"height\":1440},{\"@type\":\"BreadcrumbList\",\"@id\":\"https:\/\/vosgesinfo.fr\/saintdieinfo\/2026\/09\/une-ambiance-de-fou-pour-le-38e-triathlon-de-gerardmer\/#breadcrumb\",\"itemListElement\":[{\"@type\":\"ListItem\",\"position\":1,\"name\":\"Home\",\"item\":\"https:\/\/vosgesinfo.fr\/saintdieinfo\/\"},{\"@type\":\"ListItem\",\"position\":2,\"name\":\"Une ambiance de fou pour le 38e Triathlon de G\u00e9rardmer\"}]},{\"@type\":\"WebSite\",\"@id\":\"https:\/\/vosgesinfo.fr\/saintdieinfo\/#website\",\"url\":\"https:\/\/vosgesinfo.fr\/saintdieinfo\/\",\"name\":\"Saint Die Info\",\"description\":\"Toute l&#039;actualit\u00e9 de Saint-Di\u00e9-Des-Vosges\",\"publisher\":{\"@id\":\"https:\/\/vosgesinfo.fr\/saintdieinfo\/#organization\"},\"alternateName\":\"Toute l'actualit\u00e9 de Saint-Di\u00e9-Des-Vosges\",\"potentialAction\":[{\"@type\":\"SearchAction\",\"target\":{\"@type\":\"EntryPoint\",\"urlTemplate\":\"https:\/\/vosgesinfo.fr\/saintdieinfo\/?s={search_term_string}\"},\"query-input\":\"required name=search_term_string\"}],\"inLanguage\":\"fr-FR\"},{\"@type\":\"Organization\",\"@id\":\"https:\/\/vosgesinfo.fr\/saintdieinfo\/#organization\",\"name\":\"Saint Die Info\",\"url\":\"https:\/\/vosgesinfo.fr\/saintdieinfo\/\",\"logo\":{\"@type\":\"ImageObject\",\"inLanguage\":\"fr-FR\",\"@id\":\"https:\/\/vosgesinfo.fr\/saintdieinfo\/#\/schema\/logo\/image\/\",\"url\":\"https:\/\/vosgesinfo.fr\/app\/uploads\/sites\/4\/2024\/02\/logo-sdi.jpg\",\"contentUrl\":\"https:\/\/vosgesinfo.fr\/app\/uploads\/sites\/4\/2024\/02\/logo-sdi.jpg\",\"width\":600,\"height\":600,\"caption\":\"Saint Die Info\"},\"image\":{\"@id\":\"https:\/\/vosgesinfo.fr\/saintdieinfo\/#\/schema\/logo\/image\/\"},\"sameAs\":[\"https:\/\/www.facebook.com\/Saintdieinfofr\",\"https:\/\/x.com\/VosgesInfo88\",\"https:\/\/www.youtube.com\/@vosgesinfo\"]},{\"@type\":\"Person\",\"@id\":\"https:\/\/vosgesinfo.fr\/saintdieinfo\/#\/schema\/person\/db5605779a843dad16b5368f3e7613a5\",\"name\":\"QG\",\"image\":{\"@type\":\"ImageObject\",\"inLanguage\":\"fr-FR\",\"@id\":\"https:\/\/vosgesinfo.fr\/saintdieinfo\/#\/schema\/person\/image\/\",\"url\":\"https:\/\/secure.gravatar.com\/avatar\/ea80c42c204b534408512832fde52504ecabb9706bcb6151cf6175e5b64e6793?s=96&d=mm&r=g\",\"contentUrl\":\"https:\/\/secure.gravatar.com\/avatar\/ea80c42c204b534408512832fde52504ecabb9706bcb6151cf6175e5b64e6793?s=96&d=mm&r=g\",\"caption\":\"QG\"},\"url\":\"https:\/\/vosgesinfo.fr\/saintdieinfo\/author\/quentin88\/\"}]}<\/script>\n<!-- \/ Yoast SEO plugin. -->","yoast_head_json":{"title":"Une ambiance de fou pour le 38e Triathlon de G\u00e9rardmer - Saint Die Info","robots":{"index":"index","follow":"follow","max-snippet":"max-snippet:-1","max-image-preview":"max-image-preview:large","max-video-preview":"max-video-preview:-1"},"canonical":"https:\/\/vosgesinfo.fr\/saintdieinfo\/2026\/09\/une-ambiance-de-fou-pour-le-38e-triathlon-de-gerardmer\/","twitter_card":"summary_large_image","twitter_title":"Une ambiance de fou pour le 38e Triathlon de G\u00e9rardmer - Saint Die Info","twitter_description":"&nbsp; C&rsquo;est sans doute l&rsquo;une des choses \u00e0 retenir de cette 38e \u00e9dition : l&rsquo;ambiance qu&rsquo;il y a eu tout [&hellip;]","twitter_image":"https:\/\/vosgesinfo.fr\/app\/uploads\/sites\/4\/2026\/09\/triathlon-de-gerardmer-2026-dimanche-d.o-7-1.jpg","twitter_creator":"@VosgesInfo88","twitter_site":"@VosgesInfo88","twitter_misc":{"\u00c9crit par":"QG","Dur\u00e9e de lecture estim\u00e9e":"2 minutes"},"schema":{"@context":"https:\/\/schema.org","@graph":[{"@type":"Article","@id":"https:\/\/vosgesinfo.fr\/saintdieinfo\/2026\/09\/une-ambiance-de-fou-pour-le-38e-triathlon-de-gerardmer\/#article","isPartOf":{"@id":"https:\/\/vosgesinfo.fr\/saintdieinfo\/2026\/09\/une-ambiance-de-fou-pour-le-38e-triathlon-de-gerardmer\/"},"author":{"name":"QG","@id":"https:\/\/vosgesinfo.fr\/saintdieinfo\/#\/schema\/person\/db5605779a843dad16b5368f3e7613a5"},"headline":"Une ambiance de fou pour le 38e Triathlon de G\u00e9rardmer","datePublished":"2026-09-06T16:49:46+00:00","dateModified":"2026-09-06T16:49:46+00:00","mainEntityOfPage":{"@id":"https:\/\/vosgesinfo.fr\/saintdieinfo\/2026\/09\/une-ambiance-de-fou-pour-le-38e-triathlon-de-gerardmer\/"},"wordCount":491,"commentCount":0,"publisher":{"@id":"https:\/\/vosgesinfo.fr\/saintdieinfo\/#organization"},"image":{"@id":"https:\/\/vosgesinfo.fr\/saintdieinfo\/2026\/09\/une-ambiance-de-fou-pour-le-38e-triathlon-de-gerardmer\/#primaryimage"},"thumbnailUrl":"https:\/\/vosgesinfo.fr\/app\/uploads\/sites\/4\/2026\/09\/triathlon-de-gerardmer-2026-dimanche-d.o-7-1.jpg","keywords":["C\u00e9lia MERLE","No\u00e9 WEBER","triathlon de G\u00e9rardmer distance olympique"],"articleSection":["A la Une","Epinal","Gerardmer","La plaine des vosges","Remiremont","Saint-di\u00e9","Sport"],"inLanguage":"fr-FR","potentialAction":[{"@type":"CommentAction","name":"Comment","target":["https:\/\/vosgesinfo.fr\/saintdieinfo\/2026\/09\/une-ambiance-de-fou-pour-le-38e-triathlon-de-gerardmer\/#respond"]}]},{"@type":"WebPage","@id":"https:\/\/vosgesinfo.fr\/saintdieinfo\/2026\/09\/une-ambiance-de-fou-pour-le-38e-triathlon-de-gerardmer\/","url":"https:\/\/vosgesinfo.fr\/saintdieinfo\/2026\/09\/une-ambiance-de-fou-pour-le-38e-triathlon-de-gerardmer\/","name":"Une ambiance de fou pour le 38e Triathlon de G\u00e9rardmer - Saint Die Info","isPartOf":{"@id":"https:\/\/vosgesinfo.fr\/saintdieinfo\/#website"},"primaryImageOfPage":{"@id":"https:\/\/vosgesinfo.fr\/saintdieinfo\/2026\/09\/une-ambiance-de-fou-pour-le-38e-triathlon-de-gerardmer\/#primaryimage"},"image":{"@id":"https:\/\/vosgesinfo.fr\/saintdieinfo\/2026\/09\/une-ambiance-de-fou-pour-le-38e-triathlon-de-gerardmer\/#primaryimage"},"thumbnailUrl":"https:\/\/vosgesinfo.fr\/app\/uploads\/sites\/4\/2026\/09\/triathlon-de-gerardmer-2026-dimanche-d.o-7-1.jpg","datePublished":"2026-09-06T16:49:46+00:00","dateModified":"2026-09-06T16:49:46+00:00","breadcrumb":{"@id":"https:\/\/vosgesinfo.fr\/saintdieinfo\/2026\/09\/une-ambiance-de-fou-pour-le-38e-triathlon-de-gerardmer\/#breadcrumb"},"inLanguage":"fr-FR","potentialAction":[{"@type":"ReadAction","target":["https:\/\/vosgesinfo.fr\/saintdieinfo\/2026\/09\/une-ambiance-de-fou-pour-le-38e-triathlon-de-gerardmer\/"]}]},{"@type":"ImageObject","inLanguage":"fr-FR","@id":"https:\/\/vosgesinfo.fr\/saintdieinfo\/2026\/09\/une-ambiance-de-fou-pour-le-38e-triathlon-de-gerardmer\/#primaryimage","url":"https:\/\/vosgesinfo.fr\/app\/uploads\/sites\/4\/2026\/09\/triathlon-de-gerardmer-2026-dimanche-d.o-7-1.jpg","contentUrl":"https:\/\/vosgesinfo.fr\/app\/uploads\/sites\/4\/2026\/09\/triathlon-de-gerardmer-2026-dimanche-d.o-7-1.jpg","width":1920,"height":1440},{"@type":"BreadcrumbList","@id":"https:\/\/vosgesinfo.fr\/saintdieinfo\/2026\/09\/une-ambiance-de-fou-pour-le-38e-triathlon-de-gerardmer\/#breadcrumb","itemListElement":[{"@type":"ListItem","position":1,"name":"Home","item":"https:\/\/vosgesinfo.fr\/saintdieinfo\/"},{"@type":"ListItem","position":2,"name":"Une ambiance de fou pour le 38e Triathlon de G\u00e9rardmer"}]},{"@type":"WebSite","@id":"https:\/\/vosgesinfo.fr\/saintdieinfo\/#website","url":"https:\/\/vosgesinfo.fr\/saintdieinfo\/","name":"Saint Die Info","description":"Toute l&#039;actualit\u00e9 de Saint-Di\u00e9-Des-Vosges","publisher":{"@id":"https:\/\/vosgesinfo.fr\/saintdieinfo\/#organization"},"alternateName":"Toute l'actualit\u00e9 de Saint-Di\u00e9-Des-Vosges","potentialAction":[{"@type":"SearchAction","target":{"@type":"EntryPoint","urlTemplate":"https:\/\/vosgesinfo.fr\/saintdieinfo\/?s={search_term_string}"},"query-input":"required name=search_term_string"}],"inLanguage":"fr-FR"},{"@type":"Organization","@id":"https:\/\/vosgesinfo.fr\/saintdieinfo\/#organization","name":"Saint Die Info","url":"https:\/\/vosgesinfo.fr\/saintdieinfo\/","logo":{"@type":"ImageObject","inLanguage":"fr-FR","@id":"https:\/\/vosgesinfo.fr\/saintdieinfo\/#\/schema\/logo\/image\/","url":"https:\/\/vosgesinfo.fr\/app\/uploads\/sites\/4\/2024\/02\/logo-sdi.jpg","contentUrl":"https:\/\/vosgesinfo.fr\/app\/uploads\/sites\/4\/2024\/02\/logo-sdi.jpg","width":600,"height":600,"caption":"Saint Die Info"},"image":{"@id":"https:\/\/vosgesinfo.fr\/saintdieinfo\/#\/schema\/logo\/image\/"},"sameAs":["https:\/\/www.facebook.com\/Saintdieinfofr","https:\/\/x.com\/VosgesInfo88","https:\/\/www.youtube.com\/@vosgesinfo"]},{"@type":"Person","@id":"https:\/\/vosgesinfo.fr\/saintdieinfo\/#\/schema\/person\/db5605779a843dad16b5368f3e7613a5","name":"QG","image":{"@type":"ImageObject","inLanguage":"fr-FR","@id":"https:\/\/vosgesinfo.fr\/saintdieinfo\/#\/schema\/person\/image\/","url":"https:\/\/secure.gravatar.com\/avatar\/ea80c42c204b534408512832fde52504ecabb9706bcb6151cf6175e5b64e6793?s=96&d=mm&r=g","contentUrl":"https:\/\/secure.gravatar.com\/avatar\/ea80c42c204b534408512832fde52504ecabb9706bcb6151cf6175e5b64e6793?s=96&d=mm&r=g","caption":"QG"},"url":"https:\/\/vosgesinfo.fr\/saintdieinfo\/author\/quentin88\/"}]}},"_links":{"self":[{"href":"https:\/\/vosgesinfo.fr\/saintdieinfo\/wp-json\/wp\/v2\/posts\/95868","targetHints":{"allow":["GET"]}}],"collection":[{"href":"https:\/\/vosgesinfo.fr\/saintdieinfo\/wp-json\/wp\/v2\/posts"}],"about":[{"href":"https:\/\/vosgesinfo.fr\/saintdieinfo\/wp-json\/wp\/v2\/types\/post"}],"author":[{"embeddable":true,"href":"https:\/\/vosgesinfo.fr\/saintdieinfo\/wp-json\/wp\/v2\/users\/42"}],"replies":[{"embeddable":true,"href":"https:\/\/vosgesinfo.fr\/saintdieinfo\/wp-json\/wp\/v2\/comments?post=95868"}],"version-history":[{"count":0,"href":"https:\/\/vosgesinfo.fr\/saintdieinfo\/wp-json\/wp\/v2\/posts\/95868\/revisions"}],"wp:featuredmedia":[{"embeddable":true,"href":"https:\/\/vosgesinfo.fr\/saintdieinfo\/wp-json\/wp\/v2\/media\/95869"}],"wp:attachment":[{"href":"https:\/\/vosgesinfo.fr\/saintdieinfo\/wp-json\/wp\/v2\/media?parent=95868"}],"wp:term":[{"taxonomy":"category","embeddable":true,"href":"https:\/\/vosgesinfo.fr\/saintdieinfo\/wp-json\/wp\/v2\/categories?post=95868"},{"taxonomy":"post_tag","embeddable":true,"href":"https:\/\/vosgesinfo.fr\/saintdieinfo\/wp-json\/wp\/v2\/tags?post=95868"}],"curies":[{"name":"wp","href":"https:\/\/api.w.org\/{rel}","templated":true}]}}